{"id":24572,"date":"2021-07-16T19:23:58","date_gmt":"2021-07-16T17:23:58","guid":{"rendered":"https:\/\/www.apfelpatient.de\/?p=24572"},"modified":"2024-05-22T12:33:19","modified_gmt":"2024-05-22T10:33:19","slug":"apple-germany-link-shows-m1-16-inch-macbook-pro","status":"publish","type":"post","link":"https:\/\/www.apfelpatient.de\/en\/news\/apple-deutschland-link-zeigt-m1-16-zoll-macbook-pro-an","title":{"rendered":"Apple Germany: Link shows M1 16-inch MacBook Pro"},"content":{"rendered":"<p class=\"has-drop-cap\"><strong>The online description of the MacBook Pro series hints at an M1 16-inch MacBook Pro. However, the whole thing can only be seen on the German Apple website.<\/strong><\/p>\n\n\n\n<p>In one very specific case, Apple is now referring to an M1 version of the 16-inch MacBook Pro. This is the description of the currently available Intel-based model, so it&#039;s more of a labeling error than the reveal of a new product. According to Flo&#039;s Weblog, a reader used the Apple Store app and searched for the 16-inch MacBook Pro. After finding the device and selecting a configuration, he used the app&#039;s Share extension to send the link as a message to a friend.<\/p>\n\n\n\n<h3 class=\"wp-block-heading\" id=\"h-link-vorschau-zeigt-f-lschlicherweise-m1-16-zoll-macbook-pro-an\">Link preview incorrectly shows M1 16-inch MacBook Pro<\/h3>\n\n\n\n\n\n\n\n<p>Most messengers display links in a way that allows recipients to see a preview of what is being sent to them. In this particular case, the preview included the words &quot;Now with the new Apple M1 chip...&quot;<\/p>\n\n\n\n<figure class=\"wp-block-image size-large\"><img decoding=\"async\" width=\"1024\" height=\"768\" src=\"https:\/\/www.apfelpatient.de\/wp-content\/uploads\/2021\/07\/3701F97C-D6C5-4693-ABA6-525EFEE5B4C7-1024x768.png\" alt=\"Image: Apfelpatient\" class=\"wp-image-24570\" srcset=\"https:\/\/www.apfelpatient.de\/wp-content\/uploads\/2021\/07\/3701F97C-D6C5-4693-ABA6-525EFEE5B4C7-1024x768.png 1024w, https:\/\/www.apfelpatient.de\/wp-content\/uploads\/2021\/07\/3701F97C-D6C5-4693-ABA6-525EFEE5B4C7-300x225.png 300w, https:\/\/www.apfelpatient.de\/wp-content\/uploads\/2021\/07\/3701F97C-D6C5-4693-ABA6-525EFEE5B4C7-768x576.png 768w, https:\/\/www.apfelpatient.de\/wp-content\/uploads\/2021\/07\/3701F97C-D6C5-4693-ABA6-525EFEE5B4C7-1536x1152.png 1536w, https:\/\/www.apfelpatient.de\/wp-content\/uploads\/2021\/07\/3701F97C-D6C5-4693-ABA6-525EFEE5B4C7-750x563.png 750w, https:\/\/www.apfelpatient.de\/wp-content\/uploads\/2021\/07\/3701F97C-D6C5-4693-ABA6-525EFEE5B4C7-1140x855.png 1140w, https:\/\/www.apfelpatient.de\/wp-content\/uploads\/2021\/07\/3701F97C-D6C5-4693-ABA6-525EFEE5B4C7.png 1600w\" sizes=\"(max-width: 1024px) 100vw, 1024px\" \/><figcaption>Image: Apfelpatient<\/figcaption><\/figure>\n\n\n\n<p>Interestingly, this text only appears if you select the respective MacBook configuration within Germany. This means that the text does not appear in other regions. New 14-inch and 16-inch MacBook Pros with Apple Silicon Chip have been promised by industry insiders for months. If current reports are to be believed, the devices will be introduced in the third quarter of this year. (Photo by Ekaterina79 \/ Bigstockphoto)<\/p>\n\n\n\n<ul class=\"wp-block-list\"><li><a href=\"https:\/\/www.apfelpatient.de\/en\/rumors\/macbook-pro-2021-new-details-about-sd-card-slot-ram\">MacBook Pro 2021: New details on SD card slot &amp; RAM<\/a><\/li><\/ul>\n\n\n\n<h6 class=\"wp-block-heading translation-block\" id=\"h-kennt-ihr-schon-unsere-amazon-storefront-dort-findet-ihr-eine-handverlesene-auswahl-von-diversen-produkten-f-r-euer-iphone-und-co-viel-spa-beim-st-bern\"><em>Have you already visited our Amazon Storefront? There you&#039;ll find a hand-picked selection of various products for your iPhone and other devices \u2013 <span class=\"has-inline-color has-vivid-red-color\"><a href=\"https:\/\/www.amazon.de\/shop\/apfelpatientofficial\" class=\"ek-link\" data-wpel-link=\"exclude\" rel=\"follow noopener\" target=\"_self\"><span style=\"text-decoration: underline\" class=\"ek-underline\">enjoy browsing<\/span><\/a> !<\/span><\/em><\/h6>\n\n\n\n<h6 class=\"wp-block-heading translation-block\" id=\"h-der-beitrag-enthalt-partnerlinks\">This post contains <a data-type=\"URL\" data-id=\"https:\/\/www.apfelpatient.de\/partnerprogramm\" href=\"https:\/\/www.apfelpatient.de\/en\/partner-program\" data-wpel-link=\"internal\" target=\"_self\">affiliate links<\/a>.<\/h6>","protected":false},"excerpt":{"rendered":"<p>Apple Germany: The online description of the MacBook Pro series suggests an M1 16-inch MacBook Pro.<\/p>","protected":false},"author":2,"featured_media":24571,"comment_status":"closed","ping_status":"closed","sticky":false,"template":"","format":"standard","meta":{"jnews-multi-image_gallery":[],"jnews_single_post":{"subtitle":"","format":"standard","video":"","gallery":"","source_name":"","source_url":"","via_name":"","via_url":"","override_template":"0","override":[{"template":"4","single_blog_custom":"","parallax":"1","fullscreen":"1","layout":"right-sidebar","sidebar":"","second_sidebar":"","sticky_sidebar":"1","share_position":"","share_float_style":"","show_share_counter":"0","show_view_counter":"0","show_featured":"1","show_post_meta":"1","show_post_author":"1","show_post_author_image":"1","show_post_date":"1","post_date_format":"","post_date_format_custom":"","show_post_category":"1","show_post_reading_time":"0","post_reading_time_wpm":"","show_zoom_button":"0","zoom_button_out_step":"1","zoom_button_in_step":"1","show_post_tag":"1","show_prev_next_post":"1","show_popup_post":"1","number_popup_post":"1","show_author_box":"0","show_post_related":"0","show_inline_post_related":"0"}],"override_image_size":"0","image_override":[{"single_post_thumbnail_size":"","single_post_gallery_size":""}],"trending_post":"0","trending_post_position":"","trending_post_label":"","sponsored_post":"0","sponsored_post_label":"","sponsored_post_name":"","sponsored_post_url":"","sponsored_post_logo_enable":"0","sponsored_post_logo":"","sponsored_post_desc":"","disable_ad":"0"},"jnews_primary_category":{"id":"9","hide":""},"footnotes":""},"categories":[9],"tags":[40],"class_list":["post-24572","post","type-post","status-publish","format-standard","has-post-thumbnail","hentry","category-news","tag-mac"],"yoast_head":"<!-- This site is optimized with the Yoast SEO Premium plugin v27.5 (Yoast SEO v27.5) - https:\/\/yoast.com\/product\/yoast-seo-premium-wordpress\/ -->\n<title>Apple Deutschland: Link zeigt M1 16-Zoll MacBook Pro an Apfelpatient<\/title>\n<meta name=\"description\" content=\"Apple Deutschland: In der Online-Beschreibung der MacBook Pro Reihe wird ein M1 16-Zoll MacBook Pro angedeutet.\" \/>\n<meta name=\"robots\" content=\"index, follow, max-snippet:-1, max-image-preview:large, max-video-preview:-1\" \/>\n<link rel=\"canonical\" href=\"https:\/\/www.apfelpatient.de\/en\/news\/apple-germany-link-shows-m1-16-inch-macbook-pro\" \/>\n<meta property=\"og:locale\" content=\"en_US\" \/>\n<meta property=\"og:type\" content=\"article\" \/>\n<meta property=\"og:title\" content=\"Apple Deutschland: Link zeigt M1 16-Zoll MacBook Pro an\" \/>\n<meta property=\"og:description\" content=\"Apple Deutschland: In der Online-Beschreibung der MacBook Pro Reihe wird ein M1 16-Zoll MacBook Pro angedeutet.\" \/>\n<meta property=\"og:url\" content=\"https:\/\/www.apfelpatient.de\/en\/news\/apple-germany-link-shows-m1-16-inch-macbook-pro\" \/>\n<meta property=\"og:site_name\" content=\"Apfelpatient\" \/>\n<meta property=\"article:publisher\" content=\"https:\/\/www.facebook.com\/apfelpatientOfficial\" \/>\n<meta property=\"article:author\" content=\"https:\/\/www.facebook.com\/apfelpatientOfficial\" \/>\n<meta property=\"article:published_time\" content=\"2021-07-16T17:23:58+00:00\" \/>\n<meta property=\"article:modified_time\" content=\"2024-05-22T10:33:19+00:00\" \/>\n<meta property=\"og:image\" content=\"https:\/\/www.apfelpatient.de\/wp-content\/uploads\/2021\/07\/bigstock-Tambov-Russian-Federation-J-392672816.jpg\" \/>\n\t<meta property=\"og:image:width\" content=\"1600\" \/>\n\t<meta property=\"og:image:height\" content=\"1067\" \/>\n\t<meta property=\"og:image:type\" content=\"image\/jpeg\" \/>\n<meta name=\"author\" content=\"Milan\" \/>\n<meta name=\"twitter:card\" content=\"summary_large_image\" \/>\n<meta name=\"twitter:description\" content=\"Apple Deutschland: In der Online-Beschreibung der MacBook Pro Reihe wird ein M1 16-Zoll MacBook Pro angedeutet.\" \/>\n<meta name=\"twitter:label1\" content=\"Written by\" \/>\n\t<meta name=\"twitter:data1\" content=\"Milan\" \/>\n\t<meta name=\"twitter:label2\" content=\"Est. reading time\" \/>\n\t<meta name=\"twitter:data2\" content=\"5 minutes\" \/>\n<script type=\"application\/ld+json\" class=\"yoast-schema-graph\">{\"@context\":\"https:\\\/\\\/schema.org\",\"@graph\":[{\"@type\":\"NewsArticle\",\"@id\":\"https:\\\/\\\/www.apfelpatient.de\\\/news\\\/apple-deutschland-link-zeigt-m1-16-zoll-macbook-pro-an#article\",\"isPartOf\":{\"@id\":\"https:\\\/\\\/www.apfelpatient.de\\\/news\\\/apple-deutschland-link-zeigt-m1-16-zoll-macbook-pro-an\"},\"author\":{\"@type\":\"Organization\",\"@id\":\"https:\\\/\\\/www.apfelpatient.de\\\/en\\\/#organization\",\"name\":\"Apfelpatient\",\"url\":\"https:\\\/\\\/www.apfelpatient.de\\\/en\\\/\"},\"headline\":\"Apple Deutschland: Link zeigt M1 16-Zoll MacBook Pro an\",\"datePublished\":\"2021-07-16T17:23:58+00:00\",\"dateModified\":\"2024-05-22T10:33:19+00:00\",\"mainEntityOfPage\":{\"@id\":\"https:\\\/\\\/www.apfelpatient.de\\\/news\\\/apple-deutschland-link-zeigt-m1-16-zoll-macbook-pro-an\"},\"wordCount\":246,\"publisher\":{\"@type\":\"Organization\",\"@id\":\"https:\\\/\\\/www.apfelpatient.de\\\/en\\\/#organization\",\"name\":\"Apfelpatient\",\"url\":\"https:\\\/\\\/www.apfelpatient.de\\\/en\\\/\"},\"image\":{\"@id\":\"https:\\\/\\\/www.apfelpatient.de\\\/news\\\/apple-deutschland-link-zeigt-m1-16-zoll-macbook-pro-an#primaryimage\"},\"thumbnailUrl\":\"https:\\\/\\\/www.apfelpatient.de\\\/wp-content\\\/uploads\\\/2021\\\/07\\\/bigstock-Tambov-Russian-Federation-J-392672816.jpg\",\"keywords\":[\"Mac\"],\"articleSection\":\"News\",\"inLanguage\":\"en-US\",\"copyrightYear\":\"2021\",\"copyrightHolder\":{\"@id\":\"https:\\\/\\\/www.apfelpatient.de\\\/en\\\/#organization\"}},{\"@type\":\"WebPage\",\"@id\":\"https:\\\/\\\/www.apfelpatient.de\\\/news\\\/apple-deutschland-link-zeigt-m1-16-zoll-macbook-pro-an\",\"url\":\"https:\\\/\\\/www.apfelpatient.de\\\/news\\\/apple-deutschland-link-zeigt-m1-16-zoll-macbook-pro-an\",\"name\":\"Apple Deutschland: Link zeigt M1 16-Zoll MacBook Pro an Apfelpatient\",\"isPartOf\":{\"@id\":\"https:\\\/\\\/www.apfelpatient.de\\\/#website\"},\"primaryImageOfPage\":{\"@id\":\"https:\\\/\\\/www.apfelpatient.de\\\/news\\\/apple-deutschland-link-zeigt-m1-16-zoll-macbook-pro-an#primaryimage\"},\"image\":{\"@id\":\"https:\\\/\\\/www.apfelpatient.de\\\/news\\\/apple-deutschland-link-zeigt-m1-16-zoll-macbook-pro-an#primaryimage\"},\"thumbnailUrl\":\"https:\\\/\\\/www.apfelpatient.de\\\/wp-content\\\/uploads\\\/2021\\\/07\\\/bigstock-Tambov-Russian-Federation-J-392672816.jpg\",\"datePublished\":\"2021-07-16T17:23:58+00:00\",\"dateModified\":\"2024-05-22T10:33:19+00:00\",\"description\":\"Apple Deutschland: In der Online-Beschreibung der MacBook Pro Reihe wird ein M1 16-Zoll MacBook Pro angedeutet.\",\"breadcrumb\":{\"@id\":\"https:\\\/\\\/www.apfelpatient.de\\\/news\\\/apple-deutschland-link-zeigt-m1-16-zoll-macbook-pro-an#breadcrumb\"},\"inLanguage\":\"en-US\",\"potentialAction\":[{\"@type\":\"ReadAction\",\"target\":[\"https:\\\/\\\/www.apfelpatient.de\\\/news\\\/apple-deutschland-link-zeigt-m1-16-zoll-macbook-pro-an\"]}]},{\"@type\":\"ImageObject\",\"inLanguage\":\"en-US\",\"@id\":\"https:\\\/\\\/www.apfelpatient.de\\\/news\\\/apple-deutschland-link-zeigt-m1-16-zoll-macbook-pro-an#primaryimage\",\"url\":\"https:\\\/\\\/www.apfelpatient.de\\\/wp-content\\\/uploads\\\/2021\\\/07\\\/bigstock-Tambov-Russian-Federation-J-392672816.jpg\",\"contentUrl\":\"https:\\\/\\\/www.apfelpatient.de\\\/wp-content\\\/uploads\\\/2021\\\/07\\\/bigstock-Tambov-Russian-Federation-J-392672816.jpg\",\"width\":1600,\"height\":1067,\"caption\":\"Tambov, Russian Federation - July 09, 2020 Unboxing new MacBook Pro.\"},{\"@type\":\"BreadcrumbList\",\"@id\":\"https:\\\/\\\/www.apfelpatient.de\\\/news\\\/apple-deutschland-link-zeigt-m1-16-zoll-macbook-pro-an#breadcrumb\",\"itemListElement\":[{\"@type\":\"ListItem\",\"position\":1,\"name\":\"Startseite\",\"item\":\"https:\\\/\\\/www.apfelpatient.de\\\/\"},{\"@type\":\"ListItem\",\"position\":2,\"name\":\"Apple Deutschland: Link zeigt M1 16-Zoll MacBook Pro an\"}]},{\"@type\":\"WebSite\",\"@id\":\"https:\\\/\\\/www.apfelpatient.de\\\/#website\",\"url\":\"https:\\\/\\\/www.apfelpatient.de\\\/\",\"name\":\"Apfelpatient\",\"description\":\"Alles rund um Apple!\",\"publisher\":{\"@type\":\"Organization\",\"@id\":\"https:\\\/\\\/www.apfelpatient.de\\\/en\\\/#organization\",\"name\":\"Apfelpatient\",\"url\":\"https:\\\/\\\/www.apfelpatient.de\\\/en\\\/\"},\"alternateName\":\"Apfelpatient\",\"potentialAction\":[{\"@type\":\"SearchAction\",\"target\":{\"@type\":\"EntryPoint\",\"urlTemplate\":\"https:\\\/\\\/www.apfelpatient.de\\\/?s={search_term_string}\"},\"query-input\":{\"@type\":\"PropertyValueSpecification\",\"valueRequired\":true,\"valueName\":\"search_term_string\"}}],\"inLanguage\":\"en-US\"},{\"@type\":[\"Person\",\"Organization\"],\"@id\":\"https:\\\/\\\/www.apfelpatient.de\\\/#\\\/schema\\\/person\\\/7dc56ad6c8e9824b76d2c08d4c140e13\",\"name\":\"Milan\",\"logo\":{\"@id\":\"https:\\\/\\\/www.apfelpatient.de\\\/#\\\/schema\\\/person\\\/image\\\/\"},\"description\":\"Hallo und herzlich willkommen auf meinem Technik-Blog! Als gro\u00dfer Apple-Fan berichte ich hier \u00fcber alles, was mit Apple zu tun hat: von den neuesten News und spannenden Ger\u00fcchten \u00fcber hilfreiche Tipps und Tricks bis hin zu ausf\u00fchrlichen Produkttests. Wenn du genauso technikbegeistert bist wie ich, bist du hier genau richtig!\",\"sameAs\":[\"https:\\\/\\\/www.facebook.com\\\/apfelpatientOfficial\",\"https:\\\/\\\/www.linkedin.com\\\/in\\\/milan-jovicic-42aa0231b\"],\"url\":\"https:\\\/\\\/www.apfelpatient.de\\\/en\\\/author\\\/apfeladmin\"}]}<\/script>\n<!-- \/ Yoast SEO Premium plugin. -->","yoast_head_json":{"title":"Apple Germany: Link shows M1 16-inch MacBook Pro Apfelpatient","description":"Apple Germany: The online description of the MacBook Pro series suggests an M1 16-inch MacBook Pro.","robots":{"index":"index","follow":"follow","max-snippet":"max-snippet:-1","max-image-preview":"max-image-preview:large","max-video-preview":"max-video-preview:-1"},"canonical":"https:\/\/www.apfelpatient.de\/en\/news\/apple-germany-link-shows-m1-16-inch-macbook-pro","og_locale":"en_US","og_type":"article","og_title":"Apple Deutschland: Link zeigt M1 16-Zoll MacBook Pro an","og_description":"Apple Deutschland: In der Online-Beschreibung der MacBook Pro Reihe wird ein M1 16-Zoll MacBook Pro angedeutet.","og_url":"https:\/\/www.apfelpatient.de\/en\/news\/apple-germany-link-shows-m1-16-inch-macbook-pro","og_site_name":"Apfelpatient","article_publisher":"https:\/\/www.facebook.com\/apfelpatientOfficial","article_author":"https:\/\/www.facebook.com\/apfelpatientOfficial","article_published_time":"2021-07-16T17:23:58+00:00","article_modified_time":"2024-05-22T10:33:19+00:00","og_image":[{"width":1600,"height":1067,"url":"https:\/\/www.apfelpatient.de\/wp-content\/uploads\/2021\/07\/bigstock-Tambov-Russian-Federation-J-392672816.jpg","type":"image\/jpeg"}],"author":"Milan","twitter_card":"summary_large_image","twitter_description":"Apple Deutschland: In der Online-Beschreibung der MacBook Pro Reihe wird ein M1 16-Zoll MacBook Pro angedeutet.","twitter_misc":{"Written by":"Milan","Est. reading time":"5 minutes"},"schema":{"@context":"https:\/\/schema.org","@graph":[{"@type":"NewsArticle","@id":"https:\/\/www.apfelpatient.de\/news\/apple-deutschland-link-zeigt-m1-16-zoll-macbook-pro-an#article","isPartOf":{"@id":"https:\/\/www.apfelpatient.de\/news\/apple-deutschland-link-zeigt-m1-16-zoll-macbook-pro-an"},"author":{"@type":"Organization","@id":"https:\/\/www.apfelpatient.de\/en\/#organization","name":"Apfelpatient","url":"https:\/\/www.apfelpatient.de\/en\/"},"headline":"Apple Deutschland: Link zeigt M1 16-Zoll MacBook Pro an","datePublished":"2021-07-16T17:23:58+00:00","dateModified":"2024-05-22T10:33:19+00:00","mainEntityOfPage":{"@id":"https:\/\/www.apfelpatient.de\/news\/apple-deutschland-link-zeigt-m1-16-zoll-macbook-pro-an"},"wordCount":246,"publisher":{"@type":"Organization","@id":"https:\/\/www.apfelpatient.de\/en\/#organization","name":"Apfelpatient","url":"https:\/\/www.apfelpatient.de\/en\/"},"image":{"@id":"https:\/\/www.apfelpatient.de\/news\/apple-deutschland-link-zeigt-m1-16-zoll-macbook-pro-an#primaryimage"},"thumbnailUrl":"https:\/\/www.apfelpatient.de\/wp-content\/uploads\/2021\/07\/bigstock-Tambov-Russian-Federation-J-392672816.jpg","keywords":["Mac"],"articleSection":"News","inLanguage":"en-US","copyrightYear":"2021","copyrightHolder":{"@id":"https:\/\/www.apfelpatient.de\/en\/#organization"}},{"@type":"WebPage","@id":"https:\/\/www.apfelpatient.de\/news\/apple-deutschland-link-zeigt-m1-16-zoll-macbook-pro-an","url":"https:\/\/www.apfelpatient.de\/news\/apple-deutschland-link-zeigt-m1-16-zoll-macbook-pro-an","name":"Apple Germany: Link shows M1 16-inch MacBook Pro Apfelpatient","isPartOf":{"@id":"https:\/\/www.apfelpatient.de\/#website"},"primaryImageOfPage":{"@id":"https:\/\/www.apfelpatient.de\/news\/apple-deutschland-link-zeigt-m1-16-zoll-macbook-pro-an#primaryimage"},"image":{"@id":"https:\/\/www.apfelpatient.de\/news\/apple-deutschland-link-zeigt-m1-16-zoll-macbook-pro-an#primaryimage"},"thumbnailUrl":"https:\/\/www.apfelpatient.de\/wp-content\/uploads\/2021\/07\/bigstock-Tambov-Russian-Federation-J-392672816.jpg","datePublished":"2021-07-16T17:23:58+00:00","dateModified":"2024-05-22T10:33:19+00:00","description":"Apple Germany: The online description of the MacBook Pro series suggests an M1 16-inch MacBook Pro.","breadcrumb":{"@id":"https:\/\/www.apfelpatient.de\/news\/apple-deutschland-link-zeigt-m1-16-zoll-macbook-pro-an#breadcrumb"},"inLanguage":"en-US","potentialAction":[{"@type":"ReadAction","target":["https:\/\/www.apfelpatient.de\/news\/apple-deutschland-link-zeigt-m1-16-zoll-macbook-pro-an"]}]},{"@type":"ImageObject","inLanguage":"en-US","@id":"https:\/\/www.apfelpatient.de\/news\/apple-deutschland-link-zeigt-m1-16-zoll-macbook-pro-an#primaryimage","url":"https:\/\/www.apfelpatient.de\/wp-content\/uploads\/2021\/07\/bigstock-Tambov-Russian-Federation-J-392672816.jpg","contentUrl":"https:\/\/www.apfelpatient.de\/wp-content\/uploads\/2021\/07\/bigstock-Tambov-Russian-Federation-J-392672816.jpg","width":1600,"height":1067,"caption":"Tambov, Russian Federation - July 09, 2020 Unboxing new MacBook Pro."},{"@type":"BreadcrumbList","@id":"https:\/\/www.apfelpatient.de\/news\/apple-deutschland-link-zeigt-m1-16-zoll-macbook-pro-an#breadcrumb","itemListElement":[{"@type":"ListItem","position":1,"name":"Startseite","item":"https:\/\/www.apfelpatient.de\/"},{"@type":"ListItem","position":2,"name":"Apple Deutschland: Link zeigt M1 16-Zoll MacBook Pro an"}]},{"@type":"WebSite","@id":"https:\/\/www.apfelpatient.de\/#website","url":"https:\/\/www.apfelpatient.de\/","name":"apple patient","description":"Everything about Apple!","publisher":{"@type":"Organization","@id":"https:\/\/www.apfelpatient.de\/en\/#organization","name":"Apfelpatient","url":"https:\/\/www.apfelpatient.de\/en\/"},"alternateName":"Apfelpatient","potentialAction":[{"@type":"SearchAction","target":{"@type":"EntryPoint","urlTemplate":"https:\/\/www.apfelpatient.de\/?s={search_term_string}"},"query-input":{"@type":"PropertyValueSpecification","valueRequired":true,"valueName":"search_term_string"}}],"inLanguage":"en-US"},{"@type":["Person","Organization"],"@id":"https:\/\/www.apfelpatient.de\/#\/schema\/person\/7dc56ad6c8e9824b76d2c08d4c140e13","name":"Milan","logo":{"@id":"https:\/\/www.apfelpatient.de\/#\/schema\/person\/image\/"},"description":"Hello and welcome to my technology blog! As a big Apple fan, I report on everything to do with Apple: from the latest news and exciting rumors to helpful tips and tricks and detailed product tests. If you are as enthusiastic about technology as I am, you have come to the right place!","sameAs":["https:\/\/www.facebook.com\/apfelpatientOfficial","https:\/\/www.linkedin.com\/in\/milan-jovicic-42aa0231b"],"url":"https:\/\/www.apfelpatient.de\/en\/author\/apfeladmin"}]}},"_links":{"self":[{"href":"https:\/\/www.apfelpatient.de\/en\/wp-json\/wp\/v2\/posts\/24572","targetHints":{"allow":["GET"]}}],"collection":[{"href":"https:\/\/www.apfelpatient.de\/en\/wp-json\/wp\/v2\/posts"}],"about":[{"href":"https:\/\/www.apfelpatient.de\/en\/wp-json\/wp\/v2\/types\/post"}],"author":[{"embeddable":true,"href":"https:\/\/www.apfelpatient.de\/en\/wp-json\/wp\/v2\/users\/2"}],"replies":[{"embeddable":true,"href":"https:\/\/www.apfelpatient.de\/en\/wp-json\/wp\/v2\/comments?post=24572"}],"version-history":[{"count":0,"href":"https:\/\/www.apfelpatient.de\/en\/wp-json\/wp\/v2\/posts\/24572\/revisions"}],"wp:featuredmedia":[{"embeddable":true,"href":"https:\/\/www.apfelpatient.de\/en\/wp-json\/wp\/v2\/media\/24571"}],"wp:attachment":[{"href":"https:\/\/www.apfelpatient.de\/en\/wp-json\/wp\/v2\/media?parent=24572"}],"wp:term":[{"taxonomy":"category","embeddable":true,"href":"https:\/\/www.apfelpatient.de\/en\/wp-json\/wp\/v2\/categories?post=24572"},{"taxonomy":"post_tag","embeddable":true,"href":"https:\/\/www.apfelpatient.de\/en\/wp-json\/wp\/v2\/tags?post=24572"}],"curies":[{"name":"wp","href":"https:\/\/api.w.org\/{rel}","templated":true}]}}