{"id":24559,"date":"2021-07-16T00:26:54","date_gmt":"2021-07-15T22:26:54","guid":{"rendered":"https:\/\/www.apfelpatient.de\/?p=24559"},"modified":"2021-07-16T00:27:32","modified_gmt":"2021-07-15T22:27:32","slug":"battery-consumption-under-ios-14-5-higher-ocu-demands-explanation-from-apple","status":"publish","type":"post","link":"https:\/\/www.apfelpatient.de\/en\/news\/akkuverbrauch-unter-ios-14-5-hoeher-ocu-fordert-erklaerung-von-apple","title":{"rendered":"Battery consumption under iOS 14.5 &amp; higher: OCU demands explanation from Apple"},"content":{"rendered":"<p class=\"has-drop-cap\"><strong>Members of the Euroconsumers Group have written a letter to Apple urging the company to address allegations of excessive iPhone battery consumption in iOS 14.5 and later software updates.<\/strong><\/p>\n\n\n\n<p>On July 9, the Spanish organization for consumers and users, together with groups such as Altroconsumo and Deco Proteste, sent a letter to the tech giant from Cupertino <a href=\"https:\/\/www-ocu-org.translate.goog\/organizacion\/prensa\/notas-de-prensa\/2021\/apple130721?_x_tr_sl=es&amp;_x_tr_tl=en&amp;_x_tr_hl=en-US&amp;_x_tr_pto=ajax,elem\" target=\"_blank\" rel=\"noreferrer noopener\">written<\/a>, which deals with alleged \u201cplanned obsolescence\u201d affecting the latest iPhone models such as the iPhone 12 and iPhone 11.<\/p>\n\n\n\n<h3 class=\"wp-block-heading\" id=\"h-ios-14-5-oder-h-her-nutzer-beschweren-sich-ber-schnelle-batterieentladung\">iOS 14.5 or higher: Users complain about rapid battery drain<\/h3>\n\n\n\n\n\n\n\n<p>The consumer groups cite reports of battery drain and performance drops experienced by some users after downloading certain versions of iOS 14. Specifically, iOS 14.5, iOS 14.5.1 and iOS 14.6 are mentioned. Back in June, a lawsuit was filed against Apple, attempting to link the reports of battery drain and performance drops to allegations of planned &quot;obsolescence.&quot; However, the consumer reports only point to issues with battery life draining faster than expected, not performance drops. However, Euroconsumer member organizations draw a link between the battery drain reports and Apple&#039;s past performance management systems. Lawsuits have been filed against Apple in a number of European countries, alleging that the company deliberately slowed down iPhones.<\/p>\n\n\n\n<h3 class=\"wp-block-heading\" id=\"h-ocu-m-chte-einen-dialog-mit-apple-schaffen\">OCU wants to \u201ccreate a dialogue with Apple\u201d<\/h3>\n\n\n\n<p>According to the OCU, the purpose of the letter is to &quot;create a dialogue with Apple to find the best way to compensate consumers.&quot; The OCU has threatened to take the matter to court if Apple does not provide &quot;an appropriate response.&quot; It remains unclear what a &quot;appropriate response&quot; means in this case. There is no clear indication of a generally faster battery drain caused by the operating system updates cited by the organization. For a claim of &quot;planned obsolescence&quot; to hold water or be legally relevant, it would have to include a large number of consumers - and that does not seem to be the case at the moment. (Photo by Denys Prykhodov \/ Bigstockphoto)<\/p>\n\n\n\n<ul class=\"wp-block-list\"><li><a href=\"https:\/\/www.apfelpatient.de\/en\/news\/ios-14-6-reports-about-high-battery-consumption-are-increasing\">iOS 14.6: Reports of high battery consumption are increasing<\/a><\/li><\/ul>\n\n\n\n<h6 class=\"wp-block-heading translation-block\" id=\"h-kennt-ihr-schon-unsere-amazon-storefront-dort-findet-ihr-eine-handverlesene-auswahl-von-diversen-produkten-f-r-euer-iphone-und-co-viel-spa-beim-st-bern\"><em>Have you already visited our Amazon Storefront? There you&#039;ll find a hand-picked selection of various products for your iPhone and other devices \u2013 <span class=\"has-inline-color has-vivid-red-color\"><a href=\"https:\/\/www.amazon.de\/shop\/apfelpatientofficial\" class=\"ek-link\" data-wpel-link=\"exclude\" rel=\"follow noopener\" target=\"_self\"><span style=\"text-decoration: underline\" class=\"ek-underline\">enjoy browsing<\/span><\/a> !<\/span><\/em><\/h6>\n\n\n\n<h6 class=\"wp-block-heading translation-block\" id=\"h-der-beitrag-enthalt-partnerlinks\">This post contains <a data-type=\"URL\" data-id=\"https:\/\/www.apfelpatient.de\/partnerprogramm\" href=\"https:\/\/www.apfelpatient.de\/en\/partner-program\" data-wpel-link=\"internal\" target=\"_self\">affiliate links<\/a>.<\/h6>","protected":false},"excerpt":{"rendered":"<p>iOS 14.5 or later: Users complain about rapid battery drain. Now the OCU wants to &quot;create a dialogue with Apple.&quot;<\/p>","protected":false},"author":2,"featured_media":24558,"comment_status":"closed","ping_status":"closed","sticky":false,"template":"","format":"standard","meta":{"jnews-multi-image_gallery":[],"jnews_single_post":{"subtitle":"","format":"standard","video":"","gallery":"","source_name":"","source_url":"","via_name":"","via_url":"","override":[{"single_blog_custom":"","sidebar":"","second_sidebar":"","share_position":"","share_float_style":"","post_date_format":"","post_date_format_custom":"","post_reading_time_wpm":"","zoom_button_out_step":"1","zoom_button_in_step":"1","number_popup_post":"1"}],"image_override":[{"single_post_thumbnail_size":"","single_post_gallery_size":""}],"trending_post_position":"","trending_post_label":"","sponsored_post_label":"","sponsored_post_name":"","sponsored_post_url":"","sponsored_post_logo":"","sponsored_post_desc":""},"jnews_primary_category":{"id":"9"},"footnotes":""},"categories":[9],"tags":[3,18,33,8],"class_list":["post-24559","post","type-post","status-publish","format-standard","has-post-thumbnail","hentry","category-news","tag-ios","tag-ipad","tag-ipados","tag-iphone"],"yoast_head":"<!-- This site is optimized with the Yoast SEO Premium plugin v27.5 (Yoast SEO v27.5) - https:\/\/yoast.com\/product\/yoast-seo-premium-wordpress\/ -->\n<title>Akkuverbrauch unter iOS 14.5 &amp; h\u00f6her: OCU fordert Erkl\u00e4rung von Apple<\/title>\n<meta name=\"description\" content=\"iOS 14.5 oder h\u00f6her: Nutzer beschweren sich \u00fcber schnelle Batterieentladung. Nun m\u00f6chte die OCU &quot;einen Dialog mit Apple schaffen&quot;.\" \/>\n<meta name=\"robots\" content=\"index, follow, max-snippet:-1, max-image-preview:large, max-video-preview:-1\" \/>\n<link rel=\"canonical\" href=\"https:\/\/www.apfelpatient.de\/en\/news\/battery-consumption-under-ios-14-5-higher-ocu-demands-explanation-from-apple\" \/>\n<meta property=\"og:locale\" content=\"en_US\" \/>\n<meta property=\"og:type\" content=\"article\" \/>\n<meta property=\"og:title\" content=\"Akkuverbrauch unter iOS 14.5 &amp; h\u00f6her: OCU fordert Erkl\u00e4rung von Apple\" \/>\n<meta property=\"og:description\" content=\"iOS 14.5 oder h\u00f6her: Nutzer beschweren sich \u00fcber schnelle Batterieentladung. Nun m\u00f6chte die OCU &quot;einen Dialog mit Apple schaffen&quot;.\" \/>\n<meta property=\"og:url\" content=\"https:\/\/www.apfelpatient.de\/en\/news\/battery-consumption-under-ios-14-5-higher-ocu-demands-explanation-from-apple\" \/>\n<meta property=\"og:site_name\" content=\"Apfelpatient\" \/>\n<meta property=\"article:publisher\" content=\"https:\/\/www.facebook.com\/apfelpatientOfficial\" \/>\n<meta property=\"article:author\" content=\"https:\/\/www.facebook.com\/apfelpatientOfficial\" \/>\n<meta property=\"article:published_time\" content=\"2021-07-15T22:26:54+00:00\" \/>\n<meta property=\"article:modified_time\" content=\"2021-07-15T22:27:32+00:00\" \/>\n<meta property=\"og:image\" content=\"https:\/\/www.apfelpatient.de\/wp-content\/uploads\/2021\/07\/bigstock-Alanya-Turkey-May-366786481.jpg\" \/>\n\t<meta property=\"og:image:width\" content=\"1600\" \/>\n\t<meta property=\"og:image:height\" content=\"1067\" \/>\n\t<meta property=\"og:image:type\" content=\"image\/jpeg\" \/>\n<meta name=\"author\" content=\"Milan\" \/>\n<meta name=\"twitter:card\" content=\"summary_large_image\" \/>\n<meta name=\"twitter:description\" content=\"iOS 14.5 oder h\u00f6her: Nutzer beschweren sich \u00fcber schnelle Batterieentladung. Nun m\u00f6chte die OCU &quot;einen Dialog mit Apple schaffen&quot;.\" \/>\n<meta name=\"twitter:label1\" content=\"Written by\" \/>\n\t<meta name=\"twitter:data1\" content=\"Milan\" \/>\n\t<meta name=\"twitter:label2\" content=\"Est. reading time\" \/>\n\t<meta name=\"twitter:data2\" content=\"2 minutes\" \/>\n<script type=\"application\/ld+json\" class=\"yoast-schema-graph\">{\"@context\":\"https:\\\/\\\/schema.org\",\"@graph\":[{\"@type\":\"NewsArticle\",\"@id\":\"https:\\\/\\\/www.apfelpatient.de\\\/news\\\/akkuverbrauch-unter-ios-14-5-hoeher-ocu-fordert-erklaerung-von-apple#article\",\"isPartOf\":{\"@id\":\"https:\\\/\\\/www.apfelpatient.de\\\/news\\\/akkuverbrauch-unter-ios-14-5-hoeher-ocu-fordert-erklaerung-von-apple\"},\"author\":{\"@type\":\"Organization\",\"@id\":\"https:\\\/\\\/www.apfelpatient.de\\\/en\\\/#organization\",\"name\":\"Apfelpatient\",\"url\":\"https:\\\/\\\/www.apfelpatient.de\\\/en\\\/\"},\"headline\":\"Akkuverbrauch unter iOS 14.5 &#038; h\u00f6her: OCU fordert Erkl\u00e4rung von Apple\",\"datePublished\":\"2021-07-15T22:26:54+00:00\",\"dateModified\":\"2021-07-15T22:27:32+00:00\",\"mainEntityOfPage\":{\"@id\":\"https:\\\/\\\/www.apfelpatient.de\\\/news\\\/akkuverbrauch-unter-ios-14-5-hoeher-ocu-fordert-erklaerung-von-apple\"},\"wordCount\":346,\"publisher\":{\"@type\":\"Organization\",\"@id\":\"https:\\\/\\\/www.apfelpatient.de\\\/en\\\/#organization\",\"name\":\"Apfelpatient\",\"url\":\"https:\\\/\\\/www.apfelpatient.de\\\/en\\\/\"},\"image\":{\"@id\":\"https:\\\/\\\/www.apfelpatient.de\\\/news\\\/akkuverbrauch-unter-ios-14-5-hoeher-ocu-fordert-erklaerung-von-apple#primaryimage\"},\"thumbnailUrl\":\"https:\\\/\\\/www.apfelpatient.de\\\/wp-content\\\/uploads\\\/2021\\\/07\\\/bigstock-Alanya-Turkey-May-366786481.jpg\",\"keywords\":[\"iOS\",\"iPad\",\"iPadOS\",\"iPhone\"],\"articleSection\":\"News\",\"inLanguage\":\"en-US\",\"copyrightYear\":\"2021\",\"copyrightHolder\":{\"@id\":\"https:\\\/\\\/www.apfelpatient.de\\\/en\\\/#organization\"}},{\"@type\":\"WebPage\",\"@id\":\"https:\\\/\\\/www.apfelpatient.de\\\/news\\\/akkuverbrauch-unter-ios-14-5-hoeher-ocu-fordert-erklaerung-von-apple\",\"url\":\"https:\\\/\\\/www.apfelpatient.de\\\/news\\\/akkuverbrauch-unter-ios-14-5-hoeher-ocu-fordert-erklaerung-von-apple\",\"name\":\"Akkuverbrauch unter iOS 14.5 & h\u00f6her: OCU fordert Erkl\u00e4rung von Apple\",\"isPartOf\":{\"@id\":\"https:\\\/\\\/www.apfelpatient.de\\\/#website\"},\"primaryImageOfPage\":{\"@id\":\"https:\\\/\\\/www.apfelpatient.de\\\/news\\\/akkuverbrauch-unter-ios-14-5-hoeher-ocu-fordert-erklaerung-von-apple#primaryimage\"},\"image\":{\"@id\":\"https:\\\/\\\/www.apfelpatient.de\\\/news\\\/akkuverbrauch-unter-ios-14-5-hoeher-ocu-fordert-erklaerung-von-apple#primaryimage\"},\"thumbnailUrl\":\"https:\\\/\\\/www.apfelpatient.de\\\/wp-content\\\/uploads\\\/2021\\\/07\\\/bigstock-Alanya-Turkey-May-366786481.jpg\",\"datePublished\":\"2021-07-15T22:26:54+00:00\",\"dateModified\":\"2021-07-15T22:27:32+00:00\",\"description\":\"iOS 14.5 oder h\u00f6her: Nutzer beschweren sich \u00fcber schnelle Batterieentladung. Nun m\u00f6chte die OCU \\\"einen Dialog mit Apple schaffen\\\".\",\"breadcrumb\":{\"@id\":\"https:\\\/\\\/www.apfelpatient.de\\\/news\\\/akkuverbrauch-unter-ios-14-5-hoeher-ocu-fordert-erklaerung-von-apple#breadcrumb\"},\"inLanguage\":\"en-US\",\"potentialAction\":[{\"@type\":\"ReadAction\",\"target\":[\"https:\\\/\\\/www.apfelpatient.de\\\/news\\\/akkuverbrauch-unter-ios-14-5-hoeher-ocu-fordert-erklaerung-von-apple\"]}]},{\"@type\":\"ImageObject\",\"inLanguage\":\"en-US\",\"@id\":\"https:\\\/\\\/www.apfelpatient.de\\\/news\\\/akkuverbrauch-unter-ios-14-5-hoeher-ocu-fordert-erklaerung-von-apple#primaryimage\",\"url\":\"https:\\\/\\\/www.apfelpatient.de\\\/wp-content\\\/uploads\\\/2021\\\/07\\\/bigstock-Alanya-Turkey-May-366786481.jpg\",\"contentUrl\":\"https:\\\/\\\/www.apfelpatient.de\\\/wp-content\\\/uploads\\\/2021\\\/07\\\/bigstock-Alanya-Turkey-May-366786481.jpg\",\"width\":1600,\"height\":1067,\"caption\":\"Alanya, Turkey - May 9, 2020: Man hand holding Powerbank RavPower and iPhone 11 with app Battery on the screen.\"},{\"@type\":\"BreadcrumbList\",\"@id\":\"https:\\\/\\\/www.apfelpatient.de\\\/news\\\/akkuverbrauch-unter-ios-14-5-hoeher-ocu-fordert-erklaerung-von-apple#breadcrumb\",\"itemListElement\":[{\"@type\":\"ListItem\",\"position\":1,\"name\":\"Startseite\",\"item\":\"https:\\\/\\\/www.apfelpatient.de\\\/\"},{\"@type\":\"ListItem\",\"position\":2,\"name\":\"Akkuverbrauch unter iOS 14.5 &#038; h\u00f6her: OCU fordert Erkl\u00e4rung von Apple\"}]},{\"@type\":\"WebSite\",\"@id\":\"https:\\\/\\\/www.apfelpatient.de\\\/#website\",\"url\":\"https:\\\/\\\/www.apfelpatient.de\\\/\",\"name\":\"Apfelpatient\",\"description\":\"Alles rund um Apple!\",\"publisher\":{\"@type\":\"Organization\",\"@id\":\"https:\\\/\\\/www.apfelpatient.de\\\/en\\\/#organization\",\"name\":\"Apfelpatient\",\"url\":\"https:\\\/\\\/www.apfelpatient.de\\\/en\\\/\"},\"alternateName\":\"Apfelpatient\",\"potentialAction\":[{\"@type\":\"SearchAction\",\"target\":{\"@type\":\"EntryPoint\",\"urlTemplate\":\"https:\\\/\\\/www.apfelpatient.de\\\/?s={search_term_string}\"},\"query-input\":{\"@type\":\"PropertyValueSpecification\",\"valueRequired\":true,\"valueName\":\"search_term_string\"}}],\"inLanguage\":\"en-US\"},{\"@type\":[\"Person\",\"Organization\"],\"@id\":\"https:\\\/\\\/www.apfelpatient.de\\\/#\\\/schema\\\/person\\\/7dc56ad6c8e9824b76d2c08d4c140e13\",\"name\":\"Milan\",\"logo\":{\"@id\":\"https:\\\/\\\/www.apfelpatient.de\\\/#\\\/schema\\\/person\\\/image\\\/\"},\"description\":\"Hallo und herzlich willkommen auf meinem Technik-Blog! Als gro\u00dfer Apple-Fan berichte ich hier \u00fcber alles, was mit Apple zu tun hat: von den neuesten News und spannenden Ger\u00fcchten \u00fcber hilfreiche Tipps und Tricks bis hin zu ausf\u00fchrlichen Produkttests. Wenn du genauso technikbegeistert bist wie ich, bist du hier genau richtig!\",\"sameAs\":[\"https:\\\/\\\/www.facebook.com\\\/apfelpatientOfficial\",\"https:\\\/\\\/www.linkedin.com\\\/in\\\/milan-jovicic-42aa0231b\"],\"url\":\"https:\\\/\\\/www.apfelpatient.de\\\/en\\\/author\\\/apfeladmin\"}]}<\/script>\n<!-- \/ Yoast SEO Premium plugin. -->","yoast_head_json":{"title":"Battery consumption under iOS 14.5 &amp; higher: OCU demands explanation from Apple","description":"iOS 14.5 or higher: Users complain about rapid battery drain. Now the OCU wants to &quot;create a dialogue with Apple&quot;.","robots":{"index":"index","follow":"follow","max-snippet":"max-snippet:-1","max-image-preview":"max-image-preview:large","max-video-preview":"max-video-preview:-1"},"canonical":"https:\/\/www.apfelpatient.de\/en\/news\/battery-consumption-under-ios-14-5-higher-ocu-demands-explanation-from-apple","og_locale":"en_US","og_type":"article","og_title":"Akkuverbrauch unter iOS 14.5 & h\u00f6her: OCU fordert Erkl\u00e4rung von Apple","og_description":"iOS 14.5 oder h\u00f6her: Nutzer beschweren sich \u00fcber schnelle Batterieentladung. Nun m\u00f6chte die OCU \"einen Dialog mit Apple schaffen\".","og_url":"https:\/\/www.apfelpatient.de\/en\/news\/battery-consumption-under-ios-14-5-higher-ocu-demands-explanation-from-apple","og_site_name":"Apfelpatient","article_publisher":"https:\/\/www.facebook.com\/apfelpatientOfficial","article_author":"https:\/\/www.facebook.com\/apfelpatientOfficial","article_published_time":"2021-07-15T22:26:54+00:00","article_modified_time":"2021-07-15T22:27:32+00:00","og_image":[{"width":1600,"height":1067,"url":"https:\/\/www.apfelpatient.de\/wp-content\/uploads\/2021\/07\/bigstock-Alanya-Turkey-May-366786481.jpg","type":"image\/jpeg"}],"author":"Milan","twitter_card":"summary_large_image","twitter_description":"iOS 14.5 oder h\u00f6her: Nutzer beschweren sich \u00fcber schnelle Batterieentladung. Nun m\u00f6chte die OCU \"einen Dialog mit Apple schaffen\".","twitter_misc":{"Written by":"Milan","Est. reading time":"2 minutes"},"schema":{"@context":"https:\/\/schema.org","@graph":[{"@type":"NewsArticle","@id":"https:\/\/www.apfelpatient.de\/news\/akkuverbrauch-unter-ios-14-5-hoeher-ocu-fordert-erklaerung-von-apple#article","isPartOf":{"@id":"https:\/\/www.apfelpatient.de\/news\/akkuverbrauch-unter-ios-14-5-hoeher-ocu-fordert-erklaerung-von-apple"},"author":{"@type":"Organization","@id":"https:\/\/www.apfelpatient.de\/en\/#organization","name":"Apfelpatient","url":"https:\/\/www.apfelpatient.de\/en\/"},"headline":"Akkuverbrauch unter iOS 14.5 &#038; h\u00f6her: OCU fordert Erkl\u00e4rung von Apple","datePublished":"2021-07-15T22:26:54+00:00","dateModified":"2021-07-15T22:27:32+00:00","mainEntityOfPage":{"@id":"https:\/\/www.apfelpatient.de\/news\/akkuverbrauch-unter-ios-14-5-hoeher-ocu-fordert-erklaerung-von-apple"},"wordCount":346,"publisher":{"@type":"Organization","@id":"https:\/\/www.apfelpatient.de\/en\/#organization","name":"Apfelpatient","url":"https:\/\/www.apfelpatient.de\/en\/"},"image":{"@id":"https:\/\/www.apfelpatient.de\/news\/akkuverbrauch-unter-ios-14-5-hoeher-ocu-fordert-erklaerung-von-apple#primaryimage"},"thumbnailUrl":"https:\/\/www.apfelpatient.de\/wp-content\/uploads\/2021\/07\/bigstock-Alanya-Turkey-May-366786481.jpg","keywords":["iOS","iPad","iPadOS","iPhone"],"articleSection":"News","inLanguage":"en-US","copyrightYear":"2021","copyrightHolder":{"@id":"https:\/\/www.apfelpatient.de\/en\/#organization"}},{"@type":"WebPage","@id":"https:\/\/www.apfelpatient.de\/news\/akkuverbrauch-unter-ios-14-5-hoeher-ocu-fordert-erklaerung-von-apple","url":"https:\/\/www.apfelpatient.de\/news\/akkuverbrauch-unter-ios-14-5-hoeher-ocu-fordert-erklaerung-von-apple","name":"Battery consumption under iOS 14.5 &amp; higher: OCU demands explanation from Apple","isPartOf":{"@id":"https:\/\/www.apfelpatient.de\/#website"},"primaryImageOfPage":{"@id":"https:\/\/www.apfelpatient.de\/news\/akkuverbrauch-unter-ios-14-5-hoeher-ocu-fordert-erklaerung-von-apple#primaryimage"},"image":{"@id":"https:\/\/www.apfelpatient.de\/news\/akkuverbrauch-unter-ios-14-5-hoeher-ocu-fordert-erklaerung-von-apple#primaryimage"},"thumbnailUrl":"https:\/\/www.apfelpatient.de\/wp-content\/uploads\/2021\/07\/bigstock-Alanya-Turkey-May-366786481.jpg","datePublished":"2021-07-15T22:26:54+00:00","dateModified":"2021-07-15T22:27:32+00:00","description":"iOS 14.5 or higher: Users complain about rapid battery drain. Now the OCU wants to &quot;create a dialogue with Apple&quot;.","breadcrumb":{"@id":"https:\/\/www.apfelpatient.de\/news\/akkuverbrauch-unter-ios-14-5-hoeher-ocu-fordert-erklaerung-von-apple#breadcrumb"},"inLanguage":"en-US","potentialAction":[{"@type":"ReadAction","target":["https:\/\/www.apfelpatient.de\/news\/akkuverbrauch-unter-ios-14-5-hoeher-ocu-fordert-erklaerung-von-apple"]}]},{"@type":"ImageObject","inLanguage":"en-US","@id":"https:\/\/www.apfelpatient.de\/news\/akkuverbrauch-unter-ios-14-5-hoeher-ocu-fordert-erklaerung-von-apple#primaryimage","url":"https:\/\/www.apfelpatient.de\/wp-content\/uploads\/2021\/07\/bigstock-Alanya-Turkey-May-366786481.jpg","contentUrl":"https:\/\/www.apfelpatient.de\/wp-content\/uploads\/2021\/07\/bigstock-Alanya-Turkey-May-366786481.jpg","width":1600,"height":1067,"caption":"Alanya, Turkey - May 9, 2020: Man hand holding Powerbank RavPower and iPhone 11 with app Battery on the screen."},{"@type":"BreadcrumbList","@id":"https:\/\/www.apfelpatient.de\/news\/akkuverbrauch-unter-ios-14-5-hoeher-ocu-fordert-erklaerung-von-apple#breadcrumb","itemListElement":[{"@type":"ListItem","position":1,"name":"Startseite","item":"https:\/\/www.apfelpatient.de\/"},{"@type":"ListItem","position":2,"name":"Akkuverbrauch unter iOS 14.5 &#038; h\u00f6her: OCU fordert Erkl\u00e4rung von Apple"}]},{"@type":"WebSite","@id":"https:\/\/www.apfelpatient.de\/#website","url":"https:\/\/www.apfelpatient.de\/","name":"apple patient","description":"Everything about Apple!","publisher":{"@type":"Organization","@id":"https:\/\/www.apfelpatient.de\/en\/#organization","name":"Apfelpatient","url":"https:\/\/www.apfelpatient.de\/en\/"},"alternateName":"Apfelpatient","potentialAction":[{"@type":"SearchAction","target":{"@type":"EntryPoint","urlTemplate":"https:\/\/www.apfelpatient.de\/?s={search_term_string}"},"query-input":{"@type":"PropertyValueSpecification","valueRequired":true,"valueName":"search_term_string"}}],"inLanguage":"en-US"},{"@type":["Person","Organization"],"@id":"https:\/\/www.apfelpatient.de\/#\/schema\/person\/7dc56ad6c8e9824b76d2c08d4c140e13","name":"Milan","logo":{"@id":"https:\/\/www.apfelpatient.de\/#\/schema\/person\/image\/"},"description":"Hello and welcome to my technology blog! As a big Apple fan, I report on everything to do with Apple: from the latest news and exciting rumors to helpful tips and tricks and detailed product tests. If you are as enthusiastic about technology as I am, you have come to the right place!","sameAs":["https:\/\/www.facebook.com\/apfelpatientOfficial","https:\/\/www.linkedin.com\/in\/milan-jovicic-42aa0231b"],"url":"https:\/\/www.apfelpatient.de\/en\/author\/apfeladmin"}]}},"_links":{"self":[{"href":"https:\/\/www.apfelpatient.de\/en\/wp-json\/wp\/v2\/posts\/24559","targetHints":{"allow":["GET"]}}],"collection":[{"href":"https:\/\/www.apfelpatient.de\/en\/wp-json\/wp\/v2\/posts"}],"about":[{"href":"https:\/\/www.apfelpatient.de\/en\/wp-json\/wp\/v2\/types\/post"}],"author":[{"embeddable":true,"href":"https:\/\/www.apfelpatient.de\/en\/wp-json\/wp\/v2\/users\/2"}],"replies":[{"embeddable":true,"href":"https:\/\/www.apfelpatient.de\/en\/wp-json\/wp\/v2\/comments?post=24559"}],"version-history":[{"count":0,"href":"https:\/\/www.apfelpatient.de\/en\/wp-json\/wp\/v2\/posts\/24559\/revisions"}],"wp:featuredmedia":[{"embeddable":true,"href":"https:\/\/www.apfelpatient.de\/en\/wp-json\/wp\/v2\/media\/24558"}],"wp:attachment":[{"href":"https:\/\/www.apfelpatient.de\/en\/wp-json\/wp\/v2\/media?parent=24559"}],"wp:term":[{"taxonomy":"category","embeddable":true,"href":"https:\/\/www.apfelpatient.de\/en\/wp-json\/wp\/v2\/categories?post=24559"},{"taxonomy":"post_tag","embeddable":true,"href":"https:\/\/www.apfelpatient.de\/en\/wp-json\/wp\/v2\/tags?post=24559"}],"curies":[{"name":"wp","href":"https:\/\/api.w.org\/{rel}","templated":true}]}}