{"id":2442,"date":"2018-10-29T14:36:07","date_gmt":"2018-10-29T13:36:07","guid":{"rendered":"https:\/\/www.apfelpatient.de\/?p=2442"},"modified":"2018-10-29T14:36:07","modified_gmt":"2018-10-29T13:36:07","slug":"apple-pencil-2-new-control-options","status":"publish","type":"post","link":"https:\/\/www.apfelpatient.de\/en\/rumors\/apple-pencil-2-neue-steuerungsmoeglichkeiten","title":{"rendered":"Apple Pencil 2: New control options\u00a0"},"content":{"rendered":"<p><strong>On October 30th, Apple will hold another keynote. In addition to new Macs, the new iPad Pro generation will also be presented. There will also be updated accessories to match.<\/strong><strong>.<span class=\"Apple-converted-space\">\u00a0<\/span><\/strong><\/p>\n\n<p>To go with the new iPad Pro, Apple is said to be planning to introduce a new Apple Pencil and a new Smart Keyboard. There are also new features here. In the future, the Apple Pencil will no longer need a Lightning connector. If the pencil is near the device, it will connect automatically - similar to the AirPods principle. There are now reports on the control options.<span class=\"Apple-converted-space\">\u00a0<\/span><\/p>\n<p><strong>New pen \u2013 new features<\/strong><\/p>\n<p>Specifically, this is about gesture control. According to the well-known software leaker Guilherme Rambo, the user can perform certain actions using touch gestures on the Apple Pencil 2.<\/p>\n\n<p>For example, the line thickness can be adjusted by swiping the pen&#039;s casing. Software developer Steve Troughton-Smith even believes that tab and double-tab functions will be supported. It remains to be seen whether the new Apple Pencil 2 will be compatible with older iPad Pro models. Rambo, however, thinks it is likely.<span class=\"Apple-converted-space\">\u00a0<\/span><\/p>\n<p>This year&#039;s iPad Show will take place on October 30th at the Howard Gilman Opera House. The motto of the keynote: There&#039;s more in the making! The <a href=\"https:\/\/www.apple.com\/apple-events\/\" target=\"_blank\" rel=\"noopener noreferrer\"><strong><em>live broadcast<\/em><\/strong><\/a> starts at 3:00 pm (\u201c10:00 am Eastern Time\u201d).<\/p>","protected":false},"excerpt":{"rendered":"<p>Am 30. Oktober wird Apple eine weitere Keynote abhalten. Neben neuen Macs soll auch die neue iPad Pro Generation vorgestellt werden. Passend dazu soll es aktualisiertes Zubeh\u00f6r geben.\u00a0 Passend zum neuen iPad Pro soll Apple die Vorstellung eines neuen Apple Pencil sowie eines neuen Smart Keyboards planen. Auch hier gibt es Neuerungen. Die Koppelung des [&hellip;]<\/p>\n","protected":false},"author":2,"featured_media":2443,"comment_status":"open","ping_status":"open","sticky":false,"template":"","format":"standard","meta":{"jnews-multi-image_gallery":[],"jnews_single_post":[],"jnews_primary_category":[],"footnotes":""},"categories":[25],"tags":[168,18,66],"class_list":["post-2442","post","type-post","status-publish","format-standard","has-post-thumbnail","hentry","category-rumors","tag-apple-pencil-2","tag-ipad","tag-ipad-pro"],"yoast_head":"<!-- This site is optimized with the Yoast SEO Premium plugin v27.5 (Yoast SEO v27.5) - https:\/\/yoast.com\/product\/yoast-seo-premium-wordpress\/ -->\n<title>Apple Pencil 2: Neue Steuerungsm\u00f6glichkeiten\u00a0 Apfelpatient<\/title>\n<meta name=\"description\" content=\"Am 30. Oktober wird Apple eine weitere Keynote abhalten. Neben neuen Macs soll auch die neue iPad Pro Generation vorgestellt werden. Passend dazu soll es\" \/>\n<meta name=\"robots\" content=\"index, follow, max-snippet:-1, max-image-preview:large, max-video-preview:-1\" \/>\n<link rel=\"canonical\" href=\"https:\/\/www.apfelpatient.de\/en\/rumors\/apple-pencil-2-new-control-options\" \/>\n<meta property=\"og:locale\" content=\"en_US\" \/>\n<meta property=\"og:type\" content=\"article\" \/>\n<meta property=\"og:title\" content=\"Apple Pencil 2: Neue Steuerungsm\u00f6glichkeiten\u00a0\" \/>\n<meta property=\"og:description\" content=\"Am 30. Oktober wird Apple eine weitere Keynote abhalten. Neben neuen Macs soll auch die neue iPad Pro Generation vorgestellt werden. Passend dazu soll es\" \/>\n<meta property=\"og:url\" content=\"https:\/\/www.apfelpatient.de\/en\/rumors\/apple-pencil-2-new-control-options\" \/>\n<meta property=\"og:site_name\" content=\"Apfelpatient\" \/>\n<meta property=\"article:publisher\" content=\"https:\/\/www.facebook.com\/apfelpatientOfficial\" \/>\n<meta property=\"article:author\" content=\"https:\/\/www.facebook.com\/apfelpatientOfficial\" \/>\n<meta property=\"article:published_time\" content=\"2018-10-29T13:36:07+00:00\" \/>\n<meta property=\"og:image\" content=\"https:\/\/www.apfelpatient.de\/wp-content\/uploads\/2018\/10\/dose-media-337489-unsplash.jpg\" \/>\n\t<meta property=\"og:image:width\" content=\"4896\" \/>\n\t<meta property=\"og:image:height\" content=\"3264\" \/>\n\t<meta property=\"og:image:type\" content=\"image\/jpeg\" \/>\n<meta name=\"author\" content=\"Milan\" \/>\n<meta name=\"twitter:card\" content=\"summary_large_image\" \/>\n<meta name=\"twitter:label1\" content=\"Written by\" \/>\n\t<meta name=\"twitter:data1\" content=\"Milan\" \/>\n\t<meta name=\"twitter:label2\" content=\"Est. reading time\" \/>\n\t<meta name=\"twitter:data2\" content=\"1 minute\" \/>\n<script type=\"application\/ld+json\" class=\"yoast-schema-graph\">{\"@context\":\"https:\\\/\\\/schema.org\",\"@graph\":[{\"@type\":\"NewsArticle\",\"@id\":\"https:\\\/\\\/www.apfelpatient.de\\\/rumors\\\/apple-pencil-2-neue-steuerungsmoeglichkeiten#article\",\"isPartOf\":{\"@id\":\"https:\\\/\\\/www.apfelpatient.de\\\/rumors\\\/apple-pencil-2-neue-steuerungsmoeglichkeiten\"},\"author\":{\"@type\":\"Organization\",\"@id\":\"https:\\\/\\\/www.apfelpatient.de\\\/en\\\/#organization\",\"name\":\"Apfelpatient\",\"url\":\"https:\\\/\\\/www.apfelpatient.de\\\/en\\\/\"},\"headline\":\"Apple Pencil 2: Neue Steuerungsm\u00f6glichkeiten\u00a0\",\"datePublished\":\"2018-10-29T13:36:07+00:00\",\"mainEntityOfPage\":{\"@id\":\"https:\\\/\\\/www.apfelpatient.de\\\/rumors\\\/apple-pencil-2-neue-steuerungsmoeglichkeiten\"},\"wordCount\":221,\"commentCount\":0,\"publisher\":{\"@type\":\"Organization\",\"@id\":\"https:\\\/\\\/www.apfelpatient.de\\\/en\\\/#organization\",\"name\":\"Apfelpatient\",\"url\":\"https:\\\/\\\/www.apfelpatient.de\\\/en\\\/\"},\"image\":{\"@id\":\"https:\\\/\\\/www.apfelpatient.de\\\/rumors\\\/apple-pencil-2-neue-steuerungsmoeglichkeiten#primaryimage\"},\"thumbnailUrl\":\"https:\\\/\\\/www.apfelpatient.de\\\/wp-content\\\/uploads\\\/2018\\\/10\\\/dose-media-337489-unsplash.jpg\",\"keywords\":[\"Apple Pencil 2\",\"iPad\",\"iPad Pro\"],\"articleSection\":\"Rumors\",\"inLanguage\":\"en-US\",\"potentialAction\":[{\"@type\":\"CommentAction\",\"name\":\"Comment\",\"target\":[\"https:\\\/\\\/www.apfelpatient.de\\\/rumors\\\/apple-pencil-2-neue-steuerungsmoeglichkeiten#respond\"]}],\"copyrightYear\":\"2018\",\"copyrightHolder\":{\"@id\":\"https:\\\/\\\/www.apfelpatient.de\\\/en\\\/#organization\"}},{\"@type\":\"WebPage\",\"@id\":\"https:\\\/\\\/www.apfelpatient.de\\\/rumors\\\/apple-pencil-2-neue-steuerungsmoeglichkeiten\",\"url\":\"https:\\\/\\\/www.apfelpatient.de\\\/rumors\\\/apple-pencil-2-neue-steuerungsmoeglichkeiten\",\"name\":\"Apple Pencil 2: Neue Steuerungsm\u00f6glichkeiten\u00a0 Apfelpatient\",\"isPartOf\":{\"@id\":\"https:\\\/\\\/www.apfelpatient.de\\\/#website\"},\"primaryImageOfPage\":{\"@id\":\"https:\\\/\\\/www.apfelpatient.de\\\/rumors\\\/apple-pencil-2-neue-steuerungsmoeglichkeiten#primaryimage\"},\"image\":{\"@id\":\"https:\\\/\\\/www.apfelpatient.de\\\/rumors\\\/apple-pencil-2-neue-steuerungsmoeglichkeiten#primaryimage\"},\"thumbnailUrl\":\"https:\\\/\\\/www.apfelpatient.de\\\/wp-content\\\/uploads\\\/2018\\\/10\\\/dose-media-337489-unsplash.jpg\",\"datePublished\":\"2018-10-29T13:36:07+00:00\",\"description\":\"Am 30. Oktober wird Apple eine weitere Keynote abhalten. Neben neuen Macs soll auch die neue iPad Pro Generation vorgestellt werden. Passend dazu soll es\",\"breadcrumb\":{\"@id\":\"https:\\\/\\\/www.apfelpatient.de\\\/rumors\\\/apple-pencil-2-neue-steuerungsmoeglichkeiten#breadcrumb\"},\"inLanguage\":\"en-US\",\"potentialAction\":[{\"@type\":\"ReadAction\",\"target\":[\"https:\\\/\\\/www.apfelpatient.de\\\/rumors\\\/apple-pencil-2-neue-steuerungsmoeglichkeiten\"]}]},{\"@type\":\"ImageObject\",\"inLanguage\":\"en-US\",\"@id\":\"https:\\\/\\\/www.apfelpatient.de\\\/rumors\\\/apple-pencil-2-neue-steuerungsmoeglichkeiten#primaryimage\",\"url\":\"https:\\\/\\\/www.apfelpatient.de\\\/wp-content\\\/uploads\\\/2018\\\/10\\\/dose-media-337489-unsplash.jpg\",\"contentUrl\":\"https:\\\/\\\/www.apfelpatient.de\\\/wp-content\\\/uploads\\\/2018\\\/10\\\/dose-media-337489-unsplash.jpg\",\"width\":4896,\"height\":3264,\"caption\":\"Photo by Unsplash\"},{\"@type\":\"BreadcrumbList\",\"@id\":\"https:\\\/\\\/www.apfelpatient.de\\\/rumors\\\/apple-pencil-2-neue-steuerungsmoeglichkeiten#breadcrumb\",\"itemListElement\":[{\"@type\":\"ListItem\",\"position\":1,\"name\":\"Startseite\",\"item\":\"https:\\\/\\\/www.apfelpatient.de\\\/\"},{\"@type\":\"ListItem\",\"position\":2,\"name\":\"Apple Pencil 2: Neue Steuerungsm\u00f6glichkeiten\u00a0\"}]},{\"@type\":\"WebSite\",\"@id\":\"https:\\\/\\\/www.apfelpatient.de\\\/#website\",\"url\":\"https:\\\/\\\/www.apfelpatient.de\\\/\",\"name\":\"Apfelpatient\",\"description\":\"Alles rund um Apple!\",\"publisher\":{\"@type\":\"Organization\",\"@id\":\"https:\\\/\\\/www.apfelpatient.de\\\/en\\\/#organization\",\"name\":\"Apfelpatient\",\"url\":\"https:\\\/\\\/www.apfelpatient.de\\\/en\\\/\"},\"alternateName\":\"Apfelpatient\",\"potentialAction\":[{\"@type\":\"SearchAction\",\"target\":{\"@type\":\"EntryPoint\",\"urlTemplate\":\"https:\\\/\\\/www.apfelpatient.de\\\/?s={search_term_string}\"},\"query-input\":{\"@type\":\"PropertyValueSpecification\",\"valueRequired\":true,\"valueName\":\"search_term_string\"}}],\"inLanguage\":\"en-US\"},{\"@type\":[\"Person\",\"Organization\"],\"@id\":\"https:\\\/\\\/www.apfelpatient.de\\\/#\\\/schema\\\/person\\\/7dc56ad6c8e9824b76d2c08d4c140e13\",\"name\":\"Milan\",\"logo\":{\"@id\":\"https:\\\/\\\/www.apfelpatient.de\\\/#\\\/schema\\\/person\\\/image\\\/\"},\"description\":\"Hallo und herzlich willkommen auf meinem Technik-Blog! Als gro\u00dfer Apple-Fan berichte ich hier \u00fcber alles, was mit Apple zu tun hat: von den neuesten News und spannenden Ger\u00fcchten \u00fcber hilfreiche Tipps und Tricks bis hin zu ausf\u00fchrlichen Produkttests. Wenn du genauso technikbegeistert bist wie ich, bist du hier genau richtig!\",\"sameAs\":[\"https:\\\/\\\/www.facebook.com\\\/apfelpatientOfficial\",\"https:\\\/\\\/www.linkedin.com\\\/in\\\/milan-jovicic-42aa0231b\"],\"url\":\"https:\\\/\\\/www.apfelpatient.de\\\/en\\\/author\\\/apfeladmin\"}]}<\/script>\n<!-- \/ Yoast SEO Premium plugin. -->","yoast_head_json":{"title":"Apple Pencil 2: New control options Apfelpatient","description":"On October 30th, Apple will hold another keynote. In addition to new Macs, the new iPad Pro generation will also be presented. In line with this,","robots":{"index":"index","follow":"follow","max-snippet":"max-snippet:-1","max-image-preview":"max-image-preview:large","max-video-preview":"max-video-preview:-1"},"canonical":"https:\/\/www.apfelpatient.de\/en\/rumors\/apple-pencil-2-new-control-options","og_locale":"en_US","og_type":"article","og_title":"Apple Pencil 2: Neue Steuerungsm\u00f6glichkeiten\u00a0","og_description":"Am 30. Oktober wird Apple eine weitere Keynote abhalten. Neben neuen Macs soll auch die neue iPad Pro Generation vorgestellt werden. Passend dazu soll es","og_url":"https:\/\/www.apfelpatient.de\/en\/rumors\/apple-pencil-2-new-control-options","og_site_name":"Apfelpatient","article_publisher":"https:\/\/www.facebook.com\/apfelpatientOfficial","article_author":"https:\/\/www.facebook.com\/apfelpatientOfficial","article_published_time":"2018-10-29T13:36:07+00:00","og_image":[{"width":4896,"height":3264,"url":"https:\/\/www.apfelpatient.de\/wp-content\/uploads\/2018\/10\/dose-media-337489-unsplash.jpg","type":"image\/jpeg"}],"author":"Milan","twitter_card":"summary_large_image","twitter_misc":{"Written by":"Milan","Est. reading time":"1 minute"},"schema":{"@context":"https:\/\/schema.org","@graph":[{"@type":"NewsArticle","@id":"https:\/\/www.apfelpatient.de\/rumors\/apple-pencil-2-neue-steuerungsmoeglichkeiten#article","isPartOf":{"@id":"https:\/\/www.apfelpatient.de\/rumors\/apple-pencil-2-neue-steuerungsmoeglichkeiten"},"author":{"@type":"Organization","@id":"https:\/\/www.apfelpatient.de\/en\/#organization","name":"Apfelpatient","url":"https:\/\/www.apfelpatient.de\/en\/"},"headline":"Apple Pencil 2: Neue Steuerungsm\u00f6glichkeiten\u00a0","datePublished":"2018-10-29T13:36:07+00:00","mainEntityOfPage":{"@id":"https:\/\/www.apfelpatient.de\/rumors\/apple-pencil-2-neue-steuerungsmoeglichkeiten"},"wordCount":221,"commentCount":0,"publisher":{"@type":"Organization","@id":"https:\/\/www.apfelpatient.de\/en\/#organization","name":"Apfelpatient","url":"https:\/\/www.apfelpatient.de\/en\/"},"image":{"@id":"https:\/\/www.apfelpatient.de\/rumors\/apple-pencil-2-neue-steuerungsmoeglichkeiten#primaryimage"},"thumbnailUrl":"https:\/\/www.apfelpatient.de\/wp-content\/uploads\/2018\/10\/dose-media-337489-unsplash.jpg","keywords":["Apple Pencil 2","iPad","iPad Pro"],"articleSection":"Rumors","inLanguage":"en-US","potentialAction":[{"@type":"CommentAction","name":"Comment","target":["https:\/\/www.apfelpatient.de\/rumors\/apple-pencil-2-neue-steuerungsmoeglichkeiten#respond"]}],"copyrightYear":"2018","copyrightHolder":{"@id":"https:\/\/www.apfelpatient.de\/en\/#organization"}},{"@type":"WebPage","@id":"https:\/\/www.apfelpatient.de\/rumors\/apple-pencil-2-neue-steuerungsmoeglichkeiten","url":"https:\/\/www.apfelpatient.de\/rumors\/apple-pencil-2-neue-steuerungsmoeglichkeiten","name":"Apple Pencil 2: New control options Apfelpatient","isPartOf":{"@id":"https:\/\/www.apfelpatient.de\/#website"},"primaryImageOfPage":{"@id":"https:\/\/www.apfelpatient.de\/rumors\/apple-pencil-2-neue-steuerungsmoeglichkeiten#primaryimage"},"image":{"@id":"https:\/\/www.apfelpatient.de\/rumors\/apple-pencil-2-neue-steuerungsmoeglichkeiten#primaryimage"},"thumbnailUrl":"https:\/\/www.apfelpatient.de\/wp-content\/uploads\/2018\/10\/dose-media-337489-unsplash.jpg","datePublished":"2018-10-29T13:36:07+00:00","description":"On October 30th, Apple will hold another keynote. In addition to new Macs, the new iPad Pro generation will also be presented. In line with this,","breadcrumb":{"@id":"https:\/\/www.apfelpatient.de\/rumors\/apple-pencil-2-neue-steuerungsmoeglichkeiten#breadcrumb"},"inLanguage":"en-US","potentialAction":[{"@type":"ReadAction","target":["https:\/\/www.apfelpatient.de\/rumors\/apple-pencil-2-neue-steuerungsmoeglichkeiten"]}]},{"@type":"ImageObject","inLanguage":"en-US","@id":"https:\/\/www.apfelpatient.de\/rumors\/apple-pencil-2-neue-steuerungsmoeglichkeiten#primaryimage","url":"https:\/\/www.apfelpatient.de\/wp-content\/uploads\/2018\/10\/dose-media-337489-unsplash.jpg","contentUrl":"https:\/\/www.apfelpatient.de\/wp-content\/uploads\/2018\/10\/dose-media-337489-unsplash.jpg","width":4896,"height":3264,"caption":"Photo by Unsplash"},{"@type":"BreadcrumbList","@id":"https:\/\/www.apfelpatient.de\/rumors\/apple-pencil-2-neue-steuerungsmoeglichkeiten#breadcrumb","itemListElement":[{"@type":"ListItem","position":1,"name":"Startseite","item":"https:\/\/www.apfelpatient.de\/"},{"@type":"ListItem","position":2,"name":"Apple Pencil 2: Neue Steuerungsm\u00f6glichkeiten\u00a0"}]},{"@type":"WebSite","@id":"https:\/\/www.apfelpatient.de\/#website","url":"https:\/\/www.apfelpatient.de\/","name":"apple patient","description":"Everything about Apple!","publisher":{"@type":"Organization","@id":"https:\/\/www.apfelpatient.de\/en\/#organization","name":"Apfelpatient","url":"https:\/\/www.apfelpatient.de\/en\/"},"alternateName":"Apfelpatient","potentialAction":[{"@type":"SearchAction","target":{"@type":"EntryPoint","urlTemplate":"https:\/\/www.apfelpatient.de\/?s={search_term_string}"},"query-input":{"@type":"PropertyValueSpecification","valueRequired":true,"valueName":"search_term_string"}}],"inLanguage":"en-US"},{"@type":["Person","Organization"],"@id":"https:\/\/www.apfelpatient.de\/#\/schema\/person\/7dc56ad6c8e9824b76d2c08d4c140e13","name":"Milan","logo":{"@id":"https:\/\/www.apfelpatient.de\/#\/schema\/person\/image\/"},"description":"Hello and welcome to my technology blog! As a big Apple fan, I report on everything to do with Apple: from the latest news and exciting rumors to helpful tips and tricks and detailed product tests. If you are as enthusiastic about technology as I am, you have come to the right place!","sameAs":["https:\/\/www.facebook.com\/apfelpatientOfficial","https:\/\/www.linkedin.com\/in\/milan-jovicic-42aa0231b"],"url":"https:\/\/www.apfelpatient.de\/en\/author\/apfeladmin"}]}},"_links":{"self":[{"href":"https:\/\/www.apfelpatient.de\/en\/wp-json\/wp\/v2\/posts\/2442","targetHints":{"allow":["GET"]}}],"collection":[{"href":"https:\/\/www.apfelpatient.de\/en\/wp-json\/wp\/v2\/posts"}],"about":[{"href":"https:\/\/www.apfelpatient.de\/en\/wp-json\/wp\/v2\/types\/post"}],"author":[{"embeddable":true,"href":"https:\/\/www.apfelpatient.de\/en\/wp-json\/wp\/v2\/users\/2"}],"replies":[{"embeddable":true,"href":"https:\/\/www.apfelpatient.de\/en\/wp-json\/wp\/v2\/comments?post=2442"}],"version-history":[{"count":0,"href":"https:\/\/www.apfelpatient.de\/en\/wp-json\/wp\/v2\/posts\/2442\/revisions"}],"wp:featuredmedia":[{"embeddable":true,"href":"https:\/\/www.apfelpatient.de\/en\/wp-json\/wp\/v2\/media\/2443"}],"wp:attachment":[{"href":"https:\/\/www.apfelpatient.de\/en\/wp-json\/wp\/v2\/media?parent=2442"}],"wp:term":[{"taxonomy":"category","embeddable":true,"href":"https:\/\/www.apfelpatient.de\/en\/wp-json\/wp\/v2\/categories?post=2442"},{"taxonomy":"post_tag","embeddable":true,"href":"https:\/\/www.apfelpatient.de\/en\/wp-json\/wp\/v2\/tags?post=2442"}],"curies":[{"name":"wp","href":"https:\/\/api.w.org\/{rel}","templated":true}]}}