{"id":24383,"date":"2021-07-09T15:28:03","date_gmt":"2021-07-09T13:28:03","guid":{"rendered":"https:\/\/www.apfelpatient.de\/?p=24383"},"modified":"2021-07-09T15:28:04","modified_gmt":"2021-07-09T13:28:04","slug":"mini-leds-new-details-about-the-macbook-pro-macbook-air-series","status":"publish","type":"post","link":"https:\/\/www.apfelpatient.de\/en\/rumors\/mini-leds-neue-details-zur-macbook-pro-macbook-air-reihe","title":{"rendered":"Mini-LEDs: New details on the MacBook Pro &amp; MacBook Air series"},"content":{"rendered":"<p class=\"has-drop-cap\"><strong>Reports about new MacBook models are now being documented almost daily. But when will Apple finally introduce the devices?<\/strong><\/p>\n\n\n\n<p>Well-informed Apple analyst Ming-Chi Kuo has spoken out in a letter to investors, commenting on both the iPad and MacBook series. In it, Kuo confirms that new 14-inch and 16-inch MacBook Pros will go into mass production in the third quarter of 2021. The analyst suspects that the <a href=\"https:\/\/www.apple.com\/\" target=\"_blank\" rel=\"noreferrer noopener\">Pursue<\/a> is ready to begin production of the next-generation MacBook Pro in the coming months, which will come in a new 14-inch and 16-inch form factor. Kuo said Apple has invested in more mini-LED display suppliers as the company plans to use the technology in more products, including the new MacBook Pro. Based on previous rumors (including other reports from Kuo), the new MacBook Pro will feature a &quot;flat-edge design,&quot; similar to what we&#039;ve seen on the latest iMac, iPad Pro, and iPhone 12 designs.<\/p>\n\n\n\n<h3 class=\"wp-block-heading\" id=\"h-macbook-air-wird-vollst-ndig-berarbeitet\">MacBook Air is completely redesigned<\/h3>\n\n\n\n\n\n\n\n<p>Apple also plans to add more ports back into the MacBook Pro, including an HDMI, an SD card slot, and even MagSafe. This device is also expected to have a more powerful M1X chip. But the MacBook Pro isn&#039;t the only device that will have a mini-LED display. According to Kuo, the next MacBook Air will also get a mini-LED panel. But the device isn&#039;t expected to be announced until sometime in 2022. Earlier this week, leaker DylanDkt claimed that the new MacBook Air will likely be the first to feature an M2 chip (not the M1X, which will have a more advanced GPU focused on the Pro lineup). Dylan also <a href=\"https:\/\/www.apfelpatient.de\/en\/rumors\/brand-new-macbook-air-m2-chip-supposedly-released-in-2022\">claimed<\/a>that the new MacBook Air will be available in several colors, just like the new iMac. However, it is not yet known when exactly the new MacBook Air will be introduced. (Image: Jon Prosser x Rendersbyan)<\/p>\n\n\n\n<ul class=\"wp-block-list\"><li><a href=\"https:\/\/www.apfelpatient.de\/en\/rumors\/macbook-air-2022-will-be-colorful-this-is-what-it-could-look-like\">MacBook Air 2022 will be colorful: This is what it could look like<\/a><\/li><\/ul>\n\n\n\n<h6 class=\"wp-block-heading translation-block\" id=\"h-kennt-ihr-schon-unsere-amazon-storefront-dort-findet-ihr-eine-handverlesene-auswahl-von-diversen-produkten-f-r-euer-iphone-und-co-viel-spa-beim-st-bern\"><em>Have you already visited our Amazon Storefront? There you&#039;ll find a hand-picked selection of various products for your iPhone and other devices \u2013 <span class=\"has-inline-color has-vivid-red-color\"><a href=\"https:\/\/www.amazon.de\/shop\/apfelpatientofficial\" class=\"ek-link\" data-wpel-link=\"exclude\" rel=\"follow noopener\" target=\"_self\"><span style=\"text-decoration: underline\" class=\"ek-underline\">enjoy browsing<\/span><\/a> !<\/span><\/em><\/h6>\n\n\n\n<h6 class=\"wp-block-heading translation-block\" id=\"h-der-beitrag-enthalt-partnerlinks\">This post contains <a data-type=\"URL\" data-id=\"https:\/\/www.apfelpatient.de\/partnerprogramm\" href=\"https:\/\/www.apfelpatient.de\/en\/partner-program\" data-wpel-link=\"internal\" target=\"_self\">affiliate links<\/a>.<\/h6>","protected":false},"excerpt":{"rendered":"<p>Reports about new MacBook models are now being documented almost daily. But when will Apple finally introduce the devices?<\/p>","protected":false},"author":2,"featured_media":24376,"comment_status":"closed","ping_status":"closed","sticky":false,"template":"","format":"standard","meta":{"jnews-multi-image_gallery":[],"jnews_single_post":{"subtitle":"","format":"standard","video":"","gallery":"","source_name":"","source_url":"","via_name":"","via_url":"","override":[{"single_blog_custom":"","sidebar":"","second_sidebar":"","share_position":"","share_float_style":"","post_date_format":"","post_date_format_custom":"","post_reading_time_wpm":"","zoom_button_out_step":"1","zoom_button_in_step":"1","number_popup_post":"1"}],"image_override":[{"single_post_thumbnail_size":"","single_post_gallery_size":""}],"trending_post_position":"","trending_post_label":"","sponsored_post_label":"","sponsored_post_name":"","sponsored_post_url":"","sponsored_post_logo":"","sponsored_post_desc":""},"jnews_primary_category":{"id":"25"},"footnotes":""},"categories":[25],"tags":[40,41,50],"class_list":["post-24383","post","type-post","status-publish","format-standard","has-post-thumbnail","hentry","category-rumors","tag-mac","tag-macbook-air","tag-macbook-pro"],"yoast_head":"<!-- This site is optimized with the Yoast SEO Premium plugin v27.5 (Yoast SEO v27.5) - https:\/\/yoast.com\/product\/yoast-seo-premium-wordpress\/ -->\n<title>Mini-LEDs: Neue Details zur MacBook Pro &amp; MacBook Air Reihe<\/title>\n<meta name=\"description\" content=\"Mittlerweile werden fast t\u00e4glich Berichte zu neuen MacBook-Modellen dokumentiert. Doch wann wird Apple nun endlich die Ger\u00e4te vorstellen?\" \/>\n<meta name=\"robots\" content=\"index, follow, max-snippet:-1, max-image-preview:large, max-video-preview:-1\" \/>\n<link rel=\"canonical\" href=\"https:\/\/www.apfelpatient.de\/en\/rumors\/mini-leds-new-details-about-the-macbook-pro-macbook-air-series\" \/>\n<meta property=\"og:locale\" content=\"en_US\" \/>\n<meta property=\"og:type\" content=\"article\" \/>\n<meta property=\"og:title\" content=\"Mini-LEDs: Neue Details zur MacBook Pro &amp; MacBook Air Reihe\" \/>\n<meta property=\"og:description\" content=\"Mittlerweile werden fast t\u00e4glich Berichte zu neuen MacBook-Modellen dokumentiert. Doch wann wird Apple nun endlich die Ger\u00e4te vorstellen?\" \/>\n<meta property=\"og:url\" content=\"https:\/\/www.apfelpatient.de\/en\/rumors\/mini-leds-new-details-about-the-macbook-pro-macbook-air-series\" \/>\n<meta property=\"og:site_name\" content=\"Apfelpatient\" \/>\n<meta property=\"article:publisher\" content=\"https:\/\/www.facebook.com\/apfelpatientOfficial\" \/>\n<meta property=\"article:author\" content=\"https:\/\/www.facebook.com\/apfelpatientOfficial\" \/>\n<meta property=\"article:published_time\" content=\"2021-07-09T13:28:03+00:00\" \/>\n<meta property=\"article:modified_time\" content=\"2021-07-09T13:28:04+00:00\" \/>\n<meta property=\"og:image\" content=\"https:\/\/www.apfelpatient.de\/wp-content\/uploads\/2021\/07\/colors-stacked.jpg\" \/>\n\t<meta property=\"og:image:width\" content=\"1600\" \/>\n\t<meta property=\"og:image:height\" content=\"900\" \/>\n\t<meta property=\"og:image:type\" content=\"image\/jpeg\" \/>\n<meta name=\"author\" content=\"Milan\" \/>\n<meta name=\"twitter:card\" content=\"summary_large_image\" \/>\n<meta name=\"twitter:description\" content=\"Mittlerweile werden fast t\u00e4glich Berichte zu neuen MacBook-Modellen dokumentiert. Doch wann wird Apple nun endlich die Ger\u00e4te vorstellen?\" \/>\n<meta name=\"twitter:label1\" content=\"Written by\" \/>\n\t<meta name=\"twitter:data1\" content=\"Milan\" \/>\n\t<meta name=\"twitter:label2\" content=\"Est. reading time\" \/>\n\t<meta name=\"twitter:data2\" content=\"2 minutes\" \/>\n<script type=\"application\/ld+json\" class=\"yoast-schema-graph\">{\"@context\":\"https:\\\/\\\/schema.org\",\"@graph\":[{\"@type\":\"NewsArticle\",\"@id\":\"https:\\\/\\\/www.apfelpatient.de\\\/rumors\\\/mini-leds-neue-details-zur-macbook-pro-macbook-air-reihe#article\",\"isPartOf\":{\"@id\":\"https:\\\/\\\/www.apfelpatient.de\\\/rumors\\\/mini-leds-neue-details-zur-macbook-pro-macbook-air-reihe\"},\"author\":{\"@type\":\"Organization\",\"@id\":\"https:\\\/\\\/www.apfelpatient.de\\\/en\\\/#organization\",\"name\":\"Apfelpatient\",\"url\":\"https:\\\/\\\/www.apfelpatient.de\\\/en\\\/\"},\"headline\":\"Mini-LEDs: Neue Details zur MacBook Pro &#038; MacBook Air Reihe\",\"datePublished\":\"2021-07-09T13:28:03+00:00\",\"dateModified\":\"2021-07-09T13:28:04+00:00\",\"mainEntityOfPage\":{\"@id\":\"https:\\\/\\\/www.apfelpatient.de\\\/rumors\\\/mini-leds-neue-details-zur-macbook-pro-macbook-air-reihe\"},\"wordCount\":341,\"publisher\":{\"@type\":\"Organization\",\"@id\":\"https:\\\/\\\/www.apfelpatient.de\\\/en\\\/#organization\",\"name\":\"Apfelpatient\",\"url\":\"https:\\\/\\\/www.apfelpatient.de\\\/en\\\/\"},\"image\":{\"@id\":\"https:\\\/\\\/www.apfelpatient.de\\\/rumors\\\/mini-leds-neue-details-zur-macbook-pro-macbook-air-reihe#primaryimage\"},\"thumbnailUrl\":\"https:\\\/\\\/www.apfelpatient.de\\\/wp-content\\\/uploads\\\/2021\\\/07\\\/colors-stacked.jpg\",\"keywords\":[\"Mac\",\"MacBook Air\",\"MacBook Pro\"],\"articleSection\":\"Rumors\",\"inLanguage\":\"en-US\",\"copyrightYear\":\"2021\",\"copyrightHolder\":{\"@id\":\"https:\\\/\\\/www.apfelpatient.de\\\/en\\\/#organization\"}},{\"@type\":\"WebPage\",\"@id\":\"https:\\\/\\\/www.apfelpatient.de\\\/rumors\\\/mini-leds-neue-details-zur-macbook-pro-macbook-air-reihe\",\"url\":\"https:\\\/\\\/www.apfelpatient.de\\\/rumors\\\/mini-leds-neue-details-zur-macbook-pro-macbook-air-reihe\",\"name\":\"Mini-LEDs: Neue Details zur MacBook Pro & MacBook Air Reihe\",\"isPartOf\":{\"@id\":\"https:\\\/\\\/www.apfelpatient.de\\\/#website\"},\"primaryImageOfPage\":{\"@id\":\"https:\\\/\\\/www.apfelpatient.de\\\/rumors\\\/mini-leds-neue-details-zur-macbook-pro-macbook-air-reihe#primaryimage\"},\"image\":{\"@id\":\"https:\\\/\\\/www.apfelpatient.de\\\/rumors\\\/mini-leds-neue-details-zur-macbook-pro-macbook-air-reihe#primaryimage\"},\"thumbnailUrl\":\"https:\\\/\\\/www.apfelpatient.de\\\/wp-content\\\/uploads\\\/2021\\\/07\\\/colors-stacked.jpg\",\"datePublished\":\"2021-07-09T13:28:03+00:00\",\"dateModified\":\"2021-07-09T13:28:04+00:00\",\"description\":\"Mittlerweile werden fast t\u00e4glich Berichte zu neuen MacBook-Modellen dokumentiert. Doch wann wird Apple nun endlich die Ger\u00e4te vorstellen?\",\"breadcrumb\":{\"@id\":\"https:\\\/\\\/www.apfelpatient.de\\\/rumors\\\/mini-leds-neue-details-zur-macbook-pro-macbook-air-reihe#breadcrumb\"},\"inLanguage\":\"en-US\",\"potentialAction\":[{\"@type\":\"ReadAction\",\"target\":[\"https:\\\/\\\/www.apfelpatient.de\\\/rumors\\\/mini-leds-neue-details-zur-macbook-pro-macbook-air-reihe\"]}]},{\"@type\":\"ImageObject\",\"inLanguage\":\"en-US\",\"@id\":\"https:\\\/\\\/www.apfelpatient.de\\\/rumors\\\/mini-leds-neue-details-zur-macbook-pro-macbook-air-reihe#primaryimage\",\"url\":\"https:\\\/\\\/www.apfelpatient.de\\\/wp-content\\\/uploads\\\/2021\\\/07\\\/colors-stacked.jpg\",\"contentUrl\":\"https:\\\/\\\/www.apfelpatient.de\\\/wp-content\\\/uploads\\\/2021\\\/07\\\/colors-stacked.jpg\",\"width\":1600,\"height\":900,\"caption\":\"Bild: Jon Prosser x Rendersbyan\"},{\"@type\":\"BreadcrumbList\",\"@id\":\"https:\\\/\\\/www.apfelpatient.de\\\/rumors\\\/mini-leds-neue-details-zur-macbook-pro-macbook-air-reihe#breadcrumb\",\"itemListElement\":[{\"@type\":\"ListItem\",\"position\":1,\"name\":\"Startseite\",\"item\":\"https:\\\/\\\/www.apfelpatient.de\\\/\"},{\"@type\":\"ListItem\",\"position\":2,\"name\":\"Mini-LEDs: Neue Details zur MacBook Pro &#038; MacBook Air Reihe\"}]},{\"@type\":\"WebSite\",\"@id\":\"https:\\\/\\\/www.apfelpatient.de\\\/#website\",\"url\":\"https:\\\/\\\/www.apfelpatient.de\\\/\",\"name\":\"Apfelpatient\",\"description\":\"Alles rund um Apple!\",\"publisher\":{\"@type\":\"Organization\",\"@id\":\"https:\\\/\\\/www.apfelpatient.de\\\/en\\\/#organization\",\"name\":\"Apfelpatient\",\"url\":\"https:\\\/\\\/www.apfelpatient.de\\\/en\\\/\"},\"alternateName\":\"Apfelpatient\",\"potentialAction\":[{\"@type\":\"SearchAction\",\"target\":{\"@type\":\"EntryPoint\",\"urlTemplate\":\"https:\\\/\\\/www.apfelpatient.de\\\/?s={search_term_string}\"},\"query-input\":{\"@type\":\"PropertyValueSpecification\",\"valueRequired\":true,\"valueName\":\"search_term_string\"}}],\"inLanguage\":\"en-US\"},{\"@type\":[\"Person\",\"Organization\"],\"@id\":\"https:\\\/\\\/www.apfelpatient.de\\\/#\\\/schema\\\/person\\\/35b3ddba5832f2bfc7fff5206d4f6b7b\",\"name\":\"Milan\",\"logo\":{\"@id\":\"https:\\\/\\\/www.apfelpatient.de\\\/#\\\/schema\\\/person\\\/image\\\/\"},\"description\":\"Hallo und herzlich willkommen auf meinem Technik-Blog! Als gro\u00dfer Apple-Fan berichte ich hier \u00fcber alles, was mit Apple zu tun hat: von den neuesten News und spannenden Ger\u00fcchten \u00fcber hilfreiche Tipps und Tricks bis hin zu ausf\u00fchrlichen Produkttests. Wenn du genauso technikbegeistert bist wie ich, bist du hier genau richtig!\",\"sameAs\":[\"https:\\\/\\\/www.facebook.com\\\/apfelpatientOfficial\",\"https:\\\/\\\/www.linkedin.com\\\/in\\\/milan-jovicic-42aa0231b\"],\"url\":\"https:\\\/\\\/www.apfelpatient.de\\\/en\\\/author\\\/apfeladmin\"}]}<\/script>\n<!-- \/ Yoast SEO Premium plugin. -->","yoast_head_json":{"title":"Mini-LEDs: New details on the MacBook Pro &amp; MacBook Air series","description":"Reports about new MacBook models are now being documented almost daily. But when will Apple finally introduce the devices?","robots":{"index":"index","follow":"follow","max-snippet":"max-snippet:-1","max-image-preview":"max-image-preview:large","max-video-preview":"max-video-preview:-1"},"canonical":"https:\/\/www.apfelpatient.de\/en\/rumors\/mini-leds-new-details-about-the-macbook-pro-macbook-air-series","og_locale":"en_US","og_type":"article","og_title":"Mini-LEDs: Neue Details zur MacBook Pro & MacBook Air Reihe","og_description":"Mittlerweile werden fast t\u00e4glich Berichte zu neuen MacBook-Modellen dokumentiert. Doch wann wird Apple nun endlich die Ger\u00e4te vorstellen?","og_url":"https:\/\/www.apfelpatient.de\/en\/rumors\/mini-leds-new-details-about-the-macbook-pro-macbook-air-series","og_site_name":"Apfelpatient","article_publisher":"https:\/\/www.facebook.com\/apfelpatientOfficial","article_author":"https:\/\/www.facebook.com\/apfelpatientOfficial","article_published_time":"2021-07-09T13:28:03+00:00","article_modified_time":"2021-07-09T13:28:04+00:00","og_image":[{"width":1600,"height":900,"url":"https:\/\/www.apfelpatient.de\/wp-content\/uploads\/2021\/07\/colors-stacked.jpg","type":"image\/jpeg"}],"author":"Milan","twitter_card":"summary_large_image","twitter_description":"Mittlerweile werden fast t\u00e4glich Berichte zu neuen MacBook-Modellen dokumentiert. Doch wann wird Apple nun endlich die Ger\u00e4te vorstellen?","twitter_misc":{"Written by":"Milan","Est. reading time":"2 minutes"},"schema":{"@context":"https:\/\/schema.org","@graph":[{"@type":"NewsArticle","@id":"https:\/\/www.apfelpatient.de\/rumors\/mini-leds-neue-details-zur-macbook-pro-macbook-air-reihe#article","isPartOf":{"@id":"https:\/\/www.apfelpatient.de\/rumors\/mini-leds-neue-details-zur-macbook-pro-macbook-air-reihe"},"author":{"@type":"Organization","@id":"https:\/\/www.apfelpatient.de\/en\/#organization","name":"Apfelpatient","url":"https:\/\/www.apfelpatient.de\/en\/"},"headline":"Mini-LEDs: Neue Details zur MacBook Pro &#038; MacBook Air Reihe","datePublished":"2021-07-09T13:28:03+00:00","dateModified":"2021-07-09T13:28:04+00:00","mainEntityOfPage":{"@id":"https:\/\/www.apfelpatient.de\/rumors\/mini-leds-neue-details-zur-macbook-pro-macbook-air-reihe"},"wordCount":341,"publisher":{"@type":"Organization","@id":"https:\/\/www.apfelpatient.de\/en\/#organization","name":"Apfelpatient","url":"https:\/\/www.apfelpatient.de\/en\/"},"image":{"@id":"https:\/\/www.apfelpatient.de\/rumors\/mini-leds-neue-details-zur-macbook-pro-macbook-air-reihe#primaryimage"},"thumbnailUrl":"https:\/\/www.apfelpatient.de\/wp-content\/uploads\/2021\/07\/colors-stacked.jpg","keywords":["Mac","MacBook Air","MacBook Pro"],"articleSection":"Rumors","inLanguage":"en-US","copyrightYear":"2021","copyrightHolder":{"@id":"https:\/\/www.apfelpatient.de\/en\/#organization"}},{"@type":"WebPage","@id":"https:\/\/www.apfelpatient.de\/rumors\/mini-leds-neue-details-zur-macbook-pro-macbook-air-reihe","url":"https:\/\/www.apfelpatient.de\/rumors\/mini-leds-neue-details-zur-macbook-pro-macbook-air-reihe","name":"Mini-LEDs: New details on the MacBook Pro &amp; MacBook Air series","isPartOf":{"@id":"https:\/\/www.apfelpatient.de\/#website"},"primaryImageOfPage":{"@id":"https:\/\/www.apfelpatient.de\/rumors\/mini-leds-neue-details-zur-macbook-pro-macbook-air-reihe#primaryimage"},"image":{"@id":"https:\/\/www.apfelpatient.de\/rumors\/mini-leds-neue-details-zur-macbook-pro-macbook-air-reihe#primaryimage"},"thumbnailUrl":"https:\/\/www.apfelpatient.de\/wp-content\/uploads\/2021\/07\/colors-stacked.jpg","datePublished":"2021-07-09T13:28:03+00:00","dateModified":"2021-07-09T13:28:04+00:00","description":"Reports about new MacBook models are now being documented almost daily. But when will Apple finally introduce the devices?","breadcrumb":{"@id":"https:\/\/www.apfelpatient.de\/rumors\/mini-leds-neue-details-zur-macbook-pro-macbook-air-reihe#breadcrumb"},"inLanguage":"en-US","potentialAction":[{"@type":"ReadAction","target":["https:\/\/www.apfelpatient.de\/rumors\/mini-leds-neue-details-zur-macbook-pro-macbook-air-reihe"]}]},{"@type":"ImageObject","inLanguage":"en-US","@id":"https:\/\/www.apfelpatient.de\/rumors\/mini-leds-neue-details-zur-macbook-pro-macbook-air-reihe#primaryimage","url":"https:\/\/www.apfelpatient.de\/wp-content\/uploads\/2021\/07\/colors-stacked.jpg","contentUrl":"https:\/\/www.apfelpatient.de\/wp-content\/uploads\/2021\/07\/colors-stacked.jpg","width":1600,"height":900,"caption":"Bild: Jon Prosser x Rendersbyan"},{"@type":"BreadcrumbList","@id":"https:\/\/www.apfelpatient.de\/rumors\/mini-leds-neue-details-zur-macbook-pro-macbook-air-reihe#breadcrumb","itemListElement":[{"@type":"ListItem","position":1,"name":"Startseite","item":"https:\/\/www.apfelpatient.de\/"},{"@type":"ListItem","position":2,"name":"Mini-LEDs: Neue Details zur MacBook Pro &#038; MacBook Air Reihe"}]},{"@type":"WebSite","@id":"https:\/\/www.apfelpatient.de\/#website","url":"https:\/\/www.apfelpatient.de\/","name":"apple patient","description":"Everything about Apple!","publisher":{"@type":"Organization","@id":"https:\/\/www.apfelpatient.de\/en\/#organization","name":"Apfelpatient","url":"https:\/\/www.apfelpatient.de\/en\/"},"alternateName":"Apfelpatient","potentialAction":[{"@type":"SearchAction","target":{"@type":"EntryPoint","urlTemplate":"https:\/\/www.apfelpatient.de\/?s={search_term_string}"},"query-input":{"@type":"PropertyValueSpecification","valueRequired":true,"valueName":"search_term_string"}}],"inLanguage":"en-US"},{"@type":["Person","Organization"],"@id":"https:\/\/www.apfelpatient.de\/#\/schema\/person\/35b3ddba5832f2bfc7fff5206d4f6b7b","name":"Milan","logo":{"@id":"https:\/\/www.apfelpatient.de\/#\/schema\/person\/image\/"},"description":"Hello and welcome to my technology blog! As a big Apple fan, I report on everything to do with Apple: from the latest news and exciting rumors to helpful tips and tricks and detailed product tests. If you are as enthusiastic about technology as I am, you have come to the right place!","sameAs":["https:\/\/www.facebook.com\/apfelpatientOfficial","https:\/\/www.linkedin.com\/in\/milan-jovicic-42aa0231b"],"url":"https:\/\/www.apfelpatient.de\/en\/author\/apfeladmin"}]}},"_links":{"self":[{"href":"https:\/\/www.apfelpatient.de\/en\/wp-json\/wp\/v2\/posts\/24383","targetHints":{"allow":["GET"]}}],"collection":[{"href":"https:\/\/www.apfelpatient.de\/en\/wp-json\/wp\/v2\/posts"}],"about":[{"href":"https:\/\/www.apfelpatient.de\/en\/wp-json\/wp\/v2\/types\/post"}],"author":[{"embeddable":true,"href":"https:\/\/www.apfelpatient.de\/en\/wp-json\/wp\/v2\/users\/2"}],"replies":[{"embeddable":true,"href":"https:\/\/www.apfelpatient.de\/en\/wp-json\/wp\/v2\/comments?post=24383"}],"version-history":[{"count":0,"href":"https:\/\/www.apfelpatient.de\/en\/wp-json\/wp\/v2\/posts\/24383\/revisions"}],"wp:featuredmedia":[{"embeddable":true,"href":"https:\/\/www.apfelpatient.de\/en\/wp-json\/wp\/v2\/media\/24376"}],"wp:attachment":[{"href":"https:\/\/www.apfelpatient.de\/en\/wp-json\/wp\/v2\/media?parent=24383"}],"wp:term":[{"taxonomy":"category","embeddable":true,"href":"https:\/\/www.apfelpatient.de\/en\/wp-json\/wp\/v2\/categories?post=24383"},{"taxonomy":"post_tag","embeddable":true,"href":"https:\/\/www.apfelpatient.de\/en\/wp-json\/wp\/v2\/tags?post=24383"}],"curies":[{"name":"wp","href":"https:\/\/api.w.org\/{rel}","templated":true}]}}