{"id":24378,"date":"2021-07-09T15:20:45","date_gmt":"2021-07-09T13:20:45","guid":{"rendered":"https:\/\/www.apfelpatient.de\/?p=24378"},"modified":"2021-07-09T15:20:46","modified_gmt":"2021-07-09T13:20:46","slug":"ipad-pro-2022-mini-led-display-to-be-expanded","status":"publish","type":"post","link":"https:\/\/www.apfelpatient.de\/en\/rumors\/ipad-pro-2022-mini-led-display-soll-ausgeweitet-werden","title":{"rendered":"iPad Pro 2022: Mini-LED display to be expanded"},"content":{"rendered":"<p class=\"has-drop-cap\"><strong>In April, Apple announced a new generation of iPad Pro with the M1 chip, 5G support and a mini-LED display. However, the new display technology is exclusively installed in the 12.9-inch model - at least for now.<\/strong><\/p>\n\n\n\n<p>In a new letter to investors, well-known Apple analyst Ming-Chi Kuo has made a new prediction regarding the iPad Pro series. According to him, the entire iPad Pro 2022 lineup - consisting of an 11- and 12.9-inch model - will use mini-LED technology. According to Kuo, Apple has invested in additional suppliers of mini-LED displays as the company plans to use the technology in more products. Apple&#039;s first <a href=\"https:\/\/www.apple.com\/\" target=\"_blank\" rel=\"noreferrer noopener\">Device<\/a> with a mini-LED display was the 12.9-inch iPad Pro, which was introduced in April. As a reminder: Mini-LED technology is based on thousands of small LEDs in the backlight, which results in higher contrast ratios and deeper blacks, similar to OLED.<\/p>\n\n\n\n<h3 class=\"wp-block-heading\" id=\"h-ipad-pro-2022-mit-oder-ohne-glasr-ckseite\">iPad Pro 2022: With or without glass back?<\/h3>\n\n\n\n\n\n\n\n<p>Because this technology is more expensive, Apple has only included it in the 12.9-inch iPad Pro this year. However, the analyst believes that adding more mini-LED display suppliers will reduce the cost of the component and help the company manufacture more devices with the new panel. So with the next generation of iPad Pro, the smaller 11-inch model is also expected to get a mini-LED display. Kuo&#039;s report also confirms that the 2022 iPad Pro will likely retain the same screen sizes as the current generation. Bloomberg has previously claimed that Apple is developing a redesigned iPad Pro with a glass back. It remains unclear whether Apple will actually introduce the new design in 2022. (Photo by Unsplash \/ Daniel Romero)<\/p>\n\n\n\n<ul class=\"wp-block-list\"><li><a href=\"https:\/\/www.apfelpatient.de\/en\/rumors\/new-analysis-of-oled-ipad-macbook-touch-bar\">New analysis of OLED iPad &amp; MacBook Touch Bar<\/a><\/li><\/ul>\n\n\n\n<h6 class=\"wp-block-heading translation-block\" id=\"h-kennt-ihr-schon-unsere-amazon-storefront-dort-findet-ihr-eine-handverlesene-auswahl-von-diversen-produkten-f-r-euer-iphone-und-co-viel-spa-beim-st-bern\"><em>Have you already visited our Amazon Storefront? There you&#039;ll find a hand-picked selection of various products for your iPhone and other devices \u2013 <span class=\"has-inline-color has-vivid-red-color\"><a href=\"https:\/\/www.amazon.de\/shop\/apfelpatientofficial\" class=\"ek-link\" data-wpel-link=\"exclude\" rel=\"follow noopener\" target=\"_self\"><span style=\"text-decoration: underline\" class=\"ek-underline\">enjoy browsing<\/span><\/a> !<\/span><\/em><\/h6>\n\n\n\n<h6 class=\"wp-block-heading translation-block\" id=\"h-der-beitrag-enthalt-partnerlinks\">This post contains <a data-type=\"URL\" data-id=\"https:\/\/www.apfelpatient.de\/partnerprogramm\" href=\"https:\/\/www.apfelpatient.de\/en\/partner-program\" data-wpel-link=\"internal\" target=\"_self\">affiliate links<\/a>.<\/h6>","protected":false},"excerpt":{"rendered":"<p>iPad Pro 2022: Apple announced a new generation of iPad Pro in April with the M1 chip, 5G support and a mini-LED display.<\/p>","protected":false},"author":2,"featured_media":24374,"comment_status":"closed","ping_status":"closed","sticky":false,"template":"","format":"standard","meta":{"jnews-multi-image_gallery":[],"jnews_single_post":{"subtitle":"","format":"standard","video":"","gallery":"","source_name":"","source_url":"","via_name":"","via_url":"","override":[{"single_blog_custom":"","sidebar":"","second_sidebar":"","share_position":"","share_float_style":"","post_date_format":"","post_date_format_custom":"","post_reading_time_wpm":"","zoom_button_out_step":"1","zoom_button_in_step":"1","number_popup_post":"1"}],"image_override":[{"single_post_thumbnail_size":"","single_post_gallery_size":""}],"trending_post_position":"","trending_post_label":"","sponsored_post_label":"","sponsored_post_name":"","sponsored_post_url":"","sponsored_post_logo":"","sponsored_post_desc":""},"jnews_primary_category":{"id":"25"},"footnotes":""},"categories":[25],"tags":[18],"class_list":["post-24378","post","type-post","status-publish","format-standard","has-post-thumbnail","hentry","category-rumors","tag-ipad"],"yoast_head":"<!-- This site is optimized with the Yoast SEO Premium plugin v27.5 (Yoast SEO v27.5) - https:\/\/yoast.com\/product\/yoast-seo-premium-wordpress\/ -->\n<title>iPad Pro 2022: Mini-LED-Display soll ausgeweitet werden Apfelpatient<\/title>\n<meta name=\"description\" content=\"iPad Pro 2022: Apple hat im April eine neue Generation des iPad Pro mit dem M1-Chip, 5G-Unterst\u00fctzung und einem Mini-LED-Display angek\u00fcndigt.\" \/>\n<meta name=\"robots\" content=\"index, follow, max-snippet:-1, max-image-preview:large, max-video-preview:-1\" \/>\n<link rel=\"canonical\" href=\"https:\/\/www.apfelpatient.de\/en\/rumors\/ipad-pro-2022-mini-led-display-to-be-expanded\" \/>\n<meta property=\"og:locale\" content=\"en_US\" \/>\n<meta property=\"og:type\" content=\"article\" \/>\n<meta property=\"og:title\" content=\"iPad Pro 2022: Mini-LED-Display soll ausgeweitet werden\" \/>\n<meta property=\"og:description\" content=\"iPad Pro 2022: Apple hat im April eine neue Generation des iPad Pro mit dem M1-Chip, 5G-Unterst\u00fctzung und einem Mini-LED-Display angek\u00fcndigt.\" \/>\n<meta property=\"og:url\" content=\"https:\/\/www.apfelpatient.de\/en\/rumors\/ipad-pro-2022-mini-led-display-to-be-expanded\" \/>\n<meta property=\"og:site_name\" content=\"Apfelpatient\" \/>\n<meta property=\"article:publisher\" content=\"https:\/\/www.facebook.com\/apfelpatientOfficial\" \/>\n<meta property=\"article:author\" content=\"https:\/\/www.facebook.com\/apfelpatientOfficial\" \/>\n<meta property=\"article:published_time\" content=\"2021-07-09T13:20:45+00:00\" \/>\n<meta property=\"article:modified_time\" content=\"2021-07-09T13:20:46+00:00\" \/>\n<meta property=\"og:image\" content=\"https:\/\/www.apfelpatient.de\/wp-content\/uploads\/2021\/07\/daniel-romero-pWUecNvg3XU-unsplash.jpg\" \/>\n\t<meta property=\"og:image:width\" content=\"1600\" \/>\n\t<meta property=\"og:image:height\" content=\"900\" \/>\n\t<meta property=\"og:image:type\" content=\"image\/jpeg\" \/>\n<meta name=\"author\" content=\"Milan\" \/>\n<meta name=\"twitter:card\" content=\"summary_large_image\" \/>\n<meta name=\"twitter:description\" content=\"iPad Pro 2022: Apple hat im April eine neue Generation des iPad Pro mit dem M1-Chip, 5G-Unterst\u00fctzung und einem Mini-LED-Display angek\u00fcndigt.\" \/>\n<meta name=\"twitter:label1\" content=\"Written by\" \/>\n\t<meta name=\"twitter:data1\" content=\"Milan\" \/>\n\t<meta name=\"twitter:label2\" content=\"Est. reading time\" \/>\n\t<meta name=\"twitter:data2\" content=\"2 minutes\" \/>\n<script type=\"application\/ld+json\" class=\"yoast-schema-graph\">{\"@context\":\"https:\\\/\\\/schema.org\",\"@graph\":[{\"@type\":\"NewsArticle\",\"@id\":\"https:\\\/\\\/www.apfelpatient.de\\\/rumors\\\/ipad-pro-2022-mini-led-display-soll-ausgeweitet-werden#article\",\"isPartOf\":{\"@id\":\"https:\\\/\\\/www.apfelpatient.de\\\/rumors\\\/ipad-pro-2022-mini-led-display-soll-ausgeweitet-werden\"},\"author\":{\"@type\":\"Organization\",\"@id\":\"https:\\\/\\\/www.apfelpatient.de\\\/en\\\/#organization\",\"name\":\"Apfelpatient\",\"url\":\"https:\\\/\\\/www.apfelpatient.de\\\/en\\\/\"},\"headline\":\"iPad Pro 2022: Mini-LED-Display soll ausgeweitet werden\",\"datePublished\":\"2021-07-09T13:20:45+00:00\",\"dateModified\":\"2021-07-09T13:20:46+00:00\",\"mainEntityOfPage\":{\"@id\":\"https:\\\/\\\/www.apfelpatient.de\\\/rumors\\\/ipad-pro-2022-mini-led-display-soll-ausgeweitet-werden\"},\"wordCount\":284,\"publisher\":{\"@type\":\"Organization\",\"@id\":\"https:\\\/\\\/www.apfelpatient.de\\\/en\\\/#organization\",\"name\":\"Apfelpatient\",\"url\":\"https:\\\/\\\/www.apfelpatient.de\\\/en\\\/\"},\"image\":{\"@id\":\"https:\\\/\\\/www.apfelpatient.de\\\/rumors\\\/ipad-pro-2022-mini-led-display-soll-ausgeweitet-werden#primaryimage\"},\"thumbnailUrl\":\"https:\\\/\\\/www.apfelpatient.de\\\/wp-content\\\/uploads\\\/2021\\\/07\\\/daniel-romero-pWUecNvg3XU-unsplash.jpg\",\"keywords\":[\"iPad\"],\"articleSection\":\"Rumors\",\"inLanguage\":\"en-US\",\"copyrightYear\":\"2021\",\"copyrightHolder\":{\"@id\":\"https:\\\/\\\/www.apfelpatient.de\\\/en\\\/#organization\"}},{\"@type\":\"WebPage\",\"@id\":\"https:\\\/\\\/www.apfelpatient.de\\\/rumors\\\/ipad-pro-2022-mini-led-display-soll-ausgeweitet-werden\",\"url\":\"https:\\\/\\\/www.apfelpatient.de\\\/rumors\\\/ipad-pro-2022-mini-led-display-soll-ausgeweitet-werden\",\"name\":\"iPad Pro 2022: Mini-LED-Display soll ausgeweitet werden Apfelpatient\",\"isPartOf\":{\"@id\":\"https:\\\/\\\/www.apfelpatient.de\\\/#website\"},\"primaryImageOfPage\":{\"@id\":\"https:\\\/\\\/www.apfelpatient.de\\\/rumors\\\/ipad-pro-2022-mini-led-display-soll-ausgeweitet-werden#primaryimage\"},\"image\":{\"@id\":\"https:\\\/\\\/www.apfelpatient.de\\\/rumors\\\/ipad-pro-2022-mini-led-display-soll-ausgeweitet-werden#primaryimage\"},\"thumbnailUrl\":\"https:\\\/\\\/www.apfelpatient.de\\\/wp-content\\\/uploads\\\/2021\\\/07\\\/daniel-romero-pWUecNvg3XU-unsplash.jpg\",\"datePublished\":\"2021-07-09T13:20:45+00:00\",\"dateModified\":\"2021-07-09T13:20:46+00:00\",\"description\":\"iPad Pro 2022: Apple hat im April eine neue Generation des iPad Pro mit dem M1-Chip, 5G-Unterst\u00fctzung und einem Mini-LED-Display angek\u00fcndigt.\",\"breadcrumb\":{\"@id\":\"https:\\\/\\\/www.apfelpatient.de\\\/rumors\\\/ipad-pro-2022-mini-led-display-soll-ausgeweitet-werden#breadcrumb\"},\"inLanguage\":\"en-US\",\"potentialAction\":[{\"@type\":\"ReadAction\",\"target\":[\"https:\\\/\\\/www.apfelpatient.de\\\/rumors\\\/ipad-pro-2022-mini-led-display-soll-ausgeweitet-werden\"]}]},{\"@type\":\"ImageObject\",\"inLanguage\":\"en-US\",\"@id\":\"https:\\\/\\\/www.apfelpatient.de\\\/rumors\\\/ipad-pro-2022-mini-led-display-soll-ausgeweitet-werden#primaryimage\",\"url\":\"https:\\\/\\\/www.apfelpatient.de\\\/wp-content\\\/uploads\\\/2021\\\/07\\\/daniel-romero-pWUecNvg3XU-unsplash.jpg\",\"contentUrl\":\"https:\\\/\\\/www.apfelpatient.de\\\/wp-content\\\/uploads\\\/2021\\\/07\\\/daniel-romero-pWUecNvg3XU-unsplash.jpg\",\"width\":1600,\"height\":900,\"caption\":\"Photo by Unsplash \\\/ Daniel Romero\"},{\"@type\":\"BreadcrumbList\",\"@id\":\"https:\\\/\\\/www.apfelpatient.de\\\/rumors\\\/ipad-pro-2022-mini-led-display-soll-ausgeweitet-werden#breadcrumb\",\"itemListElement\":[{\"@type\":\"ListItem\",\"position\":1,\"name\":\"Startseite\",\"item\":\"https:\\\/\\\/www.apfelpatient.de\\\/\"},{\"@type\":\"ListItem\",\"position\":2,\"name\":\"iPad Pro 2022: Mini-LED-Display soll ausgeweitet werden\"}]},{\"@type\":\"WebSite\",\"@id\":\"https:\\\/\\\/www.apfelpatient.de\\\/#website\",\"url\":\"https:\\\/\\\/www.apfelpatient.de\\\/\",\"name\":\"Apfelpatient\",\"description\":\"Alles rund um Apple!\",\"publisher\":{\"@type\":\"Organization\",\"@id\":\"https:\\\/\\\/www.apfelpatient.de\\\/en\\\/#organization\",\"name\":\"Apfelpatient\",\"url\":\"https:\\\/\\\/www.apfelpatient.de\\\/en\\\/\"},\"alternateName\":\"Apfelpatient\",\"potentialAction\":[{\"@type\":\"SearchAction\",\"target\":{\"@type\":\"EntryPoint\",\"urlTemplate\":\"https:\\\/\\\/www.apfelpatient.de\\\/?s={search_term_string}\"},\"query-input\":{\"@type\":\"PropertyValueSpecification\",\"valueRequired\":true,\"valueName\":\"search_term_string\"}}],\"inLanguage\":\"en-US\"},{\"@type\":[\"Person\",\"Organization\"],\"@id\":\"https:\\\/\\\/www.apfelpatient.de\\\/#\\\/schema\\\/person\\\/35b3ddba5832f2bfc7fff5206d4f6b7b\",\"name\":\"Milan\",\"logo\":{\"@id\":\"https:\\\/\\\/www.apfelpatient.de\\\/#\\\/schema\\\/person\\\/image\\\/\"},\"description\":\"Hallo und herzlich willkommen auf meinem Technik-Blog! Als gro\u00dfer Apple-Fan berichte ich hier \u00fcber alles, was mit Apple zu tun hat: von den neuesten News und spannenden Ger\u00fcchten \u00fcber hilfreiche Tipps und Tricks bis hin zu ausf\u00fchrlichen Produkttests. Wenn du genauso technikbegeistert bist wie ich, bist du hier genau richtig!\",\"sameAs\":[\"https:\\\/\\\/www.facebook.com\\\/apfelpatientOfficial\",\"https:\\\/\\\/www.linkedin.com\\\/in\\\/milan-jovicic-42aa0231b\"],\"url\":\"https:\\\/\\\/www.apfelpatient.de\\\/en\\\/author\\\/apfeladmin\"}]}<\/script>\n<!-- \/ Yoast SEO Premium plugin. -->","yoast_head_json":{"title":"iPad Pro 2022: Mini-LED display to be expanded Apfelpatient","description":"iPad Pro 2022: Apple announced a new generation of iPad Pro in April with the M1 chip, 5G support and a mini-LED display.","robots":{"index":"index","follow":"follow","max-snippet":"max-snippet:-1","max-image-preview":"max-image-preview:large","max-video-preview":"max-video-preview:-1"},"canonical":"https:\/\/www.apfelpatient.de\/en\/rumors\/ipad-pro-2022-mini-led-display-to-be-expanded","og_locale":"en_US","og_type":"article","og_title":"iPad Pro 2022: Mini-LED-Display soll ausgeweitet werden","og_description":"iPad Pro 2022: Apple hat im April eine neue Generation des iPad Pro mit dem M1-Chip, 5G-Unterst\u00fctzung und einem Mini-LED-Display angek\u00fcndigt.","og_url":"https:\/\/www.apfelpatient.de\/en\/rumors\/ipad-pro-2022-mini-led-display-to-be-expanded","og_site_name":"Apfelpatient","article_publisher":"https:\/\/www.facebook.com\/apfelpatientOfficial","article_author":"https:\/\/www.facebook.com\/apfelpatientOfficial","article_published_time":"2021-07-09T13:20:45+00:00","article_modified_time":"2021-07-09T13:20:46+00:00","og_image":[{"width":1600,"height":900,"url":"https:\/\/www.apfelpatient.de\/wp-content\/uploads\/2021\/07\/daniel-romero-pWUecNvg3XU-unsplash.jpg","type":"image\/jpeg"}],"author":"Milan","twitter_card":"summary_large_image","twitter_description":"iPad Pro 2022: Apple hat im April eine neue Generation des iPad Pro mit dem M1-Chip, 5G-Unterst\u00fctzung und einem Mini-LED-Display angek\u00fcndigt.","twitter_misc":{"Written by":"Milan","Est. reading time":"2 minutes"},"schema":{"@context":"https:\/\/schema.org","@graph":[{"@type":"NewsArticle","@id":"https:\/\/www.apfelpatient.de\/rumors\/ipad-pro-2022-mini-led-display-soll-ausgeweitet-werden#article","isPartOf":{"@id":"https:\/\/www.apfelpatient.de\/rumors\/ipad-pro-2022-mini-led-display-soll-ausgeweitet-werden"},"author":{"@type":"Organization","@id":"https:\/\/www.apfelpatient.de\/en\/#organization","name":"Apfelpatient","url":"https:\/\/www.apfelpatient.de\/en\/"},"headline":"iPad Pro 2022: Mini-LED-Display soll ausgeweitet werden","datePublished":"2021-07-09T13:20:45+00:00","dateModified":"2021-07-09T13:20:46+00:00","mainEntityOfPage":{"@id":"https:\/\/www.apfelpatient.de\/rumors\/ipad-pro-2022-mini-led-display-soll-ausgeweitet-werden"},"wordCount":284,"publisher":{"@type":"Organization","@id":"https:\/\/www.apfelpatient.de\/en\/#organization","name":"Apfelpatient","url":"https:\/\/www.apfelpatient.de\/en\/"},"image":{"@id":"https:\/\/www.apfelpatient.de\/rumors\/ipad-pro-2022-mini-led-display-soll-ausgeweitet-werden#primaryimage"},"thumbnailUrl":"https:\/\/www.apfelpatient.de\/wp-content\/uploads\/2021\/07\/daniel-romero-pWUecNvg3XU-unsplash.jpg","keywords":["iPad"],"articleSection":"Rumors","inLanguage":"en-US","copyrightYear":"2021","copyrightHolder":{"@id":"https:\/\/www.apfelpatient.de\/en\/#organization"}},{"@type":"WebPage","@id":"https:\/\/www.apfelpatient.de\/rumors\/ipad-pro-2022-mini-led-display-soll-ausgeweitet-werden","url":"https:\/\/www.apfelpatient.de\/rumors\/ipad-pro-2022-mini-led-display-soll-ausgeweitet-werden","name":"iPad Pro 2022: Mini-LED display to be expanded Apfelpatient","isPartOf":{"@id":"https:\/\/www.apfelpatient.de\/#website"},"primaryImageOfPage":{"@id":"https:\/\/www.apfelpatient.de\/rumors\/ipad-pro-2022-mini-led-display-soll-ausgeweitet-werden#primaryimage"},"image":{"@id":"https:\/\/www.apfelpatient.de\/rumors\/ipad-pro-2022-mini-led-display-soll-ausgeweitet-werden#primaryimage"},"thumbnailUrl":"https:\/\/www.apfelpatient.de\/wp-content\/uploads\/2021\/07\/daniel-romero-pWUecNvg3XU-unsplash.jpg","datePublished":"2021-07-09T13:20:45+00:00","dateModified":"2021-07-09T13:20:46+00:00","description":"iPad Pro 2022: Apple announced a new generation of iPad Pro in April with the M1 chip, 5G support and a mini-LED display.","breadcrumb":{"@id":"https:\/\/www.apfelpatient.de\/rumors\/ipad-pro-2022-mini-led-display-soll-ausgeweitet-werden#breadcrumb"},"inLanguage":"en-US","potentialAction":[{"@type":"ReadAction","target":["https:\/\/www.apfelpatient.de\/rumors\/ipad-pro-2022-mini-led-display-soll-ausgeweitet-werden"]}]},{"@type":"ImageObject","inLanguage":"en-US","@id":"https:\/\/www.apfelpatient.de\/rumors\/ipad-pro-2022-mini-led-display-soll-ausgeweitet-werden#primaryimage","url":"https:\/\/www.apfelpatient.de\/wp-content\/uploads\/2021\/07\/daniel-romero-pWUecNvg3XU-unsplash.jpg","contentUrl":"https:\/\/www.apfelpatient.de\/wp-content\/uploads\/2021\/07\/daniel-romero-pWUecNvg3XU-unsplash.jpg","width":1600,"height":900,"caption":"Photo by Unsplash \/ Daniel Romero"},{"@type":"BreadcrumbList","@id":"https:\/\/www.apfelpatient.de\/rumors\/ipad-pro-2022-mini-led-display-soll-ausgeweitet-werden#breadcrumb","itemListElement":[{"@type":"ListItem","position":1,"name":"Startseite","item":"https:\/\/www.apfelpatient.de\/"},{"@type":"ListItem","position":2,"name":"iPad Pro 2022: Mini-LED-Display soll ausgeweitet werden"}]},{"@type":"WebSite","@id":"https:\/\/www.apfelpatient.de\/#website","url":"https:\/\/www.apfelpatient.de\/","name":"apple patient","description":"Everything about Apple!","publisher":{"@type":"Organization","@id":"https:\/\/www.apfelpatient.de\/en\/#organization","name":"Apfelpatient","url":"https:\/\/www.apfelpatient.de\/en\/"},"alternateName":"Apfelpatient","potentialAction":[{"@type":"SearchAction","target":{"@type":"EntryPoint","urlTemplate":"https:\/\/www.apfelpatient.de\/?s={search_term_string}"},"query-input":{"@type":"PropertyValueSpecification","valueRequired":true,"valueName":"search_term_string"}}],"inLanguage":"en-US"},{"@type":["Person","Organization"],"@id":"https:\/\/www.apfelpatient.de\/#\/schema\/person\/35b3ddba5832f2bfc7fff5206d4f6b7b","name":"Milan","logo":{"@id":"https:\/\/www.apfelpatient.de\/#\/schema\/person\/image\/"},"description":"Hello and welcome to my technology blog! As a big Apple fan, I report on everything to do with Apple: from the latest news and exciting rumors to helpful tips and tricks and detailed product tests. If you are as enthusiastic about technology as I am, you have come to the right place!","sameAs":["https:\/\/www.facebook.com\/apfelpatientOfficial","https:\/\/www.linkedin.com\/in\/milan-jovicic-42aa0231b"],"url":"https:\/\/www.apfelpatient.de\/en\/author\/apfeladmin"}]}},"_links":{"self":[{"href":"https:\/\/www.apfelpatient.de\/en\/wp-json\/wp\/v2\/posts\/24378","targetHints":{"allow":["GET"]}}],"collection":[{"href":"https:\/\/www.apfelpatient.de\/en\/wp-json\/wp\/v2\/posts"}],"about":[{"href":"https:\/\/www.apfelpatient.de\/en\/wp-json\/wp\/v2\/types\/post"}],"author":[{"embeddable":true,"href":"https:\/\/www.apfelpatient.de\/en\/wp-json\/wp\/v2\/users\/2"}],"replies":[{"embeddable":true,"href":"https:\/\/www.apfelpatient.de\/en\/wp-json\/wp\/v2\/comments?post=24378"}],"version-history":[{"count":0,"href":"https:\/\/www.apfelpatient.de\/en\/wp-json\/wp\/v2\/posts\/24378\/revisions"}],"wp:featuredmedia":[{"embeddable":true,"href":"https:\/\/www.apfelpatient.de\/en\/wp-json\/wp\/v2\/media\/24374"}],"wp:attachment":[{"href":"https:\/\/www.apfelpatient.de\/en\/wp-json\/wp\/v2\/media?parent=24378"}],"wp:term":[{"taxonomy":"category","embeddable":true,"href":"https:\/\/www.apfelpatient.de\/en\/wp-json\/wp\/v2\/categories?post=24378"},{"taxonomy":"post_tag","embeddable":true,"href":"https:\/\/www.apfelpatient.de\/en\/wp-json\/wp\/v2\/tags?post=24378"}],"curies":[{"name":"wp","href":"https:\/\/api.w.org\/{rel}","templated":true}]}}