{"id":24239,"date":"2021-07-02T19:24:35","date_gmt":"2021-07-02T17:24:35","guid":{"rendered":"https:\/\/www.apfelpatient.de\/?p=24239"},"modified":"2021-07-02T19:27:05","modified_gmt":"2021-07-02T17:27:05","slug":"eu-warns-apple-data-protection-should-not-be-used-as-an-excuse","status":"publish","type":"post","link":"https:\/\/www.apfelpatient.de\/en\/news\/eu-warnt-apple-datenschutz-sollte-nicht-als-ausrede-genutzt-werden","title":{"rendered":"EU warns Apple: Data protection should not be used as an excuse"},"content":{"rendered":"<p class=\"has-drop-cap\"><strong>In response to Tim Cook&#039;s comments in June, EU Competition Commissioner Margrethe Vestager said Apple should not use privacy and security concerns to stifle competition in the App Store.<\/strong><\/p>\n\n\n\n<p>Vestager, the executive vice president of the European Commission, has proposed regulations that could force Apple to allow alternative app stores. Apple CEO Tim Cook spoke out against the proposal, saying they could threaten the privacy and security of iOS. In a <a href=\"https:\/\/www.reuters.com\/technology\/exclusive-eus-vestager-warns-apple-against-using-privacy-security-limit-2021-07-02\/\" target=\"_blank\" rel=\"noreferrer noopener\">interview<\/a> Speaking to Reuters, Vestager acknowledged that privacy and security are important factors for consumers, but warned the Cupertino-based tech giant against using concerns about them to fend off competition.<\/p>\n\n\n\n<blockquote class=\"wp-block-quote is-layout-flow wp-block-quote-is-layout-flow\"><p>I think privacy and security are of paramount importance to everyone. The important thing here, of course, is that it&#039;s not a shield against competition, because I don&#039;t think customers are going to give up security or privacy when they use a different app store or when they sideload.<\/p><\/blockquote>\n\n\n\n<h3 class=\"wp-block-heading\" id=\"h-apple-hat-bereits-gegen-sideloading-argumentiert\">Apple has already argued against sideloading<\/h3>\n\n\n\n\n\n\n\n<p>Vestager added that she was open to changes to her proposals, which must be introduced by EU member states and lawmakers before they can become law.<\/p>\n\n\n\n<blockquote class=\"wp-block-quote is-layout-flow wp-block-quote-is-layout-flow\"><p>I think it is possible to find solutions.<\/p><\/blockquote>\n\n\n\n<p>Sideloading, or the distribution of apps outside of the official iOS App Store, has also been a topic of conversation in antitrust debates in the US - including during the Epic Games vs. Apple trial. Apple published a report in June describing why the company is against sideloading on its own platforms. The EU competition watchdog told Reuters that recent privacy changes to iOS, including app tracking transparency, are not currently a target for antitrust authorities. In fact, she praised Apple&#039;s new privacy controls. (Photo by Unsplash \/ Carles Rabada)<\/p>\n\n\n\n<ul class=\"wp-block-list\"><li><a href=\"https:\/\/www.apfelpatient.de\/en\/news\/app-store-apple-explains-why-sideloading-on-ios-is-a-bad-idea\">App Store: Apple explains why sideloading on iOS is a bad idea<\/a><\/li><\/ul>\n\n\n\n<h6 class=\"wp-block-heading translation-block\" id=\"h-kennt-ihr-schon-unsere-amazon-storefront-dort-findet-ihr-eine-handverlesene-auswahl-von-diversen-produkten-f-r-euer-iphone-und-co-viel-spa-beim-st-bern\"><em>Have you already visited our Amazon Storefront? There you&#039;ll find a hand-picked selection of various products for your iPhone and other devices \u2013 <span class=\"has-inline-color has-vivid-red-color\"><a href=\"https:\/\/www.amazon.de\/shop\/apfelpatientofficial\" class=\"ek-link\" data-wpel-link=\"exclude\" rel=\"follow noopener\" target=\"_self\"><span style=\"text-decoration: underline\" class=\"ek-underline\">enjoy browsing<\/span><\/a> !<\/span><\/em><\/h6>\n\n\n\n<h6 class=\"wp-block-heading translation-block\" id=\"h-der-beitrag-enthalt-partnerlinks\">This post contains <a data-type=\"URL\" data-id=\"https:\/\/www.apfelpatient.de\/partnerprogramm\" href=\"https:\/\/www.apfelpatient.de\/en\/partner-program\" data-wpel-link=\"internal\" target=\"_self\">affiliate links<\/a>.<\/h6>","protected":false},"excerpt":{"rendered":"<p>Data protection: Vestager has proposed regulations that could force Apple to allow alternative app stores.<\/p>","protected":false},"author":2,"featured_media":24238,"comment_status":"closed","ping_status":"closed","sticky":false,"template":"","format":"standard","meta":{"jnews-multi-image_gallery":[],"jnews_single_post":{"subtitle":"","format":"standard","video":"","gallery":"","source_name":"","source_url":"","via_name":"","via_url":"","override":[{"single_blog_custom":"","sidebar":"","second_sidebar":"","share_position":"","share_float_style":"","post_date_format":"","post_date_format_custom":"","post_reading_time_wpm":"","zoom_button_out_step":"1","zoom_button_in_step":"1","number_popup_post":"1"}],"image_override":[{"single_post_thumbnail_size":"","single_post_gallery_size":""}],"trending_post_position":"","trending_post_label":"","sponsored_post_label":"","sponsored_post_name":"","sponsored_post_url":"","sponsored_post_logo":"","sponsored_post_desc":""},"jnews_primary_category":{"id":"9"},"footnotes":""},"categories":[9],"tags":[6,3,33],"class_list":["post-24239","post","type-post","status-publish","format-standard","has-post-thumbnail","hentry","category-news","tag-app-store","tag-ios","tag-ipados"],"yoast_head":"<!-- This site is optimized with the Yoast SEO Premium plugin v27.5 (Yoast SEO v27.5) - https:\/\/yoast.com\/product\/yoast-seo-premium-wordpress\/ -->\n<title>EU warnt Apple: Datenschutz sollte nicht als Ausrede genutzt werden<\/title>\n<meta name=\"description\" content=\"Datenschutz: Vestager hat Regulierungen vorgeschlagen, die Apple dazu zwingen k\u00f6nnten, alternative App Stores zuzulassen.\" \/>\n<meta name=\"robots\" content=\"index, follow, max-snippet:-1, max-image-preview:large, max-video-preview:-1\" \/>\n<link rel=\"canonical\" href=\"https:\/\/www.apfelpatient.de\/en\/news\/eu-warns-apple-data-protection-should-not-be-used-as-an-excuse\" \/>\n<meta property=\"og:locale\" content=\"en_US\" \/>\n<meta property=\"og:type\" content=\"article\" \/>\n<meta property=\"og:title\" content=\"EU warnt Apple: Datenschutz sollte nicht als Ausrede genutzt werden\" \/>\n<meta property=\"og:description\" content=\"Datenschutz: Vestager hat Regulierungen vorgeschlagen, die Apple dazu zwingen k\u00f6nnten, alternative App Stores zuzulassen.\" \/>\n<meta property=\"og:url\" content=\"https:\/\/www.apfelpatient.de\/en\/news\/eu-warns-apple-data-protection-should-not-be-used-as-an-excuse\" \/>\n<meta property=\"og:site_name\" content=\"Apfelpatient\" \/>\n<meta property=\"article:publisher\" content=\"https:\/\/www.facebook.com\/apfelpatientOfficial\" \/>\n<meta property=\"article:author\" content=\"https:\/\/www.facebook.com\/apfelpatientOfficial\" \/>\n<meta property=\"article:published_time\" content=\"2021-07-02T17:24:35+00:00\" \/>\n<meta property=\"article:modified_time\" content=\"2021-07-02T17:27:05+00:00\" \/>\n<meta property=\"og:image\" content=\"https:\/\/www.apfelpatient.de\/wp-content\/uploads\/2021\/07\/carles-rabada-ktWur2xM1hs-unsplash.jpg\" \/>\n\t<meta property=\"og:image:width\" content=\"1600\" \/>\n\t<meta property=\"og:image:height\" content=\"899\" \/>\n\t<meta property=\"og:image:type\" content=\"image\/jpeg\" \/>\n<meta name=\"author\" content=\"Milan\" \/>\n<meta name=\"twitter:card\" content=\"summary_large_image\" \/>\n<meta name=\"twitter:description\" content=\"Datenschutz: Vestager hat Regulierungen vorgeschlagen, die Apple dazu zwingen k\u00f6nnten, alternative App Stores zuzulassen.\" \/>\n<meta name=\"twitter:label1\" content=\"Written by\" \/>\n\t<meta name=\"twitter:data1\" content=\"Milan\" \/>\n\t<meta name=\"twitter:label2\" content=\"Est. reading time\" \/>\n\t<meta name=\"twitter:data2\" content=\"2 minutes\" \/>\n<script type=\"application\/ld+json\" class=\"yoast-schema-graph\">{\"@context\":\"https:\\\/\\\/schema.org\",\"@graph\":[{\"@type\":\"NewsArticle\",\"@id\":\"https:\\\/\\\/www.apfelpatient.de\\\/news\\\/eu-warnt-apple-datenschutz-sollte-nicht-als-ausrede-genutzt-werden#article\",\"isPartOf\":{\"@id\":\"https:\\\/\\\/www.apfelpatient.de\\\/news\\\/eu-warnt-apple-datenschutz-sollte-nicht-als-ausrede-genutzt-werden\"},\"author\":{\"@type\":\"Organization\",\"@id\":\"https:\\\/\\\/www.apfelpatient.de\\\/en\\\/#organization\",\"name\":\"Apfelpatient\",\"url\":\"https:\\\/\\\/www.apfelpatient.de\\\/en\\\/\"},\"headline\":\"EU warnt Apple: Datenschutz sollte nicht als Ausrede genutzt werden\",\"datePublished\":\"2021-07-02T17:24:35+00:00\",\"dateModified\":\"2021-07-02T17:27:05+00:00\",\"mainEntityOfPage\":{\"@id\":\"https:\\\/\\\/www.apfelpatient.de\\\/news\\\/eu-warnt-apple-datenschutz-sollte-nicht-als-ausrede-genutzt-werden\"},\"wordCount\":339,\"publisher\":{\"@type\":\"Organization\",\"@id\":\"https:\\\/\\\/www.apfelpatient.de\\\/en\\\/#organization\",\"name\":\"Apfelpatient\",\"url\":\"https:\\\/\\\/www.apfelpatient.de\\\/en\\\/\"},\"image\":{\"@id\":\"https:\\\/\\\/www.apfelpatient.de\\\/news\\\/eu-warnt-apple-datenschutz-sollte-nicht-als-ausrede-genutzt-werden#primaryimage\"},\"thumbnailUrl\":\"https:\\\/\\\/www.apfelpatient.de\\\/wp-content\\\/uploads\\\/2021\\\/07\\\/carles-rabada-ktWur2xM1hs-unsplash.jpg\",\"keywords\":[\"App Store\",\"iOS\",\"iPadOS\"],\"articleSection\":\"News\",\"inLanguage\":\"en-US\",\"copyrightYear\":\"2021\",\"copyrightHolder\":{\"@id\":\"https:\\\/\\\/www.apfelpatient.de\\\/en\\\/#organization\"}},{\"@type\":\"WebPage\",\"@id\":\"https:\\\/\\\/www.apfelpatient.de\\\/news\\\/eu-warnt-apple-datenschutz-sollte-nicht-als-ausrede-genutzt-werden\",\"url\":\"https:\\\/\\\/www.apfelpatient.de\\\/news\\\/eu-warnt-apple-datenschutz-sollte-nicht-als-ausrede-genutzt-werden\",\"name\":\"EU warnt Apple: Datenschutz sollte nicht als Ausrede genutzt werden\",\"isPartOf\":{\"@id\":\"https:\\\/\\\/www.apfelpatient.de\\\/#website\"},\"primaryImageOfPage\":{\"@id\":\"https:\\\/\\\/www.apfelpatient.de\\\/news\\\/eu-warnt-apple-datenschutz-sollte-nicht-als-ausrede-genutzt-werden#primaryimage\"},\"image\":{\"@id\":\"https:\\\/\\\/www.apfelpatient.de\\\/news\\\/eu-warnt-apple-datenschutz-sollte-nicht-als-ausrede-genutzt-werden#primaryimage\"},\"thumbnailUrl\":\"https:\\\/\\\/www.apfelpatient.de\\\/wp-content\\\/uploads\\\/2021\\\/07\\\/carles-rabada-ktWur2xM1hs-unsplash.jpg\",\"datePublished\":\"2021-07-02T17:24:35+00:00\",\"dateModified\":\"2021-07-02T17:27:05+00:00\",\"description\":\"Datenschutz: Vestager hat Regulierungen vorgeschlagen, die Apple dazu zwingen k\u00f6nnten, alternative App Stores zuzulassen.\",\"breadcrumb\":{\"@id\":\"https:\\\/\\\/www.apfelpatient.de\\\/news\\\/eu-warnt-apple-datenschutz-sollte-nicht-als-ausrede-genutzt-werden#breadcrumb\"},\"inLanguage\":\"en-US\",\"potentialAction\":[{\"@type\":\"ReadAction\",\"target\":[\"https:\\\/\\\/www.apfelpatient.de\\\/news\\\/eu-warnt-apple-datenschutz-sollte-nicht-als-ausrede-genutzt-werden\"]}]},{\"@type\":\"ImageObject\",\"inLanguage\":\"en-US\",\"@id\":\"https:\\\/\\\/www.apfelpatient.de\\\/news\\\/eu-warnt-apple-datenschutz-sollte-nicht-als-ausrede-genutzt-werden#primaryimage\",\"url\":\"https:\\\/\\\/www.apfelpatient.de\\\/wp-content\\\/uploads\\\/2021\\\/07\\\/carles-rabada-ktWur2xM1hs-unsplash.jpg\",\"contentUrl\":\"https:\\\/\\\/www.apfelpatient.de\\\/wp-content\\\/uploads\\\/2021\\\/07\\\/carles-rabada-ktWur2xM1hs-unsplash.jpg\",\"width\":1600,\"height\":899,\"caption\":\"Photo by Unsplash \\\/ Carles Rabada\"},{\"@type\":\"BreadcrumbList\",\"@id\":\"https:\\\/\\\/www.apfelpatient.de\\\/news\\\/eu-warnt-apple-datenschutz-sollte-nicht-als-ausrede-genutzt-werden#breadcrumb\",\"itemListElement\":[{\"@type\":\"ListItem\",\"position\":1,\"name\":\"Startseite\",\"item\":\"https:\\\/\\\/www.apfelpatient.de\\\/\"},{\"@type\":\"ListItem\",\"position\":2,\"name\":\"EU warnt Apple: Datenschutz sollte nicht als Ausrede genutzt werden\"}]},{\"@type\":\"WebSite\",\"@id\":\"https:\\\/\\\/www.apfelpatient.de\\\/#website\",\"url\":\"https:\\\/\\\/www.apfelpatient.de\\\/\",\"name\":\"Apfelpatient\",\"description\":\"Alles rund um Apple!\",\"publisher\":{\"@type\":\"Organization\",\"@id\":\"https:\\\/\\\/www.apfelpatient.de\\\/en\\\/#organization\",\"name\":\"Apfelpatient\",\"url\":\"https:\\\/\\\/www.apfelpatient.de\\\/en\\\/\"},\"alternateName\":\"Apfelpatient\",\"potentialAction\":[{\"@type\":\"SearchAction\",\"target\":{\"@type\":\"EntryPoint\",\"urlTemplate\":\"https:\\\/\\\/www.apfelpatient.de\\\/?s={search_term_string}\"},\"query-input\":{\"@type\":\"PropertyValueSpecification\",\"valueRequired\":true,\"valueName\":\"search_term_string\"}}],\"inLanguage\":\"en-US\"},{\"@type\":[\"Person\",\"Organization\"],\"@id\":\"https:\\\/\\\/www.apfelpatient.de\\\/#\\\/schema\\\/person\\\/7dc56ad6c8e9824b76d2c08d4c140e13\",\"name\":\"Milan\",\"logo\":{\"@id\":\"https:\\\/\\\/www.apfelpatient.de\\\/#\\\/schema\\\/person\\\/image\\\/\"},\"description\":\"Hallo und herzlich willkommen auf meinem Technik-Blog! Als gro\u00dfer Apple-Fan berichte ich hier \u00fcber alles, was mit Apple zu tun hat: von den neuesten News und spannenden Ger\u00fcchten \u00fcber hilfreiche Tipps und Tricks bis hin zu ausf\u00fchrlichen Produkttests. Wenn du genauso technikbegeistert bist wie ich, bist du hier genau richtig!\",\"sameAs\":[\"https:\\\/\\\/www.facebook.com\\\/apfelpatientOfficial\",\"https:\\\/\\\/www.linkedin.com\\\/in\\\/milan-jovicic-42aa0231b\"],\"url\":\"https:\\\/\\\/www.apfelpatient.de\\\/en\\\/author\\\/apfeladmin\"}]}<\/script>\n<!-- \/ Yoast SEO Premium plugin. -->","yoast_head_json":{"title":"EU warns Apple: Data protection should not be used as an excuse","description":"Data protection: Vestager has proposed regulations that could force Apple to allow alternative app stores.","robots":{"index":"index","follow":"follow","max-snippet":"max-snippet:-1","max-image-preview":"max-image-preview:large","max-video-preview":"max-video-preview:-1"},"canonical":"https:\/\/www.apfelpatient.de\/en\/news\/eu-warns-apple-data-protection-should-not-be-used-as-an-excuse","og_locale":"en_US","og_type":"article","og_title":"EU warnt Apple: Datenschutz sollte nicht als Ausrede genutzt werden","og_description":"Datenschutz: Vestager hat Regulierungen vorgeschlagen, die Apple dazu zwingen k\u00f6nnten, alternative App Stores zuzulassen.","og_url":"https:\/\/www.apfelpatient.de\/en\/news\/eu-warns-apple-data-protection-should-not-be-used-as-an-excuse","og_site_name":"Apfelpatient","article_publisher":"https:\/\/www.facebook.com\/apfelpatientOfficial","article_author":"https:\/\/www.facebook.com\/apfelpatientOfficial","article_published_time":"2021-07-02T17:24:35+00:00","article_modified_time":"2021-07-02T17:27:05+00:00","og_image":[{"width":1600,"height":899,"url":"https:\/\/www.apfelpatient.de\/wp-content\/uploads\/2021\/07\/carles-rabada-ktWur2xM1hs-unsplash.jpg","type":"image\/jpeg"}],"author":"Milan","twitter_card":"summary_large_image","twitter_description":"Datenschutz: Vestager hat Regulierungen vorgeschlagen, die Apple dazu zwingen k\u00f6nnten, alternative App Stores zuzulassen.","twitter_misc":{"Written by":"Milan","Est. reading time":"2 minutes"},"schema":{"@context":"https:\/\/schema.org","@graph":[{"@type":"NewsArticle","@id":"https:\/\/www.apfelpatient.de\/news\/eu-warnt-apple-datenschutz-sollte-nicht-als-ausrede-genutzt-werden#article","isPartOf":{"@id":"https:\/\/www.apfelpatient.de\/news\/eu-warnt-apple-datenschutz-sollte-nicht-als-ausrede-genutzt-werden"},"author":{"@type":"Organization","@id":"https:\/\/www.apfelpatient.de\/en\/#organization","name":"Apfelpatient","url":"https:\/\/www.apfelpatient.de\/en\/"},"headline":"EU warnt Apple: Datenschutz sollte nicht als Ausrede genutzt werden","datePublished":"2021-07-02T17:24:35+00:00","dateModified":"2021-07-02T17:27:05+00:00","mainEntityOfPage":{"@id":"https:\/\/www.apfelpatient.de\/news\/eu-warnt-apple-datenschutz-sollte-nicht-als-ausrede-genutzt-werden"},"wordCount":339,"publisher":{"@type":"Organization","@id":"https:\/\/www.apfelpatient.de\/en\/#organization","name":"Apfelpatient","url":"https:\/\/www.apfelpatient.de\/en\/"},"image":{"@id":"https:\/\/www.apfelpatient.de\/news\/eu-warnt-apple-datenschutz-sollte-nicht-als-ausrede-genutzt-werden#primaryimage"},"thumbnailUrl":"https:\/\/www.apfelpatient.de\/wp-content\/uploads\/2021\/07\/carles-rabada-ktWur2xM1hs-unsplash.jpg","keywords":["App Store","iOS","iPadOS"],"articleSection":"News","inLanguage":"en-US","copyrightYear":"2021","copyrightHolder":{"@id":"https:\/\/www.apfelpatient.de\/en\/#organization"}},{"@type":"WebPage","@id":"https:\/\/www.apfelpatient.de\/news\/eu-warnt-apple-datenschutz-sollte-nicht-als-ausrede-genutzt-werden","url":"https:\/\/www.apfelpatient.de\/news\/eu-warnt-apple-datenschutz-sollte-nicht-als-ausrede-genutzt-werden","name":"EU warns Apple: Data protection should not be used as an excuse","isPartOf":{"@id":"https:\/\/www.apfelpatient.de\/#website"},"primaryImageOfPage":{"@id":"https:\/\/www.apfelpatient.de\/news\/eu-warnt-apple-datenschutz-sollte-nicht-als-ausrede-genutzt-werden#primaryimage"},"image":{"@id":"https:\/\/www.apfelpatient.de\/news\/eu-warnt-apple-datenschutz-sollte-nicht-als-ausrede-genutzt-werden#primaryimage"},"thumbnailUrl":"https:\/\/www.apfelpatient.de\/wp-content\/uploads\/2021\/07\/carles-rabada-ktWur2xM1hs-unsplash.jpg","datePublished":"2021-07-02T17:24:35+00:00","dateModified":"2021-07-02T17:27:05+00:00","description":"Data protection: Vestager has proposed regulations that could force Apple to allow alternative app stores.","breadcrumb":{"@id":"https:\/\/www.apfelpatient.de\/news\/eu-warnt-apple-datenschutz-sollte-nicht-als-ausrede-genutzt-werden#breadcrumb"},"inLanguage":"en-US","potentialAction":[{"@type":"ReadAction","target":["https:\/\/www.apfelpatient.de\/news\/eu-warnt-apple-datenschutz-sollte-nicht-als-ausrede-genutzt-werden"]}]},{"@type":"ImageObject","inLanguage":"en-US","@id":"https:\/\/www.apfelpatient.de\/news\/eu-warnt-apple-datenschutz-sollte-nicht-als-ausrede-genutzt-werden#primaryimage","url":"https:\/\/www.apfelpatient.de\/wp-content\/uploads\/2021\/07\/carles-rabada-ktWur2xM1hs-unsplash.jpg","contentUrl":"https:\/\/www.apfelpatient.de\/wp-content\/uploads\/2021\/07\/carles-rabada-ktWur2xM1hs-unsplash.jpg","width":1600,"height":899,"caption":"Photo by Unsplash \/ Carles Rabada"},{"@type":"BreadcrumbList","@id":"https:\/\/www.apfelpatient.de\/news\/eu-warnt-apple-datenschutz-sollte-nicht-als-ausrede-genutzt-werden#breadcrumb","itemListElement":[{"@type":"ListItem","position":1,"name":"Startseite","item":"https:\/\/www.apfelpatient.de\/"},{"@type":"ListItem","position":2,"name":"EU warnt Apple: Datenschutz sollte nicht als Ausrede genutzt werden"}]},{"@type":"WebSite","@id":"https:\/\/www.apfelpatient.de\/#website","url":"https:\/\/www.apfelpatient.de\/","name":"apple patient","description":"Everything about Apple!","publisher":{"@type":"Organization","@id":"https:\/\/www.apfelpatient.de\/en\/#organization","name":"Apfelpatient","url":"https:\/\/www.apfelpatient.de\/en\/"},"alternateName":"Apfelpatient","potentialAction":[{"@type":"SearchAction","target":{"@type":"EntryPoint","urlTemplate":"https:\/\/www.apfelpatient.de\/?s={search_term_string}"},"query-input":{"@type":"PropertyValueSpecification","valueRequired":true,"valueName":"search_term_string"}}],"inLanguage":"en-US"},{"@type":["Person","Organization"],"@id":"https:\/\/www.apfelpatient.de\/#\/schema\/person\/7dc56ad6c8e9824b76d2c08d4c140e13","name":"Milan","logo":{"@id":"https:\/\/www.apfelpatient.de\/#\/schema\/person\/image\/"},"description":"Hello and welcome to my technology blog! As a big Apple fan, I report on everything to do with Apple: from the latest news and exciting rumors to helpful tips and tricks and detailed product tests. If you are as enthusiastic about technology as I am, you have come to the right place!","sameAs":["https:\/\/www.facebook.com\/apfelpatientOfficial","https:\/\/www.linkedin.com\/in\/milan-jovicic-42aa0231b"],"url":"https:\/\/www.apfelpatient.de\/en\/author\/apfeladmin"}]}},"_links":{"self":[{"href":"https:\/\/www.apfelpatient.de\/en\/wp-json\/wp\/v2\/posts\/24239","targetHints":{"allow":["GET"]}}],"collection":[{"href":"https:\/\/www.apfelpatient.de\/en\/wp-json\/wp\/v2\/posts"}],"about":[{"href":"https:\/\/www.apfelpatient.de\/en\/wp-json\/wp\/v2\/types\/post"}],"author":[{"embeddable":true,"href":"https:\/\/www.apfelpatient.de\/en\/wp-json\/wp\/v2\/users\/2"}],"replies":[{"embeddable":true,"href":"https:\/\/www.apfelpatient.de\/en\/wp-json\/wp\/v2\/comments?post=24239"}],"version-history":[{"count":0,"href":"https:\/\/www.apfelpatient.de\/en\/wp-json\/wp\/v2\/posts\/24239\/revisions"}],"wp:featuredmedia":[{"embeddable":true,"href":"https:\/\/www.apfelpatient.de\/en\/wp-json\/wp\/v2\/media\/24238"}],"wp:attachment":[{"href":"https:\/\/www.apfelpatient.de\/en\/wp-json\/wp\/v2\/media?parent=24239"}],"wp:term":[{"taxonomy":"category","embeddable":true,"href":"https:\/\/www.apfelpatient.de\/en\/wp-json\/wp\/v2\/categories?post=24239"},{"taxonomy":"post_tag","embeddable":true,"href":"https:\/\/www.apfelpatient.de\/en\/wp-json\/wp\/v2\/tags?post=24239"}],"curies":[{"name":"wp","href":"https:\/\/api.w.org\/{rel}","templated":true}]}}