{"id":24150,"date":"2021-06-30T16:15:02","date_gmt":"2021-06-30T14:15:02","guid":{"rendered":"https:\/\/www.apfelpatient.de\/?p=24150"},"modified":"2021-06-30T16:22:44","modified_gmt":"2021-06-30T14:22:44","slug":"airpods-pro-2-to-be-released-in-2022","status":"publish","type":"post","link":"https:\/\/www.apfelpatient.de\/en\/rumors\/airpods-pro-2-sollen-2022-erscheinen","title":{"rendered":"AirPods Pro 2 to be released in 2022"},"content":{"rendered":"\n<p class=\"has-drop-cap\"><strong>Ger\u00fcchte rund um AirPods Pro 2 begleiten uns schon seit vielen Monaten. Nun hat sich der bekannte Apple-Analyst Ming-Chi Kuo zu Wort gemeldet und einige Details dazu ver\u00f6ffentlicht.<\/strong><\/p>\n\n\n\n<p>In einem neuen Schreiben an Investoren stellt Kuo die Markteinf\u00fchrung der AirPods Pro 2 f\u00fcr 2022 in Aussicht. Einen konkreten Zeitraum nannte er allerdings nicht. Mit Blick auf die Zukunft glaubt der Analyst, dass die AirPods einen Wettbewerbsvorteil in ihrer F\u00e4higkeit haben, durch \u00d6kosystem-Erweiterungen wie Siri oder durch neue &#8222;innovative AirPods-Erfahrung[en]&#8220; wie Gesundheits\u00fcberwachung zu wachsen. Es wird gemunkelt, dass Apple fortschrittlichere Bewegungssensoren in sein Top-Audio-Wearable integrieren wird, wobei das <a href=\"https:\/\/www.apple.com\/de\/\" target=\"_blank\" rel=\"noreferrer noopener\">Unternehmen<\/a> eines Tages weitere biometrische Technologien einsetzen k\u00f6nnte. Dar\u00fcber hinaus glaubt Kuo, dass Apples Zwei-Marken-Strategie immer wichtiger wird, da das Unternehmen versucht, die Aufmerksamkeit der Android-Nutzer zu gewinnen.<\/p>\n\n\n\n<h3 class=\"wp-block-heading\" id=\"h-mediatek-chip-bietet-einige-vorteile\">MediaTek-Chip bietet einige Vorteile<\/h3>\n\n\n\n<blockquote class=\"wp-block-quote is-layout-flow wp-block-quote-is-layout-flow\"><p>AirPods sind h\u00f6herpreisig, zielen auf die Nutzer von Apple-Ger\u00e4ten ab und zielen darauf ab, Innovation und \u00d6ko-Erlebnis zu bieten, um den Mehrwert zu erh\u00f6hen. Beats sind preiswerter, zielen auf Apple- und Nicht-Apple-Ger\u00e4tenutzer ab und erh\u00f6hen die Auslieferungen und den Marktanteil.<\/p><\/blockquote>\n\n\n\n<p>Das neueste Beats-Ger\u00e4t, die k\u00fcrzlich ver\u00f6ffentlichten Beats Studio Buds, verwendet einen 22nm MediaTek-Chip anstelle von Apples eigenem H1-Silicon. Dieser bietet einige Vorteile, darunter k\u00fcrzere Entwicklungszeiten, niedrigere Kosten und eine Differenzierung von den AirPods, so Kuo. Wenn die Beats Studio Buds gut abschneiden, k\u00f6nnte Apple bei zuk\u00fcnftigen Beats-Produkten st\u00e4rker auf MediaTek-L\u00f6sungen als auf eigene Chips setzen, so der Analyst.<\/p>\n\n\n\n<h3 class=\"wp-block-heading\" id=\"h-airpods-pro-2-in-neuem-design\">AirPods Pro 2 in neuem Design<\/h3>\n\n\n\n\n\n\n\n<p>Fr\u00fchere Berichte von Bloomberg haben angedeutet, dass die zweite Generation der AirPods Pro ein kompakteres Design haben wird, das den kurzen Stiel, der aus der Unterseite herausragt, eliminiert. Die neue Pro-Version der St\u00f6psel k\u00f6nnte eine abgerundete Form haben, die eher den Ohrh\u00f6rern von Firmen wie Google und Samsung \u00e4hnelt. Diese Neuerung sei allerdings nicht sicher. Berichten nach soll Apple n\u00e4mlich vor mehreren Herausforderungen stehen, die sich auf das Innenleben beziehen. Sollte dies nicht wie geplant gelingen, so k\u00f6nnten die AirPods Pro 2 \u00fcber ein \u201eweniger ambitioniertes Re-Design\u201c verf\u00fcgen. Du willst nicht warten? Dann schau bei Amazon vorbei &#8211; AirPods Pro der ersten Generation <a href=\"https:\/\/amzn.to\/3hnlLaG\" target=\"_blank\" rel=\"noreferrer noopener\">jetzt 32 Prozent g\u00fcnstiger erh\u00e4ltlich<\/a>. (Photo by Daria Sakharova \/ Bigstockphoto)<\/p>\n\n\n\n<ul class=\"wp-block-list\"><li><a href=\"https:\/\/www.apfelpatient.de\/rumors\/neue-airpods-in-spee-erste-bauteile-werden-ausgeliefert\">Neue AirPods in spee: Erste Bauteile werden ausgeliefert<\/a><\/li><\/ul>\n\n\n\n<h6 class=\"wp-block-heading\" id=\"h-kennt-ihr-schon-unsere-amazon-storefront-dort-findet-ihr-eine-handverlesene-auswahl-von-diversen-produkten-f-r-euer-iphone-und-co-viel-spa-beim-st-bern\"><em>Kennt ihr schon unsere Amazon Storefront? Dort findet ihr eine handverlesene Auswahl von diversen Produkten f\u00fcr euer iPhone und Co.  &#8211; <span class=\"has-inline-color has-vivid-red-color\"><a href=\"https:\/\/www.amazon.de\/shop\/apfelpatientofficial\" class=\"ek-link\"><span style=\"text-decoration: underline;\" class=\"ek-underline\">viel Spa\u00df beim St\u00f6bern<\/span><\/a>.<\/span><\/em><\/h6>\n\n\n\n<h6 class=\"wp-block-heading\" id=\"h-der-beitrag-enthalt-partnerlinks\">Der Beitrag enth\u00e4lt <a data-type=\"URL\" data-id=\"https:\/\/www.apfelpatient.de\/partnerprogramm\" href=\"https:\/\/www.apfelpatient.de\/partnerprogramm\">Partnerlinks<\/a>.<\/h6>\n","protected":false},"excerpt":{"rendered":"<p>Rumors about AirPods Pro 2 have been circulating for many months. Now Apple analyst Ming-Chi Kuo has spoken out.<\/p>","protected":false},"author":2,"featured_media":24143,"comment_status":"closed","ping_status":"closed","sticky":false,"template":"","format":"standard","meta":{"jnews-multi-image_gallery":[],"jnews_single_post":{"subtitle":"","format":"standard","video":"","gallery":"","source_name":"","source_url":"","via_name":"","via_url":"","override":[{"single_blog_custom":"","sidebar":"","second_sidebar":"","share_position":"","share_float_style":"","post_date_format":"","post_date_format_custom":"","post_reading_time_wpm":"","zoom_button_out_step":"1","zoom_button_in_step":"1","number_popup_post":"1"}],"image_override":[{"single_post_thumbnail_size":"","single_post_gallery_size":""}],"trending_post_position":"","trending_post_label":"","sponsored_post_label":"","sponsored_post_name":"","sponsored_post_url":"","sponsored_post_logo":"","sponsored_post_desc":""},"jnews_primary_category":{"id":"25"},"footnotes":""},"categories":[25],"tags":[28],"class_list":["post-24150","post","type-post","status-publish","format-standard","has-post-thumbnail","hentry","category-rumors","tag-airpods"],"yoast_head":"<!-- This site is optimized with the Yoast SEO Premium plugin v27.5 (Yoast SEO v27.5) - https:\/\/yoast.com\/product\/yoast-seo-premium-wordpress\/ -->\n<title>AirPods Pro 2 sollen 2022 erscheinen Apfelpatient<\/title>\n<meta name=\"description\" content=\"Ger\u00fcchte rund um AirPods Pro 2 begleiten uns schon seit vielen Monaten. Nun hat sich der Apple-Analyst Ming-Chi Kuo zu Wort gemeldet.\" \/>\n<meta name=\"robots\" content=\"index, follow, max-snippet:-1, max-image-preview:large, max-video-preview:-1\" \/>\n<link rel=\"canonical\" href=\"https:\/\/www.apfelpatient.de\/en\/rumors\/airpods-pro-2-to-be-released-in-2022\" \/>\n<meta property=\"og:locale\" content=\"en_US\" \/>\n<meta property=\"og:type\" content=\"article\" \/>\n<meta property=\"og:title\" content=\"AirPods Pro 2 sollen 2022 erscheinen\" \/>\n<meta property=\"og:description\" content=\"Ger\u00fcchte rund um AirPods Pro 2 begleiten uns schon seit vielen Monaten. Nun hat sich der Apple-Analyst Ming-Chi Kuo zu Wort gemeldet.\" \/>\n<meta property=\"og:url\" content=\"https:\/\/www.apfelpatient.de\/en\/rumors\/airpods-pro-2-to-be-released-in-2022\" \/>\n<meta property=\"og:site_name\" content=\"Apfelpatient\" \/>\n<meta property=\"article:publisher\" content=\"https:\/\/www.facebook.com\/apfelpatientOfficial\" \/>\n<meta property=\"article:author\" content=\"https:\/\/www.facebook.com\/apfelpatientOfficial\" \/>\n<meta property=\"article:published_time\" content=\"2021-06-30T14:15:02+00:00\" \/>\n<meta property=\"article:modified_time\" content=\"2021-06-30T14:22:44+00:00\" \/>\n<meta property=\"og:image\" content=\"https:\/\/www.apfelpatient.de\/wp-content\/uploads\/2021\/06\/bigstock-Moscow-Russia-April-374364508.jpg\" \/>\n\t<meta property=\"og:image:width\" content=\"1600\" \/>\n\t<meta property=\"og:image:height\" content=\"1067\" \/>\n\t<meta property=\"og:image:type\" content=\"image\/jpeg\" \/>\n<meta name=\"author\" content=\"Milan\" \/>\n<meta name=\"twitter:card\" content=\"summary_large_image\" \/>\n<meta name=\"twitter:description\" content=\"Ger\u00fcchte rund um AirPods Pro 2 begleiten uns schon seit vielen Monaten. Nun hat sich der Apple-Analyst Ming-Chi Kuo zu Wort gemeldet.\" \/>\n<meta name=\"twitter:label1\" content=\"Written by\" \/>\n\t<meta name=\"twitter:data1\" content=\"Milan\" \/>\n\t<meta name=\"twitter:label2\" content=\"Est. reading time\" \/>\n\t<meta name=\"twitter:data2\" content=\"2 minutes\" \/>\n<script type=\"application\/ld+json\" class=\"yoast-schema-graph\">{\"@context\":\"https:\\\/\\\/schema.org\",\"@graph\":[{\"@type\":\"NewsArticle\",\"@id\":\"https:\\\/\\\/www.apfelpatient.de\\\/rumors\\\/airpods-pro-2-sollen-2022-erscheinen#article\",\"isPartOf\":{\"@id\":\"https:\\\/\\\/www.apfelpatient.de\\\/rumors\\\/airpods-pro-2-sollen-2022-erscheinen\"},\"author\":{\"@type\":\"Organization\",\"@id\":\"https:\\\/\\\/www.apfelpatient.de\\\/en\\\/#organization\",\"name\":\"Apfelpatient\",\"url\":\"https:\\\/\\\/www.apfelpatient.de\\\/en\\\/\"},\"headline\":\"AirPods Pro 2 sollen 2022 erscheinen\",\"datePublished\":\"2021-06-30T14:15:02+00:00\",\"dateModified\":\"2021-06-30T14:22:44+00:00\",\"mainEntityOfPage\":{\"@id\":\"https:\\\/\\\/www.apfelpatient.de\\\/rumors\\\/airpods-pro-2-sollen-2022-erscheinen\"},\"wordCount\":386,\"publisher\":{\"@type\":\"Organization\",\"@id\":\"https:\\\/\\\/www.apfelpatient.de\\\/en\\\/#organization\",\"name\":\"Apfelpatient\",\"url\":\"https:\\\/\\\/www.apfelpatient.de\\\/en\\\/\"},\"image\":{\"@id\":\"https:\\\/\\\/www.apfelpatient.de\\\/rumors\\\/airpods-pro-2-sollen-2022-erscheinen#primaryimage\"},\"thumbnailUrl\":\"https:\\\/\\\/www.apfelpatient.de\\\/wp-content\\\/uploads\\\/2021\\\/06\\\/bigstock-Moscow-Russia-April-374364508.jpg\",\"keywords\":[\"AirPods\"],\"articleSection\":\"Rumors\",\"inLanguage\":\"en-US\",\"copyrightYear\":\"2021\",\"copyrightHolder\":{\"@id\":\"https:\\\/\\\/www.apfelpatient.de\\\/en\\\/#organization\"}},{\"@type\":\"WebPage\",\"@id\":\"https:\\\/\\\/www.apfelpatient.de\\\/rumors\\\/airpods-pro-2-sollen-2022-erscheinen\",\"url\":\"https:\\\/\\\/www.apfelpatient.de\\\/rumors\\\/airpods-pro-2-sollen-2022-erscheinen\",\"name\":\"AirPods Pro 2 sollen 2022 erscheinen Apfelpatient\",\"isPartOf\":{\"@id\":\"https:\\\/\\\/www.apfelpatient.de\\\/#website\"},\"primaryImageOfPage\":{\"@id\":\"https:\\\/\\\/www.apfelpatient.de\\\/rumors\\\/airpods-pro-2-sollen-2022-erscheinen#primaryimage\"},\"image\":{\"@id\":\"https:\\\/\\\/www.apfelpatient.de\\\/rumors\\\/airpods-pro-2-sollen-2022-erscheinen#primaryimage\"},\"thumbnailUrl\":\"https:\\\/\\\/www.apfelpatient.de\\\/wp-content\\\/uploads\\\/2021\\\/06\\\/bigstock-Moscow-Russia-April-374364508.jpg\",\"datePublished\":\"2021-06-30T14:15:02+00:00\",\"dateModified\":\"2021-06-30T14:22:44+00:00\",\"description\":\"Ger\u00fcchte rund um AirPods Pro 2 begleiten uns schon seit vielen Monaten. Nun hat sich der Apple-Analyst Ming-Chi Kuo zu Wort gemeldet.\",\"breadcrumb\":{\"@id\":\"https:\\\/\\\/www.apfelpatient.de\\\/rumors\\\/airpods-pro-2-sollen-2022-erscheinen#breadcrumb\"},\"inLanguage\":\"en-US\",\"potentialAction\":[{\"@type\":\"ReadAction\",\"target\":[\"https:\\\/\\\/www.apfelpatient.de\\\/rumors\\\/airpods-pro-2-sollen-2022-erscheinen\"]}]},{\"@type\":\"ImageObject\",\"inLanguage\":\"en-US\",\"@id\":\"https:\\\/\\\/www.apfelpatient.de\\\/rumors\\\/airpods-pro-2-sollen-2022-erscheinen#primaryimage\",\"url\":\"https:\\\/\\\/www.apfelpatient.de\\\/wp-content\\\/uploads\\\/2021\\\/06\\\/bigstock-Moscow-Russia-April-374364508.jpg\",\"contentUrl\":\"https:\\\/\\\/www.apfelpatient.de\\\/wp-content\\\/uploads\\\/2021\\\/06\\\/bigstock-Moscow-Russia-April-374364508.jpg\",\"width\":1600,\"height\":1067,\"caption\":\"Photo by Daria Sakharova \\\/ Bigstockphoto\"},{\"@type\":\"BreadcrumbList\",\"@id\":\"https:\\\/\\\/www.apfelpatient.de\\\/rumors\\\/airpods-pro-2-sollen-2022-erscheinen#breadcrumb\",\"itemListElement\":[{\"@type\":\"ListItem\",\"position\":1,\"name\":\"Startseite\",\"item\":\"https:\\\/\\\/www.apfelpatient.de\\\/\"},{\"@type\":\"ListItem\",\"position\":2,\"name\":\"AirPods Pro 2 sollen 2022 erscheinen\"}]},{\"@type\":\"WebSite\",\"@id\":\"https:\\\/\\\/www.apfelpatient.de\\\/#website\",\"url\":\"https:\\\/\\\/www.apfelpatient.de\\\/\",\"name\":\"Apfelpatient\",\"description\":\"Alles rund um Apple!\",\"publisher\":{\"@type\":\"Organization\",\"@id\":\"https:\\\/\\\/www.apfelpatient.de\\\/en\\\/#organization\",\"name\":\"Apfelpatient\",\"url\":\"https:\\\/\\\/www.apfelpatient.de\\\/en\\\/\"},\"alternateName\":\"Apfelpatient\",\"potentialAction\":[{\"@type\":\"SearchAction\",\"target\":{\"@type\":\"EntryPoint\",\"urlTemplate\":\"https:\\\/\\\/www.apfelpatient.de\\\/?s={search_term_string}\"},\"query-input\":{\"@type\":\"PropertyValueSpecification\",\"valueRequired\":true,\"valueName\":\"search_term_string\"}}],\"inLanguage\":\"en-US\"},{\"@type\":[\"Person\",\"Organization\"],\"@id\":\"https:\\\/\\\/www.apfelpatient.de\\\/#\\\/schema\\\/person\\\/7dc56ad6c8e9824b76d2c08d4c140e13\",\"name\":\"Milan\",\"logo\":{\"@id\":\"https:\\\/\\\/www.apfelpatient.de\\\/#\\\/schema\\\/person\\\/image\\\/\"},\"description\":\"Hallo und herzlich willkommen auf meinem Technik-Blog! Als gro\u00dfer Apple-Fan berichte ich hier \u00fcber alles, was mit Apple zu tun hat: von den neuesten News und spannenden Ger\u00fcchten \u00fcber hilfreiche Tipps und Tricks bis hin zu ausf\u00fchrlichen Produkttests. Wenn du genauso technikbegeistert bist wie ich, bist du hier genau richtig!\",\"sameAs\":[\"https:\\\/\\\/www.facebook.com\\\/apfelpatientOfficial\",\"https:\\\/\\\/www.linkedin.com\\\/in\\\/milan-jovicic-42aa0231b\"],\"url\":\"https:\\\/\\\/www.apfelpatient.de\\\/en\\\/author\\\/apfeladmin\"}]}<\/script>\n<!-- \/ Yoast SEO Premium plugin. -->","yoast_head_json":{"title":"AirPods Pro 2 to be released in 2022 Apfelpatient","description":"Rumors about AirPods Pro 2 have been circulating for many months. Now Apple analyst Ming-Chi Kuo has spoken out.","robots":{"index":"index","follow":"follow","max-snippet":"max-snippet:-1","max-image-preview":"max-image-preview:large","max-video-preview":"max-video-preview:-1"},"canonical":"https:\/\/www.apfelpatient.de\/en\/rumors\/airpods-pro-2-to-be-released-in-2022","og_locale":"en_US","og_type":"article","og_title":"AirPods Pro 2 sollen 2022 erscheinen","og_description":"Ger\u00fcchte rund um AirPods Pro 2 begleiten uns schon seit vielen Monaten. Nun hat sich der Apple-Analyst Ming-Chi Kuo zu Wort gemeldet.","og_url":"https:\/\/www.apfelpatient.de\/en\/rumors\/airpods-pro-2-to-be-released-in-2022","og_site_name":"Apfelpatient","article_publisher":"https:\/\/www.facebook.com\/apfelpatientOfficial","article_author":"https:\/\/www.facebook.com\/apfelpatientOfficial","article_published_time":"2021-06-30T14:15:02+00:00","article_modified_time":"2021-06-30T14:22:44+00:00","og_image":[{"width":1600,"height":1067,"url":"https:\/\/www.apfelpatient.de\/wp-content\/uploads\/2021\/06\/bigstock-Moscow-Russia-April-374364508.jpg","type":"image\/jpeg"}],"author":"Milan","twitter_card":"summary_large_image","twitter_description":"Ger\u00fcchte rund um AirPods Pro 2 begleiten uns schon seit vielen Monaten. Nun hat sich der Apple-Analyst Ming-Chi Kuo zu Wort gemeldet.","twitter_misc":{"Written by":"Milan","Est. reading time":"2 minutes"},"schema":{"@context":"https:\/\/schema.org","@graph":[{"@type":"NewsArticle","@id":"https:\/\/www.apfelpatient.de\/rumors\/airpods-pro-2-sollen-2022-erscheinen#article","isPartOf":{"@id":"https:\/\/www.apfelpatient.de\/rumors\/airpods-pro-2-sollen-2022-erscheinen"},"author":{"@type":"Organization","@id":"https:\/\/www.apfelpatient.de\/en\/#organization","name":"Apfelpatient","url":"https:\/\/www.apfelpatient.de\/en\/"},"headline":"AirPods Pro 2 sollen 2022 erscheinen","datePublished":"2021-06-30T14:15:02+00:00","dateModified":"2021-06-30T14:22:44+00:00","mainEntityOfPage":{"@id":"https:\/\/www.apfelpatient.de\/rumors\/airpods-pro-2-sollen-2022-erscheinen"},"wordCount":386,"publisher":{"@type":"Organization","@id":"https:\/\/www.apfelpatient.de\/en\/#organization","name":"Apfelpatient","url":"https:\/\/www.apfelpatient.de\/en\/"},"image":{"@id":"https:\/\/www.apfelpatient.de\/rumors\/airpods-pro-2-sollen-2022-erscheinen#primaryimage"},"thumbnailUrl":"https:\/\/www.apfelpatient.de\/wp-content\/uploads\/2021\/06\/bigstock-Moscow-Russia-April-374364508.jpg","keywords":["AirPods"],"articleSection":"Rumors","inLanguage":"en-US","copyrightYear":"2021","copyrightHolder":{"@id":"https:\/\/www.apfelpatient.de\/en\/#organization"}},{"@type":"WebPage","@id":"https:\/\/www.apfelpatient.de\/rumors\/airpods-pro-2-sollen-2022-erscheinen","url":"https:\/\/www.apfelpatient.de\/rumors\/airpods-pro-2-sollen-2022-erscheinen","name":"AirPods Pro 2 to be released in 2022 Apfelpatient","isPartOf":{"@id":"https:\/\/www.apfelpatient.de\/#website"},"primaryImageOfPage":{"@id":"https:\/\/www.apfelpatient.de\/rumors\/airpods-pro-2-sollen-2022-erscheinen#primaryimage"},"image":{"@id":"https:\/\/www.apfelpatient.de\/rumors\/airpods-pro-2-sollen-2022-erscheinen#primaryimage"},"thumbnailUrl":"https:\/\/www.apfelpatient.de\/wp-content\/uploads\/2021\/06\/bigstock-Moscow-Russia-April-374364508.jpg","datePublished":"2021-06-30T14:15:02+00:00","dateModified":"2021-06-30T14:22:44+00:00","description":"Rumors about AirPods Pro 2 have been circulating for many months. Now Apple analyst Ming-Chi Kuo has spoken out.","breadcrumb":{"@id":"https:\/\/www.apfelpatient.de\/rumors\/airpods-pro-2-sollen-2022-erscheinen#breadcrumb"},"inLanguage":"en-US","potentialAction":[{"@type":"ReadAction","target":["https:\/\/www.apfelpatient.de\/rumors\/airpods-pro-2-sollen-2022-erscheinen"]}]},{"@type":"ImageObject","inLanguage":"en-US","@id":"https:\/\/www.apfelpatient.de\/rumors\/airpods-pro-2-sollen-2022-erscheinen#primaryimage","url":"https:\/\/www.apfelpatient.de\/wp-content\/uploads\/2021\/06\/bigstock-Moscow-Russia-April-374364508.jpg","contentUrl":"https:\/\/www.apfelpatient.de\/wp-content\/uploads\/2021\/06\/bigstock-Moscow-Russia-April-374364508.jpg","width":1600,"height":1067,"caption":"Photo by Daria Sakharova \/ Bigstockphoto"},{"@type":"BreadcrumbList","@id":"https:\/\/www.apfelpatient.de\/rumors\/airpods-pro-2-sollen-2022-erscheinen#breadcrumb","itemListElement":[{"@type":"ListItem","position":1,"name":"Startseite","item":"https:\/\/www.apfelpatient.de\/"},{"@type":"ListItem","position":2,"name":"AirPods Pro 2 sollen 2022 erscheinen"}]},{"@type":"WebSite","@id":"https:\/\/www.apfelpatient.de\/#website","url":"https:\/\/www.apfelpatient.de\/","name":"apple patient","description":"Everything about Apple!","publisher":{"@type":"Organization","@id":"https:\/\/www.apfelpatient.de\/en\/#organization","name":"Apfelpatient","url":"https:\/\/www.apfelpatient.de\/en\/"},"alternateName":"Apfelpatient","potentialAction":[{"@type":"SearchAction","target":{"@type":"EntryPoint","urlTemplate":"https:\/\/www.apfelpatient.de\/?s={search_term_string}"},"query-input":{"@type":"PropertyValueSpecification","valueRequired":true,"valueName":"search_term_string"}}],"inLanguage":"en-US"},{"@type":["Person","Organization"],"@id":"https:\/\/www.apfelpatient.de\/#\/schema\/person\/7dc56ad6c8e9824b76d2c08d4c140e13","name":"Milan","logo":{"@id":"https:\/\/www.apfelpatient.de\/#\/schema\/person\/image\/"},"description":"Hello and welcome to my technology blog! As a big Apple fan, I report on everything to do with Apple: from the latest news and exciting rumors to helpful tips and tricks and detailed product tests. If you are as enthusiastic about technology as I am, you have come to the right place!","sameAs":["https:\/\/www.facebook.com\/apfelpatientOfficial","https:\/\/www.linkedin.com\/in\/milan-jovicic-42aa0231b"],"url":"https:\/\/www.apfelpatient.de\/en\/author\/apfeladmin"}]}},"_links":{"self":[{"href":"https:\/\/www.apfelpatient.de\/en\/wp-json\/wp\/v2\/posts\/24150","targetHints":{"allow":["GET"]}}],"collection":[{"href":"https:\/\/www.apfelpatient.de\/en\/wp-json\/wp\/v2\/posts"}],"about":[{"href":"https:\/\/www.apfelpatient.de\/en\/wp-json\/wp\/v2\/types\/post"}],"author":[{"embeddable":true,"href":"https:\/\/www.apfelpatient.de\/en\/wp-json\/wp\/v2\/users\/2"}],"replies":[{"embeddable":true,"href":"https:\/\/www.apfelpatient.de\/en\/wp-json\/wp\/v2\/comments?post=24150"}],"version-history":[{"count":0,"href":"https:\/\/www.apfelpatient.de\/en\/wp-json\/wp\/v2\/posts\/24150\/revisions"}],"wp:featuredmedia":[{"embeddable":true,"href":"https:\/\/www.apfelpatient.de\/en\/wp-json\/wp\/v2\/media\/24143"}],"wp:attachment":[{"href":"https:\/\/www.apfelpatient.de\/en\/wp-json\/wp\/v2\/media?parent=24150"}],"wp:term":[{"taxonomy":"category","embeddable":true,"href":"https:\/\/www.apfelpatient.de\/en\/wp-json\/wp\/v2\/categories?post=24150"},{"taxonomy":"post_tag","embeddable":true,"href":"https:\/\/www.apfelpatient.de\/en\/wp-json\/wp\/v2\/tags?post=24150"}],"curies":[{"name":"wp","href":"https:\/\/api.w.org\/{rel}","templated":true}]}}