{"id":2409,"date":"2018-10-26T17:33:13","date_gmt":"2018-10-26T15:33:13","guid":{"rendered":"https:\/\/www.apfelpatient.de\/?p=2409"},"modified":"2018-10-26T17:33:13","modified_gmt":"2018-10-26T15:33:13","slug":"2018-ipad-pro-ios-12-1-confirms-a-face-id-feature","status":"publish","type":"post","link":"https:\/\/www.apfelpatient.de\/en\/news\/2018-ipad-pro-ios-12-1-bestaetigt-ein-face-id-feature","title":{"rendered":"2018 iPad Pro: iOS 12.1 confirms a Face ID feature"},"content":{"rendered":"<p><strong>This year&#039;s iPad Show will take place on October 30th at the Howard Gilman Opera House. The motto of the keynote: There&#039;s more in the making! Everyone can watch the spectacle via a livestream starting at 3 p.m.<\/strong><\/p>\n\n<p>It is certain that Apple will present us with two new iPad Pro models, among others. The beta versions of iOS 12 have been bringing out new details about the upcoming devices in recent weeks. However, leakers and analysts were not sure about some functions. Now this is changing in the area of Face ID usage. There has been repeated speculation as to whether Face ID can be used on the iPad in landscape format. In the latest iOS 12.1 beta, the well-known software leaker Guilherme Rambo has now found an answer to the question.<\/p>\n<p><strong>Learning in Portrait Mode<\/strong><\/p>\n\n<p>To set up Face ID, the iPad Pro must be held in portrait format. Once the setup is complete, facial recognition can be used in both portrait and landscape format. The code contains the following description: &quot;Face ID needs to be in portrait to learn how to recognize you. After Face ID has been set up, it will work in portrait and landscape.&quot;<\/p>\n<p>In addition to two new iPad Pro models, Apple will likely introduce four updated Macs and new accessories.<\/p>","protected":false},"excerpt":{"rendered":"<p>Die diesj\u00e4hrige iPad Show findet am 30. Oktober im Howard Gilman Opera House statt. Das Motto der Keynote: There\u2019s more in the making! \u00dcber einen Livestream kann jeder das Spektakel ab 15.00 Uhr anschauen. Das uns Apple unter Anderem zwei neue iPad Pro Modelle pr\u00e4sentieren wird gilt als sicher. Die Beta Versionen von iOS 12 [&hellip;]<\/p>\n","protected":false},"author":2,"featured_media":2410,"comment_status":"open","ping_status":"open","sticky":false,"template":"","format":"standard","meta":{"jnews-multi-image_gallery":[],"jnews_single_post":[],"jnews_primary_category":[],"footnotes":""},"categories":[9],"tags":[37,3,18,66,125],"class_list":["post-2409","post","type-post","status-publish","format-standard","has-post-thumbnail","hentry","category-news","tag-face-id","tag-ios","tag-ipad","tag-ipad-pro","tag-ipad-pro-2018"],"yoast_head":"<!-- This site is optimized with the Yoast SEO Premium plugin v27.5 (Yoast SEO v27.5) - https:\/\/yoast.com\/product\/yoast-seo-premium-wordpress\/ -->\n<title>2018 iPad Pro: iOS 12.1 best\u00e4tigt ein Face ID Feature Apfelpatient<\/title>\n<meta name=\"description\" content=\"Die diesj\u00e4hrige iPad Show findet am 30. Oktober im Howard Gilman Opera House statt. Das Motto der Keynote: There\u2019s more in the making! \u00dcber einen\" \/>\n<meta name=\"robots\" content=\"index, follow, max-snippet:-1, max-image-preview:large, max-video-preview:-1\" \/>\n<link rel=\"canonical\" href=\"https:\/\/www.apfelpatient.de\/en\/news\/2018-ipad-pro-ios-12-1-confirms-a-face-id-feature\" \/>\n<meta property=\"og:locale\" content=\"en_US\" \/>\n<meta property=\"og:type\" content=\"article\" \/>\n<meta property=\"og:title\" content=\"2018 iPad Pro: iOS 12.1 best\u00e4tigt ein Face ID Feature\" \/>\n<meta property=\"og:description\" content=\"Die diesj\u00e4hrige iPad Show findet am 30. Oktober im Howard Gilman Opera House statt. Das Motto der Keynote: There\u2019s more in the making! \u00dcber einen\" \/>\n<meta property=\"og:url\" content=\"https:\/\/www.apfelpatient.de\/en\/news\/2018-ipad-pro-ios-12-1-confirms-a-face-id-feature\" \/>\n<meta property=\"og:site_name\" content=\"Apfelpatient\" \/>\n<meta property=\"article:publisher\" content=\"https:\/\/www.facebook.com\/apfelpatientOfficial\" \/>\n<meta property=\"article:author\" content=\"https:\/\/www.facebook.com\/apfelpatientOfficial\" \/>\n<meta property=\"article:published_time\" content=\"2018-10-26T15:33:13+00:00\" \/>\n<meta property=\"og:image\" content=\"https:\/\/www.apfelpatient.de\/wp-content\/uploads\/2018\/10\/kelly-sikkema-685287-unsplash.jpg\" \/>\n\t<meta property=\"og:image:width\" content=\"3000\" \/>\n\t<meta property=\"og:image:height\" content=\"1965\" \/>\n\t<meta property=\"og:image:type\" content=\"image\/jpeg\" \/>\n<meta name=\"author\" content=\"Milan\" \/>\n<meta name=\"twitter:card\" content=\"summary_large_image\" \/>\n<meta name=\"twitter:label1\" content=\"Written by\" \/>\n\t<meta name=\"twitter:data1\" content=\"Milan\" \/>\n\t<meta name=\"twitter:label2\" content=\"Est. reading time\" \/>\n\t<meta name=\"twitter:data2\" content=\"1 minute\" \/>\n<script type=\"application\/ld+json\" class=\"yoast-schema-graph\">{\"@context\":\"https:\\\/\\\/schema.org\",\"@graph\":[{\"@type\":\"NewsArticle\",\"@id\":\"https:\\\/\\\/www.apfelpatient.de\\\/news\\\/2018-ipad-pro-ios-12-1-bestaetigt-ein-face-id-feature#article\",\"isPartOf\":{\"@id\":\"https:\\\/\\\/www.apfelpatient.de\\\/news\\\/2018-ipad-pro-ios-12-1-bestaetigt-ein-face-id-feature\"},\"author\":{\"@type\":\"Organization\",\"@id\":\"https:\\\/\\\/www.apfelpatient.de\\\/en\\\/#organization\",\"name\":\"Apfelpatient\",\"url\":\"https:\\\/\\\/www.apfelpatient.de\\\/en\\\/\"},\"headline\":\"2018 iPad Pro: iOS 12.1 best\u00e4tigt ein Face ID Feature\",\"datePublished\":\"2018-10-26T15:33:13+00:00\",\"mainEntityOfPage\":{\"@id\":\"https:\\\/\\\/www.apfelpatient.de\\\/news\\\/2018-ipad-pro-ios-12-1-bestaetigt-ein-face-id-feature\"},\"wordCount\":217,\"commentCount\":0,\"publisher\":{\"@type\":\"Organization\",\"@id\":\"https:\\\/\\\/www.apfelpatient.de\\\/en\\\/#organization\",\"name\":\"Apfelpatient\",\"url\":\"https:\\\/\\\/www.apfelpatient.de\\\/en\\\/\"},\"image\":{\"@id\":\"https:\\\/\\\/www.apfelpatient.de\\\/news\\\/2018-ipad-pro-ios-12-1-bestaetigt-ein-face-id-feature#primaryimage\"},\"thumbnailUrl\":\"https:\\\/\\\/www.apfelpatient.de\\\/wp-content\\\/uploads\\\/2018\\\/10\\\/kelly-sikkema-685287-unsplash.jpg\",\"keywords\":[\"Face ID\",\"iOS\",\"iPad\",\"iPad Pro\",\"iPad Pro 2018\"],\"articleSection\":\"News\",\"inLanguage\":\"en-US\",\"potentialAction\":[{\"@type\":\"CommentAction\",\"name\":\"Comment\",\"target\":[\"https:\\\/\\\/www.apfelpatient.de\\\/news\\\/2018-ipad-pro-ios-12-1-bestaetigt-ein-face-id-feature#respond\"]}],\"copyrightYear\":\"2018\",\"copyrightHolder\":{\"@id\":\"https:\\\/\\\/www.apfelpatient.de\\\/en\\\/#organization\"}},{\"@type\":\"WebPage\",\"@id\":\"https:\\\/\\\/www.apfelpatient.de\\\/news\\\/2018-ipad-pro-ios-12-1-bestaetigt-ein-face-id-feature\",\"url\":\"https:\\\/\\\/www.apfelpatient.de\\\/news\\\/2018-ipad-pro-ios-12-1-bestaetigt-ein-face-id-feature\",\"name\":\"2018 iPad Pro: iOS 12.1 best\u00e4tigt ein Face ID Feature Apfelpatient\",\"isPartOf\":{\"@id\":\"https:\\\/\\\/www.apfelpatient.de\\\/#website\"},\"primaryImageOfPage\":{\"@id\":\"https:\\\/\\\/www.apfelpatient.de\\\/news\\\/2018-ipad-pro-ios-12-1-bestaetigt-ein-face-id-feature#primaryimage\"},\"image\":{\"@id\":\"https:\\\/\\\/www.apfelpatient.de\\\/news\\\/2018-ipad-pro-ios-12-1-bestaetigt-ein-face-id-feature#primaryimage\"},\"thumbnailUrl\":\"https:\\\/\\\/www.apfelpatient.de\\\/wp-content\\\/uploads\\\/2018\\\/10\\\/kelly-sikkema-685287-unsplash.jpg\",\"datePublished\":\"2018-10-26T15:33:13+00:00\",\"description\":\"Die diesj\u00e4hrige iPad Show findet am 30. Oktober im Howard Gilman Opera House statt. Das Motto der Keynote: There\u2019s more in the making! \u00dcber einen\",\"breadcrumb\":{\"@id\":\"https:\\\/\\\/www.apfelpatient.de\\\/news\\\/2018-ipad-pro-ios-12-1-bestaetigt-ein-face-id-feature#breadcrumb\"},\"inLanguage\":\"en-US\",\"potentialAction\":[{\"@type\":\"ReadAction\",\"target\":[\"https:\\\/\\\/www.apfelpatient.de\\\/news\\\/2018-ipad-pro-ios-12-1-bestaetigt-ein-face-id-feature\"]}]},{\"@type\":\"ImageObject\",\"inLanguage\":\"en-US\",\"@id\":\"https:\\\/\\\/www.apfelpatient.de\\\/news\\\/2018-ipad-pro-ios-12-1-bestaetigt-ein-face-id-feature#primaryimage\",\"url\":\"https:\\\/\\\/www.apfelpatient.de\\\/wp-content\\\/uploads\\\/2018\\\/10\\\/kelly-sikkema-685287-unsplash.jpg\",\"contentUrl\":\"https:\\\/\\\/www.apfelpatient.de\\\/wp-content\\\/uploads\\\/2018\\\/10\\\/kelly-sikkema-685287-unsplash.jpg\",\"width\":3000,\"height\":1965,\"caption\":\"Photo by Unsplash\"},{\"@type\":\"BreadcrumbList\",\"@id\":\"https:\\\/\\\/www.apfelpatient.de\\\/news\\\/2018-ipad-pro-ios-12-1-bestaetigt-ein-face-id-feature#breadcrumb\",\"itemListElement\":[{\"@type\":\"ListItem\",\"position\":1,\"name\":\"Startseite\",\"item\":\"https:\\\/\\\/www.apfelpatient.de\\\/\"},{\"@type\":\"ListItem\",\"position\":2,\"name\":\"2018 iPad Pro: iOS 12.1 best\u00e4tigt ein Face ID Feature\"}]},{\"@type\":\"WebSite\",\"@id\":\"https:\\\/\\\/www.apfelpatient.de\\\/#website\",\"url\":\"https:\\\/\\\/www.apfelpatient.de\\\/\",\"name\":\"Apfelpatient\",\"description\":\"Alles rund um Apple!\",\"publisher\":{\"@type\":\"Organization\",\"@id\":\"https:\\\/\\\/www.apfelpatient.de\\\/en\\\/#organization\",\"name\":\"Apfelpatient\",\"url\":\"https:\\\/\\\/www.apfelpatient.de\\\/en\\\/\"},\"alternateName\":\"Apfelpatient\",\"potentialAction\":[{\"@type\":\"SearchAction\",\"target\":{\"@type\":\"EntryPoint\",\"urlTemplate\":\"https:\\\/\\\/www.apfelpatient.de\\\/?s={search_term_string}\"},\"query-input\":{\"@type\":\"PropertyValueSpecification\",\"valueRequired\":true,\"valueName\":\"search_term_string\"}}],\"inLanguage\":\"en-US\"},{\"@type\":[\"Person\",\"Organization\"],\"@id\":\"https:\\\/\\\/www.apfelpatient.de\\\/#\\\/schema\\\/person\\\/7dc56ad6c8e9824b76d2c08d4c140e13\",\"name\":\"Milan\",\"logo\":{\"@id\":\"https:\\\/\\\/www.apfelpatient.de\\\/#\\\/schema\\\/person\\\/image\\\/\"},\"description\":\"Hallo und herzlich willkommen auf meinem Technik-Blog! Als gro\u00dfer Apple-Fan berichte ich hier \u00fcber alles, was mit Apple zu tun hat: von den neuesten News und spannenden Ger\u00fcchten \u00fcber hilfreiche Tipps und Tricks bis hin zu ausf\u00fchrlichen Produkttests. Wenn du genauso technikbegeistert bist wie ich, bist du hier genau richtig!\",\"sameAs\":[\"https:\\\/\\\/www.facebook.com\\\/apfelpatientOfficial\",\"https:\\\/\\\/www.linkedin.com\\\/in\\\/milan-jovicic-42aa0231b\"],\"url\":\"https:\\\/\\\/www.apfelpatient.de\\\/en\\\/author\\\/apfeladmin\"}]}<\/script>\n<!-- \/ Yoast SEO Premium plugin. -->","yoast_head_json":{"title":"2018 iPad Pro: iOS 12.1 confirms a Face ID feature Apfelpatient","description":"This year&#039;s iPad Show will take place on October 30th at the Howard Gilman Opera House. The motto of the keynote: There&#039;s more in the making!","robots":{"index":"index","follow":"follow","max-snippet":"max-snippet:-1","max-image-preview":"max-image-preview:large","max-video-preview":"max-video-preview:-1"},"canonical":"https:\/\/www.apfelpatient.de\/en\/news\/2018-ipad-pro-ios-12-1-confirms-a-face-id-feature","og_locale":"en_US","og_type":"article","og_title":"2018 iPad Pro: iOS 12.1 best\u00e4tigt ein Face ID Feature","og_description":"Die diesj\u00e4hrige iPad Show findet am 30. Oktober im Howard Gilman Opera House statt. Das Motto der Keynote: There\u2019s more in the making! \u00dcber einen","og_url":"https:\/\/www.apfelpatient.de\/en\/news\/2018-ipad-pro-ios-12-1-confirms-a-face-id-feature","og_site_name":"Apfelpatient","article_publisher":"https:\/\/www.facebook.com\/apfelpatientOfficial","article_author":"https:\/\/www.facebook.com\/apfelpatientOfficial","article_published_time":"2018-10-26T15:33:13+00:00","og_image":[{"width":3000,"height":1965,"url":"https:\/\/www.apfelpatient.de\/wp-content\/uploads\/2018\/10\/kelly-sikkema-685287-unsplash.jpg","type":"image\/jpeg"}],"author":"Milan","twitter_card":"summary_large_image","twitter_misc":{"Written by":"Milan","Est. reading time":"1 minute"},"schema":{"@context":"https:\/\/schema.org","@graph":[{"@type":"NewsArticle","@id":"https:\/\/www.apfelpatient.de\/news\/2018-ipad-pro-ios-12-1-bestaetigt-ein-face-id-feature#article","isPartOf":{"@id":"https:\/\/www.apfelpatient.de\/news\/2018-ipad-pro-ios-12-1-bestaetigt-ein-face-id-feature"},"author":{"@type":"Organization","@id":"https:\/\/www.apfelpatient.de\/en\/#organization","name":"Apfelpatient","url":"https:\/\/www.apfelpatient.de\/en\/"},"headline":"2018 iPad Pro: iOS 12.1 best\u00e4tigt ein Face ID Feature","datePublished":"2018-10-26T15:33:13+00:00","mainEntityOfPage":{"@id":"https:\/\/www.apfelpatient.de\/news\/2018-ipad-pro-ios-12-1-bestaetigt-ein-face-id-feature"},"wordCount":217,"commentCount":0,"publisher":{"@type":"Organization","@id":"https:\/\/www.apfelpatient.de\/en\/#organization","name":"Apfelpatient","url":"https:\/\/www.apfelpatient.de\/en\/"},"image":{"@id":"https:\/\/www.apfelpatient.de\/news\/2018-ipad-pro-ios-12-1-bestaetigt-ein-face-id-feature#primaryimage"},"thumbnailUrl":"https:\/\/www.apfelpatient.de\/wp-content\/uploads\/2018\/10\/kelly-sikkema-685287-unsplash.jpg","keywords":["Face ID","iOS","iPad","iPad Pro","iPad Pro 2018"],"articleSection":"News","inLanguage":"en-US","potentialAction":[{"@type":"CommentAction","name":"Comment","target":["https:\/\/www.apfelpatient.de\/news\/2018-ipad-pro-ios-12-1-bestaetigt-ein-face-id-feature#respond"]}],"copyrightYear":"2018","copyrightHolder":{"@id":"https:\/\/www.apfelpatient.de\/en\/#organization"}},{"@type":"WebPage","@id":"https:\/\/www.apfelpatient.de\/news\/2018-ipad-pro-ios-12-1-bestaetigt-ein-face-id-feature","url":"https:\/\/www.apfelpatient.de\/news\/2018-ipad-pro-ios-12-1-bestaetigt-ein-face-id-feature","name":"2018 iPad Pro: iOS 12.1 confirms a Face ID feature Apfelpatient","isPartOf":{"@id":"https:\/\/www.apfelpatient.de\/#website"},"primaryImageOfPage":{"@id":"https:\/\/www.apfelpatient.de\/news\/2018-ipad-pro-ios-12-1-bestaetigt-ein-face-id-feature#primaryimage"},"image":{"@id":"https:\/\/www.apfelpatient.de\/news\/2018-ipad-pro-ios-12-1-bestaetigt-ein-face-id-feature#primaryimage"},"thumbnailUrl":"https:\/\/www.apfelpatient.de\/wp-content\/uploads\/2018\/10\/kelly-sikkema-685287-unsplash.jpg","datePublished":"2018-10-26T15:33:13+00:00","description":"This year&#039;s iPad Show will take place on October 30th at the Howard Gilman Opera House. The motto of the keynote: There&#039;s more in the making!","breadcrumb":{"@id":"https:\/\/www.apfelpatient.de\/news\/2018-ipad-pro-ios-12-1-bestaetigt-ein-face-id-feature#breadcrumb"},"inLanguage":"en-US","potentialAction":[{"@type":"ReadAction","target":["https:\/\/www.apfelpatient.de\/news\/2018-ipad-pro-ios-12-1-bestaetigt-ein-face-id-feature"]}]},{"@type":"ImageObject","inLanguage":"en-US","@id":"https:\/\/www.apfelpatient.de\/news\/2018-ipad-pro-ios-12-1-bestaetigt-ein-face-id-feature#primaryimage","url":"https:\/\/www.apfelpatient.de\/wp-content\/uploads\/2018\/10\/kelly-sikkema-685287-unsplash.jpg","contentUrl":"https:\/\/www.apfelpatient.de\/wp-content\/uploads\/2018\/10\/kelly-sikkema-685287-unsplash.jpg","width":3000,"height":1965,"caption":"Photo by Unsplash"},{"@type":"BreadcrumbList","@id":"https:\/\/www.apfelpatient.de\/news\/2018-ipad-pro-ios-12-1-bestaetigt-ein-face-id-feature#breadcrumb","itemListElement":[{"@type":"ListItem","position":1,"name":"Startseite","item":"https:\/\/www.apfelpatient.de\/"},{"@type":"ListItem","position":2,"name":"2018 iPad Pro: iOS 12.1 best\u00e4tigt ein Face ID Feature"}]},{"@type":"WebSite","@id":"https:\/\/www.apfelpatient.de\/#website","url":"https:\/\/www.apfelpatient.de\/","name":"apple patient","description":"Everything about Apple!","publisher":{"@type":"Organization","@id":"https:\/\/www.apfelpatient.de\/en\/#organization","name":"Apfelpatient","url":"https:\/\/www.apfelpatient.de\/en\/"},"alternateName":"Apfelpatient","potentialAction":[{"@type":"SearchAction","target":{"@type":"EntryPoint","urlTemplate":"https:\/\/www.apfelpatient.de\/?s={search_term_string}"},"query-input":{"@type":"PropertyValueSpecification","valueRequired":true,"valueName":"search_term_string"}}],"inLanguage":"en-US"},{"@type":["Person","Organization"],"@id":"https:\/\/www.apfelpatient.de\/#\/schema\/person\/7dc56ad6c8e9824b76d2c08d4c140e13","name":"Milan","logo":{"@id":"https:\/\/www.apfelpatient.de\/#\/schema\/person\/image\/"},"description":"Hello and welcome to my technology blog! As a big Apple fan, I report on everything to do with Apple: from the latest news and exciting rumors to helpful tips and tricks and detailed product tests. If you are as enthusiastic about technology as I am, you have come to the right place!","sameAs":["https:\/\/www.facebook.com\/apfelpatientOfficial","https:\/\/www.linkedin.com\/in\/milan-jovicic-42aa0231b"],"url":"https:\/\/www.apfelpatient.de\/en\/author\/apfeladmin"}]}},"_links":{"self":[{"href":"https:\/\/www.apfelpatient.de\/en\/wp-json\/wp\/v2\/posts\/2409","targetHints":{"allow":["GET"]}}],"collection":[{"href":"https:\/\/www.apfelpatient.de\/en\/wp-json\/wp\/v2\/posts"}],"about":[{"href":"https:\/\/www.apfelpatient.de\/en\/wp-json\/wp\/v2\/types\/post"}],"author":[{"embeddable":true,"href":"https:\/\/www.apfelpatient.de\/en\/wp-json\/wp\/v2\/users\/2"}],"replies":[{"embeddable":true,"href":"https:\/\/www.apfelpatient.de\/en\/wp-json\/wp\/v2\/comments?post=2409"}],"version-history":[{"count":0,"href":"https:\/\/www.apfelpatient.de\/en\/wp-json\/wp\/v2\/posts\/2409\/revisions"}],"wp:featuredmedia":[{"embeddable":true,"href":"https:\/\/www.apfelpatient.de\/en\/wp-json\/wp\/v2\/media\/2410"}],"wp:attachment":[{"href":"https:\/\/www.apfelpatient.de\/en\/wp-json\/wp\/v2\/media?parent=2409"}],"wp:term":[{"taxonomy":"category","embeddable":true,"href":"https:\/\/www.apfelpatient.de\/en\/wp-json\/wp\/v2\/categories?post=2409"},{"taxonomy":"post_tag","embeddable":true,"href":"https:\/\/www.apfelpatient.de\/en\/wp-json\/wp\/v2\/tags?post=2409"}],"curies":[{"name":"wp","href":"https:\/\/api.w.org\/{rel}","templated":true}]}}