{"id":2400,"date":"2018-10-24T13:52:14","date_gmt":"2018-10-24T11:52:14","guid":{"rendered":"https:\/\/www.apfelpatient.de\/?p=2400"},"modified":"2018-10-24T13:52:14","modified_gmt":"2018-10-24T11:52:14","slug":"apple-keynote-more-details-about-the-upcoming-devices","status":"publish","type":"post","link":"https:\/\/www.apfelpatient.de\/en\/rumors\/apple-keynote-mehr-details-zu-den-kommenden-geraeten","title":{"rendered":"Apple Keynote: More details on the upcoming devices"},"content":{"rendered":"<p><strong>After numerous rumors, Binyamin Goldman has now also spoken out. The usually well-informed blogger has interesting details about prices and specifications of upcoming products.<\/strong><\/p>\n<p><strong>iPad Pro with 4 GB RAM<\/strong><\/p>\n\n<p>The iPad Pro devices are to be 12.9\u201d and 11\u201d in size. Both will for the first time dispense with Touch ID and be equipped with Face ID. Although the iPad Pro will only have a very narrow edge, there will be no notch for the TrueDepth camera. This is made possible by the new LCD of the upcoming iPad model. In addition, facial recognition will also work in landscape format. A USB-C port will also be installed, which will enable video output in 4K HDR to an external monitor. The new A12X processor with a whopping 4 GB of RAM will form the heart of the new tablet.<\/p>\n<p><strong>MacBook Air?<\/strong><\/p>\n<p>The new notebook will be very similar to the current MacBook Air but will have a narrower display bezel. The device will have a 13.3&quot; Retina screen and will be available for purchase starting at $899 - according to Goldman. It will also have USB-C ports. In addition, an i-series processor will be installed for the first time.<\/p>\n\n<p>According to Goldman&#039;s source, it is also possible that Apple will offer an LTE version of the device for an additional charge. Apple is said to have already tested the device in question with a SIM card slot. The MacBook will be available in various colors.<\/p>\n<p><strong>Mac mini expandable?<\/strong><\/p>\n<p>The iCompany also seems to want to give the Mac mini an update at the same time - this is what the blogger reports. The device was first introduced in 2005 and was last updated by Apple in 2014. According to Goldman, the Mac mini has been given a completely new design, which should also allow for easy upgrades of the internal components later. This means that the device can be purchased for as little as 599 US dollars.<\/p>","protected":false},"excerpt":{"rendered":"<p>Nach zahlreichen Ger\u00fcchten meldet sich nun auch Binyamin Goldman zu Wort. Der \u00fcblicherweise gut informierte Blogger hat interessante Details zu Preisen und Spezifikationen kommender Produkte. iPad Pro mit 4 GB Arbeitsspeicher Die iPad Pro Ger\u00e4te sollen 12.9\u201d und 11\u201d gro\u00df sein. Beide werden erstmals auf Touch ID verzichten und mit Face ID ausgestattet. Obwohl das [&hellip;]<\/p>\n","protected":false},"author":2,"featured_media":1581,"comment_status":"open","ping_status":"open","sticky":false,"template":"","format":"standard","meta":{"jnews-multi-image_gallery":[],"jnews_single_post":[],"jnews_primary_category":[],"footnotes":""},"categories":[25],"tags":[18,66,125,40,41],"class_list":["post-2400","post","type-post","status-publish","format-standard","has-post-thumbnail","hentry","category-rumors","tag-ipad","tag-ipad-pro","tag-ipad-pro-2018","tag-mac","tag-macbook-air"],"yoast_head":"<!-- This site is optimized with the Yoast SEO Premium plugin v27.4 (Yoast SEO v27.4) - https:\/\/yoast.com\/product\/yoast-seo-premium-wordpress\/ -->\n<title>Apple Keynote: Mehr Details zu den kommenden Ger\u00e4ten Apfelpatient<\/title>\n<meta name=\"description\" content=\"Nach zahlreichen Ger\u00fcchten meldet sich nun auch Binyamin Goldman zu Wort. Der \u00fcblicherweise gut informierte Blogger hat interessante Details zu Preisen\" \/>\n<meta name=\"robots\" content=\"index, follow, max-snippet:-1, max-image-preview:large, max-video-preview:-1\" \/>\n<link rel=\"canonical\" href=\"https:\/\/www.apfelpatient.de\/en\/rumors\/apple-keynote-more-details-about-the-upcoming-devices\" \/>\n<meta property=\"og:locale\" content=\"en_US\" \/>\n<meta property=\"og:type\" content=\"article\" \/>\n<meta property=\"og:title\" content=\"Apple Keynote: Mehr Details zu den kommenden Ger\u00e4ten\" \/>\n<meta property=\"og:description\" content=\"Nach zahlreichen Ger\u00fcchten meldet sich nun auch Binyamin Goldman zu Wort. Der \u00fcblicherweise gut informierte Blogger hat interessante Details zu Preisen\" \/>\n<meta property=\"og:url\" content=\"https:\/\/www.apfelpatient.de\/en\/rumors\/apple-keynote-more-details-about-the-upcoming-devices\" \/>\n<meta property=\"og:site_name\" content=\"Apfelpatient\" \/>\n<meta property=\"article:publisher\" content=\"https:\/\/www.facebook.com\/apfelpatientOfficial\" \/>\n<meta property=\"article:author\" content=\"https:\/\/www.facebook.com\/apfelpatientOfficial\" \/>\n<meta property=\"article:published_time\" content=\"2018-10-24T11:52:14+00:00\" \/>\n<meta property=\"og:image\" content=\"https:\/\/www.apfelpatient.de\/wp-content\/uploads\/2018\/08\/goran-ivos-771531-unsplash.jpg\" \/>\n\t<meta property=\"og:image:width\" content=\"4592\" \/>\n\t<meta property=\"og:image:height\" content=\"3448\" \/>\n\t<meta property=\"og:image:type\" content=\"image\/jpeg\" \/>\n<meta name=\"author\" content=\"Milan\" \/>\n<meta name=\"twitter:card\" content=\"summary_large_image\" \/>\n<meta name=\"twitter:label1\" content=\"Written by\" \/>\n\t<meta name=\"twitter:data1\" content=\"Milan\" \/>\n\t<meta name=\"twitter:label2\" content=\"Est. reading time\" \/>\n\t<meta name=\"twitter:data2\" content=\"1 minute\" \/>\n<script type=\"application\/ld+json\" class=\"yoast-schema-graph\">{\"@context\":\"https:\\\/\\\/schema.org\",\"@graph\":[{\"@type\":\"NewsArticle\",\"@id\":\"https:\\\/\\\/www.apfelpatient.de\\\/rumors\\\/apple-keynote-mehr-details-zu-den-kommenden-geraeten#article\",\"isPartOf\":{\"@id\":\"https:\\\/\\\/www.apfelpatient.de\\\/rumors\\\/apple-keynote-mehr-details-zu-den-kommenden-geraeten\"},\"author\":{\"@type\":\"Organization\",\"@id\":\"https:\\\/\\\/www.apfelpatient.de\\\/en\\\/#organization\",\"name\":\"Apfelpatient\",\"url\":\"https:\\\/\\\/www.apfelpatient.de\\\/en\\\/\"},\"headline\":\"Apple Keynote: Mehr Details zu den kommenden Ger\u00e4ten\",\"datePublished\":\"2018-10-24T11:52:14+00:00\",\"mainEntityOfPage\":{\"@id\":\"https:\\\/\\\/www.apfelpatient.de\\\/rumors\\\/apple-keynote-mehr-details-zu-den-kommenden-geraeten\"},\"wordCount\":303,\"commentCount\":0,\"publisher\":{\"@type\":\"Organization\",\"@id\":\"https:\\\/\\\/www.apfelpatient.de\\\/en\\\/#organization\",\"name\":\"Apfelpatient\",\"url\":\"https:\\\/\\\/www.apfelpatient.de\\\/en\\\/\"},\"image\":{\"@id\":\"https:\\\/\\\/www.apfelpatient.de\\\/rumors\\\/apple-keynote-mehr-details-zu-den-kommenden-geraeten#primaryimage\"},\"thumbnailUrl\":\"https:\\\/\\\/www.apfelpatient.de\\\/wp-content\\\/uploads\\\/2018\\\/08\\\/goran-ivos-771531-unsplash.jpg\",\"keywords\":[\"iPad\",\"iPad Pro\",\"iPad Pro 2018\",\"Mac\",\"MacBook Air\"],\"articleSection\":\"Rumors\",\"inLanguage\":\"en-US\",\"potentialAction\":[{\"@type\":\"CommentAction\",\"name\":\"Comment\",\"target\":[\"https:\\\/\\\/www.apfelpatient.de\\\/rumors\\\/apple-keynote-mehr-details-zu-den-kommenden-geraeten#respond\"]}],\"copyrightYear\":\"2018\",\"copyrightHolder\":{\"@id\":\"https:\\\/\\\/www.apfelpatient.de\\\/en\\\/#organization\"}},{\"@type\":\"WebPage\",\"@id\":\"https:\\\/\\\/www.apfelpatient.de\\\/rumors\\\/apple-keynote-mehr-details-zu-den-kommenden-geraeten\",\"url\":\"https:\\\/\\\/www.apfelpatient.de\\\/rumors\\\/apple-keynote-mehr-details-zu-den-kommenden-geraeten\",\"name\":\"Apple Keynote: Mehr Details zu den kommenden Ger\u00e4ten Apfelpatient\",\"isPartOf\":{\"@id\":\"https:\\\/\\\/www.apfelpatient.de\\\/#website\"},\"primaryImageOfPage\":{\"@id\":\"https:\\\/\\\/www.apfelpatient.de\\\/rumors\\\/apple-keynote-mehr-details-zu-den-kommenden-geraeten#primaryimage\"},\"image\":{\"@id\":\"https:\\\/\\\/www.apfelpatient.de\\\/rumors\\\/apple-keynote-mehr-details-zu-den-kommenden-geraeten#primaryimage\"},\"thumbnailUrl\":\"https:\\\/\\\/www.apfelpatient.de\\\/wp-content\\\/uploads\\\/2018\\\/08\\\/goran-ivos-771531-unsplash.jpg\",\"datePublished\":\"2018-10-24T11:52:14+00:00\",\"description\":\"Nach zahlreichen Ger\u00fcchten meldet sich nun auch Binyamin Goldman zu Wort. Der \u00fcblicherweise gut informierte Blogger hat interessante Details zu Preisen\",\"breadcrumb\":{\"@id\":\"https:\\\/\\\/www.apfelpatient.de\\\/rumors\\\/apple-keynote-mehr-details-zu-den-kommenden-geraeten#breadcrumb\"},\"inLanguage\":\"en-US\",\"potentialAction\":[{\"@type\":\"ReadAction\",\"target\":[\"https:\\\/\\\/www.apfelpatient.de\\\/rumors\\\/apple-keynote-mehr-details-zu-den-kommenden-geraeten\"]}]},{\"@type\":\"ImageObject\",\"inLanguage\":\"en-US\",\"@id\":\"https:\\\/\\\/www.apfelpatient.de\\\/rumors\\\/apple-keynote-mehr-details-zu-den-kommenden-geraeten#primaryimage\",\"url\":\"https:\\\/\\\/www.apfelpatient.de\\\/wp-content\\\/uploads\\\/2018\\\/08\\\/goran-ivos-771531-unsplash.jpg\",\"contentUrl\":\"https:\\\/\\\/www.apfelpatient.de\\\/wp-content\\\/uploads\\\/2018\\\/08\\\/goran-ivos-771531-unsplash.jpg\",\"width\":4592,\"height\":3448,\"caption\":\"Photo by Unsplash\"},{\"@type\":\"BreadcrumbList\",\"@id\":\"https:\\\/\\\/www.apfelpatient.de\\\/rumors\\\/apple-keynote-mehr-details-zu-den-kommenden-geraeten#breadcrumb\",\"itemListElement\":[{\"@type\":\"ListItem\",\"position\":1,\"name\":\"Startseite\",\"item\":\"https:\\\/\\\/www.apfelpatient.de\\\/\"},{\"@type\":\"ListItem\",\"position\":2,\"name\":\"Apple Keynote: Mehr Details zu den kommenden Ger\u00e4ten\"}]},{\"@type\":\"WebSite\",\"@id\":\"https:\\\/\\\/www.apfelpatient.de\\\/#website\",\"url\":\"https:\\\/\\\/www.apfelpatient.de\\\/\",\"name\":\"Apfelpatient\",\"description\":\"Alles rund um Apple!\",\"publisher\":{\"@type\":\"Organization\",\"@id\":\"https:\\\/\\\/www.apfelpatient.de\\\/en\\\/#organization\",\"name\":\"Apfelpatient\",\"url\":\"https:\\\/\\\/www.apfelpatient.de\\\/en\\\/\"},\"alternateName\":\"Apfelpatient\",\"potentialAction\":[{\"@type\":\"SearchAction\",\"target\":{\"@type\":\"EntryPoint\",\"urlTemplate\":\"https:\\\/\\\/www.apfelpatient.de\\\/?s={search_term_string}\"},\"query-input\":{\"@type\":\"PropertyValueSpecification\",\"valueRequired\":true,\"valueName\":\"search_term_string\"}}],\"inLanguage\":\"en-US\"},{\"@type\":[\"Person\",\"Organization\"],\"@id\":\"https:\\\/\\\/www.apfelpatient.de\\\/#\\\/schema\\\/person\\\/7dc56ad6c8e9824b76d2c08d4c140e13\",\"name\":\"Milan\",\"logo\":{\"@id\":\"https:\\\/\\\/www.apfelpatient.de\\\/#\\\/schema\\\/person\\\/image\\\/\"},\"description\":\"Hallo und herzlich willkommen auf meinem Technik-Blog! Als gro\u00dfer Apple-Fan berichte ich hier \u00fcber alles, was mit Apple zu tun hat: von den neuesten News und spannenden Ger\u00fcchten \u00fcber hilfreiche Tipps und Tricks bis hin zu ausf\u00fchrlichen Produkttests. Wenn du genauso technikbegeistert bist wie ich, bist du hier genau richtig!\",\"sameAs\":[\"https:\\\/\\\/www.facebook.com\\\/apfelpatientOfficial\",\"https:\\\/\\\/www.linkedin.com\\\/in\\\/milan-jovicic-42aa0231b\"],\"url\":\"https:\\\/\\\/www.apfelpatient.de\\\/en\\\/author\\\/apfeladmin\"}]}<\/script>\n<!-- \/ Yoast SEO Premium plugin. -->","yoast_head_json":{"title":"Apple Keynote: More details on the upcoming devices Apfelpatient","description":"After numerous rumors, Binyamin Goldman has now also spoken out. The usually well-informed blogger has interesting details about prices","robots":{"index":"index","follow":"follow","max-snippet":"max-snippet:-1","max-image-preview":"max-image-preview:large","max-video-preview":"max-video-preview:-1"},"canonical":"https:\/\/www.apfelpatient.de\/en\/rumors\/apple-keynote-more-details-about-the-upcoming-devices","og_locale":"en_US","og_type":"article","og_title":"Apple Keynote: Mehr Details zu den kommenden Ger\u00e4ten","og_description":"Nach zahlreichen Ger\u00fcchten meldet sich nun auch Binyamin Goldman zu Wort. Der \u00fcblicherweise gut informierte Blogger hat interessante Details zu Preisen","og_url":"https:\/\/www.apfelpatient.de\/en\/rumors\/apple-keynote-more-details-about-the-upcoming-devices","og_site_name":"Apfelpatient","article_publisher":"https:\/\/www.facebook.com\/apfelpatientOfficial","article_author":"https:\/\/www.facebook.com\/apfelpatientOfficial","article_published_time":"2018-10-24T11:52:14+00:00","og_image":[{"width":4592,"height":3448,"url":"https:\/\/www.apfelpatient.de\/wp-content\/uploads\/2018\/08\/goran-ivos-771531-unsplash.jpg","type":"image\/jpeg"}],"author":"Milan","twitter_card":"summary_large_image","twitter_misc":{"Written by":"Milan","Est. reading time":"1 minute"},"schema":{"@context":"https:\/\/schema.org","@graph":[{"@type":"NewsArticle","@id":"https:\/\/www.apfelpatient.de\/rumors\/apple-keynote-mehr-details-zu-den-kommenden-geraeten#article","isPartOf":{"@id":"https:\/\/www.apfelpatient.de\/rumors\/apple-keynote-mehr-details-zu-den-kommenden-geraeten"},"author":{"@type":"Organization","@id":"https:\/\/www.apfelpatient.de\/en\/#organization","name":"Apfelpatient","url":"https:\/\/www.apfelpatient.de\/en\/"},"headline":"Apple Keynote: Mehr Details zu den kommenden Ger\u00e4ten","datePublished":"2018-10-24T11:52:14+00:00","mainEntityOfPage":{"@id":"https:\/\/www.apfelpatient.de\/rumors\/apple-keynote-mehr-details-zu-den-kommenden-geraeten"},"wordCount":303,"commentCount":0,"publisher":{"@type":"Organization","@id":"https:\/\/www.apfelpatient.de\/en\/#organization","name":"Apfelpatient","url":"https:\/\/www.apfelpatient.de\/en\/"},"image":{"@id":"https:\/\/www.apfelpatient.de\/rumors\/apple-keynote-mehr-details-zu-den-kommenden-geraeten#primaryimage"},"thumbnailUrl":"https:\/\/www.apfelpatient.de\/wp-content\/uploads\/2018\/08\/goran-ivos-771531-unsplash.jpg","keywords":["iPad","iPad Pro","iPad Pro 2018","Mac","MacBook Air"],"articleSection":"Rumors","inLanguage":"en-US","potentialAction":[{"@type":"CommentAction","name":"Comment","target":["https:\/\/www.apfelpatient.de\/rumors\/apple-keynote-mehr-details-zu-den-kommenden-geraeten#respond"]}],"copyrightYear":"2018","copyrightHolder":{"@id":"https:\/\/www.apfelpatient.de\/en\/#organization"}},{"@type":"WebPage","@id":"https:\/\/www.apfelpatient.de\/rumors\/apple-keynote-mehr-details-zu-den-kommenden-geraeten","url":"https:\/\/www.apfelpatient.de\/rumors\/apple-keynote-mehr-details-zu-den-kommenden-geraeten","name":"Apple Keynote: More details on the upcoming devices Apfelpatient","isPartOf":{"@id":"https:\/\/www.apfelpatient.de\/#website"},"primaryImageOfPage":{"@id":"https:\/\/www.apfelpatient.de\/rumors\/apple-keynote-mehr-details-zu-den-kommenden-geraeten#primaryimage"},"image":{"@id":"https:\/\/www.apfelpatient.de\/rumors\/apple-keynote-mehr-details-zu-den-kommenden-geraeten#primaryimage"},"thumbnailUrl":"https:\/\/www.apfelpatient.de\/wp-content\/uploads\/2018\/08\/goran-ivos-771531-unsplash.jpg","datePublished":"2018-10-24T11:52:14+00:00","description":"After numerous rumors, Binyamin Goldman has now also spoken out. The usually well-informed blogger has interesting details about prices","breadcrumb":{"@id":"https:\/\/www.apfelpatient.de\/rumors\/apple-keynote-mehr-details-zu-den-kommenden-geraeten#breadcrumb"},"inLanguage":"en-US","potentialAction":[{"@type":"ReadAction","target":["https:\/\/www.apfelpatient.de\/rumors\/apple-keynote-mehr-details-zu-den-kommenden-geraeten"]}]},{"@type":"ImageObject","inLanguage":"en-US","@id":"https:\/\/www.apfelpatient.de\/rumors\/apple-keynote-mehr-details-zu-den-kommenden-geraeten#primaryimage","url":"https:\/\/www.apfelpatient.de\/wp-content\/uploads\/2018\/08\/goran-ivos-771531-unsplash.jpg","contentUrl":"https:\/\/www.apfelpatient.de\/wp-content\/uploads\/2018\/08\/goran-ivos-771531-unsplash.jpg","width":4592,"height":3448,"caption":"Photo by Unsplash"},{"@type":"BreadcrumbList","@id":"https:\/\/www.apfelpatient.de\/rumors\/apple-keynote-mehr-details-zu-den-kommenden-geraeten#breadcrumb","itemListElement":[{"@type":"ListItem","position":1,"name":"Startseite","item":"https:\/\/www.apfelpatient.de\/"},{"@type":"ListItem","position":2,"name":"Apple Keynote: Mehr Details zu den kommenden Ger\u00e4ten"}]},{"@type":"WebSite","@id":"https:\/\/www.apfelpatient.de\/#website","url":"https:\/\/www.apfelpatient.de\/","name":"apple patient","description":"Everything about Apple!","publisher":{"@type":"Organization","@id":"https:\/\/www.apfelpatient.de\/en\/#organization","name":"Apfelpatient","url":"https:\/\/www.apfelpatient.de\/en\/"},"alternateName":"Apfelpatient","potentialAction":[{"@type":"SearchAction","target":{"@type":"EntryPoint","urlTemplate":"https:\/\/www.apfelpatient.de\/?s={search_term_string}"},"query-input":{"@type":"PropertyValueSpecification","valueRequired":true,"valueName":"search_term_string"}}],"inLanguage":"en-US"},{"@type":["Person","Organization"],"@id":"https:\/\/www.apfelpatient.de\/#\/schema\/person\/7dc56ad6c8e9824b76d2c08d4c140e13","name":"Milan","logo":{"@id":"https:\/\/www.apfelpatient.de\/#\/schema\/person\/image\/"},"description":"Hello and welcome to my technology blog! As a big Apple fan, I report on everything to do with Apple: from the latest news and exciting rumors to helpful tips and tricks and detailed product tests. If you are as enthusiastic about technology as I am, you have come to the right place!","sameAs":["https:\/\/www.facebook.com\/apfelpatientOfficial","https:\/\/www.linkedin.com\/in\/milan-jovicic-42aa0231b"],"url":"https:\/\/www.apfelpatient.de\/en\/author\/apfeladmin"}]}},"_links":{"self":[{"href":"https:\/\/www.apfelpatient.de\/en\/wp-json\/wp\/v2\/posts\/2400","targetHints":{"allow":["GET"]}}],"collection":[{"href":"https:\/\/www.apfelpatient.de\/en\/wp-json\/wp\/v2\/posts"}],"about":[{"href":"https:\/\/www.apfelpatient.de\/en\/wp-json\/wp\/v2\/types\/post"}],"author":[{"embeddable":true,"href":"https:\/\/www.apfelpatient.de\/en\/wp-json\/wp\/v2\/users\/2"}],"replies":[{"embeddable":true,"href":"https:\/\/www.apfelpatient.de\/en\/wp-json\/wp\/v2\/comments?post=2400"}],"version-history":[{"count":0,"href":"https:\/\/www.apfelpatient.de\/en\/wp-json\/wp\/v2\/posts\/2400\/revisions"}],"wp:featuredmedia":[{"embeddable":true,"href":"https:\/\/www.apfelpatient.de\/en\/wp-json\/wp\/v2\/media\/1581"}],"wp:attachment":[{"href":"https:\/\/www.apfelpatient.de\/en\/wp-json\/wp\/v2\/media?parent=2400"}],"wp:term":[{"taxonomy":"category","embeddable":true,"href":"https:\/\/www.apfelpatient.de\/en\/wp-json\/wp\/v2\/categories?post=2400"},{"taxonomy":"post_tag","embeddable":true,"href":"https:\/\/www.apfelpatient.de\/en\/wp-json\/wp\/v2\/tags?post=2400"}],"curies":[{"name":"wp","href":"https:\/\/api.w.org\/{rel}","templated":true}]}}