{"id":2397,"date":"2018-10-24T10:44:32","date_gmt":"2018-10-24T08:44:32","guid":{"rendered":"https:\/\/www.apfelpatient.de\/?p=2397"},"modified":"2018-10-24T10:44:32","modified_gmt":"2018-10-24T08:44:32","slug":"apple-keynote-analyst-provides-new-details","status":"publish","type":"post","link":"https:\/\/www.apfelpatient.de\/en\/rumors\/apple-keynote-analyst-liefert-neue-details","title":{"rendered":"Apple Keynote: Analyst provides new details"},"content":{"rendered":"<p><strong>Now the well-informed and well-known analyst Ming-Chi Kuo has spoken out again.<\/strong><\/p>\n<p>This year&#039;s iPad Show will take place on October 30th at the Howard Gilman Opera House. The motto of the keynote: There&#039;s more in the making! Everyone can watch the spectacle via a livestream starting at 3 p.m.<\/p>\n\n<p><strong>iPad Mini 5 &amp; AirPower &amp; AirPods 2<\/strong><\/p>\n<p>According to Kuo, Apple is planning to introduce a new fifth-generation iPad Mini. However, he is not sure whether Apple will present the new tablet at the upcoming keynote or only in the spring. The iPad Mini was first presented in 2012 and was last updated in 2015. According to Kuo, Apple is still sticking to the introduction of AirPower. However, he cannot say with certainty whether the charging mat will be rolled out next week or only in the spring of 2019.<\/p>\n<p><strong>iPad Pro &amp; Macs &amp; AirPods 2<\/strong><\/p>\n<p>Kuo is, however, certain about the other products. Apple will introduce two new iPad Pro models. In addition to Face ID, a USB-C port will also be introduced for the first time on an iPad Pro.<\/p>\n\n<p>A new Apple Pencil is also to be presented to match this. Updated Macs are also to be released. Apple will present a new Mac mini, iMac and a new entry-level MacBook, among other things. The latter is also being talked about as a revised MacBook Air. The question of what the iGroup will actually call the notebook remains open. The second generation of AirPods is also set to hit the market. In addition to the popular plugs, Apple will also present the matching charging case for wireless charging.<\/p>","protected":false},"excerpt":{"rendered":"<p>Nun hat sich der gut informierte und bekannte Analyst Ming-Chi Kuo erneut zu Wort gemeldet. Die diesj\u00e4hrige iPad Show findet am 30. Oktober im Howard Gilman Opera House statt. Das Motto der Keynote: There\u2019s more in the making! \u00dcber einen Livestream kann jeder das Spektakel ab 15.00 Uhr anschauen. iPad Mini 5 &amp; AirPower &amp; [&hellip;]<\/p>\n","protected":false},"author":2,"featured_media":1496,"comment_status":"open","ping_status":"open","sticky":false,"template":"","format":"standard","meta":{"jnews-multi-image_gallery":[],"jnews_single_post":[],"jnews_primary_category":[],"footnotes":""},"categories":[25],"tags":[31,11,112,37,72,40,73,41],"class_list":["post-2397","post","type-post","status-publish","format-standard","has-post-thumbnail","hentry","category-rumors","tag-airpods-2","tag-airpower","tag-apple-keynote","tag-face-id","tag-imac","tag-mac","tag-mac-mini","tag-macbook-air"],"yoast_head":"<!-- This site is optimized with the Yoast SEO Premium plugin v27.4 (Yoast SEO v27.4) - https:\/\/yoast.com\/product\/yoast-seo-premium-wordpress\/ -->\n<title>Apple Keynote: Analyst liefert neue Details Apfelpatient<\/title>\n<meta name=\"description\" content=\"Nun hat sich der gut informierte und bekannte Analyst Ming-Chi Kuo erneut zu Wort gemeldet. Die diesj\u00e4hrige iPad Show findet am 30. Oktober im Howard\" \/>\n<meta name=\"robots\" content=\"index, follow, max-snippet:-1, max-image-preview:large, max-video-preview:-1\" \/>\n<link rel=\"canonical\" href=\"https:\/\/www.apfelpatient.de\/en\/rumors\/apple-keynote-analyst-provides-new-details\" \/>\n<meta property=\"og:locale\" content=\"en_US\" \/>\n<meta property=\"og:type\" content=\"article\" \/>\n<meta property=\"og:title\" content=\"Apple Keynote: Analyst liefert neue Details\" \/>\n<meta property=\"og:description\" content=\"Nun hat sich der gut informierte und bekannte Analyst Ming-Chi Kuo erneut zu Wort gemeldet. Die diesj\u00e4hrige iPad Show findet am 30. Oktober im Howard\" \/>\n<meta property=\"og:url\" content=\"https:\/\/www.apfelpatient.de\/en\/rumors\/apple-keynote-analyst-provides-new-details\" \/>\n<meta property=\"og:site_name\" content=\"Apfelpatient\" \/>\n<meta property=\"article:publisher\" content=\"https:\/\/www.facebook.com\/apfelpatientOfficial\" \/>\n<meta property=\"article:author\" content=\"https:\/\/www.facebook.com\/apfelpatientOfficial\" \/>\n<meta property=\"article:published_time\" content=\"2018-10-24T08:44:32+00:00\" \/>\n<meta property=\"og:image\" content=\"https:\/\/www.apfelpatient.de\/wp-content\/uploads\/2018\/08\/thomas-kolnowski-707181-unsplash.jpg\" \/>\n\t<meta property=\"og:image:width\" content=\"1024\" \/>\n\t<meta property=\"og:image:height\" content=\"586\" \/>\n\t<meta property=\"og:image:type\" content=\"image\/jpeg\" \/>\n<meta name=\"author\" content=\"Milan\" \/>\n<meta name=\"twitter:card\" content=\"summary_large_image\" \/>\n<meta name=\"twitter:label1\" content=\"Written by\" \/>\n\t<meta name=\"twitter:data1\" content=\"Milan\" \/>\n\t<meta name=\"twitter:label2\" content=\"Est. reading time\" \/>\n\t<meta name=\"twitter:data2\" content=\"1 minute\" \/>\n<script type=\"application\/ld+json\" class=\"yoast-schema-graph\">{\"@context\":\"https:\\\/\\\/schema.org\",\"@graph\":[{\"@type\":\"NewsArticle\",\"@id\":\"https:\\\/\\\/www.apfelpatient.de\\\/rumors\\\/apple-keynote-analyst-liefert-neue-details#article\",\"isPartOf\":{\"@id\":\"https:\\\/\\\/www.apfelpatient.de\\\/rumors\\\/apple-keynote-analyst-liefert-neue-details\"},\"author\":{\"@type\":\"Organization\",\"@id\":\"https:\\\/\\\/www.apfelpatient.de\\\/en\\\/#organization\",\"name\":\"Apfelpatient\",\"url\":\"https:\\\/\\\/www.apfelpatient.de\\\/en\\\/\"},\"headline\":\"Apple Keynote: Analyst liefert neue Details\",\"datePublished\":\"2018-10-24T08:44:32+00:00\",\"mainEntityOfPage\":{\"@id\":\"https:\\\/\\\/www.apfelpatient.de\\\/rumors\\\/apple-keynote-analyst-liefert-neue-details\"},\"wordCount\":267,\"commentCount\":0,\"publisher\":{\"@type\":\"Organization\",\"@id\":\"https:\\\/\\\/www.apfelpatient.de\\\/en\\\/#organization\",\"name\":\"Apfelpatient\",\"url\":\"https:\\\/\\\/www.apfelpatient.de\\\/en\\\/\"},\"image\":{\"@id\":\"https:\\\/\\\/www.apfelpatient.de\\\/rumors\\\/apple-keynote-analyst-liefert-neue-details#primaryimage\"},\"thumbnailUrl\":\"https:\\\/\\\/www.apfelpatient.de\\\/wp-content\\\/uploads\\\/2018\\\/08\\\/thomas-kolnowski-707181-unsplash.jpg\",\"keywords\":[\"AirPods 2\",\"AirPower\",\"Apple Keynote\",\"Face ID\",\"iMac\",\"Mac\",\"Mac mini\",\"MacBook Air\"],\"articleSection\":\"Rumors\",\"inLanguage\":\"en-US\",\"potentialAction\":[{\"@type\":\"CommentAction\",\"name\":\"Comment\",\"target\":[\"https:\\\/\\\/www.apfelpatient.de\\\/rumors\\\/apple-keynote-analyst-liefert-neue-details#respond\"]}],\"copyrightYear\":\"2018\",\"copyrightHolder\":{\"@id\":\"https:\\\/\\\/www.apfelpatient.de\\\/en\\\/#organization\"}},{\"@type\":\"WebPage\",\"@id\":\"https:\\\/\\\/www.apfelpatient.de\\\/rumors\\\/apple-keynote-analyst-liefert-neue-details\",\"url\":\"https:\\\/\\\/www.apfelpatient.de\\\/rumors\\\/apple-keynote-analyst-liefert-neue-details\",\"name\":\"Apple Keynote: Analyst liefert neue Details Apfelpatient\",\"isPartOf\":{\"@id\":\"https:\\\/\\\/www.apfelpatient.de\\\/#website\"},\"primaryImageOfPage\":{\"@id\":\"https:\\\/\\\/www.apfelpatient.de\\\/rumors\\\/apple-keynote-analyst-liefert-neue-details#primaryimage\"},\"image\":{\"@id\":\"https:\\\/\\\/www.apfelpatient.de\\\/rumors\\\/apple-keynote-analyst-liefert-neue-details#primaryimage\"},\"thumbnailUrl\":\"https:\\\/\\\/www.apfelpatient.de\\\/wp-content\\\/uploads\\\/2018\\\/08\\\/thomas-kolnowski-707181-unsplash.jpg\",\"datePublished\":\"2018-10-24T08:44:32+00:00\",\"description\":\"Nun hat sich der gut informierte und bekannte Analyst Ming-Chi Kuo erneut zu Wort gemeldet. Die diesj\u00e4hrige iPad Show findet am 30. Oktober im Howard\",\"breadcrumb\":{\"@id\":\"https:\\\/\\\/www.apfelpatient.de\\\/rumors\\\/apple-keynote-analyst-liefert-neue-details#breadcrumb\"},\"inLanguage\":\"en-US\",\"potentialAction\":[{\"@type\":\"ReadAction\",\"target\":[\"https:\\\/\\\/www.apfelpatient.de\\\/rumors\\\/apple-keynote-analyst-liefert-neue-details\"]}]},{\"@type\":\"ImageObject\",\"inLanguage\":\"en-US\",\"@id\":\"https:\\\/\\\/www.apfelpatient.de\\\/rumors\\\/apple-keynote-analyst-liefert-neue-details#primaryimage\",\"url\":\"https:\\\/\\\/www.apfelpatient.de\\\/wp-content\\\/uploads\\\/2018\\\/08\\\/thomas-kolnowski-707181-unsplash.jpg\",\"contentUrl\":\"https:\\\/\\\/www.apfelpatient.de\\\/wp-content\\\/uploads\\\/2018\\\/08\\\/thomas-kolnowski-707181-unsplash.jpg\",\"width\":5759,\"height\":3295,\"caption\":\"Photo by Unsplash\"},{\"@type\":\"BreadcrumbList\",\"@id\":\"https:\\\/\\\/www.apfelpatient.de\\\/rumors\\\/apple-keynote-analyst-liefert-neue-details#breadcrumb\",\"itemListElement\":[{\"@type\":\"ListItem\",\"position\":1,\"name\":\"Startseite\",\"item\":\"https:\\\/\\\/www.apfelpatient.de\\\/\"},{\"@type\":\"ListItem\",\"position\":2,\"name\":\"Apple Keynote: Analyst liefert neue Details\"}]},{\"@type\":\"WebSite\",\"@id\":\"https:\\\/\\\/www.apfelpatient.de\\\/#website\",\"url\":\"https:\\\/\\\/www.apfelpatient.de\\\/\",\"name\":\"Apfelpatient\",\"description\":\"Alles rund um Apple!\",\"publisher\":{\"@type\":\"Organization\",\"@id\":\"https:\\\/\\\/www.apfelpatient.de\\\/en\\\/#organization\",\"name\":\"Apfelpatient\",\"url\":\"https:\\\/\\\/www.apfelpatient.de\\\/en\\\/\"},\"alternateName\":\"Apfelpatient\",\"potentialAction\":[{\"@type\":\"SearchAction\",\"target\":{\"@type\":\"EntryPoint\",\"urlTemplate\":\"https:\\\/\\\/www.apfelpatient.de\\\/?s={search_term_string}\"},\"query-input\":{\"@type\":\"PropertyValueSpecification\",\"valueRequired\":true,\"valueName\":\"search_term_string\"}}],\"inLanguage\":\"en-US\"},{\"@type\":[\"Person\",\"Organization\"],\"@id\":\"https:\\\/\\\/www.apfelpatient.de\\\/#\\\/schema\\\/person\\\/7dc56ad6c8e9824b76d2c08d4c140e13\",\"name\":\"Milan\",\"logo\":{\"@id\":\"https:\\\/\\\/www.apfelpatient.de\\\/#\\\/schema\\\/person\\\/image\\\/\"},\"description\":\"Hallo und herzlich willkommen auf meinem Technik-Blog! Als gro\u00dfer Apple-Fan berichte ich hier \u00fcber alles, was mit Apple zu tun hat: von den neuesten News und spannenden Ger\u00fcchten \u00fcber hilfreiche Tipps und Tricks bis hin zu ausf\u00fchrlichen Produkttests. Wenn du genauso technikbegeistert bist wie ich, bist du hier genau richtig!\",\"sameAs\":[\"https:\\\/\\\/www.facebook.com\\\/apfelpatientOfficial\",\"https:\\\/\\\/www.linkedin.com\\\/in\\\/milan-jovicic-42aa0231b\"],\"url\":\"https:\\\/\\\/www.apfelpatient.de\\\/en\\\/author\\\/apfeladmin\"}]}<\/script>\n<!-- \/ Yoast SEO Premium plugin. -->","yoast_head_json":{"title":"Apple Keynote: Analyst provides new details Apfelpatient","description":"Now the well-informed and well-known analyst Ming-Chi Kuo has spoken out again. This year&#039;s iPad Show will take place on October 30th at the Howard","robots":{"index":"index","follow":"follow","max-snippet":"max-snippet:-1","max-image-preview":"max-image-preview:large","max-video-preview":"max-video-preview:-1"},"canonical":"https:\/\/www.apfelpatient.de\/en\/rumors\/apple-keynote-analyst-provides-new-details","og_locale":"en_US","og_type":"article","og_title":"Apple Keynote: Analyst liefert neue Details","og_description":"Nun hat sich der gut informierte und bekannte Analyst Ming-Chi Kuo erneut zu Wort gemeldet. Die diesj\u00e4hrige iPad Show findet am 30. Oktober im Howard","og_url":"https:\/\/www.apfelpatient.de\/en\/rumors\/apple-keynote-analyst-provides-new-details","og_site_name":"Apfelpatient","article_publisher":"https:\/\/www.facebook.com\/apfelpatientOfficial","article_author":"https:\/\/www.facebook.com\/apfelpatientOfficial","article_published_time":"2018-10-24T08:44:32+00:00","og_image":[{"url":"https:\/\/www.apfelpatient.de\/wp-content\/uploads\/2018\/08\/thomas-kolnowski-707181-unsplash.jpg","width":1024,"height":586,"type":"image\/jpeg"}],"author":"Milan","twitter_card":"summary_large_image","twitter_misc":{"Written by":"Milan","Est. reading time":"1 minute"},"schema":{"@context":"https:\/\/schema.org","@graph":[{"@type":"NewsArticle","@id":"https:\/\/www.apfelpatient.de\/rumors\/apple-keynote-analyst-liefert-neue-details#article","isPartOf":{"@id":"https:\/\/www.apfelpatient.de\/rumors\/apple-keynote-analyst-liefert-neue-details"},"author":{"@type":"Organization","@id":"https:\/\/www.apfelpatient.de\/en\/#organization","name":"Apfelpatient","url":"https:\/\/www.apfelpatient.de\/en\/"},"headline":"Apple Keynote: Analyst liefert neue Details","datePublished":"2018-10-24T08:44:32+00:00","mainEntityOfPage":{"@id":"https:\/\/www.apfelpatient.de\/rumors\/apple-keynote-analyst-liefert-neue-details"},"wordCount":267,"commentCount":0,"publisher":{"@type":"Organization","@id":"https:\/\/www.apfelpatient.de\/en\/#organization","name":"Apfelpatient","url":"https:\/\/www.apfelpatient.de\/en\/"},"image":{"@id":"https:\/\/www.apfelpatient.de\/rumors\/apple-keynote-analyst-liefert-neue-details#primaryimage"},"thumbnailUrl":"https:\/\/www.apfelpatient.de\/wp-content\/uploads\/2018\/08\/thomas-kolnowski-707181-unsplash.jpg","keywords":["AirPods 2","AirPower","Apple Keynote","Face ID","iMac","Mac","Mac mini","MacBook Air"],"articleSection":"Rumors","inLanguage":"en-US","potentialAction":[{"@type":"CommentAction","name":"Comment","target":["https:\/\/www.apfelpatient.de\/rumors\/apple-keynote-analyst-liefert-neue-details#respond"]}],"copyrightYear":"2018","copyrightHolder":{"@id":"https:\/\/www.apfelpatient.de\/en\/#organization"}},{"@type":"WebPage","@id":"https:\/\/www.apfelpatient.de\/rumors\/apple-keynote-analyst-liefert-neue-details","url":"https:\/\/www.apfelpatient.de\/rumors\/apple-keynote-analyst-liefert-neue-details","name":"Apple Keynote: Analyst provides new details Apfelpatient","isPartOf":{"@id":"https:\/\/www.apfelpatient.de\/#website"},"primaryImageOfPage":{"@id":"https:\/\/www.apfelpatient.de\/rumors\/apple-keynote-analyst-liefert-neue-details#primaryimage"},"image":{"@id":"https:\/\/www.apfelpatient.de\/rumors\/apple-keynote-analyst-liefert-neue-details#primaryimage"},"thumbnailUrl":"https:\/\/www.apfelpatient.de\/wp-content\/uploads\/2018\/08\/thomas-kolnowski-707181-unsplash.jpg","datePublished":"2018-10-24T08:44:32+00:00","description":"Now the well-informed and well-known analyst Ming-Chi Kuo has spoken out again. This year&#039;s iPad Show will take place on October 30th at the Howard","breadcrumb":{"@id":"https:\/\/www.apfelpatient.de\/rumors\/apple-keynote-analyst-liefert-neue-details#breadcrumb"},"inLanguage":"en-US","potentialAction":[{"@type":"ReadAction","target":["https:\/\/www.apfelpatient.de\/rumors\/apple-keynote-analyst-liefert-neue-details"]}]},{"@type":"ImageObject","inLanguage":"en-US","@id":"https:\/\/www.apfelpatient.de\/rumors\/apple-keynote-analyst-liefert-neue-details#primaryimage","url":"https:\/\/www.apfelpatient.de\/wp-content\/uploads\/2018\/08\/thomas-kolnowski-707181-unsplash.jpg","contentUrl":"https:\/\/www.apfelpatient.de\/wp-content\/uploads\/2018\/08\/thomas-kolnowski-707181-unsplash.jpg","width":5759,"height":3295,"caption":"Photo by Unsplash"},{"@type":"BreadcrumbList","@id":"https:\/\/www.apfelpatient.de\/rumors\/apple-keynote-analyst-liefert-neue-details#breadcrumb","itemListElement":[{"@type":"ListItem","position":1,"name":"Startseite","item":"https:\/\/www.apfelpatient.de\/"},{"@type":"ListItem","position":2,"name":"Apple Keynote: Analyst liefert neue Details"}]},{"@type":"WebSite","@id":"https:\/\/www.apfelpatient.de\/#website","url":"https:\/\/www.apfelpatient.de\/","name":"apple patient","description":"Everything about Apple!","publisher":{"@type":"Organization","@id":"https:\/\/www.apfelpatient.de\/en\/#organization","name":"Apfelpatient","url":"https:\/\/www.apfelpatient.de\/en\/"},"alternateName":"Apfelpatient","potentialAction":[{"@type":"SearchAction","target":{"@type":"EntryPoint","urlTemplate":"https:\/\/www.apfelpatient.de\/?s={search_term_string}"},"query-input":{"@type":"PropertyValueSpecification","valueRequired":true,"valueName":"search_term_string"}}],"inLanguage":"en-US"},{"@type":["Person","Organization"],"@id":"https:\/\/www.apfelpatient.de\/#\/schema\/person\/7dc56ad6c8e9824b76d2c08d4c140e13","name":"Milan","logo":{"@id":"https:\/\/www.apfelpatient.de\/#\/schema\/person\/image\/"},"description":"Hello and welcome to my technology blog! As a big Apple fan, I report on everything to do with Apple: from the latest news and exciting rumors to helpful tips and tricks and detailed product tests. If you are as enthusiastic about technology as I am, you have come to the right place!","sameAs":["https:\/\/www.facebook.com\/apfelpatientOfficial","https:\/\/www.linkedin.com\/in\/milan-jovicic-42aa0231b"],"url":"https:\/\/www.apfelpatient.de\/en\/author\/apfeladmin"}]}},"_links":{"self":[{"href":"https:\/\/www.apfelpatient.de\/en\/wp-json\/wp\/v2\/posts\/2397","targetHints":{"allow":["GET"]}}],"collection":[{"href":"https:\/\/www.apfelpatient.de\/en\/wp-json\/wp\/v2\/posts"}],"about":[{"href":"https:\/\/www.apfelpatient.de\/en\/wp-json\/wp\/v2\/types\/post"}],"author":[{"embeddable":true,"href":"https:\/\/www.apfelpatient.de\/en\/wp-json\/wp\/v2\/users\/2"}],"replies":[{"embeddable":true,"href":"https:\/\/www.apfelpatient.de\/en\/wp-json\/wp\/v2\/comments?post=2397"}],"version-history":[{"count":0,"href":"https:\/\/www.apfelpatient.de\/en\/wp-json\/wp\/v2\/posts\/2397\/revisions"}],"wp:featuredmedia":[{"embeddable":true,"href":"https:\/\/www.apfelpatient.de\/en\/wp-json\/wp\/v2\/media\/1496"}],"wp:attachment":[{"href":"https:\/\/www.apfelpatient.de\/en\/wp-json\/wp\/v2\/media?parent=2397"}],"wp:term":[{"taxonomy":"category","embeddable":true,"href":"https:\/\/www.apfelpatient.de\/en\/wp-json\/wp\/v2\/categories?post=2397"},{"taxonomy":"post_tag","embeddable":true,"href":"https:\/\/www.apfelpatient.de\/en\/wp-json\/wp\/v2\/tags?post=2397"}],"curies":[{"name":"wp","href":"https:\/\/api.w.org\/{rel}","templated":true}]}}