{"id":23882,"date":"2021-06-23T13:30:25","date_gmt":"2021-06-23T11:30:25","guid":{"rendered":"https:\/\/www.apfelpatient.de\/?p=23882"},"modified":"2021-06-23T13:32:03","modified_gmt":"2021-06-23T11:32:03","slug":"antitrust-laws-tim-cook-contacts-congress-members","status":"publish","type":"post","link":"https:\/\/www.apfelpatient.de\/en\/rumors\/kartellgesetze-tim-cook-kontaktiert-kongress-mitglieder","title":{"rendered":"Antitrust Laws: Tim Cook Contacts Members of Congress"},"content":{"rendered":"<p class=\"has-drop-cap\"><strong>According to a new report in the New York Times, Apple CEO Tim Cook personally called Congressional Speaker Nancy Pelosi and other members of Congress, expressing his concerns about impending antitrust legislation.<\/strong><\/p>\n\n\n\n<p>The New York Times <a href=\"https:\/\/www.nytimes.com\/2021\/06\/22\/technology\/amazon-apple-google-facebook-antitrust-bills.html?referringSource=articleShare\" target=\"_blank\" rel=\"noreferrer noopener\">report<\/a> According to the report, Cook personally called Congressional Speaker Pelosi after antitrust legislation targeting Big Tech was introduced in the U.S. earlier this month. In his conversation with Pelosi, Cook expressed concerns that the antitrust laws were &quot;rushed&quot; and would &quot;limit innovation,&quot; according to the report. It states:<\/p>\n\n\n\n<blockquote class=\"wp-block-quote is-layout-flow wp-block-quote-is-layout-flow\"><p>The antitrust laws are rushed. They will slow innovation. And they will hurt consumers by disrupting the services that power Apple&#039;s lucrative iPhone, Cook warned at various points, according to five people with knowledge of the talks.<\/p><\/blockquote>\n\n\n\n<h3 class=\"wp-block-heading\" id=\"h-apple-soll-spezifische-politische-einw-nde-gegen-die-ma-nahmen-benennen\">Apple is to &quot;identify specific policy objections to the measures&quot;<\/h3>\n\n\n\n\n\n\n\n<p>Pelosi reportedly pushed back against Cook&#039;s concerns about the legislation and rejected his request that the House Judiciary Committee delay the process of considering the bills. She also pressed Cook to &quot;identify specific policy objections to the measures.&quot; In addition to his phone calls with Pelosi, Cook also reportedly spoke with &quot;other members of Congress to deliver a warning&quot; about the impact of such harsh antitrust laws. However, details about who he spoke to are unclear. Apple is also working with lobbying groups to push back against the looming antitrust legislation. The report states:<\/p>\n\n\n\n<h3 class=\"wp-block-heading\" id=\"h-neue-regulierung-k-nnte-app-store-erheblich-beeintr-chtigen\">New regulation could significantly impact App Store<\/h3>\n\n\n\n<blockquote class=\"wp-block-quote is-layout-flow wp-block-quote-is-layout-flow\"><p>Morgan Reed, president of the App Association, a trade group sponsored by Apple and other tech and telecommunications companies, said in a letter to lawmakers on Tuesday that breaking up platforms and \u201climiting the services they can provide to our member companies would harm your constituents.<\/p><\/blockquote>\n\n\n\n<p>US lawmakers introduced five bills last week targeting Amazon, Apple, Facebook and Google. In their current form, the laws would significantly impact the App Store and affect Apple&#039;s ability to pre-install applications on iPhones. The goal, according to Democratic Representative David Cicilline, is to ensure that companies like Apple &quot;do not use their market dominance to favor their own products and services.&quot; (Image: Apple)<\/p>\n\n\n\n<ul class=\"wp-block-list\"><li><a href=\"https:\/\/www.apfelpatient.de\/en\/news\/apple-tower-theater-new-apple-store-opening-soon\">Apple Tower Theatre: New Apple Store opens soon<\/a><\/li><\/ul>\n\n\n\n<h6 class=\"wp-block-heading translation-block\" id=\"h-kennt-ihr-schon-unsere-amazon-storefront-dort-findet-ihr-eine-handverlesene-auswahl-von-diversen-produkten-f-r-euer-iphone-und-co-viel-spa-beim-st-bern\"><em>Have you already visited our Amazon Storefront? There you&#039;ll find a hand-picked selection of various products for your iPhone and other devices \u2013 <span class=\"has-inline-color has-vivid-red-color\"><a href=\"https:\/\/www.amazon.de\/shop\/apfelpatientofficial\" class=\"ek-link\" data-wpel-link=\"exclude\" rel=\"follow noopener\" target=\"_self\"><span style=\"text-decoration: underline\" class=\"ek-underline\">enjoy browsing<\/span><\/a> !<\/span><\/em><\/h6>\n\n\n\n<h6 class=\"wp-block-heading translation-block\" id=\"h-der-beitrag-enthalt-partnerlinks\">This post contains <a data-type=\"URL\" data-id=\"https:\/\/www.apfelpatient.de\/partnerprogramm\" href=\"https:\/\/www.apfelpatient.de\/en\/partner-program\" data-wpel-link=\"internal\" target=\"_self\">affiliate links<\/a>.<\/h6>","protected":false},"excerpt":{"rendered":"<p>Did the Apple CEO call members of Congress? Cook expressed his concerns about impending antitrust legislation.<\/p>","protected":false},"author":2,"featured_media":23880,"comment_status":"closed","ping_status":"closed","sticky":false,"template":"","format":"standard","meta":{"jnews-multi-image_gallery":[],"jnews_single_post":{"subtitle":"","format":"standard","video":"","gallery":"","source_name":"","source_url":"","via_name":"","via_url":"","override":[{"single_blog_custom":"","sidebar":"","second_sidebar":"","share_position":"","share_float_style":"","post_date_format":"","post_date_format_custom":"","post_reading_time_wpm":"","zoom_button_out_step":"1","zoom_button_in_step":"1","number_popup_post":"1"}],"image_override":[{"single_post_thumbnail_size":"","single_post_gallery_size":""}],"trending_post_position":"","trending_post_label":"","sponsored_post_label":"","sponsored_post_name":"","sponsored_post_url":"","sponsored_post_logo":"","sponsored_post_desc":""},"jnews_primary_category":{"id":"25"},"footnotes":""},"categories":[25],"tags":[6,13],"class_list":["post-23882","post","type-post","status-publish","format-standard","has-post-thumbnail","hentry","category-rumors","tag-app-store","tag-techpatient"],"yoast_head":"<!-- This site is optimized with the Yoast SEO Premium plugin v27.5 (Yoast SEO v27.5) - https:\/\/yoast.com\/product\/yoast-seo-premium-wordpress\/ -->\n<title>Kartellgesetze: Tim Cook kontaktiert Kongress-Mitglieder Apfelpatient<\/title>\n<meta name=\"description\" content=\"Hat der Apple CEO Kongressmitglieder angerufen? Dabei \u00e4u\u00dferte Cook seine Besorgnis \u00fcber die drohende Kartellgesetzgebung.\" \/>\n<meta name=\"robots\" content=\"index, follow, max-snippet:-1, max-image-preview:large, max-video-preview:-1\" \/>\n<link rel=\"canonical\" href=\"https:\/\/www.apfelpatient.de\/en\/rumors\/antitrust-laws-tim-cook-contacts-congress-members\" \/>\n<meta property=\"og:locale\" content=\"en_US\" \/>\n<meta property=\"og:type\" content=\"article\" \/>\n<meta property=\"og:title\" content=\"Kartellgesetze: Tim Cook kontaktiert Kongress-Mitglieder\" \/>\n<meta property=\"og:description\" content=\"Hat der Apple CEO Kongressmitglieder angerufen? Dabei \u00e4u\u00dferte Cook seine Besorgnis \u00fcber die drohende Kartellgesetzgebung.\" \/>\n<meta property=\"og:url\" content=\"https:\/\/www.apfelpatient.de\/en\/rumors\/antitrust-laws-tim-cook-contacts-congress-members\" \/>\n<meta property=\"og:site_name\" content=\"Apfelpatient\" \/>\n<meta property=\"article:publisher\" content=\"https:\/\/www.facebook.com\/apfelpatientOfficial\" \/>\n<meta property=\"article:author\" content=\"https:\/\/www.facebook.com\/apfelpatientOfficial\" \/>\n<meta property=\"article:published_time\" content=\"2021-06-23T11:30:25+00:00\" \/>\n<meta property=\"article:modified_time\" content=\"2021-06-23T11:32:03+00:00\" \/>\n<meta property=\"og:image\" content=\"https:\/\/www.apfelpatient.de\/wp-content\/uploads\/2021\/06\/Apple-keynote-Tim-Cook-September-event-09122018.jpg\" \/>\n\t<meta property=\"og:image:width\" content=\"1632\" \/>\n\t<meta property=\"og:image:height\" content=\"1086\" \/>\n\t<meta property=\"og:image:type\" content=\"image\/jpeg\" \/>\n<meta name=\"author\" content=\"Milan\" \/>\n<meta name=\"twitter:card\" content=\"summary_large_image\" \/>\n<meta name=\"twitter:description\" content=\"Hat der Apple CEO Kongressmitglieder angerufen? Dabei \u00e4u\u00dferte Cook seine Besorgnis \u00fcber die drohende Kartellgesetzgebung.\" \/>\n<meta name=\"twitter:label1\" content=\"Written by\" \/>\n\t<meta name=\"twitter:data1\" content=\"Milan\" \/>\n\t<meta name=\"twitter:label2\" content=\"Est. reading time\" \/>\n\t<meta name=\"twitter:data2\" content=\"2 minutes\" \/>\n<script type=\"application\/ld+json\" class=\"yoast-schema-graph\">{\"@context\":\"https:\\\/\\\/schema.org\",\"@graph\":[{\"@type\":\"NewsArticle\",\"@id\":\"https:\\\/\\\/www.apfelpatient.de\\\/rumors\\\/kartellgesetze-tim-cook-kontaktiert-kongress-mitglieder#article\",\"isPartOf\":{\"@id\":\"https:\\\/\\\/www.apfelpatient.de\\\/rumors\\\/kartellgesetze-tim-cook-kontaktiert-kongress-mitglieder\"},\"author\":{\"@type\":\"Organization\",\"@id\":\"https:\\\/\\\/www.apfelpatient.de\\\/en\\\/#organization\",\"name\":\"Apfelpatient\",\"url\":\"https:\\\/\\\/www.apfelpatient.de\\\/en\\\/\"},\"headline\":\"Kartellgesetze: Tim Cook kontaktiert Kongress-Mitglieder\",\"datePublished\":\"2021-06-23T11:30:25+00:00\",\"dateModified\":\"2021-06-23T11:32:03+00:00\",\"mainEntityOfPage\":{\"@id\":\"https:\\\/\\\/www.apfelpatient.de\\\/rumors\\\/kartellgesetze-tim-cook-kontaktiert-kongress-mitglieder\"},\"wordCount\":411,\"publisher\":{\"@type\":\"Organization\",\"@id\":\"https:\\\/\\\/www.apfelpatient.de\\\/en\\\/#organization\",\"name\":\"Apfelpatient\",\"url\":\"https:\\\/\\\/www.apfelpatient.de\\\/en\\\/\"},\"image\":{\"@id\":\"https:\\\/\\\/www.apfelpatient.de\\\/rumors\\\/kartellgesetze-tim-cook-kontaktiert-kongress-mitglieder#primaryimage\"},\"thumbnailUrl\":\"https:\\\/\\\/www.apfelpatient.de\\\/wp-content\\\/uploads\\\/2021\\\/06\\\/Apple-keynote-Tim-Cook-September-event-09122018.jpg\",\"keywords\":[\"App Store\",\"TechPatient\"],\"articleSection\":\"Rumors\",\"inLanguage\":\"en-US\",\"copyrightYear\":\"2021\",\"copyrightHolder\":{\"@id\":\"https:\\\/\\\/www.apfelpatient.de\\\/en\\\/#organization\"}},{\"@type\":\"WebPage\",\"@id\":\"https:\\\/\\\/www.apfelpatient.de\\\/rumors\\\/kartellgesetze-tim-cook-kontaktiert-kongress-mitglieder\",\"url\":\"https:\\\/\\\/www.apfelpatient.de\\\/rumors\\\/kartellgesetze-tim-cook-kontaktiert-kongress-mitglieder\",\"name\":\"Kartellgesetze: Tim Cook kontaktiert Kongress-Mitglieder Apfelpatient\",\"isPartOf\":{\"@id\":\"https:\\\/\\\/www.apfelpatient.de\\\/#website\"},\"primaryImageOfPage\":{\"@id\":\"https:\\\/\\\/www.apfelpatient.de\\\/rumors\\\/kartellgesetze-tim-cook-kontaktiert-kongress-mitglieder#primaryimage\"},\"image\":{\"@id\":\"https:\\\/\\\/www.apfelpatient.de\\\/rumors\\\/kartellgesetze-tim-cook-kontaktiert-kongress-mitglieder#primaryimage\"},\"thumbnailUrl\":\"https:\\\/\\\/www.apfelpatient.de\\\/wp-content\\\/uploads\\\/2021\\\/06\\\/Apple-keynote-Tim-Cook-September-event-09122018.jpg\",\"datePublished\":\"2021-06-23T11:30:25+00:00\",\"dateModified\":\"2021-06-23T11:32:03+00:00\",\"description\":\"Hat der Apple CEO Kongressmitglieder angerufen? Dabei \u00e4u\u00dferte Cook seine Besorgnis \u00fcber die drohende Kartellgesetzgebung.\",\"breadcrumb\":{\"@id\":\"https:\\\/\\\/www.apfelpatient.de\\\/rumors\\\/kartellgesetze-tim-cook-kontaktiert-kongress-mitglieder#breadcrumb\"},\"inLanguage\":\"en-US\",\"potentialAction\":[{\"@type\":\"ReadAction\",\"target\":[\"https:\\\/\\\/www.apfelpatient.de\\\/rumors\\\/kartellgesetze-tim-cook-kontaktiert-kongress-mitglieder\"]}]},{\"@type\":\"ImageObject\",\"inLanguage\":\"en-US\",\"@id\":\"https:\\\/\\\/www.apfelpatient.de\\\/rumors\\\/kartellgesetze-tim-cook-kontaktiert-kongress-mitglieder#primaryimage\",\"url\":\"https:\\\/\\\/www.apfelpatient.de\\\/wp-content\\\/uploads\\\/2021\\\/06\\\/Apple-keynote-Tim-Cook-September-event-09122018.jpg\",\"contentUrl\":\"https:\\\/\\\/www.apfelpatient.de\\\/wp-content\\\/uploads\\\/2021\\\/06\\\/Apple-keynote-Tim-Cook-September-event-09122018.jpg\",\"width\":1632,\"height\":1086,\"caption\":\"Bild: Apple - Tim Cook\"},{\"@type\":\"BreadcrumbList\",\"@id\":\"https:\\\/\\\/www.apfelpatient.de\\\/rumors\\\/kartellgesetze-tim-cook-kontaktiert-kongress-mitglieder#breadcrumb\",\"itemListElement\":[{\"@type\":\"ListItem\",\"position\":1,\"name\":\"Startseite\",\"item\":\"https:\\\/\\\/www.apfelpatient.de\\\/\"},{\"@type\":\"ListItem\",\"position\":2,\"name\":\"Kartellgesetze: Tim Cook kontaktiert Kongress-Mitglieder\"}]},{\"@type\":\"WebSite\",\"@id\":\"https:\\\/\\\/www.apfelpatient.de\\\/#website\",\"url\":\"https:\\\/\\\/www.apfelpatient.de\\\/\",\"name\":\"Apfelpatient\",\"description\":\"Alles rund um Apple!\",\"publisher\":{\"@type\":\"Organization\",\"@id\":\"https:\\\/\\\/www.apfelpatient.de\\\/en\\\/#organization\",\"name\":\"Apfelpatient\",\"url\":\"https:\\\/\\\/www.apfelpatient.de\\\/en\\\/\"},\"alternateName\":\"Apfelpatient\",\"potentialAction\":[{\"@type\":\"SearchAction\",\"target\":{\"@type\":\"EntryPoint\",\"urlTemplate\":\"https:\\\/\\\/www.apfelpatient.de\\\/?s={search_term_string}\"},\"query-input\":{\"@type\":\"PropertyValueSpecification\",\"valueRequired\":true,\"valueName\":\"search_term_string\"}}],\"inLanguage\":\"en-US\"},{\"@type\":[\"Person\",\"Organization\"],\"@id\":\"https:\\\/\\\/www.apfelpatient.de\\\/#\\\/schema\\\/person\\\/35b3ddba5832f2bfc7fff5206d4f6b7b\",\"name\":\"Milan\",\"logo\":{\"@id\":\"https:\\\/\\\/www.apfelpatient.de\\\/#\\\/schema\\\/person\\\/image\\\/\"},\"description\":\"Hallo und herzlich willkommen auf meinem Technik-Blog! Als gro\u00dfer Apple-Fan berichte ich hier \u00fcber alles, was mit Apple zu tun hat: von den neuesten News und spannenden Ger\u00fcchten \u00fcber hilfreiche Tipps und Tricks bis hin zu ausf\u00fchrlichen Produkttests. Wenn du genauso technikbegeistert bist wie ich, bist du hier genau richtig!\",\"sameAs\":[\"https:\\\/\\\/www.facebook.com\\\/apfelpatientOfficial\",\"https:\\\/\\\/www.linkedin.com\\\/in\\\/milan-jovicic-42aa0231b\"],\"url\":\"https:\\\/\\\/www.apfelpatient.de\\\/en\\\/author\\\/apfeladmin\"}]}<\/script>\n<!-- \/ Yoast SEO Premium plugin. -->","yoast_head_json":{"title":"Antitrust Laws: Tim Cook Contacts Members of Congress Apfelpatient","description":"Did the Apple CEO call members of Congress? Cook expressed his concerns about impending antitrust legislation.","robots":{"index":"index","follow":"follow","max-snippet":"max-snippet:-1","max-image-preview":"max-image-preview:large","max-video-preview":"max-video-preview:-1"},"canonical":"https:\/\/www.apfelpatient.de\/en\/rumors\/antitrust-laws-tim-cook-contacts-congress-members","og_locale":"en_US","og_type":"article","og_title":"Kartellgesetze: Tim Cook kontaktiert Kongress-Mitglieder","og_description":"Hat der Apple CEO Kongressmitglieder angerufen? Dabei \u00e4u\u00dferte Cook seine Besorgnis \u00fcber die drohende Kartellgesetzgebung.","og_url":"https:\/\/www.apfelpatient.de\/en\/rumors\/antitrust-laws-tim-cook-contacts-congress-members","og_site_name":"Apfelpatient","article_publisher":"https:\/\/www.facebook.com\/apfelpatientOfficial","article_author":"https:\/\/www.facebook.com\/apfelpatientOfficial","article_published_time":"2021-06-23T11:30:25+00:00","article_modified_time":"2021-06-23T11:32:03+00:00","og_image":[{"width":1632,"height":1086,"url":"https:\/\/www.apfelpatient.de\/wp-content\/uploads\/2021\/06\/Apple-keynote-Tim-Cook-September-event-09122018.jpg","type":"image\/jpeg"}],"author":"Milan","twitter_card":"summary_large_image","twitter_description":"Hat der Apple CEO Kongressmitglieder angerufen? Dabei \u00e4u\u00dferte Cook seine Besorgnis \u00fcber die drohende Kartellgesetzgebung.","twitter_misc":{"Written by":"Milan","Est. reading time":"2 minutes"},"schema":{"@context":"https:\/\/schema.org","@graph":[{"@type":"NewsArticle","@id":"https:\/\/www.apfelpatient.de\/rumors\/kartellgesetze-tim-cook-kontaktiert-kongress-mitglieder#article","isPartOf":{"@id":"https:\/\/www.apfelpatient.de\/rumors\/kartellgesetze-tim-cook-kontaktiert-kongress-mitglieder"},"author":{"@type":"Organization","@id":"https:\/\/www.apfelpatient.de\/en\/#organization","name":"Apfelpatient","url":"https:\/\/www.apfelpatient.de\/en\/"},"headline":"Kartellgesetze: Tim Cook kontaktiert Kongress-Mitglieder","datePublished":"2021-06-23T11:30:25+00:00","dateModified":"2021-06-23T11:32:03+00:00","mainEntityOfPage":{"@id":"https:\/\/www.apfelpatient.de\/rumors\/kartellgesetze-tim-cook-kontaktiert-kongress-mitglieder"},"wordCount":411,"publisher":{"@type":"Organization","@id":"https:\/\/www.apfelpatient.de\/en\/#organization","name":"Apfelpatient","url":"https:\/\/www.apfelpatient.de\/en\/"},"image":{"@id":"https:\/\/www.apfelpatient.de\/rumors\/kartellgesetze-tim-cook-kontaktiert-kongress-mitglieder#primaryimage"},"thumbnailUrl":"https:\/\/www.apfelpatient.de\/wp-content\/uploads\/2021\/06\/Apple-keynote-Tim-Cook-September-event-09122018.jpg","keywords":["App Store","TechPatient"],"articleSection":"Rumors","inLanguage":"en-US","copyrightYear":"2021","copyrightHolder":{"@id":"https:\/\/www.apfelpatient.de\/en\/#organization"}},{"@type":"WebPage","@id":"https:\/\/www.apfelpatient.de\/rumors\/kartellgesetze-tim-cook-kontaktiert-kongress-mitglieder","url":"https:\/\/www.apfelpatient.de\/rumors\/kartellgesetze-tim-cook-kontaktiert-kongress-mitglieder","name":"Antitrust Laws: Tim Cook Contacts Members of Congress Apfelpatient","isPartOf":{"@id":"https:\/\/www.apfelpatient.de\/#website"},"primaryImageOfPage":{"@id":"https:\/\/www.apfelpatient.de\/rumors\/kartellgesetze-tim-cook-kontaktiert-kongress-mitglieder#primaryimage"},"image":{"@id":"https:\/\/www.apfelpatient.de\/rumors\/kartellgesetze-tim-cook-kontaktiert-kongress-mitglieder#primaryimage"},"thumbnailUrl":"https:\/\/www.apfelpatient.de\/wp-content\/uploads\/2021\/06\/Apple-keynote-Tim-Cook-September-event-09122018.jpg","datePublished":"2021-06-23T11:30:25+00:00","dateModified":"2021-06-23T11:32:03+00:00","description":"Did the Apple CEO call members of Congress? Cook expressed his concerns about impending antitrust legislation.","breadcrumb":{"@id":"https:\/\/www.apfelpatient.de\/rumors\/kartellgesetze-tim-cook-kontaktiert-kongress-mitglieder#breadcrumb"},"inLanguage":"en-US","potentialAction":[{"@type":"ReadAction","target":["https:\/\/www.apfelpatient.de\/rumors\/kartellgesetze-tim-cook-kontaktiert-kongress-mitglieder"]}]},{"@type":"ImageObject","inLanguage":"en-US","@id":"https:\/\/www.apfelpatient.de\/rumors\/kartellgesetze-tim-cook-kontaktiert-kongress-mitglieder#primaryimage","url":"https:\/\/www.apfelpatient.de\/wp-content\/uploads\/2021\/06\/Apple-keynote-Tim-Cook-September-event-09122018.jpg","contentUrl":"https:\/\/www.apfelpatient.de\/wp-content\/uploads\/2021\/06\/Apple-keynote-Tim-Cook-September-event-09122018.jpg","width":1632,"height":1086,"caption":"Bild: Apple - Tim Cook"},{"@type":"BreadcrumbList","@id":"https:\/\/www.apfelpatient.de\/rumors\/kartellgesetze-tim-cook-kontaktiert-kongress-mitglieder#breadcrumb","itemListElement":[{"@type":"ListItem","position":1,"name":"Startseite","item":"https:\/\/www.apfelpatient.de\/"},{"@type":"ListItem","position":2,"name":"Kartellgesetze: Tim Cook kontaktiert Kongress-Mitglieder"}]},{"@type":"WebSite","@id":"https:\/\/www.apfelpatient.de\/#website","url":"https:\/\/www.apfelpatient.de\/","name":"apple patient","description":"Everything about Apple!","publisher":{"@type":"Organization","@id":"https:\/\/www.apfelpatient.de\/en\/#organization","name":"Apfelpatient","url":"https:\/\/www.apfelpatient.de\/en\/"},"alternateName":"Apfelpatient","potentialAction":[{"@type":"SearchAction","target":{"@type":"EntryPoint","urlTemplate":"https:\/\/www.apfelpatient.de\/?s={search_term_string}"},"query-input":{"@type":"PropertyValueSpecification","valueRequired":true,"valueName":"search_term_string"}}],"inLanguage":"en-US"},{"@type":["Person","Organization"],"@id":"https:\/\/www.apfelpatient.de\/#\/schema\/person\/35b3ddba5832f2bfc7fff5206d4f6b7b","name":"Milan","logo":{"@id":"https:\/\/www.apfelpatient.de\/#\/schema\/person\/image\/"},"description":"Hello and welcome to my technology blog! As a big Apple fan, I report on everything to do with Apple: from the latest news and exciting rumors to helpful tips and tricks and detailed product tests. If you are as enthusiastic about technology as I am, you have come to the right place!","sameAs":["https:\/\/www.facebook.com\/apfelpatientOfficial","https:\/\/www.linkedin.com\/in\/milan-jovicic-42aa0231b"],"url":"https:\/\/www.apfelpatient.de\/en\/author\/apfeladmin"}]}},"_links":{"self":[{"href":"https:\/\/www.apfelpatient.de\/en\/wp-json\/wp\/v2\/posts\/23882","targetHints":{"allow":["GET"]}}],"collection":[{"href":"https:\/\/www.apfelpatient.de\/en\/wp-json\/wp\/v2\/posts"}],"about":[{"href":"https:\/\/www.apfelpatient.de\/en\/wp-json\/wp\/v2\/types\/post"}],"author":[{"embeddable":true,"href":"https:\/\/www.apfelpatient.de\/en\/wp-json\/wp\/v2\/users\/2"}],"replies":[{"embeddable":true,"href":"https:\/\/www.apfelpatient.de\/en\/wp-json\/wp\/v2\/comments?post=23882"}],"version-history":[{"count":0,"href":"https:\/\/www.apfelpatient.de\/en\/wp-json\/wp\/v2\/posts\/23882\/revisions"}],"wp:featuredmedia":[{"embeddable":true,"href":"https:\/\/www.apfelpatient.de\/en\/wp-json\/wp\/v2\/media\/23880"}],"wp:attachment":[{"href":"https:\/\/www.apfelpatient.de\/en\/wp-json\/wp\/v2\/media?parent=23882"}],"wp:term":[{"taxonomy":"category","embeddable":true,"href":"https:\/\/www.apfelpatient.de\/en\/wp-json\/wp\/v2\/categories?post=23882"},{"taxonomy":"post_tag","embeddable":true,"href":"https:\/\/www.apfelpatient.de\/en\/wp-json\/wp\/v2\/tags?post=23882"}],"curies":[{"name":"wp","href":"https:\/\/api.w.org\/{rel}","templated":true}]}}