{"id":23875,"date":"2021-06-22T19:35:04","date_gmt":"2021-06-22T17:35:04","guid":{"rendered":"https:\/\/www.apfelpatient.de\/?p=23875"},"modified":"2021-06-22T19:35:36","modified_gmt":"2021-06-22T17:35:36","slug":"apple-tower-theater-new-apple-store-opening-soon","status":"publish","type":"post","link":"https:\/\/www.apfelpatient.de\/en\/news\/apple-tower-theatre-neuer-apple-store-oeffnet-demnaechst","title":{"rendered":"Apple Tower Theatre: New Apple Store opens soon"},"content":{"rendered":"<p class=\"has-drop-cap\"><strong>Apple announced this evening via press release the opening of a new store in Los Angeles \u2013 the Apple Tower Theater.<\/strong><\/p>\n\n\n\n<p>Apple today announced its newest retail location in the historic Tower Theatre in downtown Los Angeles via press release. <a href=\"https:\/\/www.apple.com\/newsroom\/2021\/06\/apple-tower-theatre-opens-thursday-in-downtown-los-angeles\/\" target=\"_blank\" rel=\"noreferrer noopener\">Pursue<\/a>:<\/p>\n\n\n\n<blockquote class=\"wp-block-quote is-layout-flow wp-block-quote-is-layout-flow\"><p>The Apple Tower Theater is one of Apple&#039;s most significant restoration projects and is designed to inspire even more creativity in the heart of the city. With the opening of the new store in Los Angeles, Apple also launches Today at Apple Creative Studios, a global initiative that offers young creatives hands-on experience and mentoring.<\/p><\/blockquote>\n\n\n\n<p>The Apple Tower Theater is Apple&#039;s 26th location in the greater Los Angeles area. Apple&#039;s Senior Vice President of Retail, Deirdre O&#039;Brien, said:<\/p>\n\n\n\n<h3 class=\"wp-block-heading\" id=\"h-apple-tower-theatre-ein-geb-ude-voller-geschichte\">Apple Tower Theatre: A building full of history<\/h3>\n\n\n\n\n\n\n\n<blockquote class=\"wp-block-quote is-layout-flow wp-block-quote-is-layout-flow\"><p>Los Angeles is bursting with creativity in the arts, music and entertainment at every corner, and we are thrilled to continue to expand our relationship with this special city. The Apple Tower Theatre honors the rich history and heritage of this entertainment capital.<\/p><\/blockquote>\n\n\n\n<figure class=\"wp-block-image size-large\"><img decoding=\"async\" width=\"1024\" height=\"576\" src=\"https:\/\/www.apfelpatient.de\/wp-content\/uploads\/2021\/06\/apple_nso-tower-theater-la_street-view_06222021-1024x576.jpg\" alt=\"Apple Tower Theater\" class=\"wp-image-23874\" srcset=\"https:\/\/www.apfelpatient.de\/wp-content\/uploads\/2021\/06\/apple_nso-tower-theater-la_street-view_06222021-1024x576.jpg 1024w, https:\/\/www.apfelpatient.de\/wp-content\/uploads\/2021\/06\/apple_nso-tower-theater-la_street-view_06222021-300x169.jpg 300w, https:\/\/www.apfelpatient.de\/wp-content\/uploads\/2021\/06\/apple_nso-tower-theater-la_street-view_06222021-768x432.jpg 768w, https:\/\/www.apfelpatient.de\/wp-content\/uploads\/2021\/06\/apple_nso-tower-theater-la_street-view_06222021-1536x864.jpg 1536w, https:\/\/www.apfelpatient.de\/wp-content\/uploads\/2021\/06\/apple_nso-tower-theater-la_street-view_06222021-750x422.jpg 750w, https:\/\/www.apfelpatient.de\/wp-content\/uploads\/2021\/06\/apple_nso-tower-theater-la_street-view_06222021-1140x641.jpg 1140w, https:\/\/www.apfelpatient.de\/wp-content\/uploads\/2021\/06\/apple_nso-tower-theater-la_street-view_06222021.jpg 1600w\" sizes=\"(max-width: 1024px) 100vw, 1024px\" \/><figcaption>Image: Apple \u2013 Apple Tower Theater<\/figcaption><\/figure>\n\n\n\n<p>The building was designed in 1927 by famous movie theater architect S. Charles Lee and was the first cinema in Los Angeles to be wired with sound for films.<\/p>\n\n\n\n<blockquote class=\"wp-block-quote is-layout-flow wp-block-quote-is-layout-flow\"><p>This legacy of technological innovation continues today and is the perfect place to explore Apple&#039;s entire line of iPhone, iPad and Mac, which have transformed modern filmmaking, photography and music composition.<\/p><\/blockquote>\n\n\n\n<figure class=\"wp-block-image size-large\"><img decoding=\"async\" width=\"1024\" height=\"768\" src=\"https:\/\/www.apfelpatient.de\/wp-content\/uploads\/2021\/06\/apple_nso-tower-theater-la_chandelier_06222021-1024x768.jpg\" alt=\"Apple Tower Theater\" class=\"wp-image-23864\" srcset=\"https:\/\/www.apfelpatient.de\/wp-content\/uploads\/2021\/06\/apple_nso-tower-theater-la_chandelier_06222021-1024x768.jpg 1024w, https:\/\/www.apfelpatient.de\/wp-content\/uploads\/2021\/06\/apple_nso-tower-theater-la_chandelier_06222021-300x225.jpg 300w, https:\/\/www.apfelpatient.de\/wp-content\/uploads\/2021\/06\/apple_nso-tower-theater-la_chandelier_06222021-768x576.jpg 768w, https:\/\/www.apfelpatient.de\/wp-content\/uploads\/2021\/06\/apple_nso-tower-theater-la_chandelier_06222021-1536x1152.jpg 1536w, https:\/\/www.apfelpatient.de\/wp-content\/uploads\/2021\/06\/apple_nso-tower-theater-la_chandelier_06222021-750x563.jpg 750w, https:\/\/www.apfelpatient.de\/wp-content\/uploads\/2021\/06\/apple_nso-tower-theater-la_chandelier_06222021-1140x855.jpg 1140w, https:\/\/www.apfelpatient.de\/wp-content\/uploads\/2021\/06\/apple_nso-tower-theater-la_chandelier_06222021.jpg 1600w\" sizes=\"(max-width: 1024px) 100vw, 1024px\" \/><figcaption>Image: Apple \u2013 Apple Tower Theater<\/figcaption><\/figure>\n\n\n\n<p>The cinema itself was closed in 1988 and has remained unused since then.<\/p>\n\n\n\n<blockquote class=\"wp-block-quote is-layout-flow wp-block-quote-is-layout-flow\"><p>With the same care as previous restoration projects, Apple worked with leading preservationists, restoration artists and the City of Los Angeles to preserve and restore the theater&#039;s beauty and grandeur. Every surface was meticulously refinished and the building underwent a complete seismic upgrade.<\/p><\/blockquote>\n\n\n\n<figure class=\"wp-block-image size-large\"><img decoding=\"async\" width=\"1024\" height=\"576\" src=\"https:\/\/www.apfelpatient.de\/wp-content\/uploads\/2021\/06\/apple_nso-tower-theater-la_balcony-view_06222021-1024x576.jpg\" alt=\"Apple Tower Theater\" class=\"wp-image-23863\" srcset=\"https:\/\/www.apfelpatient.de\/wp-content\/uploads\/2021\/06\/apple_nso-tower-theater-la_balcony-view_06222021-1024x576.jpg 1024w, https:\/\/www.apfelpatient.de\/wp-content\/uploads\/2021\/06\/apple_nso-tower-theater-la_balcony-view_06222021-300x169.jpg 300w, https:\/\/www.apfelpatient.de\/wp-content\/uploads\/2021\/06\/apple_nso-tower-theater-la_balcony-view_06222021-768x432.jpg 768w, https:\/\/www.apfelpatient.de\/wp-content\/uploads\/2021\/06\/apple_nso-tower-theater-la_balcony-view_06222021-1536x864.jpg 1536w, https:\/\/www.apfelpatient.de\/wp-content\/uploads\/2021\/06\/apple_nso-tower-theater-la_balcony-view_06222021-750x422.jpg 750w, https:\/\/www.apfelpatient.de\/wp-content\/uploads\/2021\/06\/apple_nso-tower-theater-la_balcony-view_06222021-1140x641.jpg 1140w, https:\/\/www.apfelpatient.de\/wp-content\/uploads\/2021\/06\/apple_nso-tower-theater-la_balcony-view_06222021.jpg 1600w\" sizes=\"(max-width: 1024px) 100vw, 1024px\" \/><figcaption>Image: Apple \u2013 Apple Tower Theater<\/figcaption><\/figure>\n\n\n\n<p>The new Apple Retail Store will officially open its doors on Thursday, June 24, 2021. (Image: Apple)<\/p>\n\n\n\n<ul class=\"wp-block-list\"><li><a href=\"https:\/\/www.apfelpatient.de\/en\/news\/in-rome-apple-announces-the-opening-of-the-apple-via-del-corso-store\">In Rome: Apple announces opening of Apple Via del Corso Store<\/a><\/li><\/ul>\n\n\n\n<h6 class=\"wp-block-heading translation-block\" id=\"h-kennt-ihr-schon-unsere-amazon-storefront-dort-findet-ihr-eine-handverlesene-auswahl-von-diversen-produkten-f-r-euer-iphone-und-co-viel-spa-beim-st-bern\"><em>Have you already visited our Amazon Storefront? There you&#039;ll find a hand-picked selection of various products for your iPhone and other devices \u2013 <span class=\"has-inline-color has-vivid-red-color\"><a href=\"https:\/\/www.amazon.de\/shop\/apfelpatientofficial\" class=\"ek-link\" data-wpel-link=\"exclude\" rel=\"follow noopener\" target=\"_self\"><span style=\"text-decoration: underline\" class=\"ek-underline\">enjoy browsing<\/span><\/a> !<\/span><\/em><\/h6>\n\n\n\n<h6 class=\"wp-block-heading translation-block\" id=\"h-der-beitrag-enthalt-partnerlinks\">This post contains <a data-type=\"URL\" data-id=\"https:\/\/www.apfelpatient.de\/partnerprogramm\" href=\"https:\/\/www.apfelpatient.de\/en\/partner-program\" data-wpel-link=\"internal\" target=\"_self\">affiliate links<\/a>.<\/h6>","protected":false},"excerpt":{"rendered":"<p>Apple announced this evening in a press release the opening of a new retail store \u2013 the Apple Tower Theatre.<\/p>","protected":false},"author":2,"featured_media":23874,"comment_status":"closed","ping_status":"closed","sticky":false,"template":"","format":"standard","meta":{"jnews-multi-image_gallery":[],"jnews_single_post":{"subtitle":"","format":"standard","video":"","gallery":"","source_name":"","source_url":"","via_name":"","via_url":"","override":[{"single_blog_custom":"","sidebar":"","second_sidebar":"","share_position":"","share_float_style":"","post_date_format":"","post_date_format_custom":"","post_reading_time_wpm":"","zoom_button_out_step":"1","zoom_button_in_step":"1","number_popup_post":"1"}],"image_override":[{"single_post_thumbnail_size":"","single_post_gallery_size":""}],"trending_post_position":"","trending_post_label":"","sponsored_post_label":"","sponsored_post_name":"","sponsored_post_url":"","sponsored_post_logo":"","sponsored_post_desc":""},"jnews_primary_category":{"id":"9"},"footnotes":""},"categories":[9],"tags":[13],"class_list":["post-23875","post","type-post","status-publish","format-standard","has-post-thumbnail","hentry","category-news","tag-techpatient"],"yoast_head":"<!-- This site is optimized with the Yoast SEO Premium plugin v27.5 (Yoast SEO v27.5) - https:\/\/yoast.com\/product\/yoast-seo-premium-wordpress\/ -->\n<title>Apple Tower Theatre: Neuer Apple Store \u00f6ffnet demn\u00e4chst Apfelpatient<\/title>\n<meta name=\"description\" content=\"Apple hat am heutigen Abend mittels Pressemitteilung die Er\u00f6ffnung eines neuen Ladengesch\u00e4fts bekanntgegeben - das Apple Tower Theatre.\" \/>\n<meta name=\"robots\" content=\"index, follow, max-snippet:-1, max-image-preview:large, max-video-preview:-1\" \/>\n<link rel=\"canonical\" href=\"https:\/\/www.apfelpatient.de\/en\/news\/apple-tower-theater-new-apple-store-opening-soon\" \/>\n<meta property=\"og:locale\" content=\"en_US\" \/>\n<meta property=\"og:type\" content=\"article\" \/>\n<meta property=\"og:title\" content=\"Apple Tower Theatre: Neuer Apple Store \u00f6ffnet demn\u00e4chst\" \/>\n<meta property=\"og:description\" content=\"Apple hat am heutigen Abend mittels Pressemitteilung die Er\u00f6ffnung eines neuen Ladengesch\u00e4fts bekanntgegeben - das Apple Tower Theatre.\" \/>\n<meta property=\"og:url\" content=\"https:\/\/www.apfelpatient.de\/en\/news\/apple-tower-theater-new-apple-store-opening-soon\" \/>\n<meta property=\"og:site_name\" content=\"Apfelpatient\" \/>\n<meta property=\"article:publisher\" content=\"https:\/\/www.facebook.com\/apfelpatientOfficial\" \/>\n<meta property=\"article:author\" content=\"https:\/\/www.facebook.com\/apfelpatientOfficial\" \/>\n<meta property=\"article:published_time\" content=\"2021-06-22T17:35:04+00:00\" \/>\n<meta property=\"article:modified_time\" content=\"2021-06-22T17:35:36+00:00\" \/>\n<meta property=\"og:image\" content=\"https:\/\/www.apfelpatient.de\/wp-content\/uploads\/2021\/06\/apple_nso-tower-theater-la_street-view_06222021.jpg\" \/>\n\t<meta property=\"og:image:width\" content=\"1600\" \/>\n\t<meta property=\"og:image:height\" content=\"900\" \/>\n\t<meta property=\"og:image:type\" content=\"image\/jpeg\" \/>\n<meta name=\"author\" content=\"Milan\" \/>\n<meta name=\"twitter:card\" content=\"summary_large_image\" \/>\n<meta name=\"twitter:description\" content=\"Apple hat am heutigen Abend mittels Pressemitteilung die Er\u00f6ffnung eines neuen Ladengesch\u00e4fts bekanntgegeben - das Apple Tower Theatre.\" \/>\n<meta name=\"twitter:label1\" content=\"Written by\" \/>\n\t<meta name=\"twitter:data1\" content=\"Milan\" \/>\n\t<meta name=\"twitter:label2\" content=\"Est. reading time\" \/>\n\t<meta name=\"twitter:data2\" content=\"3 minutes\" \/>\n<script type=\"application\/ld+json\" class=\"yoast-schema-graph\">{\"@context\":\"https:\\\/\\\/schema.org\",\"@graph\":[{\"@type\":\"NewsArticle\",\"@id\":\"https:\\\/\\\/www.apfelpatient.de\\\/news\\\/apple-tower-theatre-neuer-apple-store-oeffnet-demnaechst#article\",\"isPartOf\":{\"@id\":\"https:\\\/\\\/www.apfelpatient.de\\\/news\\\/apple-tower-theatre-neuer-apple-store-oeffnet-demnaechst\"},\"author\":{\"@type\":\"Organization\",\"@id\":\"https:\\\/\\\/www.apfelpatient.de\\\/en\\\/#organization\",\"name\":\"Apfelpatient\",\"url\":\"https:\\\/\\\/www.apfelpatient.de\\\/en\\\/\"},\"headline\":\"Apple Tower Theatre: Neuer Apple Store \u00f6ffnet demn\u00e4chst\",\"datePublished\":\"2021-06-22T17:35:04+00:00\",\"dateModified\":\"2021-06-22T17:35:36+00:00\",\"mainEntityOfPage\":{\"@id\":\"https:\\\/\\\/www.apfelpatient.de\\\/news\\\/apple-tower-theatre-neuer-apple-store-oeffnet-demnaechst\"},\"wordCount\":366,\"publisher\":{\"@type\":\"Organization\",\"@id\":\"https:\\\/\\\/www.apfelpatient.de\\\/en\\\/#organization\",\"name\":\"Apfelpatient\",\"url\":\"https:\\\/\\\/www.apfelpatient.de\\\/en\\\/\"},\"image\":{\"@id\":\"https:\\\/\\\/www.apfelpatient.de\\\/news\\\/apple-tower-theatre-neuer-apple-store-oeffnet-demnaechst#primaryimage\"},\"thumbnailUrl\":\"https:\\\/\\\/www.apfelpatient.de\\\/wp-content\\\/uploads\\\/2021\\\/06\\\/apple_nso-tower-theater-la_street-view_06222021.jpg\",\"keywords\":[\"TechPatient\"],\"articleSection\":\"News\",\"inLanguage\":\"en-US\",\"copyrightYear\":\"2021\",\"copyrightHolder\":{\"@id\":\"https:\\\/\\\/www.apfelpatient.de\\\/en\\\/#organization\"}},{\"@type\":\"WebPage\",\"@id\":\"https:\\\/\\\/www.apfelpatient.de\\\/news\\\/apple-tower-theatre-neuer-apple-store-oeffnet-demnaechst\",\"url\":\"https:\\\/\\\/www.apfelpatient.de\\\/news\\\/apple-tower-theatre-neuer-apple-store-oeffnet-demnaechst\",\"name\":\"Apple Tower Theatre: Neuer Apple Store \u00f6ffnet demn\u00e4chst Apfelpatient\",\"isPartOf\":{\"@id\":\"https:\\\/\\\/www.apfelpatient.de\\\/#website\"},\"primaryImageOfPage\":{\"@id\":\"https:\\\/\\\/www.apfelpatient.de\\\/news\\\/apple-tower-theatre-neuer-apple-store-oeffnet-demnaechst#primaryimage\"},\"image\":{\"@id\":\"https:\\\/\\\/www.apfelpatient.de\\\/news\\\/apple-tower-theatre-neuer-apple-store-oeffnet-demnaechst#primaryimage\"},\"thumbnailUrl\":\"https:\\\/\\\/www.apfelpatient.de\\\/wp-content\\\/uploads\\\/2021\\\/06\\\/apple_nso-tower-theater-la_street-view_06222021.jpg\",\"datePublished\":\"2021-06-22T17:35:04+00:00\",\"dateModified\":\"2021-06-22T17:35:36+00:00\",\"description\":\"Apple hat am heutigen Abend mittels Pressemitteilung die Er\u00f6ffnung eines neuen Ladengesch\u00e4fts bekanntgegeben - das Apple Tower Theatre.\",\"breadcrumb\":{\"@id\":\"https:\\\/\\\/www.apfelpatient.de\\\/news\\\/apple-tower-theatre-neuer-apple-store-oeffnet-demnaechst#breadcrumb\"},\"inLanguage\":\"en-US\",\"potentialAction\":[{\"@type\":\"ReadAction\",\"target\":[\"https:\\\/\\\/www.apfelpatient.de\\\/news\\\/apple-tower-theatre-neuer-apple-store-oeffnet-demnaechst\"]}]},{\"@type\":\"ImageObject\",\"inLanguage\":\"en-US\",\"@id\":\"https:\\\/\\\/www.apfelpatient.de\\\/news\\\/apple-tower-theatre-neuer-apple-store-oeffnet-demnaechst#primaryimage\",\"url\":\"https:\\\/\\\/www.apfelpatient.de\\\/wp-content\\\/uploads\\\/2021\\\/06\\\/apple_nso-tower-theater-la_street-view_06222021.jpg\",\"contentUrl\":\"https:\\\/\\\/www.apfelpatient.de\\\/wp-content\\\/uploads\\\/2021\\\/06\\\/apple_nso-tower-theater-la_street-view_06222021.jpg\",\"width\":1600,\"height\":900,\"caption\":\"Bild: Apple - Apple Tower Theatre\"},{\"@type\":\"BreadcrumbList\",\"@id\":\"https:\\\/\\\/www.apfelpatient.de\\\/news\\\/apple-tower-theatre-neuer-apple-store-oeffnet-demnaechst#breadcrumb\",\"itemListElement\":[{\"@type\":\"ListItem\",\"position\":1,\"name\":\"Startseite\",\"item\":\"https:\\\/\\\/www.apfelpatient.de\\\/\"},{\"@type\":\"ListItem\",\"position\":2,\"name\":\"Apple Tower Theatre: Neuer Apple Store \u00f6ffnet demn\u00e4chst\"}]},{\"@type\":\"WebSite\",\"@id\":\"https:\\\/\\\/www.apfelpatient.de\\\/#website\",\"url\":\"https:\\\/\\\/www.apfelpatient.de\\\/\",\"name\":\"Apfelpatient\",\"description\":\"Alles rund um Apple!\",\"publisher\":{\"@type\":\"Organization\",\"@id\":\"https:\\\/\\\/www.apfelpatient.de\\\/en\\\/#organization\",\"name\":\"Apfelpatient\",\"url\":\"https:\\\/\\\/www.apfelpatient.de\\\/en\\\/\"},\"alternateName\":\"Apfelpatient\",\"potentialAction\":[{\"@type\":\"SearchAction\",\"target\":{\"@type\":\"EntryPoint\",\"urlTemplate\":\"https:\\\/\\\/www.apfelpatient.de\\\/?s={search_term_string}\"},\"query-input\":{\"@type\":\"PropertyValueSpecification\",\"valueRequired\":true,\"valueName\":\"search_term_string\"}}],\"inLanguage\":\"en-US\"},{\"@type\":[\"Person\",\"Organization\"],\"@id\":\"https:\\\/\\\/www.apfelpatient.de\\\/#\\\/schema\\\/person\\\/35b3ddba5832f2bfc7fff5206d4f6b7b\",\"name\":\"Milan\",\"logo\":{\"@id\":\"https:\\\/\\\/www.apfelpatient.de\\\/#\\\/schema\\\/person\\\/image\\\/\"},\"description\":\"Hallo und herzlich willkommen auf meinem Technik-Blog! Als gro\u00dfer Apple-Fan berichte ich hier \u00fcber alles, was mit Apple zu tun hat: von den neuesten News und spannenden Ger\u00fcchten \u00fcber hilfreiche Tipps und Tricks bis hin zu ausf\u00fchrlichen Produkttests. Wenn du genauso technikbegeistert bist wie ich, bist du hier genau richtig!\",\"sameAs\":[\"https:\\\/\\\/www.facebook.com\\\/apfelpatientOfficial\",\"https:\\\/\\\/www.linkedin.com\\\/in\\\/milan-jovicic-42aa0231b\"],\"url\":\"https:\\\/\\\/www.apfelpatient.de\\\/en\\\/author\\\/apfeladmin\"}]}<\/script>\n<!-- \/ Yoast SEO Premium plugin. -->","yoast_head_json":{"title":"Apple Tower Theatre: New Apple Store to open soon Apfelpatient","description":"Apple announced this evening via press release the opening of a new store - the Apple Tower Theatre.","robots":{"index":"index","follow":"follow","max-snippet":"max-snippet:-1","max-image-preview":"max-image-preview:large","max-video-preview":"max-video-preview:-1"},"canonical":"https:\/\/www.apfelpatient.de\/en\/news\/apple-tower-theater-new-apple-store-opening-soon","og_locale":"en_US","og_type":"article","og_title":"Apple Tower Theatre: Neuer Apple Store \u00f6ffnet demn\u00e4chst","og_description":"Apple hat am heutigen Abend mittels Pressemitteilung die Er\u00f6ffnung eines neuen Ladengesch\u00e4fts bekanntgegeben - das Apple Tower Theatre.","og_url":"https:\/\/www.apfelpatient.de\/en\/news\/apple-tower-theater-new-apple-store-opening-soon","og_site_name":"Apfelpatient","article_publisher":"https:\/\/www.facebook.com\/apfelpatientOfficial","article_author":"https:\/\/www.facebook.com\/apfelpatientOfficial","article_published_time":"2021-06-22T17:35:04+00:00","article_modified_time":"2021-06-22T17:35:36+00:00","og_image":[{"width":1600,"height":900,"url":"https:\/\/www.apfelpatient.de\/wp-content\/uploads\/2021\/06\/apple_nso-tower-theater-la_street-view_06222021.jpg","type":"image\/jpeg"}],"author":"Milan","twitter_card":"summary_large_image","twitter_description":"Apple hat am heutigen Abend mittels Pressemitteilung die Er\u00f6ffnung eines neuen Ladengesch\u00e4fts bekanntgegeben - das Apple Tower Theatre.","twitter_misc":{"Written by":"Milan","Est. reading time":"3 minutes"},"schema":{"@context":"https:\/\/schema.org","@graph":[{"@type":"NewsArticle","@id":"https:\/\/www.apfelpatient.de\/news\/apple-tower-theatre-neuer-apple-store-oeffnet-demnaechst#article","isPartOf":{"@id":"https:\/\/www.apfelpatient.de\/news\/apple-tower-theatre-neuer-apple-store-oeffnet-demnaechst"},"author":{"@type":"Organization","@id":"https:\/\/www.apfelpatient.de\/en\/#organization","name":"Apfelpatient","url":"https:\/\/www.apfelpatient.de\/en\/"},"headline":"Apple Tower Theatre: Neuer Apple Store \u00f6ffnet demn\u00e4chst","datePublished":"2021-06-22T17:35:04+00:00","dateModified":"2021-06-22T17:35:36+00:00","mainEntityOfPage":{"@id":"https:\/\/www.apfelpatient.de\/news\/apple-tower-theatre-neuer-apple-store-oeffnet-demnaechst"},"wordCount":366,"publisher":{"@type":"Organization","@id":"https:\/\/www.apfelpatient.de\/en\/#organization","name":"Apfelpatient","url":"https:\/\/www.apfelpatient.de\/en\/"},"image":{"@id":"https:\/\/www.apfelpatient.de\/news\/apple-tower-theatre-neuer-apple-store-oeffnet-demnaechst#primaryimage"},"thumbnailUrl":"https:\/\/www.apfelpatient.de\/wp-content\/uploads\/2021\/06\/apple_nso-tower-theater-la_street-view_06222021.jpg","keywords":["TechPatient"],"articleSection":"News","inLanguage":"en-US","copyrightYear":"2021","copyrightHolder":{"@id":"https:\/\/www.apfelpatient.de\/en\/#organization"}},{"@type":"WebPage","@id":"https:\/\/www.apfelpatient.de\/news\/apple-tower-theatre-neuer-apple-store-oeffnet-demnaechst","url":"https:\/\/www.apfelpatient.de\/news\/apple-tower-theatre-neuer-apple-store-oeffnet-demnaechst","name":"Apple Tower Theatre: New Apple Store to open soon Apfelpatient","isPartOf":{"@id":"https:\/\/www.apfelpatient.de\/#website"},"primaryImageOfPage":{"@id":"https:\/\/www.apfelpatient.de\/news\/apple-tower-theatre-neuer-apple-store-oeffnet-demnaechst#primaryimage"},"image":{"@id":"https:\/\/www.apfelpatient.de\/news\/apple-tower-theatre-neuer-apple-store-oeffnet-demnaechst#primaryimage"},"thumbnailUrl":"https:\/\/www.apfelpatient.de\/wp-content\/uploads\/2021\/06\/apple_nso-tower-theater-la_street-view_06222021.jpg","datePublished":"2021-06-22T17:35:04+00:00","dateModified":"2021-06-22T17:35:36+00:00","description":"Apple announced this evening via press release the opening of a new store - the Apple Tower Theatre.","breadcrumb":{"@id":"https:\/\/www.apfelpatient.de\/news\/apple-tower-theatre-neuer-apple-store-oeffnet-demnaechst#breadcrumb"},"inLanguage":"en-US","potentialAction":[{"@type":"ReadAction","target":["https:\/\/www.apfelpatient.de\/news\/apple-tower-theatre-neuer-apple-store-oeffnet-demnaechst"]}]},{"@type":"ImageObject","inLanguage":"en-US","@id":"https:\/\/www.apfelpatient.de\/news\/apple-tower-theatre-neuer-apple-store-oeffnet-demnaechst#primaryimage","url":"https:\/\/www.apfelpatient.de\/wp-content\/uploads\/2021\/06\/apple_nso-tower-theater-la_street-view_06222021.jpg","contentUrl":"https:\/\/www.apfelpatient.de\/wp-content\/uploads\/2021\/06\/apple_nso-tower-theater-la_street-view_06222021.jpg","width":1600,"height":900,"caption":"Bild: Apple - Apple Tower Theatre"},{"@type":"BreadcrumbList","@id":"https:\/\/www.apfelpatient.de\/news\/apple-tower-theatre-neuer-apple-store-oeffnet-demnaechst#breadcrumb","itemListElement":[{"@type":"ListItem","position":1,"name":"Startseite","item":"https:\/\/www.apfelpatient.de\/"},{"@type":"ListItem","position":2,"name":"Apple Tower Theatre: Neuer Apple Store \u00f6ffnet demn\u00e4chst"}]},{"@type":"WebSite","@id":"https:\/\/www.apfelpatient.de\/#website","url":"https:\/\/www.apfelpatient.de\/","name":"apple patient","description":"Everything about Apple!","publisher":{"@type":"Organization","@id":"https:\/\/www.apfelpatient.de\/en\/#organization","name":"Apfelpatient","url":"https:\/\/www.apfelpatient.de\/en\/"},"alternateName":"Apfelpatient","potentialAction":[{"@type":"SearchAction","target":{"@type":"EntryPoint","urlTemplate":"https:\/\/www.apfelpatient.de\/?s={search_term_string}"},"query-input":{"@type":"PropertyValueSpecification","valueRequired":true,"valueName":"search_term_string"}}],"inLanguage":"en-US"},{"@type":["Person","Organization"],"@id":"https:\/\/www.apfelpatient.de\/#\/schema\/person\/35b3ddba5832f2bfc7fff5206d4f6b7b","name":"Milan","logo":{"@id":"https:\/\/www.apfelpatient.de\/#\/schema\/person\/image\/"},"description":"Hello and welcome to my technology blog! As a big Apple fan, I report on everything to do with Apple: from the latest news and exciting rumors to helpful tips and tricks and detailed product tests. If you are as enthusiastic about technology as I am, you have come to the right place!","sameAs":["https:\/\/www.facebook.com\/apfelpatientOfficial","https:\/\/www.linkedin.com\/in\/milan-jovicic-42aa0231b"],"url":"https:\/\/www.apfelpatient.de\/en\/author\/apfeladmin"}]}},"_links":{"self":[{"href":"https:\/\/www.apfelpatient.de\/en\/wp-json\/wp\/v2\/posts\/23875","targetHints":{"allow":["GET"]}}],"collection":[{"href":"https:\/\/www.apfelpatient.de\/en\/wp-json\/wp\/v2\/posts"}],"about":[{"href":"https:\/\/www.apfelpatient.de\/en\/wp-json\/wp\/v2\/types\/post"}],"author":[{"embeddable":true,"href":"https:\/\/www.apfelpatient.de\/en\/wp-json\/wp\/v2\/users\/2"}],"replies":[{"embeddable":true,"href":"https:\/\/www.apfelpatient.de\/en\/wp-json\/wp\/v2\/comments?post=23875"}],"version-history":[{"count":0,"href":"https:\/\/www.apfelpatient.de\/en\/wp-json\/wp\/v2\/posts\/23875\/revisions"}],"wp:featuredmedia":[{"embeddable":true,"href":"https:\/\/www.apfelpatient.de\/en\/wp-json\/wp\/v2\/media\/23874"}],"wp:attachment":[{"href":"https:\/\/www.apfelpatient.de\/en\/wp-json\/wp\/v2\/media?parent=23875"}],"wp:term":[{"taxonomy":"category","embeddable":true,"href":"https:\/\/www.apfelpatient.de\/en\/wp-json\/wp\/v2\/categories?post=23875"},{"taxonomy":"post_tag","embeddable":true,"href":"https:\/\/www.apfelpatient.de\/en\/wp-json\/wp\/v2\/tags?post=23875"}],"curies":[{"name":"wp","href":"https:\/\/api.w.org\/{rel}","templated":true}]}}