{"id":23838,"date":"2021-06-21T21:28:00","date_gmt":"2021-06-21T19:28:00","guid":{"rendered":"https:\/\/www.apfelpatient.de\/?p=23838"},"modified":"2021-06-21T23:29:25","modified_gmt":"2021-06-21T21:29:25","slug":"iphone-2021-these-specifications-expected-trendforce","status":"publish","type":"post","link":"https:\/\/www.apfelpatient.de\/en\/rumors\/iphone-2021-diese-spezifikationen-erwartet-trendforce","title":{"rendered":"iPhone 2021: These specifications are what TrendForce expects"},"content":{"rendered":"<p class=\"has-drop-cap\"><strong>Apple is expected to introduce the next iPhone generation in September. Now the market research company TrendForce has outlined its expectations.<\/strong><\/p>\n\n\n\n<p>Apple will probably introduce the next iPhone generation in two and a half months, which will be launched as either the iPhone 12S or iPhone 13 series. TrendForce has published an analysis <a href=\"https:\/\/www.trendforce.com\/presscenter\/news\/20210621-10834.html\" target=\"_blank\" rel=\"noreferrer noopener\">published<\/a>. Below is a summary:<\/p>\n\n\n\n<ul class=\"wp-block-list\"><li>Apple will unveil four new iPhones in September, including a mini model, a standard model, and two Pro models. September is the usual month for Apple to unveil new iPhones. The iPhone 12 lineup was announced in October last year due to reported COVID-19-related production delays.<\/li><li>The new iPhones will have a smaller notch above the display but otherwise have a similar external design to the iPhone 12 models.<\/li><li>The devices are powered by Apple&#039;s next-generation A15 chip, which is manufactured using TSMC&#039;s 5nm+ process.<\/li><\/ul>\n\n\n\n<h3 class=\"wp-block-heading\" id=\"h-iphone-2021-lidar-scanner-soll-pro-feature-bleiben\">iPhone 2021: LiDAR scanner to remain a Pro feature<\/h3>\n\n\n\n\n\n\n\n<ul class=\"wp-block-list\"><li>All four iPhones will feature OLED displays while the two Pro models will also offer a 120Hz refresh rate for smoother content.<\/li><li>The new iPhones will have the same storage capacity options as their iPhone 12 counterparts. iPhone 12 mini and iPhone 12 models are available with 64GB, 128GB or 256GB of storage while the 12 Pro models have a 512GB option.<\/li><li>The rear camera system of all four iPhones will be equipped with sensor-shift image stabilization, a feature that is currently exclusive to the iPhone 12 Pro Max. The ultra-wide-angle lens on the new Pro models will have autofocus.<\/li><li>The LiDAR scanner will be limited to the Pro models.<\/li><\/ul>\n\n\n\n<p>As the pandemic shows signs of easing in the US and Europe, TrendForce predicts that annual iPhone production in 2021 will increase by around 12.3% year-on-year to 223 million units. The market research firm expects the &quot;iPhone 12S&quot; lineup to account for almost 40% of the total production volume. Whether TrendForce will be right once again remains to be seen. (Photo by Jshanebutt \/ Bigstockphoto)<\/p>\n\n\n\n<ul class=\"wp-block-list\"><li><a href=\"https:\/\/www.apfelpatient.de\/en\/news\/amazon-prime-day-2021-apple-devices-and-more-on-offer\">Amazon Prime Day 2021: Apple devices and more on offer<\/a><\/li><\/ul>\n\n\n\n<h6 class=\"wp-block-heading translation-block\" id=\"h-kennt-ihr-schon-unsere-amazon-storefront-dort-findet-ihr-eine-handverlesene-auswahl-von-diversen-produkten-f-r-euer-iphone-und-co-viel-spa-beim-st-bern\"><em>Have you already visited our Amazon Storefront? There you&#039;ll find a hand-picked selection of various products for your iPhone and other devices \u2013 <span class=\"has-inline-color has-vivid-red-color\"><a href=\"https:\/\/www.amazon.de\/shop\/apfelpatientofficial\" class=\"ek-link\" data-wpel-link=\"exclude\" rel=\"follow noopener\" target=\"_self\"><span style=\"text-decoration: underline\" class=\"ek-underline\">enjoy browsing<\/span><\/a> !<\/span><\/em><\/h6>\n\n\n\n<h6 class=\"wp-block-heading translation-block\" id=\"h-der-beitrag-enthalt-partnerlinks\">This post contains <a data-type=\"URL\" data-id=\"https:\/\/www.apfelpatient.de\/partnerprogramm\" href=\"https:\/\/www.apfelpatient.de\/en\/partner-program\" data-wpel-link=\"internal\" target=\"_self\">affiliate links<\/a>.<\/h6>","protected":false},"excerpt":{"rendered":"<p>iPhone 12S or iPhone 13? Apple is expected to introduce the next generation of iPhone in September.<\/p>","protected":false},"author":2,"featured_media":23837,"comment_status":"closed","ping_status":"closed","sticky":false,"template":"","format":"standard","meta":{"jnews-multi-image_gallery":[],"jnews_single_post":{"subtitle":"","format":"standard","video":"","gallery":"","source_name":"","source_url":"","via_name":"","via_url":"","override":[{"single_blog_custom":"","sidebar":"","second_sidebar":"","share_position":"","share_float_style":"","post_date_format":"","post_date_format_custom":"","post_reading_time_wpm":"","zoom_button_out_step":"1","zoom_button_in_step":"1","number_popup_post":"1"}],"image_override":[{"single_post_thumbnail_size":"","single_post_gallery_size":""}],"trending_post_position":"","trending_post_label":"","sponsored_post_label":"","sponsored_post_name":"","sponsored_post_url":"","sponsored_post_logo":"","sponsored_post_desc":""},"jnews_primary_category":{"id":"25"},"footnotes":""},"categories":[25],"tags":[8,311],"class_list":["post-23838","post","type-post","status-publish","format-standard","has-post-thumbnail","hentry","category-rumors","tag-iphone","tag-iphone-2021"],"yoast_head":"<!-- This site is optimized with the Yoast SEO Premium plugin v27.5 (Yoast SEO v27.5) - https:\/\/yoast.com\/product\/yoast-seo-premium-wordpress\/ -->\n<title>iPhone 2021: Diese Spezifikationen erwartet TrendForce Apfelpatient<\/title>\n<meta name=\"description\" content=\"iPhone 12S oder iPhone 13? Apple wird voraussichtlich im September die n\u00e4chste iPhone-Generation vorstellen.\" \/>\n<meta name=\"robots\" content=\"index, follow, max-snippet:-1, max-image-preview:large, max-video-preview:-1\" \/>\n<link rel=\"canonical\" href=\"https:\/\/www.apfelpatient.de\/en\/rumors\/iphone-2021-these-specifications-expected-trendforce\" \/>\n<meta property=\"og:locale\" content=\"en_US\" \/>\n<meta property=\"og:type\" content=\"article\" \/>\n<meta property=\"og:title\" content=\"iPhone 2021: Diese Spezifikationen erwartet TrendForce\" \/>\n<meta property=\"og:description\" content=\"iPhone 12S oder iPhone 13? Apple wird voraussichtlich im September die n\u00e4chste iPhone-Generation vorstellen.\" \/>\n<meta property=\"og:url\" content=\"https:\/\/www.apfelpatient.de\/en\/rumors\/iphone-2021-these-specifications-expected-trendforce\" \/>\n<meta property=\"og:site_name\" content=\"Apfelpatient\" \/>\n<meta property=\"article:publisher\" content=\"https:\/\/www.facebook.com\/apfelpatientOfficial\" \/>\n<meta property=\"article:author\" content=\"https:\/\/www.facebook.com\/apfelpatientOfficial\" \/>\n<meta property=\"article:published_time\" content=\"2021-06-21T19:28:00+00:00\" \/>\n<meta property=\"article:modified_time\" content=\"2021-06-21T21:29:25+00:00\" \/>\n<meta property=\"og:image\" content=\"https:\/\/www.apfelpatient.de\/wp-content\/uploads\/2021\/06\/bigstock-Orlando-Fl-Usa-november-397530005.jpg\" \/>\n\t<meta property=\"og:image:width\" content=\"1600\" \/>\n\t<meta property=\"og:image:height\" content=\"900\" \/>\n\t<meta property=\"og:image:type\" content=\"image\/jpeg\" \/>\n<meta name=\"author\" content=\"Milan\" \/>\n<meta name=\"twitter:card\" content=\"summary_large_image\" \/>\n<meta name=\"twitter:description\" content=\"iPhone 12S oder iPhone 13? Apple wird voraussichtlich im September die n\u00e4chste iPhone-Generation vorstellen.\" \/>\n<meta name=\"twitter:label1\" content=\"Written by\" \/>\n\t<meta name=\"twitter:data1\" content=\"Milan\" \/>\n\t<meta name=\"twitter:label2\" content=\"Est. reading time\" \/>\n\t<meta name=\"twitter:data2\" content=\"2 minutes\" \/>\n<script type=\"application\/ld+json\" class=\"yoast-schema-graph\">{\"@context\":\"https:\\\/\\\/schema.org\",\"@graph\":[{\"@type\":\"NewsArticle\",\"@id\":\"https:\\\/\\\/www.apfelpatient.de\\\/rumors\\\/iphone-2021-diese-spezifikationen-erwartet-trendforce#article\",\"isPartOf\":{\"@id\":\"https:\\\/\\\/www.apfelpatient.de\\\/rumors\\\/iphone-2021-diese-spezifikationen-erwartet-trendforce\"},\"author\":{\"@type\":\"Organization\",\"@id\":\"https:\\\/\\\/www.apfelpatient.de\\\/en\\\/#organization\",\"name\":\"Apfelpatient\",\"url\":\"https:\\\/\\\/www.apfelpatient.de\\\/en\\\/\"},\"headline\":\"iPhone 2021: Diese Spezifikationen erwartet TrendForce\",\"datePublished\":\"2021-06-21T19:28:00+00:00\",\"dateModified\":\"2021-06-21T21:29:25+00:00\",\"mainEntityOfPage\":{\"@id\":\"https:\\\/\\\/www.apfelpatient.de\\\/rumors\\\/iphone-2021-diese-spezifikationen-erwartet-trendforce\"},\"wordCount\":341,\"publisher\":{\"@type\":\"Organization\",\"@id\":\"https:\\\/\\\/www.apfelpatient.de\\\/en\\\/#organization\",\"name\":\"Apfelpatient\",\"url\":\"https:\\\/\\\/www.apfelpatient.de\\\/en\\\/\"},\"image\":{\"@id\":\"https:\\\/\\\/www.apfelpatient.de\\\/rumors\\\/iphone-2021-diese-spezifikationen-erwartet-trendforce#primaryimage\"},\"thumbnailUrl\":\"https:\\\/\\\/www.apfelpatient.de\\\/wp-content\\\/uploads\\\/2021\\\/06\\\/bigstock-Orlando-Fl-Usa-november-397530005.jpg\",\"keywords\":[\"iPhone\",\"iPhone 13\"],\"articleSection\":\"Rumors\",\"inLanguage\":\"en-US\",\"copyrightYear\":\"2021\",\"copyrightHolder\":{\"@id\":\"https:\\\/\\\/www.apfelpatient.de\\\/en\\\/#organization\"}},{\"@type\":\"WebPage\",\"@id\":\"https:\\\/\\\/www.apfelpatient.de\\\/rumors\\\/iphone-2021-diese-spezifikationen-erwartet-trendforce\",\"url\":\"https:\\\/\\\/www.apfelpatient.de\\\/rumors\\\/iphone-2021-diese-spezifikationen-erwartet-trendforce\",\"name\":\"iPhone 2021: Diese Spezifikationen erwartet TrendForce Apfelpatient\",\"isPartOf\":{\"@id\":\"https:\\\/\\\/www.apfelpatient.de\\\/#website\"},\"primaryImageOfPage\":{\"@id\":\"https:\\\/\\\/www.apfelpatient.de\\\/rumors\\\/iphone-2021-diese-spezifikationen-erwartet-trendforce#primaryimage\"},\"image\":{\"@id\":\"https:\\\/\\\/www.apfelpatient.de\\\/rumors\\\/iphone-2021-diese-spezifikationen-erwartet-trendforce#primaryimage\"},\"thumbnailUrl\":\"https:\\\/\\\/www.apfelpatient.de\\\/wp-content\\\/uploads\\\/2021\\\/06\\\/bigstock-Orlando-Fl-Usa-november-397530005.jpg\",\"datePublished\":\"2021-06-21T19:28:00+00:00\",\"dateModified\":\"2021-06-21T21:29:25+00:00\",\"description\":\"iPhone 12S oder iPhone 13? Apple wird voraussichtlich im September die n\u00e4chste iPhone-Generation vorstellen.\",\"breadcrumb\":{\"@id\":\"https:\\\/\\\/www.apfelpatient.de\\\/rumors\\\/iphone-2021-diese-spezifikationen-erwartet-trendforce#breadcrumb\"},\"inLanguage\":\"en-US\",\"potentialAction\":[{\"@type\":\"ReadAction\",\"target\":[\"https:\\\/\\\/www.apfelpatient.de\\\/rumors\\\/iphone-2021-diese-spezifikationen-erwartet-trendforce\"]}]},{\"@type\":\"ImageObject\",\"inLanguage\":\"en-US\",\"@id\":\"https:\\\/\\\/www.apfelpatient.de\\\/rumors\\\/iphone-2021-diese-spezifikationen-erwartet-trendforce#primaryimage\",\"url\":\"https:\\\/\\\/www.apfelpatient.de\\\/wp-content\\\/uploads\\\/2021\\\/06\\\/bigstock-Orlando-Fl-Usa-november-397530005.jpg\",\"contentUrl\":\"https:\\\/\\\/www.apfelpatient.de\\\/wp-content\\\/uploads\\\/2021\\\/06\\\/bigstock-Orlando-Fl-Usa-november-397530005.jpg\",\"width\":1600,\"height\":900,\"caption\":\"Orlando, FL USA-November 20, 2020: A display of iPhone 12, iPhone 12 mini, iPhone 12 Pro, and iPhone 12 Pro Max cellphones at an Apple Store.\"},{\"@type\":\"BreadcrumbList\",\"@id\":\"https:\\\/\\\/www.apfelpatient.de\\\/rumors\\\/iphone-2021-diese-spezifikationen-erwartet-trendforce#breadcrumb\",\"itemListElement\":[{\"@type\":\"ListItem\",\"position\":1,\"name\":\"Startseite\",\"item\":\"https:\\\/\\\/www.apfelpatient.de\\\/\"},{\"@type\":\"ListItem\",\"position\":2,\"name\":\"iPhone 2021: Diese Spezifikationen erwartet TrendForce\"}]},{\"@type\":\"WebSite\",\"@id\":\"https:\\\/\\\/www.apfelpatient.de\\\/#website\",\"url\":\"https:\\\/\\\/www.apfelpatient.de\\\/\",\"name\":\"Apfelpatient\",\"description\":\"Alles rund um Apple!\",\"publisher\":{\"@type\":\"Organization\",\"@id\":\"https:\\\/\\\/www.apfelpatient.de\\\/en\\\/#organization\",\"name\":\"Apfelpatient\",\"url\":\"https:\\\/\\\/www.apfelpatient.de\\\/en\\\/\"},\"alternateName\":\"Apfelpatient\",\"potentialAction\":[{\"@type\":\"SearchAction\",\"target\":{\"@type\":\"EntryPoint\",\"urlTemplate\":\"https:\\\/\\\/www.apfelpatient.de\\\/?s={search_term_string}\"},\"query-input\":{\"@type\":\"PropertyValueSpecification\",\"valueRequired\":true,\"valueName\":\"search_term_string\"}}],\"inLanguage\":\"en-US\"},{\"@type\":[\"Person\",\"Organization\"],\"@id\":\"https:\\\/\\\/www.apfelpatient.de\\\/#\\\/schema\\\/person\\\/35b3ddba5832f2bfc7fff5206d4f6b7b\",\"name\":\"Milan\",\"logo\":{\"@id\":\"https:\\\/\\\/www.apfelpatient.de\\\/#\\\/schema\\\/person\\\/image\\\/\"},\"description\":\"Hallo und herzlich willkommen auf meinem Technik-Blog! Als gro\u00dfer Apple-Fan berichte ich hier \u00fcber alles, was mit Apple zu tun hat: von den neuesten News und spannenden Ger\u00fcchten \u00fcber hilfreiche Tipps und Tricks bis hin zu ausf\u00fchrlichen Produkttests. Wenn du genauso technikbegeistert bist wie ich, bist du hier genau richtig!\",\"sameAs\":[\"https:\\\/\\\/www.facebook.com\\\/apfelpatientOfficial\",\"https:\\\/\\\/www.linkedin.com\\\/in\\\/milan-jovicic-42aa0231b\"],\"url\":\"https:\\\/\\\/www.apfelpatient.de\\\/en\\\/author\\\/apfeladmin\"}]}<\/script>\n<!-- \/ Yoast SEO Premium plugin. -->","yoast_head_json":{"title":"iPhone 2021: These specifications are expected by TrendForce Apfelpatient","description":"iPhone 12S or iPhone 13? Apple is expected to introduce the next generation of iPhone in September.","robots":{"index":"index","follow":"follow","max-snippet":"max-snippet:-1","max-image-preview":"max-image-preview:large","max-video-preview":"max-video-preview:-1"},"canonical":"https:\/\/www.apfelpatient.de\/en\/rumors\/iphone-2021-these-specifications-expected-trendforce","og_locale":"en_US","og_type":"article","og_title":"iPhone 2021: Diese Spezifikationen erwartet TrendForce","og_description":"iPhone 12S oder iPhone 13? Apple wird voraussichtlich im September die n\u00e4chste iPhone-Generation vorstellen.","og_url":"https:\/\/www.apfelpatient.de\/en\/rumors\/iphone-2021-these-specifications-expected-trendforce","og_site_name":"Apfelpatient","article_publisher":"https:\/\/www.facebook.com\/apfelpatientOfficial","article_author":"https:\/\/www.facebook.com\/apfelpatientOfficial","article_published_time":"2021-06-21T19:28:00+00:00","article_modified_time":"2021-06-21T21:29:25+00:00","og_image":[{"width":1600,"height":900,"url":"https:\/\/www.apfelpatient.de\/wp-content\/uploads\/2021\/06\/bigstock-Orlando-Fl-Usa-november-397530005.jpg","type":"image\/jpeg"}],"author":"Milan","twitter_card":"summary_large_image","twitter_description":"iPhone 12S oder iPhone 13? Apple wird voraussichtlich im September die n\u00e4chste iPhone-Generation vorstellen.","twitter_misc":{"Written by":"Milan","Est. reading time":"2 minutes"},"schema":{"@context":"https:\/\/schema.org","@graph":[{"@type":"NewsArticle","@id":"https:\/\/www.apfelpatient.de\/rumors\/iphone-2021-diese-spezifikationen-erwartet-trendforce#article","isPartOf":{"@id":"https:\/\/www.apfelpatient.de\/rumors\/iphone-2021-diese-spezifikationen-erwartet-trendforce"},"author":{"@type":"Organization","@id":"https:\/\/www.apfelpatient.de\/en\/#organization","name":"Apfelpatient","url":"https:\/\/www.apfelpatient.de\/en\/"},"headline":"iPhone 2021: Diese Spezifikationen erwartet TrendForce","datePublished":"2021-06-21T19:28:00+00:00","dateModified":"2021-06-21T21:29:25+00:00","mainEntityOfPage":{"@id":"https:\/\/www.apfelpatient.de\/rumors\/iphone-2021-diese-spezifikationen-erwartet-trendforce"},"wordCount":341,"publisher":{"@type":"Organization","@id":"https:\/\/www.apfelpatient.de\/en\/#organization","name":"Apfelpatient","url":"https:\/\/www.apfelpatient.de\/en\/"},"image":{"@id":"https:\/\/www.apfelpatient.de\/rumors\/iphone-2021-diese-spezifikationen-erwartet-trendforce#primaryimage"},"thumbnailUrl":"https:\/\/www.apfelpatient.de\/wp-content\/uploads\/2021\/06\/bigstock-Orlando-Fl-Usa-november-397530005.jpg","keywords":["iPhone","iPhone 13"],"articleSection":"Rumors","inLanguage":"en-US","copyrightYear":"2021","copyrightHolder":{"@id":"https:\/\/www.apfelpatient.de\/en\/#organization"}},{"@type":"WebPage","@id":"https:\/\/www.apfelpatient.de\/rumors\/iphone-2021-diese-spezifikationen-erwartet-trendforce","url":"https:\/\/www.apfelpatient.de\/rumors\/iphone-2021-diese-spezifikationen-erwartet-trendforce","name":"iPhone 2021: These specifications are expected by TrendForce Apfelpatient","isPartOf":{"@id":"https:\/\/www.apfelpatient.de\/#website"},"primaryImageOfPage":{"@id":"https:\/\/www.apfelpatient.de\/rumors\/iphone-2021-diese-spezifikationen-erwartet-trendforce#primaryimage"},"image":{"@id":"https:\/\/www.apfelpatient.de\/rumors\/iphone-2021-diese-spezifikationen-erwartet-trendforce#primaryimage"},"thumbnailUrl":"https:\/\/www.apfelpatient.de\/wp-content\/uploads\/2021\/06\/bigstock-Orlando-Fl-Usa-november-397530005.jpg","datePublished":"2021-06-21T19:28:00+00:00","dateModified":"2021-06-21T21:29:25+00:00","description":"iPhone 12S or iPhone 13? Apple is expected to introduce the next generation of iPhone in September.","breadcrumb":{"@id":"https:\/\/www.apfelpatient.de\/rumors\/iphone-2021-diese-spezifikationen-erwartet-trendforce#breadcrumb"},"inLanguage":"en-US","potentialAction":[{"@type":"ReadAction","target":["https:\/\/www.apfelpatient.de\/rumors\/iphone-2021-diese-spezifikationen-erwartet-trendforce"]}]},{"@type":"ImageObject","inLanguage":"en-US","@id":"https:\/\/www.apfelpatient.de\/rumors\/iphone-2021-diese-spezifikationen-erwartet-trendforce#primaryimage","url":"https:\/\/www.apfelpatient.de\/wp-content\/uploads\/2021\/06\/bigstock-Orlando-Fl-Usa-november-397530005.jpg","contentUrl":"https:\/\/www.apfelpatient.de\/wp-content\/uploads\/2021\/06\/bigstock-Orlando-Fl-Usa-november-397530005.jpg","width":1600,"height":900,"caption":"Orlando, FL USA-November 20, 2020: A display of iPhone 12, iPhone 12 mini, iPhone 12 Pro, and iPhone 12 Pro Max cellphones at an Apple Store."},{"@type":"BreadcrumbList","@id":"https:\/\/www.apfelpatient.de\/rumors\/iphone-2021-diese-spezifikationen-erwartet-trendforce#breadcrumb","itemListElement":[{"@type":"ListItem","position":1,"name":"Startseite","item":"https:\/\/www.apfelpatient.de\/"},{"@type":"ListItem","position":2,"name":"iPhone 2021: Diese Spezifikationen erwartet TrendForce"}]},{"@type":"WebSite","@id":"https:\/\/www.apfelpatient.de\/#website","url":"https:\/\/www.apfelpatient.de\/","name":"apple patient","description":"Everything about Apple!","publisher":{"@type":"Organization","@id":"https:\/\/www.apfelpatient.de\/en\/#organization","name":"Apfelpatient","url":"https:\/\/www.apfelpatient.de\/en\/"},"alternateName":"Apfelpatient","potentialAction":[{"@type":"SearchAction","target":{"@type":"EntryPoint","urlTemplate":"https:\/\/www.apfelpatient.de\/?s={search_term_string}"},"query-input":{"@type":"PropertyValueSpecification","valueRequired":true,"valueName":"search_term_string"}}],"inLanguage":"en-US"},{"@type":["Person","Organization"],"@id":"https:\/\/www.apfelpatient.de\/#\/schema\/person\/35b3ddba5832f2bfc7fff5206d4f6b7b","name":"Milan","logo":{"@id":"https:\/\/www.apfelpatient.de\/#\/schema\/person\/image\/"},"description":"Hello and welcome to my technology blog! As a big Apple fan, I report on everything to do with Apple: from the latest news and exciting rumors to helpful tips and tricks and detailed product tests. If you are as enthusiastic about technology as I am, you have come to the right place!","sameAs":["https:\/\/www.facebook.com\/apfelpatientOfficial","https:\/\/www.linkedin.com\/in\/milan-jovicic-42aa0231b"],"url":"https:\/\/www.apfelpatient.de\/en\/author\/apfeladmin"}]}},"_links":{"self":[{"href":"https:\/\/www.apfelpatient.de\/en\/wp-json\/wp\/v2\/posts\/23838","targetHints":{"allow":["GET"]}}],"collection":[{"href":"https:\/\/www.apfelpatient.de\/en\/wp-json\/wp\/v2\/posts"}],"about":[{"href":"https:\/\/www.apfelpatient.de\/en\/wp-json\/wp\/v2\/types\/post"}],"author":[{"embeddable":true,"href":"https:\/\/www.apfelpatient.de\/en\/wp-json\/wp\/v2\/users\/2"}],"replies":[{"embeddable":true,"href":"https:\/\/www.apfelpatient.de\/en\/wp-json\/wp\/v2\/comments?post=23838"}],"version-history":[{"count":0,"href":"https:\/\/www.apfelpatient.de\/en\/wp-json\/wp\/v2\/posts\/23838\/revisions"}],"wp:featuredmedia":[{"embeddable":true,"href":"https:\/\/www.apfelpatient.de\/en\/wp-json\/wp\/v2\/media\/23837"}],"wp:attachment":[{"href":"https:\/\/www.apfelpatient.de\/en\/wp-json\/wp\/v2\/media?parent=23838"}],"wp:term":[{"taxonomy":"category","embeddable":true,"href":"https:\/\/www.apfelpatient.de\/en\/wp-json\/wp\/v2\/categories?post=23838"},{"taxonomy":"post_tag","embeddable":true,"href":"https:\/\/www.apfelpatient.de\/en\/wp-json\/wp\/v2\/tags?post=23838"}],"curies":[{"name":"wp","href":"https:\/\/api.w.org\/{rel}","templated":true}]}}