{"id":23824,"date":"2021-06-21T16:34:49","date_gmt":"2021-06-21T14:34:49","guid":{"rendered":"https:\/\/www.apfelpatient.de\/?p=23824"},"modified":"2021-06-21T16:38:04","modified_gmt":"2021-06-21T14:38:04","slug":"iphone-12-mini-production-has-reportedly-been-discontinued","status":"publish","type":"post","link":"https:\/\/www.apfelpatient.de\/en\/rumors\/iphone-12-mini-produktion-wurde-angeblich-eingestellt","title":{"rendered":"iPhone 12 mini production has reportedly been discontinued"},"content":{"rendered":"<p class=\"has-drop-cap\"><strong>After countless reports that the iPhone 12 mini is selling poorly, it is now claimed that production of the small smartphone has ended.<\/strong><\/p>\n\n\n\n<p>The Taiwanese research company <a href=\"https:\/\/www.trendforce.com\/presscenter\/news\/20210621-10834.html\" target=\"_blank\" rel=\"noreferrer noopener\">TrendForce<\/a> said today in a new analysis that the iPhone 12 mini &quot;reached end-of-life early&quot; in the second quarter of 2021, suggesting Apple will focus on selling existing inventory of the device without producing more units. The iPhone 12 mini was launched in October 2020 and is aimed at fans of smaller smartphones with its 5.4-inch display.<\/p>\n\n\n\n<h3 class=\"wp-block-heading\" id=\"h-iphone-mini-ab-n-chstem-jahr-soll-schluss-sein\">iPhone mini: It will be over next year<\/h3>\n\n\n\n\n\n\n\n<p>Although production has reportedly been discontinued, the iPhone 12 mini is still available from Apple without any significant delivery delays. The device is offered in six colors, including a purple option that went on sale in late April. Despite the poor sales figures, analysts and leakers say a successor is due to appear. Ming-Chi Kuo has already stated that the iPhone 13 mini is expected this year. The 5.4-inch model, on the other hand, is not expected to be completely discontinued until next year - <a href=\"https:\/\/www.apfelpatient.de\/en\/rumors\/iphone-mini-will-be-discontinued-next-year\">more about it here<\/a>The iPhone 12 mini is available as part of Amazon Prime Day <a href=\"https:\/\/amzn.to\/3xIs0wt\" target=\"_blank\" rel=\"noreferrer noopener\">around 19 percent cheaper<\/a> to buy. The device can be purchased in different colors and storage variants. (Photo by ADCstock \/ Bigstockphoto)<\/p>\n\n\n\n<ul class=\"wp-block-list\"><li><a href=\"https:\/\/www.apfelpatient.de\/en\/news\/amazon-prime-day-iphone-accessories-more-from-pitaka\">Amazon Prime Day: iPhone accessories &amp; more from Pitaka<\/a><\/li><\/ul>\n\n\n\n<h6 class=\"wp-block-heading translation-block\" id=\"h-kennt-ihr-schon-unsere-amazon-storefront-dort-findet-ihr-eine-handverlesene-auswahl-von-diversen-produkten-f-r-euer-iphone-und-co-viel-spa-beim-st-bern\"><em>Have you already visited our Amazon Storefront? There you&#039;ll find a hand-picked selection of various products for your iPhone and other devices \u2013 <span class=\"has-inline-color has-vivid-red-color\"><a href=\"https:\/\/www.amazon.de\/shop\/apfelpatientofficial\" class=\"ek-link\" data-wpel-link=\"exclude\" rel=\"follow noopener\" target=\"_self\"><span style=\"text-decoration: underline\" class=\"ek-underline\">enjoy browsing<\/span><\/a> !<\/span><\/em><\/h6>\n\n\n\n<h6 class=\"wp-block-heading translation-block\" id=\"h-der-beitrag-enthalt-partnerlinks\">This post contains <a data-type=\"URL\" data-id=\"https:\/\/www.apfelpatient.de\/partnerprogramm\" href=\"https:\/\/www.apfelpatient.de\/en\/partner-program\" data-wpel-link=\"internal\" target=\"_self\">affiliate links<\/a>.<\/h6>","protected":false},"excerpt":{"rendered":"<p>After countless reports that the iPhone 12 mini is selling poorly, it is now claimed that production has ended.<\/p>","protected":false},"author":2,"featured_media":23823,"comment_status":"closed","ping_status":"closed","sticky":false,"template":"","format":"standard","meta":{"jnews-multi-image_gallery":[],"jnews_single_post":{"subtitle":"","format":"standard","video":"","gallery":"","source_name":"","source_url":"","via_name":"","via_url":"","override":[{"single_blog_custom":"","sidebar":"","second_sidebar":"","share_position":"","share_float_style":"","post_date_format":"","post_date_format_custom":"","post_reading_time_wpm":"","zoom_button_out_step":"1","zoom_button_in_step":"1","number_popup_post":"1"}],"image_override":[{"single_post_thumbnail_size":"","single_post_gallery_size":""}],"trending_post_position":"","trending_post_label":"","sponsored_post_label":"","sponsored_post_name":"","sponsored_post_url":"","sponsored_post_logo":"","sponsored_post_desc":""},"jnews_primary_category":{"id":"25"},"footnotes":""},"categories":[25],"tags":[8,321],"class_list":["post-23824","post","type-post","status-publish","format-standard","has-post-thumbnail","hentry","category-rumors","tag-iphone","tag-iphone-12"],"yoast_head":"<!-- This site is optimized with the Yoast SEO Premium plugin v27.5 (Yoast SEO v27.5) - https:\/\/yoast.com\/product\/yoast-seo-premium-wordpress\/ -->\n<title>iPhone 12 mini Produktion wurde angeblich eingestellt Apfelpatient<\/title>\n<meta name=\"description\" content=\"Nach unz\u00e4hligen Berichten, wonach sich das iPhone 12 mini schlecht verkaufen soll, wird nun behauptet, dass die Produktion beendet wurde.\" \/>\n<meta name=\"robots\" content=\"index, follow, max-snippet:-1, max-image-preview:large, max-video-preview:-1\" \/>\n<link rel=\"canonical\" href=\"https:\/\/www.apfelpatient.de\/en\/rumors\/iphone-12-mini-production-has-reportedly-been-discontinued\" \/>\n<meta property=\"og:locale\" content=\"en_US\" \/>\n<meta property=\"og:type\" content=\"article\" \/>\n<meta property=\"og:title\" content=\"iPhone 12 mini Produktion wurde angeblich eingestellt\" \/>\n<meta property=\"og:description\" content=\"Nach unz\u00e4hligen Berichten, wonach sich das iPhone 12 mini schlecht verkaufen soll, wird nun behauptet, dass die Produktion beendet wurde.\" \/>\n<meta property=\"og:url\" content=\"https:\/\/www.apfelpatient.de\/en\/rumors\/iphone-12-mini-production-has-reportedly-been-discontinued\" \/>\n<meta property=\"og:site_name\" content=\"Apfelpatient\" \/>\n<meta property=\"article:publisher\" content=\"https:\/\/www.facebook.com\/apfelpatientOfficial\" \/>\n<meta property=\"article:author\" content=\"https:\/\/www.facebook.com\/apfelpatientOfficial\" \/>\n<meta property=\"article:published_time\" content=\"2021-06-21T14:34:49+00:00\" \/>\n<meta property=\"article:modified_time\" content=\"2021-06-21T14:38:04+00:00\" \/>\n<meta property=\"og:image\" content=\"https:\/\/www.apfelpatient.de\/wp-content\/uploads\/2021\/06\/bigstock-Italy-November-Ipho-393739874.jpg\" \/>\n\t<meta property=\"og:image:width\" content=\"1600\" \/>\n\t<meta property=\"og:image:height\" content=\"1139\" \/>\n\t<meta property=\"og:image:type\" content=\"image\/jpeg\" \/>\n<meta name=\"author\" content=\"Milan\" \/>\n<meta name=\"twitter:card\" content=\"summary_large_image\" \/>\n<meta name=\"twitter:description\" content=\"Nach unz\u00e4hligen Berichten, wonach sich das iPhone 12 mini schlecht verkaufen soll, wird nun behauptet, dass die Produktion beendet wurde.\" \/>\n<meta name=\"twitter:label1\" content=\"Written by\" \/>\n\t<meta name=\"twitter:data1\" content=\"Milan\" \/>\n\t<meta name=\"twitter:label2\" content=\"Est. reading time\" \/>\n\t<meta name=\"twitter:data2\" content=\"1 minute\" \/>\n<script type=\"application\/ld+json\" class=\"yoast-schema-graph\">{\"@context\":\"https:\\\/\\\/schema.org\",\"@graph\":[{\"@type\":\"NewsArticle\",\"@id\":\"https:\\\/\\\/www.apfelpatient.de\\\/rumors\\\/iphone-12-mini-produktion-wurde-angeblich-eingestellt#article\",\"isPartOf\":{\"@id\":\"https:\\\/\\\/www.apfelpatient.de\\\/rumors\\\/iphone-12-mini-produktion-wurde-angeblich-eingestellt\"},\"author\":{\"@type\":\"Organization\",\"@id\":\"https:\\\/\\\/www.apfelpatient.de\\\/en\\\/#organization\",\"name\":\"Apfelpatient\",\"url\":\"https:\\\/\\\/www.apfelpatient.de\\\/en\\\/\"},\"headline\":\"iPhone 12 mini Produktion wurde angeblich eingestellt\",\"datePublished\":\"2021-06-21T14:34:49+00:00\",\"dateModified\":\"2021-06-21T14:38:04+00:00\",\"mainEntityOfPage\":{\"@id\":\"https:\\\/\\\/www.apfelpatient.de\\\/rumors\\\/iphone-12-mini-produktion-wurde-angeblich-eingestellt\"},\"wordCount\":237,\"publisher\":{\"@type\":\"Organization\",\"@id\":\"https:\\\/\\\/www.apfelpatient.de\\\/en\\\/#organization\",\"name\":\"Apfelpatient\",\"url\":\"https:\\\/\\\/www.apfelpatient.de\\\/en\\\/\"},\"image\":{\"@id\":\"https:\\\/\\\/www.apfelpatient.de\\\/rumors\\\/iphone-12-mini-produktion-wurde-angeblich-eingestellt#primaryimage\"},\"thumbnailUrl\":\"https:\\\/\\\/www.apfelpatient.de\\\/wp-content\\\/uploads\\\/2021\\\/06\\\/bigstock-Italy-November-Ipho-393739874.jpg\",\"keywords\":[\"iPhone\",\"iPhone 12\"],\"articleSection\":\"Rumors\",\"inLanguage\":\"en-US\",\"copyrightYear\":\"2021\",\"copyrightHolder\":{\"@id\":\"https:\\\/\\\/www.apfelpatient.de\\\/en\\\/#organization\"}},{\"@type\":\"WebPage\",\"@id\":\"https:\\\/\\\/www.apfelpatient.de\\\/rumors\\\/iphone-12-mini-produktion-wurde-angeblich-eingestellt\",\"url\":\"https:\\\/\\\/www.apfelpatient.de\\\/rumors\\\/iphone-12-mini-produktion-wurde-angeblich-eingestellt\",\"name\":\"iPhone 12 mini Produktion wurde angeblich eingestellt Apfelpatient\",\"isPartOf\":{\"@id\":\"https:\\\/\\\/www.apfelpatient.de\\\/#website\"},\"primaryImageOfPage\":{\"@id\":\"https:\\\/\\\/www.apfelpatient.de\\\/rumors\\\/iphone-12-mini-produktion-wurde-angeblich-eingestellt#primaryimage\"},\"image\":{\"@id\":\"https:\\\/\\\/www.apfelpatient.de\\\/rumors\\\/iphone-12-mini-produktion-wurde-angeblich-eingestellt#primaryimage\"},\"thumbnailUrl\":\"https:\\\/\\\/www.apfelpatient.de\\\/wp-content\\\/uploads\\\/2021\\\/06\\\/bigstock-Italy-November-Ipho-393739874.jpg\",\"datePublished\":\"2021-06-21T14:34:49+00:00\",\"dateModified\":\"2021-06-21T14:38:04+00:00\",\"description\":\"Nach unz\u00e4hligen Berichten, wonach sich das iPhone 12 mini schlecht verkaufen soll, wird nun behauptet, dass die Produktion beendet wurde.\",\"breadcrumb\":{\"@id\":\"https:\\\/\\\/www.apfelpatient.de\\\/rumors\\\/iphone-12-mini-produktion-wurde-angeblich-eingestellt#breadcrumb\"},\"inLanguage\":\"en-US\",\"potentialAction\":[{\"@type\":\"ReadAction\",\"target\":[\"https:\\\/\\\/www.apfelpatient.de\\\/rumors\\\/iphone-12-mini-produktion-wurde-angeblich-eingestellt\"]}]},{\"@type\":\"ImageObject\",\"inLanguage\":\"en-US\",\"@id\":\"https:\\\/\\\/www.apfelpatient.de\\\/rumors\\\/iphone-12-mini-produktion-wurde-angeblich-eingestellt#primaryimage\",\"url\":\"https:\\\/\\\/www.apfelpatient.de\\\/wp-content\\\/uploads\\\/2021\\\/06\\\/bigstock-Italy-November-Ipho-393739874.jpg\",\"contentUrl\":\"https:\\\/\\\/www.apfelpatient.de\\\/wp-content\\\/uploads\\\/2021\\\/06\\\/bigstock-Italy-November-Ipho-393739874.jpg\",\"width\":1600,\"height\":1139,\"caption\":\"ITALY -01 NOVEMBER, 2020: Iphone 12, 12 Mini, 12 Pro and 12 Max smartphones on white background. Latest Apple Mobile iphones model. Illustrative editorial.\"},{\"@type\":\"BreadcrumbList\",\"@id\":\"https:\\\/\\\/www.apfelpatient.de\\\/rumors\\\/iphone-12-mini-produktion-wurde-angeblich-eingestellt#breadcrumb\",\"itemListElement\":[{\"@type\":\"ListItem\",\"position\":1,\"name\":\"Startseite\",\"item\":\"https:\\\/\\\/www.apfelpatient.de\\\/\"},{\"@type\":\"ListItem\",\"position\":2,\"name\":\"iPhone 12 mini Produktion wurde angeblich eingestellt\"}]},{\"@type\":\"WebSite\",\"@id\":\"https:\\\/\\\/www.apfelpatient.de\\\/#website\",\"url\":\"https:\\\/\\\/www.apfelpatient.de\\\/\",\"name\":\"Apfelpatient\",\"description\":\"Alles rund um Apple!\",\"publisher\":{\"@type\":\"Organization\",\"@id\":\"https:\\\/\\\/www.apfelpatient.de\\\/en\\\/#organization\",\"name\":\"Apfelpatient\",\"url\":\"https:\\\/\\\/www.apfelpatient.de\\\/en\\\/\"},\"alternateName\":\"Apfelpatient\",\"potentialAction\":[{\"@type\":\"SearchAction\",\"target\":{\"@type\":\"EntryPoint\",\"urlTemplate\":\"https:\\\/\\\/www.apfelpatient.de\\\/?s={search_term_string}\"},\"query-input\":{\"@type\":\"PropertyValueSpecification\",\"valueRequired\":true,\"valueName\":\"search_term_string\"}}],\"inLanguage\":\"en-US\"},{\"@type\":[\"Person\",\"Organization\"],\"@id\":\"https:\\\/\\\/www.apfelpatient.de\\\/#\\\/schema\\\/person\\\/7dc56ad6c8e9824b76d2c08d4c140e13\",\"name\":\"Milan\",\"logo\":{\"@id\":\"https:\\\/\\\/www.apfelpatient.de\\\/#\\\/schema\\\/person\\\/image\\\/\"},\"description\":\"Hallo und herzlich willkommen auf meinem Technik-Blog! Als gro\u00dfer Apple-Fan berichte ich hier \u00fcber alles, was mit Apple zu tun hat: von den neuesten News und spannenden Ger\u00fcchten \u00fcber hilfreiche Tipps und Tricks bis hin zu ausf\u00fchrlichen Produkttests. Wenn du genauso technikbegeistert bist wie ich, bist du hier genau richtig!\",\"sameAs\":[\"https:\\\/\\\/www.facebook.com\\\/apfelpatientOfficial\",\"https:\\\/\\\/www.linkedin.com\\\/in\\\/milan-jovicic-42aa0231b\"],\"url\":\"https:\\\/\\\/www.apfelpatient.de\\\/en\\\/author\\\/apfeladmin\"}]}<\/script>\n<!-- \/ Yoast SEO Premium plugin. -->","yoast_head_json":{"title":"iPhone 12 mini production has reportedly been discontinued Apfelpatient","description":"After countless reports that the iPhone 12 mini is selling poorly, it is now claimed that production has ended.","robots":{"index":"index","follow":"follow","max-snippet":"max-snippet:-1","max-image-preview":"max-image-preview:large","max-video-preview":"max-video-preview:-1"},"canonical":"https:\/\/www.apfelpatient.de\/en\/rumors\/iphone-12-mini-production-has-reportedly-been-discontinued","og_locale":"en_US","og_type":"article","og_title":"iPhone 12 mini Produktion wurde angeblich eingestellt","og_description":"Nach unz\u00e4hligen Berichten, wonach sich das iPhone 12 mini schlecht verkaufen soll, wird nun behauptet, dass die Produktion beendet wurde.","og_url":"https:\/\/www.apfelpatient.de\/en\/rumors\/iphone-12-mini-production-has-reportedly-been-discontinued","og_site_name":"Apfelpatient","article_publisher":"https:\/\/www.facebook.com\/apfelpatientOfficial","article_author":"https:\/\/www.facebook.com\/apfelpatientOfficial","article_published_time":"2021-06-21T14:34:49+00:00","article_modified_time":"2021-06-21T14:38:04+00:00","og_image":[{"width":1600,"height":1139,"url":"https:\/\/www.apfelpatient.de\/wp-content\/uploads\/2021\/06\/bigstock-Italy-November-Ipho-393739874.jpg","type":"image\/jpeg"}],"author":"Milan","twitter_card":"summary_large_image","twitter_description":"Nach unz\u00e4hligen Berichten, wonach sich das iPhone 12 mini schlecht verkaufen soll, wird nun behauptet, dass die Produktion beendet wurde.","twitter_misc":{"Written by":"Milan","Est. reading time":"1 minute"},"schema":{"@context":"https:\/\/schema.org","@graph":[{"@type":"NewsArticle","@id":"https:\/\/www.apfelpatient.de\/rumors\/iphone-12-mini-produktion-wurde-angeblich-eingestellt#article","isPartOf":{"@id":"https:\/\/www.apfelpatient.de\/rumors\/iphone-12-mini-produktion-wurde-angeblich-eingestellt"},"author":{"@type":"Organization","@id":"https:\/\/www.apfelpatient.de\/en\/#organization","name":"Apfelpatient","url":"https:\/\/www.apfelpatient.de\/en\/"},"headline":"iPhone 12 mini Produktion wurde angeblich eingestellt","datePublished":"2021-06-21T14:34:49+00:00","dateModified":"2021-06-21T14:38:04+00:00","mainEntityOfPage":{"@id":"https:\/\/www.apfelpatient.de\/rumors\/iphone-12-mini-produktion-wurde-angeblich-eingestellt"},"wordCount":237,"publisher":{"@type":"Organization","@id":"https:\/\/www.apfelpatient.de\/en\/#organization","name":"Apfelpatient","url":"https:\/\/www.apfelpatient.de\/en\/"},"image":{"@id":"https:\/\/www.apfelpatient.de\/rumors\/iphone-12-mini-produktion-wurde-angeblich-eingestellt#primaryimage"},"thumbnailUrl":"https:\/\/www.apfelpatient.de\/wp-content\/uploads\/2021\/06\/bigstock-Italy-November-Ipho-393739874.jpg","keywords":["iPhone","iPhone 12"],"articleSection":"Rumors","inLanguage":"en-US","copyrightYear":"2021","copyrightHolder":{"@id":"https:\/\/www.apfelpatient.de\/en\/#organization"}},{"@type":"WebPage","@id":"https:\/\/www.apfelpatient.de\/rumors\/iphone-12-mini-produktion-wurde-angeblich-eingestellt","url":"https:\/\/www.apfelpatient.de\/rumors\/iphone-12-mini-produktion-wurde-angeblich-eingestellt","name":"iPhone 12 mini production has reportedly been discontinued Apfelpatient","isPartOf":{"@id":"https:\/\/www.apfelpatient.de\/#website"},"primaryImageOfPage":{"@id":"https:\/\/www.apfelpatient.de\/rumors\/iphone-12-mini-produktion-wurde-angeblich-eingestellt#primaryimage"},"image":{"@id":"https:\/\/www.apfelpatient.de\/rumors\/iphone-12-mini-produktion-wurde-angeblich-eingestellt#primaryimage"},"thumbnailUrl":"https:\/\/www.apfelpatient.de\/wp-content\/uploads\/2021\/06\/bigstock-Italy-November-Ipho-393739874.jpg","datePublished":"2021-06-21T14:34:49+00:00","dateModified":"2021-06-21T14:38:04+00:00","description":"After countless reports that the iPhone 12 mini is selling poorly, it is now claimed that production has ended.","breadcrumb":{"@id":"https:\/\/www.apfelpatient.de\/rumors\/iphone-12-mini-produktion-wurde-angeblich-eingestellt#breadcrumb"},"inLanguage":"en-US","potentialAction":[{"@type":"ReadAction","target":["https:\/\/www.apfelpatient.de\/rumors\/iphone-12-mini-produktion-wurde-angeblich-eingestellt"]}]},{"@type":"ImageObject","inLanguage":"en-US","@id":"https:\/\/www.apfelpatient.de\/rumors\/iphone-12-mini-produktion-wurde-angeblich-eingestellt#primaryimage","url":"https:\/\/www.apfelpatient.de\/wp-content\/uploads\/2021\/06\/bigstock-Italy-November-Ipho-393739874.jpg","contentUrl":"https:\/\/www.apfelpatient.de\/wp-content\/uploads\/2021\/06\/bigstock-Italy-November-Ipho-393739874.jpg","width":1600,"height":1139,"caption":"ITALY -01 NOVEMBER, 2020: Iphone 12, 12 Mini, 12 Pro and 12 Max smartphones on white background. Latest Apple Mobile iphones model. Illustrative editorial."},{"@type":"BreadcrumbList","@id":"https:\/\/www.apfelpatient.de\/rumors\/iphone-12-mini-produktion-wurde-angeblich-eingestellt#breadcrumb","itemListElement":[{"@type":"ListItem","position":1,"name":"Startseite","item":"https:\/\/www.apfelpatient.de\/"},{"@type":"ListItem","position":2,"name":"iPhone 12 mini Produktion wurde angeblich eingestellt"}]},{"@type":"WebSite","@id":"https:\/\/www.apfelpatient.de\/#website","url":"https:\/\/www.apfelpatient.de\/","name":"apple patient","description":"Everything about Apple!","publisher":{"@type":"Organization","@id":"https:\/\/www.apfelpatient.de\/en\/#organization","name":"Apfelpatient","url":"https:\/\/www.apfelpatient.de\/en\/"},"alternateName":"Apfelpatient","potentialAction":[{"@type":"SearchAction","target":{"@type":"EntryPoint","urlTemplate":"https:\/\/www.apfelpatient.de\/?s={search_term_string}"},"query-input":{"@type":"PropertyValueSpecification","valueRequired":true,"valueName":"search_term_string"}}],"inLanguage":"en-US"},{"@type":["Person","Organization"],"@id":"https:\/\/www.apfelpatient.de\/#\/schema\/person\/7dc56ad6c8e9824b76d2c08d4c140e13","name":"Milan","logo":{"@id":"https:\/\/www.apfelpatient.de\/#\/schema\/person\/image\/"},"description":"Hello and welcome to my technology blog! As a big Apple fan, I report on everything to do with Apple: from the latest news and exciting rumors to helpful tips and tricks and detailed product tests. If you are as enthusiastic about technology as I am, you have come to the right place!","sameAs":["https:\/\/www.facebook.com\/apfelpatientOfficial","https:\/\/www.linkedin.com\/in\/milan-jovicic-42aa0231b"],"url":"https:\/\/www.apfelpatient.de\/en\/author\/apfeladmin"}]}},"_links":{"self":[{"href":"https:\/\/www.apfelpatient.de\/en\/wp-json\/wp\/v2\/posts\/23824","targetHints":{"allow":["GET"]}}],"collection":[{"href":"https:\/\/www.apfelpatient.de\/en\/wp-json\/wp\/v2\/posts"}],"about":[{"href":"https:\/\/www.apfelpatient.de\/en\/wp-json\/wp\/v2\/types\/post"}],"author":[{"embeddable":true,"href":"https:\/\/www.apfelpatient.de\/en\/wp-json\/wp\/v2\/users\/2"}],"replies":[{"embeddable":true,"href":"https:\/\/www.apfelpatient.de\/en\/wp-json\/wp\/v2\/comments?post=23824"}],"version-history":[{"count":0,"href":"https:\/\/www.apfelpatient.de\/en\/wp-json\/wp\/v2\/posts\/23824\/revisions"}],"wp:featuredmedia":[{"embeddable":true,"href":"https:\/\/www.apfelpatient.de\/en\/wp-json\/wp\/v2\/media\/23823"}],"wp:attachment":[{"href":"https:\/\/www.apfelpatient.de\/en\/wp-json\/wp\/v2\/media?parent=23824"}],"wp:term":[{"taxonomy":"category","embeddable":true,"href":"https:\/\/www.apfelpatient.de\/en\/wp-json\/wp\/v2\/categories?post=23824"},{"taxonomy":"post_tag","embeddable":true,"href":"https:\/\/www.apfelpatient.de\/en\/wp-json\/wp\/v2\/tags?post=23824"}],"curies":[{"name":"wp","href":"https:\/\/api.w.org\/{rel}","templated":true}]}}