{"id":23703,"date":"2021-06-17T10:44:32","date_gmt":"2021-06-17T08:44:32","guid":{"rendered":"https:\/\/www.apfelpatient.de\/?p=23703"},"modified":"2021-06-17T10:44:32","modified_gmt":"2021-06-17T08:44:32","slug":"facebook-will-launch-podcast-feature-soon","status":"publish","type":"post","link":"https:\/\/www.apfelpatient.de\/en\/news\/facebook-startet-podcast-funktion-in-kuerze","title":{"rendered":"Facebook will soon launch podcast feature"},"content":{"rendered":"<p class=\"has-drop-cap\"><strong>Facebook will begin rolling out its podcast feature on June 22, allowing podcasters to easily publish new episodes on the social network.<\/strong><\/p>\n\n\n\n<p>The podcasting feature will allow podcasters to link their RSS feeds to Facebook, which will automatically publish new episodes to their news feeds, according to an email to podcasters obtained by The Verge <a href=\"https:\/\/www.theverge.com\/2021\/6\/16\/22537023\/facebook-podcast-rss-feed-publish-clips-pages\" target=\"_blank\" rel=\"noreferrer noopener\">viewed<\/a> In a statement to The Verge, Facebook said a limited number of page owners will have access to the podcast feature on June 22. However, as more emails have been sent out, it&#039;s possible the launch will be broader than previously thought. In addition to being able to distribute shows on Facebook, podcasters can also allow clips - user-created excerpts from a show that can be shared. Facebook says clips can &quot;increase visibility and engagement.&quot;<\/p>\n\n\n\n<h3 class=\"wp-block-heading\" id=\"h-facebook-arbeitet-an-weiteren-audio-angeboten\">Facebook is working on additional audio offerings<\/h3>\n\n\n\n\n\n\n\n<p>The social media giant first unveiled its podcasting feature in April. The integration allows listeners to find, subscribe to and listen to shows within the Facebook platform. In addition to the podcast product, Facebook is also working on other audio offerings such as a virtual chatroom comparable to Clubhouse, as well as short audio posts called &quot;soundbites.&quot; Other tech companies are making their own forays into the podcast industry. Spotify, for example, has negotiated exclusive deals with podcast creators while Amazon recently acquired podcast studio Wondery. Apple also launched a premium subscription-based podcast service on Tuesday that allows listeners to support specific shows and receive exclusive subscriber benefits. (Photo by Denys Prykhodov \/ Bigstockphoto)<\/p>\n\n\n\n<ul class=\"wp-block-list\"><li><a href=\"https:\/\/www.apfelpatient.de\/en\/news\/whatsapp-multi-device-function-and-more-to-come\">WhatsApp: \u201cMulti-device\u201d function and more to come<\/a><\/li><\/ul>\n\n\n\n<h6 class=\"wp-block-heading translation-block\" id=\"h-kennt-ihr-schon-unsere-amazon-storefront-dort-findet-ihr-eine-handverlesene-auswahl-von-diversen-produkten-f-r-euer-iphone-und-co-viel-spa-beim-st-bern\"><em>Have you already visited our Amazon Storefront? There you&#039;ll find a hand-picked selection of various products for your iPhone and other devices \u2013 <span class=\"has-inline-color has-vivid-red-color\"><a href=\"https:\/\/www.amazon.de\/shop\/apfelpatientofficial\" class=\"ek-link\" data-wpel-link=\"exclude\" rel=\"follow noopener\" target=\"_self\"><span style=\"text-decoration: underline\" class=\"ek-underline\">enjoy browsing<\/span><\/a> !<\/span><\/em><\/h6>\n\n\n\n<h6 class=\"wp-block-heading translation-block\" id=\"h-der-beitrag-enthalt-partnerlinks\">This post contains <a data-type=\"URL\" data-id=\"https:\/\/www.apfelpatient.de\/partnerprogramm\" href=\"https:\/\/www.apfelpatient.de\/en\/partner-program\" data-wpel-link=\"internal\" target=\"_self\">affiliate links<\/a>.<\/h6>","protected":false},"excerpt":{"rendered":"<p>Podcasters get more options: Facebook will soon begin rolling out its podcast feature.<\/p>","protected":false},"author":2,"featured_media":23702,"comment_status":"closed","ping_status":"closed","sticky":false,"template":"","format":"standard","meta":{"jnews-multi-image_gallery":[],"jnews_single_post":{"subtitle":"","format":"standard","video":"","gallery":"","source_name":"","source_url":"","via_name":"","via_url":"","override":[{"single_blog_custom":"","sidebar":"","second_sidebar":"","share_position":"","share_float_style":"","post_date_format":"","post_date_format_custom":"","post_reading_time_wpm":"","zoom_button_out_step":"1","zoom_button_in_step":"1","number_popup_post":"1"}],"image_override":[{"single_post_thumbnail_size":"","single_post_gallery_size":""}],"trending_post_position":"","trending_post_label":"","sponsored_post_label":"","sponsored_post_name":"","sponsored_post_url":"","sponsored_post_logo":"","sponsored_post_desc":""},"jnews_primary_category":{"id":"9"},"footnotes":""},"categories":[9],"tags":[142,13],"class_list":["post-23703","post","type-post","status-publish","format-standard","has-post-thumbnail","hentry","category-news","tag-facebook","tag-techpatient"],"yoast_head":"<!-- This site is optimized with the Yoast SEO Premium plugin v27.5 (Yoast SEO v27.5) - https:\/\/yoast.com\/product\/yoast-seo-premium-wordpress\/ -->\n<title>Facebook startet Podcast-Funktion in K\u00fcrze Apfelpatient<\/title>\n<meta name=\"description\" content=\"Podcaster bekommen mehr M\u00f6glichkeiten: Facebook wird in K\u00fcrze mit der Einf\u00fchrung seiner Podcast-Funktion beginnen.\" \/>\n<meta name=\"robots\" content=\"index, follow, max-snippet:-1, max-image-preview:large, max-video-preview:-1\" \/>\n<link rel=\"canonical\" href=\"https:\/\/www.apfelpatient.de\/en\/news\/facebook-will-launch-podcast-feature-soon\" \/>\n<meta property=\"og:locale\" content=\"en_US\" \/>\n<meta property=\"og:type\" content=\"article\" \/>\n<meta property=\"og:title\" content=\"Facebook startet Podcast-Funktion in K\u00fcrze\" \/>\n<meta property=\"og:description\" content=\"Podcaster bekommen mehr M\u00f6glichkeiten: Facebook wird in K\u00fcrze mit der Einf\u00fchrung seiner Podcast-Funktion beginnen.\" \/>\n<meta property=\"og:url\" content=\"https:\/\/www.apfelpatient.de\/en\/news\/facebook-will-launch-podcast-feature-soon\" \/>\n<meta property=\"og:site_name\" content=\"Apfelpatient\" \/>\n<meta property=\"article:publisher\" content=\"https:\/\/www.facebook.com\/apfelpatientOfficial\" \/>\n<meta property=\"article:author\" content=\"https:\/\/www.facebook.com\/apfelpatientOfficial\" \/>\n<meta property=\"article:published_time\" content=\"2021-06-17T08:44:32+00:00\" \/>\n<meta property=\"og:image\" content=\"https:\/\/www.apfelpatient.de\/wp-content\/uploads\/2021\/06\/bigstock-Alanya-Turkey-December-399379286.jpg\" \/>\n\t<meta property=\"og:image:width\" content=\"1600\" \/>\n\t<meta property=\"og:image:height\" content=\"1067\" \/>\n\t<meta property=\"og:image:type\" content=\"image\/jpeg\" \/>\n<meta name=\"author\" content=\"Milan\" \/>\n<meta name=\"twitter:card\" content=\"summary_large_image\" \/>\n<meta name=\"twitter:description\" content=\"Podcaster bekommen mehr M\u00f6glichkeiten: Facebook wird in K\u00fcrze mit der Einf\u00fchrung seiner Podcast-Funktion beginnen.\" \/>\n<meta name=\"twitter:label1\" content=\"Written by\" \/>\n\t<meta name=\"twitter:data1\" content=\"Milan\" \/>\n\t<meta name=\"twitter:label2\" content=\"Est. reading time\" \/>\n\t<meta name=\"twitter:data2\" content=\"2 minutes\" \/>\n<script type=\"application\/ld+json\" class=\"yoast-schema-graph\">{\"@context\":\"https:\\\/\\\/schema.org\",\"@graph\":[{\"@type\":\"NewsArticle\",\"@id\":\"https:\\\/\\\/www.apfelpatient.de\\\/news\\\/facebook-startet-podcast-funktion-in-kuerze#article\",\"isPartOf\":{\"@id\":\"https:\\\/\\\/www.apfelpatient.de\\\/news\\\/facebook-startet-podcast-funktion-in-kuerze\"},\"author\":{\"@type\":\"Organization\",\"@id\":\"https:\\\/\\\/www.apfelpatient.de\\\/en\\\/#organization\",\"name\":\"Apfelpatient\",\"url\":\"https:\\\/\\\/www.apfelpatient.de\\\/en\\\/\"},\"headline\":\"Facebook startet Podcast-Funktion in K\u00fcrze\",\"datePublished\":\"2021-06-17T08:44:32+00:00\",\"mainEntityOfPage\":{\"@id\":\"https:\\\/\\\/www.apfelpatient.de\\\/news\\\/facebook-startet-podcast-funktion-in-kuerze\"},\"wordCount\":284,\"publisher\":{\"@type\":\"Organization\",\"@id\":\"https:\\\/\\\/www.apfelpatient.de\\\/en\\\/#organization\",\"name\":\"Apfelpatient\",\"url\":\"https:\\\/\\\/www.apfelpatient.de\\\/en\\\/\"},\"image\":{\"@id\":\"https:\\\/\\\/www.apfelpatient.de\\\/news\\\/facebook-startet-podcast-funktion-in-kuerze#primaryimage\"},\"thumbnailUrl\":\"https:\\\/\\\/www.apfelpatient.de\\\/wp-content\\\/uploads\\\/2021\\\/06\\\/bigstock-Alanya-Turkey-December-399379286.jpg\",\"keywords\":[\"Facebook\",\"TechPatient\"],\"articleSection\":\"News\",\"inLanguage\":\"en-US\",\"copyrightYear\":\"2021\",\"copyrightHolder\":{\"@id\":\"https:\\\/\\\/www.apfelpatient.de\\\/en\\\/#organization\"}},{\"@type\":\"WebPage\",\"@id\":\"https:\\\/\\\/www.apfelpatient.de\\\/news\\\/facebook-startet-podcast-funktion-in-kuerze\",\"url\":\"https:\\\/\\\/www.apfelpatient.de\\\/news\\\/facebook-startet-podcast-funktion-in-kuerze\",\"name\":\"Facebook startet Podcast-Funktion in K\u00fcrze Apfelpatient\",\"isPartOf\":{\"@id\":\"https:\\\/\\\/www.apfelpatient.de\\\/#website\"},\"primaryImageOfPage\":{\"@id\":\"https:\\\/\\\/www.apfelpatient.de\\\/news\\\/facebook-startet-podcast-funktion-in-kuerze#primaryimage\"},\"image\":{\"@id\":\"https:\\\/\\\/www.apfelpatient.de\\\/news\\\/facebook-startet-podcast-funktion-in-kuerze#primaryimage\"},\"thumbnailUrl\":\"https:\\\/\\\/www.apfelpatient.de\\\/wp-content\\\/uploads\\\/2021\\\/06\\\/bigstock-Alanya-Turkey-December-399379286.jpg\",\"datePublished\":\"2021-06-17T08:44:32+00:00\",\"description\":\"Podcaster bekommen mehr M\u00f6glichkeiten: Facebook wird in K\u00fcrze mit der Einf\u00fchrung seiner Podcast-Funktion beginnen.\",\"breadcrumb\":{\"@id\":\"https:\\\/\\\/www.apfelpatient.de\\\/news\\\/facebook-startet-podcast-funktion-in-kuerze#breadcrumb\"},\"inLanguage\":\"en-US\",\"potentialAction\":[{\"@type\":\"ReadAction\",\"target\":[\"https:\\\/\\\/www.apfelpatient.de\\\/news\\\/facebook-startet-podcast-funktion-in-kuerze\"]}]},{\"@type\":\"ImageObject\",\"inLanguage\":\"en-US\",\"@id\":\"https:\\\/\\\/www.apfelpatient.de\\\/news\\\/facebook-startet-podcast-funktion-in-kuerze#primaryimage\",\"url\":\"https:\\\/\\\/www.apfelpatient.de\\\/wp-content\\\/uploads\\\/2021\\\/06\\\/bigstock-Alanya-Turkey-December-399379286.jpg\",\"contentUrl\":\"https:\\\/\\\/www.apfelpatient.de\\\/wp-content\\\/uploads\\\/2021\\\/06\\\/bigstock-Alanya-Turkey-December-399379286.jpg\",\"width\":1600,\"height\":1067,\"caption\":\"Alanya, Turkey - December 4, 2020: Woman hand holding iPhone 12 Pro Max Gold with social networking service messenger Facebook on the screen.\"},{\"@type\":\"BreadcrumbList\",\"@id\":\"https:\\\/\\\/www.apfelpatient.de\\\/news\\\/facebook-startet-podcast-funktion-in-kuerze#breadcrumb\",\"itemListElement\":[{\"@type\":\"ListItem\",\"position\":1,\"name\":\"Startseite\",\"item\":\"https:\\\/\\\/www.apfelpatient.de\\\/\"},{\"@type\":\"ListItem\",\"position\":2,\"name\":\"Facebook startet Podcast-Funktion in K\u00fcrze\"}]},{\"@type\":\"WebSite\",\"@id\":\"https:\\\/\\\/www.apfelpatient.de\\\/#website\",\"url\":\"https:\\\/\\\/www.apfelpatient.de\\\/\",\"name\":\"Apfelpatient\",\"description\":\"Alles rund um Apple!\",\"publisher\":{\"@type\":\"Organization\",\"@id\":\"https:\\\/\\\/www.apfelpatient.de\\\/en\\\/#organization\",\"name\":\"Apfelpatient\",\"url\":\"https:\\\/\\\/www.apfelpatient.de\\\/en\\\/\"},\"alternateName\":\"Apfelpatient\",\"potentialAction\":[{\"@type\":\"SearchAction\",\"target\":{\"@type\":\"EntryPoint\",\"urlTemplate\":\"https:\\\/\\\/www.apfelpatient.de\\\/?s={search_term_string}\"},\"query-input\":{\"@type\":\"PropertyValueSpecification\",\"valueRequired\":true,\"valueName\":\"search_term_string\"}}],\"inLanguage\":\"en-US\"},{\"@type\":[\"Person\",\"Organization\"],\"@id\":\"https:\\\/\\\/www.apfelpatient.de\\\/#\\\/schema\\\/person\\\/35b3ddba5832f2bfc7fff5206d4f6b7b\",\"name\":\"Milan\",\"logo\":{\"@id\":\"https:\\\/\\\/www.apfelpatient.de\\\/#\\\/schema\\\/person\\\/image\\\/\"},\"description\":\"Hallo und herzlich willkommen auf meinem Technik-Blog! Als gro\u00dfer Apple-Fan berichte ich hier \u00fcber alles, was mit Apple zu tun hat: von den neuesten News und spannenden Ger\u00fcchten \u00fcber hilfreiche Tipps und Tricks bis hin zu ausf\u00fchrlichen Produkttests. Wenn du genauso technikbegeistert bist wie ich, bist du hier genau richtig!\",\"sameAs\":[\"https:\\\/\\\/www.facebook.com\\\/apfelpatientOfficial\",\"https:\\\/\\\/www.linkedin.com\\\/in\\\/milan-jovicic-42aa0231b\"],\"url\":\"https:\\\/\\\/www.apfelpatient.de\\\/en\\\/author\\\/apfeladmin\"}]}<\/script>\n<!-- \/ Yoast SEO Premium plugin. -->","yoast_head_json":{"title":"Facebook will soon launch podcast feature Apfelpatient","description":"Podcasters get more options: Facebook will soon begin rolling out its podcast feature.","robots":{"index":"index","follow":"follow","max-snippet":"max-snippet:-1","max-image-preview":"max-image-preview:large","max-video-preview":"max-video-preview:-1"},"canonical":"https:\/\/www.apfelpatient.de\/en\/news\/facebook-will-launch-podcast-feature-soon","og_locale":"en_US","og_type":"article","og_title":"Facebook startet Podcast-Funktion in K\u00fcrze","og_description":"Podcaster bekommen mehr M\u00f6glichkeiten: Facebook wird in K\u00fcrze mit der Einf\u00fchrung seiner Podcast-Funktion beginnen.","og_url":"https:\/\/www.apfelpatient.de\/en\/news\/facebook-will-launch-podcast-feature-soon","og_site_name":"Apfelpatient","article_publisher":"https:\/\/www.facebook.com\/apfelpatientOfficial","article_author":"https:\/\/www.facebook.com\/apfelpatientOfficial","article_published_time":"2021-06-17T08:44:32+00:00","og_image":[{"width":1600,"height":1067,"url":"https:\/\/www.apfelpatient.de\/wp-content\/uploads\/2021\/06\/bigstock-Alanya-Turkey-December-399379286.jpg","type":"image\/jpeg"}],"author":"Milan","twitter_card":"summary_large_image","twitter_description":"Podcaster bekommen mehr M\u00f6glichkeiten: Facebook wird in K\u00fcrze mit der Einf\u00fchrung seiner Podcast-Funktion beginnen.","twitter_misc":{"Written by":"Milan","Est. reading time":"2 minutes"},"schema":{"@context":"https:\/\/schema.org","@graph":[{"@type":"NewsArticle","@id":"https:\/\/www.apfelpatient.de\/news\/facebook-startet-podcast-funktion-in-kuerze#article","isPartOf":{"@id":"https:\/\/www.apfelpatient.de\/news\/facebook-startet-podcast-funktion-in-kuerze"},"author":{"@type":"Organization","@id":"https:\/\/www.apfelpatient.de\/en\/#organization","name":"Apfelpatient","url":"https:\/\/www.apfelpatient.de\/en\/"},"headline":"Facebook startet Podcast-Funktion in K\u00fcrze","datePublished":"2021-06-17T08:44:32+00:00","mainEntityOfPage":{"@id":"https:\/\/www.apfelpatient.de\/news\/facebook-startet-podcast-funktion-in-kuerze"},"wordCount":284,"publisher":{"@type":"Organization","@id":"https:\/\/www.apfelpatient.de\/en\/#organization","name":"Apfelpatient","url":"https:\/\/www.apfelpatient.de\/en\/"},"image":{"@id":"https:\/\/www.apfelpatient.de\/news\/facebook-startet-podcast-funktion-in-kuerze#primaryimage"},"thumbnailUrl":"https:\/\/www.apfelpatient.de\/wp-content\/uploads\/2021\/06\/bigstock-Alanya-Turkey-December-399379286.jpg","keywords":["Facebook","TechPatient"],"articleSection":"News","inLanguage":"en-US","copyrightYear":"2021","copyrightHolder":{"@id":"https:\/\/www.apfelpatient.de\/en\/#organization"}},{"@type":"WebPage","@id":"https:\/\/www.apfelpatient.de\/news\/facebook-startet-podcast-funktion-in-kuerze","url":"https:\/\/www.apfelpatient.de\/news\/facebook-startet-podcast-funktion-in-kuerze","name":"Facebook will soon launch podcast feature Apfelpatient","isPartOf":{"@id":"https:\/\/www.apfelpatient.de\/#website"},"primaryImageOfPage":{"@id":"https:\/\/www.apfelpatient.de\/news\/facebook-startet-podcast-funktion-in-kuerze#primaryimage"},"image":{"@id":"https:\/\/www.apfelpatient.de\/news\/facebook-startet-podcast-funktion-in-kuerze#primaryimage"},"thumbnailUrl":"https:\/\/www.apfelpatient.de\/wp-content\/uploads\/2021\/06\/bigstock-Alanya-Turkey-December-399379286.jpg","datePublished":"2021-06-17T08:44:32+00:00","description":"Podcasters get more options: Facebook will soon begin rolling out its podcast feature.","breadcrumb":{"@id":"https:\/\/www.apfelpatient.de\/news\/facebook-startet-podcast-funktion-in-kuerze#breadcrumb"},"inLanguage":"en-US","potentialAction":[{"@type":"ReadAction","target":["https:\/\/www.apfelpatient.de\/news\/facebook-startet-podcast-funktion-in-kuerze"]}]},{"@type":"ImageObject","inLanguage":"en-US","@id":"https:\/\/www.apfelpatient.de\/news\/facebook-startet-podcast-funktion-in-kuerze#primaryimage","url":"https:\/\/www.apfelpatient.de\/wp-content\/uploads\/2021\/06\/bigstock-Alanya-Turkey-December-399379286.jpg","contentUrl":"https:\/\/www.apfelpatient.de\/wp-content\/uploads\/2021\/06\/bigstock-Alanya-Turkey-December-399379286.jpg","width":1600,"height":1067,"caption":"Alanya, Turkey - December 4, 2020: Woman hand holding iPhone 12 Pro Max Gold with social networking service messenger Facebook on the screen."},{"@type":"BreadcrumbList","@id":"https:\/\/www.apfelpatient.de\/news\/facebook-startet-podcast-funktion-in-kuerze#breadcrumb","itemListElement":[{"@type":"ListItem","position":1,"name":"Startseite","item":"https:\/\/www.apfelpatient.de\/"},{"@type":"ListItem","position":2,"name":"Facebook startet Podcast-Funktion in K\u00fcrze"}]},{"@type":"WebSite","@id":"https:\/\/www.apfelpatient.de\/#website","url":"https:\/\/www.apfelpatient.de\/","name":"apple patient","description":"Everything about Apple!","publisher":{"@type":"Organization","@id":"https:\/\/www.apfelpatient.de\/en\/#organization","name":"Apfelpatient","url":"https:\/\/www.apfelpatient.de\/en\/"},"alternateName":"Apfelpatient","potentialAction":[{"@type":"SearchAction","target":{"@type":"EntryPoint","urlTemplate":"https:\/\/www.apfelpatient.de\/?s={search_term_string}"},"query-input":{"@type":"PropertyValueSpecification","valueRequired":true,"valueName":"search_term_string"}}],"inLanguage":"en-US"},{"@type":["Person","Organization"],"@id":"https:\/\/www.apfelpatient.de\/#\/schema\/person\/35b3ddba5832f2bfc7fff5206d4f6b7b","name":"Milan","logo":{"@id":"https:\/\/www.apfelpatient.de\/#\/schema\/person\/image\/"},"description":"Hello and welcome to my technology blog! As a big Apple fan, I report on everything to do with Apple: from the latest news and exciting rumors to helpful tips and tricks and detailed product tests. If you are as enthusiastic about technology as I am, you have come to the right place!","sameAs":["https:\/\/www.facebook.com\/apfelpatientOfficial","https:\/\/www.linkedin.com\/in\/milan-jovicic-42aa0231b"],"url":"https:\/\/www.apfelpatient.de\/en\/author\/apfeladmin"}]}},"_links":{"self":[{"href":"https:\/\/www.apfelpatient.de\/en\/wp-json\/wp\/v2\/posts\/23703","targetHints":{"allow":["GET"]}}],"collection":[{"href":"https:\/\/www.apfelpatient.de\/en\/wp-json\/wp\/v2\/posts"}],"about":[{"href":"https:\/\/www.apfelpatient.de\/en\/wp-json\/wp\/v2\/types\/post"}],"author":[{"embeddable":true,"href":"https:\/\/www.apfelpatient.de\/en\/wp-json\/wp\/v2\/users\/2"}],"replies":[{"embeddable":true,"href":"https:\/\/www.apfelpatient.de\/en\/wp-json\/wp\/v2\/comments?post=23703"}],"version-history":[{"count":0,"href":"https:\/\/www.apfelpatient.de\/en\/wp-json\/wp\/v2\/posts\/23703\/revisions"}],"wp:featuredmedia":[{"embeddable":true,"href":"https:\/\/www.apfelpatient.de\/en\/wp-json\/wp\/v2\/media\/23702"}],"wp:attachment":[{"href":"https:\/\/www.apfelpatient.de\/en\/wp-json\/wp\/v2\/media?parent=23703"}],"wp:term":[{"taxonomy":"category","embeddable":true,"href":"https:\/\/www.apfelpatient.de\/en\/wp-json\/wp\/v2\/categories?post=23703"},{"taxonomy":"post_tag","embeddable":true,"href":"https:\/\/www.apfelpatient.de\/en\/wp-json\/wp\/v2\/tags?post=23703"}],"curies":[{"name":"wp","href":"https:\/\/api.w.org\/{rel}","templated":true}]}}