{"id":23698,"date":"2021-06-16T19:59:59","date_gmt":"2021-06-16T17:59:59","guid":{"rendered":"https:\/\/www.apfelpatient.de\/?p=23698"},"modified":"2021-06-16T20:00:57","modified_gmt":"2021-06-16T18:00:57","slug":"tim-cook-apple-always-has-something-up-its-sleeve","status":"publish","type":"post","link":"https:\/\/www.apfelpatient.de\/en\/news\/tim-cook-apple-hat-immer-etwas-im-aermel","title":{"rendered":"Tim Cook: Apple always has something up its sleeve"},"content":{"rendered":"\n<p class=\"has-drop-cap\"><strong>Apple CEO Tim Cook zeigte sich in Bezug auf das Potenzial von Augmented Reality einmal mehr begeistert. Cook zufolge k\u00f6nnte diese Technologie das Leben verbessern.<\/strong><\/p>\n\n\n\n<p>Auf der europ\u00e4ischen Viva Tech Konferenz setzte sich der Apple-Chef k\u00fcrzlich f\u00fcr ein virtuelles &#8222;Kamingespr\u00e4ch&#8220; mit Guillaume Lacroix, CEO des digitalen Medienunternehmens Brut, zusammen. W\u00e4hrend des Interviews sprach Cook \u00fcber eine Reihe von Themen, darunter Datenschutz, Apples Reaktionen auf Pandemien und zuk\u00fcnftige AR-Bestrebungen. In Bezug auf Apple AR sagte Cook, dass das Unternehmen bereits seit einiger Zeit mit der Technologie auf iPhone und iPad arbeitet und dass er generell von der F\u00e4higkeit begeistert ist, &#8222;das Leben zu verbessern&#8220;. Cook f\u00fcgte hinzu, dass wir in der Zukunft sehen werden, wohin [AR] in Bezug auf Produkte f\u00fchrt. Cook bot nicht viel mehr als die Aussage, dass wir bei Apple &#8222;immer etwas im \u00c4rmel haben&#8220;. Der Apple-Chef lobte auch die europ\u00e4ischen Datenschutzbestimmungen DSGVO, wie er es schon in der Vergangenheit getan hat. Cook sagte, dass die Regelungen als &#8222;Standard&#8220; rund um den Globus akzeptiert werden sollten.<\/p>\n\n\n\n<h3 class=\"wp-block-heading\" id=\"h-tim-cook-android-hat-47-mal-mehr-malware-als-ios\">Tim Cook: &#8222;Android hat 47 Mal mehr Malware als iOS&#8220;<\/h3>\n\n\n\n\n\n\n\n<p>Weniger enthusiastische Worte fand Cook jedoch f\u00fcr die kommende Kartellgesetzgebung in Europa. Dazu geh\u00f6rt der Digital Markets Act, der laut Cook nicht im &#8222;besten Interesse der Nutzer&#8220; w\u00e4re. Der Apple-Chef sagte, der Vorschlag w\u00fcrde Apple dazu zwingen, Side-Loading zu erlauben, was seiner Meinung nach sowohl die Privatsph\u00e4re als auch die Sicherheit von iOS-Ger\u00e4ten bedrohen k\u00f6nnte. So erkl\u00e4rte Cook:<\/p>\n\n\n\n<blockquote class=\"wp-block-quote is-layout-flow wp-block-quote-is-layout-flow\"><p>Ich meine, du schaust dir Malware als Beispiel an und Android hat 47 Mal mehr Malware als iOS. Warum ist das so? Weil wir iOS so konzipiert haben, dass es einen App Store gibt und alle Apps \u00fcberpr\u00fcft werden, bevor sie in den Store kommen.<\/p><\/blockquote>\n\n\n\n<p>Cook erw\u00e4hnte auch einige der M\u00f6glichkeiten, wie Apple auf die Coronavirus-Pandemie reagiert hat, einschlie\u00dflich der Spenden von Gesichtsmasken und pers\u00f6nlicher Schutzausr\u00fcstung, sowie die Einf\u00fchrung des Exposure Notification Frameworks in Zusammenarbeit mit Google. Im vollst\u00e4ndigen <a href=\"https:\/\/www.youtube.com\/watch?v=RMHclZR6Neo\" target=\"_blank\" rel=\"noreferrer noopener\">Interview<\/a> spricht der Apple-Manager auch \u00fcber andere Themen, wie Steuern und Desinformation. (Bild: Apple)<\/p>\n\n\n\n<ul class=\"wp-block-list\"><li><a href=\"https:\/\/www.apfelpatient.de\/rumors\/apple-vr-ar-headset-soll-2022-erscheinen\">Apple VR\/AR-Headset soll 2022 erscheinen<\/a><\/li><\/ul>\n\n\n\n<h6 class=\"wp-block-heading\" id=\"h-kennt-ihr-schon-unsere-amazon-storefront-dort-findet-ihr-eine-handverlesene-auswahl-von-diversen-produkten-f-r-euer-iphone-und-co-viel-spa-beim-st-bern\"><em>Kennt ihr schon unsere Amazon Storefront? Dort findet ihr eine handverlesene Auswahl von diversen Produkten f\u00fcr euer iPhone und Co.  &#8211; <span class=\"has-inline-color has-vivid-red-color\"><a href=\"https:\/\/www.amazon.de\/shop\/apfelpatientofficial\" class=\"ek-link\"><span style=\"text-decoration: underline;\" class=\"ek-underline\">viel Spa\u00df beim St\u00f6bern<\/span><\/a>.<\/span><\/em><\/h6>\n\n\n\n<h6 class=\"wp-block-heading\" id=\"h-der-beitrag-enthalt-partnerlinks\">Der Beitrag enth\u00e4lt <a data-type=\"URL\" data-id=\"https:\/\/www.apfelpatient.de\/partnerprogramm\" href=\"https:\/\/www.apfelpatient.de\/partnerprogramm\">Partnerlinks<\/a>.<\/h6>\n","protected":false},"excerpt":{"rendered":"<p>In an interview: Apple CEO Tim Cook once again expressed his enthusiasm about the potential of augmented reality.<\/p>","protected":false},"author":2,"featured_media":23697,"comment_status":"closed","ping_status":"closed","sticky":false,"template":"","format":"standard","meta":{"jnews-multi-image_gallery":[],"jnews_single_post":{"subtitle":"","format":"standard","video":"","gallery":"","source_name":"","source_url":"","via_name":"","via_url":"","override":[{"single_blog_custom":"","sidebar":"","second_sidebar":"","share_position":"","share_float_style":"","post_date_format":"","post_date_format_custom":"","post_reading_time_wpm":"","zoom_button_out_step":"1","zoom_button_in_step":"1","number_popup_post":"1"}],"image_override":[{"single_post_thumbnail_size":"","single_post_gallery_size":""}],"trending_post_position":"","trending_post_label":"","sponsored_post_label":"","sponsored_post_name":"","sponsored_post_url":"","sponsored_post_logo":"","sponsored_post_desc":""},"jnews_primary_category":{"id":"9"},"footnotes":""},"categories":[9],"tags":[609],"class_list":["post-23698","post","type-post","status-publish","format-standard","has-post-thumbnail","hentry","category-news","tag-apple-vr-ar"],"yoast_head":"<!-- This site is optimized with the Yoast SEO Premium plugin v27.5 (Yoast SEO v27.5) - https:\/\/yoast.com\/product\/yoast-seo-premium-wordpress\/ -->\n<title>Tim Cook: Apple hat immer etwas im \u00c4rmel Apfelpatient<\/title>\n<meta name=\"description\" content=\"Im Interview: Apple CEO Tim Cook zeigte sich in Bezug auf das Potenzial von Augmented Reality einmal mehr begeistert.\" \/>\n<meta name=\"robots\" content=\"index, follow, max-snippet:-1, max-image-preview:large, max-video-preview:-1\" \/>\n<link rel=\"canonical\" href=\"https:\/\/www.apfelpatient.de\/en\/news\/tim-cook-apple-always-has-something-up-its-sleeve\" \/>\n<meta property=\"og:locale\" content=\"en_US\" \/>\n<meta property=\"og:type\" content=\"article\" \/>\n<meta property=\"og:title\" content=\"Tim Cook: Apple hat immer etwas im \u00c4rmel\" \/>\n<meta property=\"og:description\" content=\"Im Interview: Apple CEO Tim Cook zeigte sich in Bezug auf das Potenzial von Augmented Reality einmal mehr begeistert.\" \/>\n<meta property=\"og:url\" content=\"https:\/\/www.apfelpatient.de\/en\/news\/tim-cook-apple-always-has-something-up-its-sleeve\" \/>\n<meta property=\"og:site_name\" content=\"Apfelpatient\" \/>\n<meta property=\"article:publisher\" content=\"https:\/\/www.facebook.com\/apfelpatientOfficial\" \/>\n<meta property=\"article:author\" content=\"https:\/\/www.facebook.com\/apfelpatientOfficial\" \/>\n<meta property=\"article:published_time\" content=\"2021-06-16T17:59:59+00:00\" \/>\n<meta property=\"article:modified_time\" content=\"2021-06-16T18:00:57+00:00\" \/>\n<meta property=\"og:image\" content=\"https:\/\/www.apfelpatient.de\/wp-content\/uploads\/2021\/06\/Apple_Chicago_wrapup_Tim_Cook_welcomes_Keynote_audience_to_Lane_Tech_College_Preparatory_High_School_03272018.jpg\" \/>\n\t<meta property=\"og:image:width\" content=\"1600\" \/>\n\t<meta property=\"og:image:height\" content=\"1067\" \/>\n\t<meta property=\"og:image:type\" content=\"image\/jpeg\" \/>\n<meta name=\"author\" content=\"Milan\" \/>\n<meta name=\"twitter:card\" content=\"summary_large_image\" \/>\n<meta name=\"twitter:description\" content=\"Im Interview: Apple CEO Tim Cook zeigte sich in Bezug auf das Potenzial von Augmented Reality einmal mehr begeistert.\" \/>\n<meta name=\"twitter:label1\" content=\"Written by\" \/>\n\t<meta name=\"twitter:data1\" content=\"Milan\" \/>\n\t<meta name=\"twitter:label2\" content=\"Est. reading time\" \/>\n\t<meta name=\"twitter:data2\" content=\"2 minutes\" \/>\n<script type=\"application\/ld+json\" class=\"yoast-schema-graph\">{\"@context\":\"https:\\\/\\\/schema.org\",\"@graph\":[{\"@type\":\"NewsArticle\",\"@id\":\"https:\\\/\\\/www.apfelpatient.de\\\/news\\\/tim-cook-apple-hat-immer-etwas-im-aermel#article\",\"isPartOf\":{\"@id\":\"https:\\\/\\\/www.apfelpatient.de\\\/news\\\/tim-cook-apple-hat-immer-etwas-im-aermel\"},\"author\":{\"@type\":\"Organization\",\"@id\":\"https:\\\/\\\/www.apfelpatient.de\\\/en\\\/#organization\",\"name\":\"Apfelpatient\",\"url\":\"https:\\\/\\\/www.apfelpatient.de\\\/en\\\/\"},\"headline\":\"Tim Cook: Apple hat immer etwas im \u00c4rmel\",\"datePublished\":\"2021-06-16T17:59:59+00:00\",\"dateModified\":\"2021-06-16T18:00:57+00:00\",\"mainEntityOfPage\":{\"@id\":\"https:\\\/\\\/www.apfelpatient.de\\\/news\\\/tim-cook-apple-hat-immer-etwas-im-aermel\"},\"wordCount\":369,\"publisher\":{\"@type\":\"Organization\",\"@id\":\"https:\\\/\\\/www.apfelpatient.de\\\/en\\\/#organization\",\"name\":\"Apfelpatient\",\"url\":\"https:\\\/\\\/www.apfelpatient.de\\\/en\\\/\"},\"image\":{\"@id\":\"https:\\\/\\\/www.apfelpatient.de\\\/news\\\/tim-cook-apple-hat-immer-etwas-im-aermel#primaryimage\"},\"thumbnailUrl\":\"https:\\\/\\\/www.apfelpatient.de\\\/wp-content\\\/uploads\\\/2021\\\/06\\\/Apple_Chicago_wrapup_Tim_Cook_welcomes_Keynote_audience_to_Lane_Tech_College_Preparatory_High_School_03272018.jpg\",\"keywords\":[\"Apple VR\\\/AR\"],\"articleSection\":\"News\",\"inLanguage\":\"en-US\",\"copyrightYear\":\"2021\",\"copyrightHolder\":{\"@id\":\"https:\\\/\\\/www.apfelpatient.de\\\/en\\\/#organization\"}},{\"@type\":\"WebPage\",\"@id\":\"https:\\\/\\\/www.apfelpatient.de\\\/news\\\/tim-cook-apple-hat-immer-etwas-im-aermel\",\"url\":\"https:\\\/\\\/www.apfelpatient.de\\\/news\\\/tim-cook-apple-hat-immer-etwas-im-aermel\",\"name\":\"Tim Cook: Apple hat immer etwas im \u00c4rmel Apfelpatient\",\"isPartOf\":{\"@id\":\"https:\\\/\\\/www.apfelpatient.de\\\/#website\"},\"primaryImageOfPage\":{\"@id\":\"https:\\\/\\\/www.apfelpatient.de\\\/news\\\/tim-cook-apple-hat-immer-etwas-im-aermel#primaryimage\"},\"image\":{\"@id\":\"https:\\\/\\\/www.apfelpatient.de\\\/news\\\/tim-cook-apple-hat-immer-etwas-im-aermel#primaryimage\"},\"thumbnailUrl\":\"https:\\\/\\\/www.apfelpatient.de\\\/wp-content\\\/uploads\\\/2021\\\/06\\\/Apple_Chicago_wrapup_Tim_Cook_welcomes_Keynote_audience_to_Lane_Tech_College_Preparatory_High_School_03272018.jpg\",\"datePublished\":\"2021-06-16T17:59:59+00:00\",\"dateModified\":\"2021-06-16T18:00:57+00:00\",\"description\":\"Im Interview: Apple CEO Tim Cook zeigte sich in Bezug auf das Potenzial von Augmented Reality einmal mehr begeistert.\",\"breadcrumb\":{\"@id\":\"https:\\\/\\\/www.apfelpatient.de\\\/news\\\/tim-cook-apple-hat-immer-etwas-im-aermel#breadcrumb\"},\"inLanguage\":\"en-US\",\"potentialAction\":[{\"@type\":\"ReadAction\",\"target\":[\"https:\\\/\\\/www.apfelpatient.de\\\/news\\\/tim-cook-apple-hat-immer-etwas-im-aermel\"]}]},{\"@type\":\"ImageObject\",\"inLanguage\":\"en-US\",\"@id\":\"https:\\\/\\\/www.apfelpatient.de\\\/news\\\/tim-cook-apple-hat-immer-etwas-im-aermel#primaryimage\",\"url\":\"https:\\\/\\\/www.apfelpatient.de\\\/wp-content\\\/uploads\\\/2021\\\/06\\\/Apple_Chicago_wrapup_Tim_Cook_welcomes_Keynote_audience_to_Lane_Tech_College_Preparatory_High_School_03272018.jpg\",\"contentUrl\":\"https:\\\/\\\/www.apfelpatient.de\\\/wp-content\\\/uploads\\\/2021\\\/06\\\/Apple_Chicago_wrapup_Tim_Cook_welcomes_Keynote_audience_to_Lane_Tech_College_Preparatory_High_School_03272018.jpg\",\"width\":1600,\"height\":1067,\"caption\":\"Bild: Apple - Tim Cook\"},{\"@type\":\"BreadcrumbList\",\"@id\":\"https:\\\/\\\/www.apfelpatient.de\\\/news\\\/tim-cook-apple-hat-immer-etwas-im-aermel#breadcrumb\",\"itemListElement\":[{\"@type\":\"ListItem\",\"position\":1,\"name\":\"Startseite\",\"item\":\"https:\\\/\\\/www.apfelpatient.de\\\/\"},{\"@type\":\"ListItem\",\"position\":2,\"name\":\"Tim Cook: Apple hat immer etwas im \u00c4rmel\"}]},{\"@type\":\"WebSite\",\"@id\":\"https:\\\/\\\/www.apfelpatient.de\\\/#website\",\"url\":\"https:\\\/\\\/www.apfelpatient.de\\\/\",\"name\":\"Apfelpatient\",\"description\":\"Alles rund um Apple!\",\"publisher\":{\"@type\":\"Organization\",\"@id\":\"https:\\\/\\\/www.apfelpatient.de\\\/en\\\/#organization\",\"name\":\"Apfelpatient\",\"url\":\"https:\\\/\\\/www.apfelpatient.de\\\/en\\\/\"},\"alternateName\":\"Apfelpatient\",\"potentialAction\":[{\"@type\":\"SearchAction\",\"target\":{\"@type\":\"EntryPoint\",\"urlTemplate\":\"https:\\\/\\\/www.apfelpatient.de\\\/?s={search_term_string}\"},\"query-input\":{\"@type\":\"PropertyValueSpecification\",\"valueRequired\":true,\"valueName\":\"search_term_string\"}}],\"inLanguage\":\"en-US\"},{\"@type\":[\"Person\",\"Organization\"],\"@id\":\"https:\\\/\\\/www.apfelpatient.de\\\/#\\\/schema\\\/person\\\/35b3ddba5832f2bfc7fff5206d4f6b7b\",\"name\":\"Milan\",\"logo\":{\"@id\":\"https:\\\/\\\/www.apfelpatient.de\\\/#\\\/schema\\\/person\\\/image\\\/\"},\"description\":\"Hallo und herzlich willkommen auf meinem Technik-Blog! Als gro\u00dfer Apple-Fan berichte ich hier \u00fcber alles, was mit Apple zu tun hat: von den neuesten News und spannenden Ger\u00fcchten \u00fcber hilfreiche Tipps und Tricks bis hin zu ausf\u00fchrlichen Produkttests. Wenn du genauso technikbegeistert bist wie ich, bist du hier genau richtig!\",\"sameAs\":[\"https:\\\/\\\/www.facebook.com\\\/apfelpatientOfficial\",\"https:\\\/\\\/www.linkedin.com\\\/in\\\/milan-jovicic-42aa0231b\"],\"url\":\"https:\\\/\\\/www.apfelpatient.de\\\/en\\\/author\\\/apfeladmin\"}]}<\/script>\n<!-- \/ Yoast SEO Premium plugin. -->","yoast_head_json":{"title":"Tim Cook: Apple always has something up its sleeve Apfelpatient","description":"In an interview: Apple CEO Tim Cook once again expressed his enthusiasm about the potential of augmented reality.","robots":{"index":"index","follow":"follow","max-snippet":"max-snippet:-1","max-image-preview":"max-image-preview:large","max-video-preview":"max-video-preview:-1"},"canonical":"https:\/\/www.apfelpatient.de\/en\/news\/tim-cook-apple-always-has-something-up-its-sleeve","og_locale":"en_US","og_type":"article","og_title":"Tim Cook: Apple hat immer etwas im \u00c4rmel","og_description":"Im Interview: Apple CEO Tim Cook zeigte sich in Bezug auf das Potenzial von Augmented Reality einmal mehr begeistert.","og_url":"https:\/\/www.apfelpatient.de\/en\/news\/tim-cook-apple-always-has-something-up-its-sleeve","og_site_name":"Apfelpatient","article_publisher":"https:\/\/www.facebook.com\/apfelpatientOfficial","article_author":"https:\/\/www.facebook.com\/apfelpatientOfficial","article_published_time":"2021-06-16T17:59:59+00:00","article_modified_time":"2021-06-16T18:00:57+00:00","og_image":[{"width":1600,"height":1067,"url":"https:\/\/www.apfelpatient.de\/wp-content\/uploads\/2021\/06\/Apple_Chicago_wrapup_Tim_Cook_welcomes_Keynote_audience_to_Lane_Tech_College_Preparatory_High_School_03272018.jpg","type":"image\/jpeg"}],"author":"Milan","twitter_card":"summary_large_image","twitter_description":"Im Interview: Apple CEO Tim Cook zeigte sich in Bezug auf das Potenzial von Augmented Reality einmal mehr begeistert.","twitter_misc":{"Written by":"Milan","Est. reading time":"2 minutes"},"schema":{"@context":"https:\/\/schema.org","@graph":[{"@type":"NewsArticle","@id":"https:\/\/www.apfelpatient.de\/news\/tim-cook-apple-hat-immer-etwas-im-aermel#article","isPartOf":{"@id":"https:\/\/www.apfelpatient.de\/news\/tim-cook-apple-hat-immer-etwas-im-aermel"},"author":{"@type":"Organization","@id":"https:\/\/www.apfelpatient.de\/en\/#organization","name":"Apfelpatient","url":"https:\/\/www.apfelpatient.de\/en\/"},"headline":"Tim Cook: Apple hat immer etwas im \u00c4rmel","datePublished":"2021-06-16T17:59:59+00:00","dateModified":"2021-06-16T18:00:57+00:00","mainEntityOfPage":{"@id":"https:\/\/www.apfelpatient.de\/news\/tim-cook-apple-hat-immer-etwas-im-aermel"},"wordCount":369,"publisher":{"@type":"Organization","@id":"https:\/\/www.apfelpatient.de\/en\/#organization","name":"Apfelpatient","url":"https:\/\/www.apfelpatient.de\/en\/"},"image":{"@id":"https:\/\/www.apfelpatient.de\/news\/tim-cook-apple-hat-immer-etwas-im-aermel#primaryimage"},"thumbnailUrl":"https:\/\/www.apfelpatient.de\/wp-content\/uploads\/2021\/06\/Apple_Chicago_wrapup_Tim_Cook_welcomes_Keynote_audience_to_Lane_Tech_College_Preparatory_High_School_03272018.jpg","keywords":["Apple VR\/AR"],"articleSection":"News","inLanguage":"en-US","copyrightYear":"2021","copyrightHolder":{"@id":"https:\/\/www.apfelpatient.de\/en\/#organization"}},{"@type":"WebPage","@id":"https:\/\/www.apfelpatient.de\/news\/tim-cook-apple-hat-immer-etwas-im-aermel","url":"https:\/\/www.apfelpatient.de\/news\/tim-cook-apple-hat-immer-etwas-im-aermel","name":"Tim Cook: Apple always has something up its sleeve Apfelpatient","isPartOf":{"@id":"https:\/\/www.apfelpatient.de\/#website"},"primaryImageOfPage":{"@id":"https:\/\/www.apfelpatient.de\/news\/tim-cook-apple-hat-immer-etwas-im-aermel#primaryimage"},"image":{"@id":"https:\/\/www.apfelpatient.de\/news\/tim-cook-apple-hat-immer-etwas-im-aermel#primaryimage"},"thumbnailUrl":"https:\/\/www.apfelpatient.de\/wp-content\/uploads\/2021\/06\/Apple_Chicago_wrapup_Tim_Cook_welcomes_Keynote_audience_to_Lane_Tech_College_Preparatory_High_School_03272018.jpg","datePublished":"2021-06-16T17:59:59+00:00","dateModified":"2021-06-16T18:00:57+00:00","description":"In an interview: Apple CEO Tim Cook once again expressed his enthusiasm about the potential of augmented reality.","breadcrumb":{"@id":"https:\/\/www.apfelpatient.de\/news\/tim-cook-apple-hat-immer-etwas-im-aermel#breadcrumb"},"inLanguage":"en-US","potentialAction":[{"@type":"ReadAction","target":["https:\/\/www.apfelpatient.de\/news\/tim-cook-apple-hat-immer-etwas-im-aermel"]}]},{"@type":"ImageObject","inLanguage":"en-US","@id":"https:\/\/www.apfelpatient.de\/news\/tim-cook-apple-hat-immer-etwas-im-aermel#primaryimage","url":"https:\/\/www.apfelpatient.de\/wp-content\/uploads\/2021\/06\/Apple_Chicago_wrapup_Tim_Cook_welcomes_Keynote_audience_to_Lane_Tech_College_Preparatory_High_School_03272018.jpg","contentUrl":"https:\/\/www.apfelpatient.de\/wp-content\/uploads\/2021\/06\/Apple_Chicago_wrapup_Tim_Cook_welcomes_Keynote_audience_to_Lane_Tech_College_Preparatory_High_School_03272018.jpg","width":1600,"height":1067,"caption":"Bild: Apple - Tim Cook"},{"@type":"BreadcrumbList","@id":"https:\/\/www.apfelpatient.de\/news\/tim-cook-apple-hat-immer-etwas-im-aermel#breadcrumb","itemListElement":[{"@type":"ListItem","position":1,"name":"Startseite","item":"https:\/\/www.apfelpatient.de\/"},{"@type":"ListItem","position":2,"name":"Tim Cook: Apple hat immer etwas im \u00c4rmel"}]},{"@type":"WebSite","@id":"https:\/\/www.apfelpatient.de\/#website","url":"https:\/\/www.apfelpatient.de\/","name":"apple patient","description":"Everything about Apple!","publisher":{"@type":"Organization","@id":"https:\/\/www.apfelpatient.de\/en\/#organization","name":"Apfelpatient","url":"https:\/\/www.apfelpatient.de\/en\/"},"alternateName":"Apfelpatient","potentialAction":[{"@type":"SearchAction","target":{"@type":"EntryPoint","urlTemplate":"https:\/\/www.apfelpatient.de\/?s={search_term_string}"},"query-input":{"@type":"PropertyValueSpecification","valueRequired":true,"valueName":"search_term_string"}}],"inLanguage":"en-US"},{"@type":["Person","Organization"],"@id":"https:\/\/www.apfelpatient.de\/#\/schema\/person\/35b3ddba5832f2bfc7fff5206d4f6b7b","name":"Milan","logo":{"@id":"https:\/\/www.apfelpatient.de\/#\/schema\/person\/image\/"},"description":"Hello and welcome to my technology blog! As a big Apple fan, I report on everything to do with Apple: from the latest news and exciting rumors to helpful tips and tricks and detailed product tests. If you are as enthusiastic about technology as I am, you have come to the right place!","sameAs":["https:\/\/www.facebook.com\/apfelpatientOfficial","https:\/\/www.linkedin.com\/in\/milan-jovicic-42aa0231b"],"url":"https:\/\/www.apfelpatient.de\/en\/author\/apfeladmin"}]}},"_links":{"self":[{"href":"https:\/\/www.apfelpatient.de\/en\/wp-json\/wp\/v2\/posts\/23698","targetHints":{"allow":["GET"]}}],"collection":[{"href":"https:\/\/www.apfelpatient.de\/en\/wp-json\/wp\/v2\/posts"}],"about":[{"href":"https:\/\/www.apfelpatient.de\/en\/wp-json\/wp\/v2\/types\/post"}],"author":[{"embeddable":true,"href":"https:\/\/www.apfelpatient.de\/en\/wp-json\/wp\/v2\/users\/2"}],"replies":[{"embeddable":true,"href":"https:\/\/www.apfelpatient.de\/en\/wp-json\/wp\/v2\/comments?post=23698"}],"version-history":[{"count":0,"href":"https:\/\/www.apfelpatient.de\/en\/wp-json\/wp\/v2\/posts\/23698\/revisions"}],"wp:featuredmedia":[{"embeddable":true,"href":"https:\/\/www.apfelpatient.de\/en\/wp-json\/wp\/v2\/media\/23697"}],"wp:attachment":[{"href":"https:\/\/www.apfelpatient.de\/en\/wp-json\/wp\/v2\/media?parent=23698"}],"wp:term":[{"taxonomy":"category","embeddable":true,"href":"https:\/\/www.apfelpatient.de\/en\/wp-json\/wp\/v2\/categories?post=23698"},{"taxonomy":"post_tag","embeddable":true,"href":"https:\/\/www.apfelpatient.de\/en\/wp-json\/wp\/v2\/tags?post=23698"}],"curies":[{"name":"wp","href":"https:\/\/api.w.org\/{rel}","templated":true}]}}