{"id":2367,"date":"2018-10-19T20:05:06","date_gmt":"2018-10-19T18:05:06","guid":{"rendered":"https:\/\/www.apfelpatient.de\/?p=2367"},"modified":"2024-05-22T14:49:11","modified_gmt":"2024-05-22T12:49:11","slug":"2018-ipad-pro-new-hints-on-connection","status":"publish","type":"post","link":"https:\/\/www.apfelpatient.de\/en\/rumors\/2018-ipad-pro-neue-hinweise-auf-anschluss","title":{"rendered":"2018 iPad Pro: New hints of connection"},"content":{"rendered":"<p><strong>In all probability, Apple will present us two new iPad models this year. The biggest innovation: the introduction of Face ID.<\/strong><\/p>\n\n<p>Specifically, 12.9\u201d and 10.5\u201d devices are to be released. Both will for the first time dispense with Touch ID and be equipped with Face ID. Although the device will only have a very narrow edge, there will be no notch for the TrueDepth camera. This is made possible by the new LCD of the upcoming iPad Pro model. In addition, facial recognition should also work in landscape format.<\/p>\n<p><strong>Connections<\/strong><\/p>\n<p>According to Ming-Chi Kuo, Apple could install a USB-C port for the first time and thus say goodbye to the Lightning port. Now Macotacara has also spoken out and underlined Kuo&#039;s statement. According to him, several accessory providers have confirmed the switch to USB-C.<\/p>\n\n<p>The USB-C port should enable video output in 4K HDR on an external display. The user should be able to choose between various options in the settings. It remains to be seen whether it will also be possible to connect external storage media. The elimination of the 3.5 mm headphone jack is also conceivable. The keynote will take place on October 30th in New York. (3 p.m. CET)<\/p>","protected":false},"excerpt":{"rendered":"<p>Mit aller Wahrscheinlichkeit wird uns Apple dieses Jahr noch zwei neue iPad Modelle pr\u00e4sentieren. Die gr\u00f6\u00dfte Neuerung: Die Einf\u00fchrung von Face ID. Konkret sollen 12.9\u201d und 10.5\u201d Ger\u00e4te erscheinen. Beide werden erstmals auf Touch ID verzichten und mit Face ID ausgestattet. Obwohl das Ger\u00e4t nur \u00fcber einen sehr schmalen Rand verf\u00fcgen soll, wird es keine [&hellip;]<\/p>\n","protected":false},"author":2,"featured_media":1884,"comment_status":"open","ping_status":"open","sticky":false,"template":"","format":"standard","meta":{"jnews-multi-image_gallery":[],"jnews_single_post":{"subtitle":"","format":"standard","video":"","gallery":"","source_name":"","source_url":"","via_name":"","via_url":"","override_template":"0","override":[{"template":"4","single_blog_custom":"","parallax":"1","fullscreen":"1","layout":"right-sidebar","sidebar":"default-sidebar","second_sidebar":"default-sidebar","sticky_sidebar":"1","share_position":"top","share_float_style":"share-monocrhome","show_share_counter":"0","show_view_counter":"0","show_featured":"1","show_post_meta":"1","show_post_author":"1","show_post_author_image":"1","show_post_date":"1","post_date_format":"default","post_date_format_custom":"Y\/m\/d","show_post_category":"1","show_post_reading_time":"0","post_reading_time_wpm":"300","show_zoom_button":"0","zoom_button_out_step":"2","zoom_button_in_step":"3","show_post_tag":"1","show_prev_next_post":"1","show_popup_post":"1","number_popup_post":"1","show_author_box":"0","show_post_related":"0","show_inline_post_related":"0"}],"override_image_size":"0","image_override":[{"single_post_thumbnail_size":"crop-500","single_post_gallery_size":"crop-500"}],"trending_post":"0","trending_post_position":"meta","trending_post_label":"Trending","sponsored_post":"0","sponsored_post_label":"Sponsored by","sponsored_post_name":"","sponsored_post_url":"","sponsored_post_logo_enable":"0","sponsored_post_logo":"","sponsored_post_desc":"","disable_ad":"0"},"jnews_primary_category":{"id":"","hide":""},"footnotes":""},"categories":[25],"tags":[18,66,125,87],"class_list":["post-2367","post","type-post","status-publish","format-standard","has-post-thumbnail","hentry","category-rumors","tag-ipad","tag-ipad-pro","tag-ipad-pro-2018","tag-usb-c"],"yoast_head":"<!-- This site is optimized with the Yoast SEO Premium plugin v27.5 (Yoast SEO v27.5) - https:\/\/yoast.com\/product\/yoast-seo-premium-wordpress\/ -->\n<title>2018 iPad Pro: Neue Hinweise auf Anschluss Apfelpatient<\/title>\n<meta name=\"description\" content=\"Neue Hinweise deuten darauf hin, dass das 2018 iPad Pro erstmals einen USB-C Anschluss haben k\u00f6nnte, wodurch Lightning m\u00f6glicherweise ersetzt wird.\" \/>\n<meta name=\"robots\" content=\"index, follow, max-snippet:-1, max-image-preview:large, max-video-preview:-1\" \/>\n<link rel=\"canonical\" href=\"https:\/\/www.apfelpatient.de\/en\/rumors\/2018-ipad-pro-new-hints-on-connection\" \/>\n<meta property=\"og:locale\" content=\"en_US\" \/>\n<meta property=\"og:type\" content=\"article\" \/>\n<meta property=\"og:title\" content=\"2018 iPad Pro: Neue Hinweise auf Anschluss\" \/>\n<meta property=\"og:description\" content=\"Neue Hinweise deuten darauf hin, dass das 2018 iPad Pro erstmals einen USB-C Anschluss haben k\u00f6nnte, wodurch Lightning m\u00f6glicherweise ersetzt wird.\" \/>\n<meta property=\"og:url\" content=\"https:\/\/www.apfelpatient.de\/en\/rumors\/2018-ipad-pro-new-hints-on-connection\" \/>\n<meta property=\"og:site_name\" content=\"Apfelpatient\" \/>\n<meta property=\"article:publisher\" content=\"https:\/\/www.facebook.com\/apfelpatientOfficial\" \/>\n<meta property=\"article:author\" content=\"https:\/\/www.facebook.com\/apfelpatientOfficial\" \/>\n<meta property=\"article:published_time\" content=\"2018-10-19T18:05:06+00:00\" \/>\n<meta property=\"article:modified_time\" content=\"2024-05-22T12:49:11+00:00\" \/>\n<meta property=\"og:image\" content=\"https:\/\/www.apfelpatient.de\/wp-content\/uploads\/2018\/09\/image-106833-3208475.jpg\" \/>\n\t<meta property=\"og:image:width\" content=\"690\" \/>\n\t<meta property=\"og:image:height\" content=\"518\" \/>\n\t<meta property=\"og:image:type\" content=\"image\/jpeg\" \/>\n<meta name=\"author\" content=\"Milan\" \/>\n<meta name=\"twitter:card\" content=\"summary_large_image\" \/>\n<meta name=\"twitter:label1\" content=\"Written by\" \/>\n\t<meta name=\"twitter:data1\" content=\"Milan\" \/>\n\t<meta name=\"twitter:label2\" content=\"Est. reading time\" \/>\n\t<meta name=\"twitter:data2\" content=\"2 minutes\" \/>\n<script type=\"application\/ld+json\" class=\"yoast-schema-graph\">{\"@context\":\"https:\\\/\\\/schema.org\",\"@graph\":[{\"@type\":\"NewsArticle\",\"@id\":\"https:\\\/\\\/www.apfelpatient.de\\\/rumors\\\/2018-ipad-pro-neue-hinweise-auf-anschluss#article\",\"isPartOf\":{\"@id\":\"https:\\\/\\\/www.apfelpatient.de\\\/rumors\\\/2018-ipad-pro-neue-hinweise-auf-anschluss\"},\"author\":{\"@type\":\"Organization\",\"@id\":\"https:\\\/\\\/www.apfelpatient.de\\\/en\\\/#organization\",\"name\":\"Apfelpatient\",\"url\":\"https:\\\/\\\/www.apfelpatient.de\\\/en\\\/\"},\"headline\":\"2018 iPad Pro: Neue Hinweise auf Anschluss\",\"datePublished\":\"2018-10-19T18:05:06+00:00\",\"dateModified\":\"2024-05-22T12:49:11+00:00\",\"mainEntityOfPage\":{\"@id\":\"https:\\\/\\\/www.apfelpatient.de\\\/rumors\\\/2018-ipad-pro-neue-hinweise-auf-anschluss\"},\"wordCount\":202,\"commentCount\":0,\"publisher\":{\"@type\":\"Organization\",\"@id\":\"https:\\\/\\\/www.apfelpatient.de\\\/en\\\/#organization\",\"name\":\"Apfelpatient\",\"url\":\"https:\\\/\\\/www.apfelpatient.de\\\/en\\\/\"},\"image\":{\"@id\":\"https:\\\/\\\/www.apfelpatient.de\\\/rumors\\\/2018-ipad-pro-neue-hinweise-auf-anschluss#primaryimage\"},\"thumbnailUrl\":\"https:\\\/\\\/www.apfelpatient.de\\\/wp-content\\\/uploads\\\/2018\\\/09\\\/image-106833-3208475.jpg\",\"keywords\":[\"iPad\",\"iPad Pro\",\"iPad Pro 2018\",\"USB-C\"],\"articleSection\":\"Rumors\",\"inLanguage\":\"en-US\",\"potentialAction\":[{\"@type\":\"CommentAction\",\"name\":\"Comment\",\"target\":[\"https:\\\/\\\/www.apfelpatient.de\\\/rumors\\\/2018-ipad-pro-neue-hinweise-auf-anschluss#respond\"]}],\"copyrightYear\":\"2018\",\"copyrightHolder\":{\"@id\":\"https:\\\/\\\/www.apfelpatient.de\\\/en\\\/#organization\"}},{\"@type\":\"WebPage\",\"@id\":\"https:\\\/\\\/www.apfelpatient.de\\\/rumors\\\/2018-ipad-pro-neue-hinweise-auf-anschluss\",\"url\":\"https:\\\/\\\/www.apfelpatient.de\\\/rumors\\\/2018-ipad-pro-neue-hinweise-auf-anschluss\",\"name\":\"2018 iPad Pro: Neue Hinweise auf Anschluss Apfelpatient\",\"isPartOf\":{\"@id\":\"https:\\\/\\\/www.apfelpatient.de\\\/#website\"},\"primaryImageOfPage\":{\"@id\":\"https:\\\/\\\/www.apfelpatient.de\\\/rumors\\\/2018-ipad-pro-neue-hinweise-auf-anschluss#primaryimage\"},\"image\":{\"@id\":\"https:\\\/\\\/www.apfelpatient.de\\\/rumors\\\/2018-ipad-pro-neue-hinweise-auf-anschluss#primaryimage\"},\"thumbnailUrl\":\"https:\\\/\\\/www.apfelpatient.de\\\/wp-content\\\/uploads\\\/2018\\\/09\\\/image-106833-3208475.jpg\",\"datePublished\":\"2018-10-19T18:05:06+00:00\",\"dateModified\":\"2024-05-22T12:49:11+00:00\",\"description\":\"Neue Hinweise deuten darauf hin, dass das 2018 iPad Pro erstmals einen USB-C Anschluss haben k\u00f6nnte, wodurch Lightning m\u00f6glicherweise ersetzt wird.\",\"breadcrumb\":{\"@id\":\"https:\\\/\\\/www.apfelpatient.de\\\/rumors\\\/2018-ipad-pro-neue-hinweise-auf-anschluss#breadcrumb\"},\"inLanguage\":\"en-US\",\"potentialAction\":[{\"@type\":\"ReadAction\",\"target\":[\"https:\\\/\\\/www.apfelpatient.de\\\/rumors\\\/2018-ipad-pro-neue-hinweise-auf-anschluss\"]}]},{\"@type\":\"ImageObject\",\"inLanguage\":\"en-US\",\"@id\":\"https:\\\/\\\/www.apfelpatient.de\\\/rumors\\\/2018-ipad-pro-neue-hinweise-auf-anschluss#primaryimage\",\"url\":\"https:\\\/\\\/www.apfelpatient.de\\\/wp-content\\\/uploads\\\/2018\\\/09\\\/image-106833-3208475.jpg\",\"contentUrl\":\"https:\\\/\\\/www.apfelpatient.de\\\/wp-content\\\/uploads\\\/2018\\\/09\\\/image-106833-3208475.jpg\",\"width\":690,\"height\":518,\"caption\":\"Bild: OnLeaks \\\/ MySmartPrice\"},{\"@type\":\"BreadcrumbList\",\"@id\":\"https:\\\/\\\/www.apfelpatient.de\\\/rumors\\\/2018-ipad-pro-neue-hinweise-auf-anschluss#breadcrumb\",\"itemListElement\":[{\"@type\":\"ListItem\",\"position\":1,\"name\":\"Startseite\",\"item\":\"https:\\\/\\\/www.apfelpatient.de\\\/\"},{\"@type\":\"ListItem\",\"position\":2,\"name\":\"2018 iPad Pro: Neue Hinweise auf Anschluss\"}]},{\"@type\":\"WebSite\",\"@id\":\"https:\\\/\\\/www.apfelpatient.de\\\/#website\",\"url\":\"https:\\\/\\\/www.apfelpatient.de\\\/\",\"name\":\"Apfelpatient\",\"description\":\"Alles rund um Apple!\",\"publisher\":{\"@type\":\"Organization\",\"@id\":\"https:\\\/\\\/www.apfelpatient.de\\\/en\\\/#organization\",\"name\":\"Apfelpatient\",\"url\":\"https:\\\/\\\/www.apfelpatient.de\\\/en\\\/\"},\"alternateName\":\"Apfelpatient\",\"potentialAction\":[{\"@type\":\"SearchAction\",\"target\":{\"@type\":\"EntryPoint\",\"urlTemplate\":\"https:\\\/\\\/www.apfelpatient.de\\\/?s={search_term_string}\"},\"query-input\":{\"@type\":\"PropertyValueSpecification\",\"valueRequired\":true,\"valueName\":\"search_term_string\"}}],\"inLanguage\":\"en-US\"},{\"@type\":[\"Person\",\"Organization\"],\"@id\":\"https:\\\/\\\/www.apfelpatient.de\\\/#\\\/schema\\\/person\\\/7dc56ad6c8e9824b76d2c08d4c140e13\",\"name\":\"Milan\",\"logo\":{\"@id\":\"https:\\\/\\\/www.apfelpatient.de\\\/#\\\/schema\\\/person\\\/image\\\/\"},\"description\":\"Hallo und herzlich willkommen auf meinem Technik-Blog! Als gro\u00dfer Apple-Fan berichte ich hier \u00fcber alles, was mit Apple zu tun hat: von den neuesten News und spannenden Ger\u00fcchten \u00fcber hilfreiche Tipps und Tricks bis hin zu ausf\u00fchrlichen Produkttests. Wenn du genauso technikbegeistert bist wie ich, bist du hier genau richtig!\",\"sameAs\":[\"https:\\\/\\\/www.facebook.com\\\/apfelpatientOfficial\",\"https:\\\/\\\/www.linkedin.com\\\/in\\\/milan-jovicic-42aa0231b\"],\"url\":\"https:\\\/\\\/www.apfelpatient.de\\\/en\\\/author\\\/apfeladmin\"}]}<\/script>\n<!-- \/ Yoast SEO Premium plugin. -->","yoast_head_json":{"title":"2018 iPad Pro: New hints at port Apfelpatient","description":"New evidence suggests that the 2018 iPad Pro could feature a USB-C port for the first time, potentially replacing Lightning.","robots":{"index":"index","follow":"follow","max-snippet":"max-snippet:-1","max-image-preview":"max-image-preview:large","max-video-preview":"max-video-preview:-1"},"canonical":"https:\/\/www.apfelpatient.de\/en\/rumors\/2018-ipad-pro-new-hints-on-connection","og_locale":"en_US","og_type":"article","og_title":"2018 iPad Pro: Neue Hinweise auf Anschluss","og_description":"Neue Hinweise deuten darauf hin, dass das 2018 iPad Pro erstmals einen USB-C Anschluss haben k\u00f6nnte, wodurch Lightning m\u00f6glicherweise ersetzt wird.","og_url":"https:\/\/www.apfelpatient.de\/en\/rumors\/2018-ipad-pro-new-hints-on-connection","og_site_name":"Apfelpatient","article_publisher":"https:\/\/www.facebook.com\/apfelpatientOfficial","article_author":"https:\/\/www.facebook.com\/apfelpatientOfficial","article_published_time":"2018-10-19T18:05:06+00:00","article_modified_time":"2024-05-22T12:49:11+00:00","og_image":[{"width":690,"height":518,"url":"https:\/\/www.apfelpatient.de\/wp-content\/uploads\/2018\/09\/image-106833-3208475.jpg","type":"image\/jpeg"}],"author":"Milan","twitter_card":"summary_large_image","twitter_misc":{"Written by":"Milan","Est. reading time":"2 minutes"},"schema":{"@context":"https:\/\/schema.org","@graph":[{"@type":"NewsArticle","@id":"https:\/\/www.apfelpatient.de\/rumors\/2018-ipad-pro-neue-hinweise-auf-anschluss#article","isPartOf":{"@id":"https:\/\/www.apfelpatient.de\/rumors\/2018-ipad-pro-neue-hinweise-auf-anschluss"},"author":{"@type":"Organization","@id":"https:\/\/www.apfelpatient.de\/en\/#organization","name":"Apfelpatient","url":"https:\/\/www.apfelpatient.de\/en\/"},"headline":"2018 iPad Pro: Neue Hinweise auf Anschluss","datePublished":"2018-10-19T18:05:06+00:00","dateModified":"2024-05-22T12:49:11+00:00","mainEntityOfPage":{"@id":"https:\/\/www.apfelpatient.de\/rumors\/2018-ipad-pro-neue-hinweise-auf-anschluss"},"wordCount":202,"commentCount":0,"publisher":{"@type":"Organization","@id":"https:\/\/www.apfelpatient.de\/en\/#organization","name":"Apfelpatient","url":"https:\/\/www.apfelpatient.de\/en\/"},"image":{"@id":"https:\/\/www.apfelpatient.de\/rumors\/2018-ipad-pro-neue-hinweise-auf-anschluss#primaryimage"},"thumbnailUrl":"https:\/\/www.apfelpatient.de\/wp-content\/uploads\/2018\/09\/image-106833-3208475.jpg","keywords":["iPad","iPad Pro","iPad Pro 2018","USB-C"],"articleSection":"Rumors","inLanguage":"en-US","potentialAction":[{"@type":"CommentAction","name":"Comment","target":["https:\/\/www.apfelpatient.de\/rumors\/2018-ipad-pro-neue-hinweise-auf-anschluss#respond"]}],"copyrightYear":"2018","copyrightHolder":{"@id":"https:\/\/www.apfelpatient.de\/en\/#organization"}},{"@type":"WebPage","@id":"https:\/\/www.apfelpatient.de\/rumors\/2018-ipad-pro-neue-hinweise-auf-anschluss","url":"https:\/\/www.apfelpatient.de\/rumors\/2018-ipad-pro-neue-hinweise-auf-anschluss","name":"2018 iPad Pro: New hints at port Apfelpatient","isPartOf":{"@id":"https:\/\/www.apfelpatient.de\/#website"},"primaryImageOfPage":{"@id":"https:\/\/www.apfelpatient.de\/rumors\/2018-ipad-pro-neue-hinweise-auf-anschluss#primaryimage"},"image":{"@id":"https:\/\/www.apfelpatient.de\/rumors\/2018-ipad-pro-neue-hinweise-auf-anschluss#primaryimage"},"thumbnailUrl":"https:\/\/www.apfelpatient.de\/wp-content\/uploads\/2018\/09\/image-106833-3208475.jpg","datePublished":"2018-10-19T18:05:06+00:00","dateModified":"2024-05-22T12:49:11+00:00","description":"New evidence suggests that the 2018 iPad Pro could feature a USB-C port for the first time, potentially replacing Lightning.","breadcrumb":{"@id":"https:\/\/www.apfelpatient.de\/rumors\/2018-ipad-pro-neue-hinweise-auf-anschluss#breadcrumb"},"inLanguage":"en-US","potentialAction":[{"@type":"ReadAction","target":["https:\/\/www.apfelpatient.de\/rumors\/2018-ipad-pro-neue-hinweise-auf-anschluss"]}]},{"@type":"ImageObject","inLanguage":"en-US","@id":"https:\/\/www.apfelpatient.de\/rumors\/2018-ipad-pro-neue-hinweise-auf-anschluss#primaryimage","url":"https:\/\/www.apfelpatient.de\/wp-content\/uploads\/2018\/09\/image-106833-3208475.jpg","contentUrl":"https:\/\/www.apfelpatient.de\/wp-content\/uploads\/2018\/09\/image-106833-3208475.jpg","width":690,"height":518,"caption":"Bild: OnLeaks \/ MySmartPrice"},{"@type":"BreadcrumbList","@id":"https:\/\/www.apfelpatient.de\/rumors\/2018-ipad-pro-neue-hinweise-auf-anschluss#breadcrumb","itemListElement":[{"@type":"ListItem","position":1,"name":"Startseite","item":"https:\/\/www.apfelpatient.de\/"},{"@type":"ListItem","position":2,"name":"2018 iPad Pro: Neue Hinweise auf Anschluss"}]},{"@type":"WebSite","@id":"https:\/\/www.apfelpatient.de\/#website","url":"https:\/\/www.apfelpatient.de\/","name":"apple patient","description":"Everything about Apple!","publisher":{"@type":"Organization","@id":"https:\/\/www.apfelpatient.de\/en\/#organization","name":"Apfelpatient","url":"https:\/\/www.apfelpatient.de\/en\/"},"alternateName":"Apfelpatient","potentialAction":[{"@type":"SearchAction","target":{"@type":"EntryPoint","urlTemplate":"https:\/\/www.apfelpatient.de\/?s={search_term_string}"},"query-input":{"@type":"PropertyValueSpecification","valueRequired":true,"valueName":"search_term_string"}}],"inLanguage":"en-US"},{"@type":["Person","Organization"],"@id":"https:\/\/www.apfelpatient.de\/#\/schema\/person\/7dc56ad6c8e9824b76d2c08d4c140e13","name":"Milan","logo":{"@id":"https:\/\/www.apfelpatient.de\/#\/schema\/person\/image\/"},"description":"Hello and welcome to my technology blog! As a big Apple fan, I report on everything to do with Apple: from the latest news and exciting rumors to helpful tips and tricks and detailed product tests. If you are as enthusiastic about technology as I am, you have come to the right place!","sameAs":["https:\/\/www.facebook.com\/apfelpatientOfficial","https:\/\/www.linkedin.com\/in\/milan-jovicic-42aa0231b"],"url":"https:\/\/www.apfelpatient.de\/en\/author\/apfeladmin"}]}},"_links":{"self":[{"href":"https:\/\/www.apfelpatient.de\/en\/wp-json\/wp\/v2\/posts\/2367","targetHints":{"allow":["GET"]}}],"collection":[{"href":"https:\/\/www.apfelpatient.de\/en\/wp-json\/wp\/v2\/posts"}],"about":[{"href":"https:\/\/www.apfelpatient.de\/en\/wp-json\/wp\/v2\/types\/post"}],"author":[{"embeddable":true,"href":"https:\/\/www.apfelpatient.de\/en\/wp-json\/wp\/v2\/users\/2"}],"replies":[{"embeddable":true,"href":"https:\/\/www.apfelpatient.de\/en\/wp-json\/wp\/v2\/comments?post=2367"}],"version-history":[{"count":0,"href":"https:\/\/www.apfelpatient.de\/en\/wp-json\/wp\/v2\/posts\/2367\/revisions"}],"wp:featuredmedia":[{"embeddable":true,"href":"https:\/\/www.apfelpatient.de\/en\/wp-json\/wp\/v2\/media\/1884"}],"wp:attachment":[{"href":"https:\/\/www.apfelpatient.de\/en\/wp-json\/wp\/v2\/media?parent=2367"}],"wp:term":[{"taxonomy":"category","embeddable":true,"href":"https:\/\/www.apfelpatient.de\/en\/wp-json\/wp\/v2\/categories?post=2367"},{"taxonomy":"post_tag","embeddable":true,"href":"https:\/\/www.apfelpatient.de\/en\/wp-json\/wp\/v2\/tags?post=2367"}],"curies":[{"name":"wp","href":"https:\/\/api.w.org\/{rel}","templated":true}]}}