{"id":23611,"date":"2021-06-14T16:26:12","date_gmt":"2021-06-14T14:26:12","guid":{"rendered":"https:\/\/www.apfelpatient.de\/?p=23611"},"modified":"2025-10-14T16:03:13","modified_gmt":"2025-10-14T14:03:13","slug":"the-morning-show-season-2-apple-releases-trailer","status":"publish","type":"post","link":"https:\/\/www.apfelpatient.de\/en\/news\/the-morning-show-staffel-2-apple-veroeffentlicht-trailer","title":{"rendered":"The Morning Show Season 2: Apple releases trailer"},"content":{"rendered":"<p class=\"has-drop-cap\"><strong>The award-winning newsroom drama \u201cThe Morning Show\u201d prepares for its second season with a new two-minute teaser video.<\/strong><\/p>\n\n\n\n<p>On September 17, Apple&#039;s Emmy-winning newsroom drama returns to the small screen for its second season. <a href=\"https:\/\/www.youtube.com\/watch?v=Y7H6EtsaJW8\" target=\"_blank\" rel=\"noreferrer noopener\">teaser trailer<\/a>, uploaded to Twitter and YouTube, gives fans a taste of what&#039;s to come. The Morning Show has been very well received by fans and critics alike. In addition to an Emmy, Billy Crudup took home a Critics Choice Award for Best Supporting Actor in 2020, which is the first award ever for the Apple TV+ service.<\/p>\n\n\n\n<h3 class=\"wp-block-heading\" id=\"h-the-morning-show-staffel-2-auch-die-globale-gesundheitskrise-wird-ber-cksichtigt\">The Morning Show Season 2: The global health crisis is also taken into account<\/h3>\n\n\n\n\n\n\n\n<p>The team behind the series returned to production in October 2020 after taking a break due to the ongoing COVID-19 pandemic. In addition, the storyline was heavily rewritten around July to take into account the global health crisis, which further delayed production \u2013 for <a href=\"https:\/\/www.youtube.com\/watch?v=Y7H6EtsaJW8\" target=\"_blank\" rel=\"noreferrer noopener\">trailer<\/a>. (Image: Apple)<\/p>\n\n\n\n<ul class=\"wp-block-list\"><li><a href=\"https:\/\/www.apfelpatient.de\/en\/news\/podcasts-subscriptions-apple-announces-launch-date\">Podcast subscriptions: Apple announces launch date<\/a><\/li><\/ul>\n\n\n\n<h6 class=\"wp-block-heading translation-block\" id=\"h-kennt-ihr-schon-unsere-amazon-storefront-dort-findet-ihr-eine-handverlesene-auswahl-von-diversen-produkten-f-r-euer-iphone-und-co-viel-spa-beim-st-bern\"><em>Have you already visited our Amazon Storefront? There you&#039;ll find a hand-picked selection of various products for your iPhone and other devices \u2013 <span class=\"has-inline-color has-vivid-red-color\"><a href=\"https:\/\/www.amazon.de\/shop\/apfelpatientofficial\" class=\"ek-link\" data-wpel-link=\"exclude\" rel=\"follow noopener\" target=\"_self\"><span style=\"text-decoration: underline\" class=\"ek-underline\">enjoy browsing<\/span><\/a> !<\/span><\/em><\/h6>\n\n\n\n<h6 class=\"wp-block-heading translation-block\" id=\"h-der-beitrag-enthalt-partnerlinks\">This post contains <a data-type=\"URL\" data-id=\"https:\/\/www.apfelpatient.de\/partnerprogramm\" href=\"https:\/\/www.apfelpatient.de\/en\/partner-program\" data-wpel-link=\"internal\" target=\"_self\">affiliate links<\/a>.<\/h6>","protected":false},"excerpt":{"rendered":"<p>The award-winning newsroom drama \u201cThe Morning Show\u201d prepares for its second season with a new two-minute teaser video.<\/p>","protected":false},"author":2,"featured_media":23607,"comment_status":"closed","ping_status":"closed","sticky":false,"template":"","format":"standard","meta":{"jnews-multi-image_gallery":[],"jnews_single_post":{"subtitle":"","format":"standard","video":"","gallery":"","source_name":"","source_url":"","via_name":"","via_url":"","override":[{"single_blog_custom":"","sidebar":"","second_sidebar":"","share_position":"","share_float_style":"","post_date_format":"","post_date_format_custom":"","post_reading_time_wpm":"","zoom_button_out_step":"1","zoom_button_in_step":"1","number_popup_post":"1"}],"image_override":[{"single_post_thumbnail_size":"","single_post_gallery_size":""}],"trending_post_position":"","trending_post_label":"","sponsored_post_label":"","sponsored_post_name":"","sponsored_post_url":"","sponsored_post_logo":"","sponsored_post_desc":""},"jnews_primary_category":{"id":"9"},"footnotes":""},"categories":[9],"tags":[34,156,248],"class_list":["post-23611","post","type-post","status-publish","format-standard","has-post-thumbnail","hentry","category-news","tag-apple-dienste","tag-apple-tv","tag-apple-tv-plus"],"yoast_head":"<!-- This site is optimized with the Yoast SEO Premium plugin v27.5 (Yoast SEO v27.5) - https:\/\/yoast.com\/product\/yoast-seo-premium-wordpress\/ -->\n<title>The Morning Show Staffel 2: Apple ver\u00f6ffentlicht Trailer Apfelpatient<\/title>\n<meta name=\"description\" content=\"Das preisgekr\u00f6nte Newsroom-Drama &quot;The Morning Show&quot; bereitet sich mit einem neuen zweimin\u00fctigen Teaser-Video auf die zweite Staffel vor.\" \/>\n<meta name=\"robots\" content=\"index, follow, max-snippet:-1, max-image-preview:large, max-video-preview:-1\" \/>\n<link rel=\"canonical\" href=\"https:\/\/www.apfelpatient.de\/en\/news\/the-morning-show-season-2-apple-releases-trailer\" \/>\n<meta property=\"og:locale\" content=\"en_US\" \/>\n<meta property=\"og:type\" content=\"article\" \/>\n<meta property=\"og:title\" content=\"The Morning Show Staffel 2: Apple ver\u00f6ffentlicht Trailer\" \/>\n<meta property=\"og:description\" content=\"Das preisgekr\u00f6nte Newsroom-Drama &quot;The Morning Show&quot; bereitet sich mit einem neuen zweimin\u00fctigen Teaser-Video auf die zweite Staffel vor.\" \/>\n<meta property=\"og:url\" content=\"https:\/\/www.apfelpatient.de\/en\/news\/the-morning-show-season-2-apple-releases-trailer\" \/>\n<meta property=\"og:site_name\" content=\"Apfelpatient\" \/>\n<meta property=\"article:publisher\" content=\"https:\/\/www.facebook.com\/apfelpatientOfficial\" \/>\n<meta property=\"article:author\" content=\"https:\/\/www.facebook.com\/apfelpatientOfficial\" \/>\n<meta property=\"article:published_time\" content=\"2021-06-14T14:26:12+00:00\" \/>\n<meta property=\"article:modified_time\" content=\"2025-10-14T14:03:13+00:00\" \/>\n<meta property=\"og:image\" content=\"https:\/\/www.apfelpatient.de\/wp-content\/uploads\/2021\/06\/The_Morning_Show_Unit_Photo_010806.jpg\" \/>\n\t<meta property=\"og:image:width\" content=\"1600\" \/>\n\t<meta property=\"og:image:height\" content=\"1067\" \/>\n\t<meta property=\"og:image:type\" content=\"image\/jpeg\" \/>\n<meta name=\"author\" content=\"Milan\" \/>\n<meta name=\"twitter:card\" content=\"summary_large_image\" \/>\n<meta name=\"twitter:description\" content=\"Das preisgekr\u00f6nte Newsroom-Drama &quot;The Morning Show&quot; bereitet sich mit einem neuen zweimin\u00fctigen Teaser-Video auf die zweite Staffel vor.\" \/>\n<meta name=\"twitter:label1\" content=\"Written by\" \/>\n\t<meta name=\"twitter:data1\" content=\"Milan\" \/>\n\t<meta name=\"twitter:label2\" content=\"Est. reading time\" \/>\n\t<meta name=\"twitter:data2\" content=\"1 minute\" \/>\n<script type=\"application\/ld+json\" class=\"yoast-schema-graph\">{\"@context\":\"https:\\\/\\\/schema.org\",\"@graph\":[{\"@type\":\"NewsArticle\",\"@id\":\"https:\\\/\\\/www.apfelpatient.de\\\/news\\\/the-morning-show-staffel-2-apple-veroeffentlicht-trailer#article\",\"isPartOf\":{\"@id\":\"https:\\\/\\\/www.apfelpatient.de\\\/news\\\/the-morning-show-staffel-2-apple-veroeffentlicht-trailer\"},\"author\":{\"@type\":\"Organization\",\"@id\":\"https:\\\/\\\/www.apfelpatient.de\\\/en\\\/#organization\",\"name\":\"Apfelpatient\",\"url\":\"https:\\\/\\\/www.apfelpatient.de\\\/en\\\/\"},\"headline\":\"The Morning Show Staffel 2: Apple ver\u00f6ffentlicht Trailer\",\"datePublished\":\"2021-06-14T14:26:12+00:00\",\"dateModified\":\"2025-10-14T14:03:13+00:00\",\"mainEntityOfPage\":{\"@id\":\"https:\\\/\\\/www.apfelpatient.de\\\/news\\\/the-morning-show-staffel-2-apple-veroeffentlicht-trailer\"},\"wordCount\":178,\"publisher\":{\"@type\":\"Organization\",\"@id\":\"https:\\\/\\\/www.apfelpatient.de\\\/en\\\/#organization\",\"name\":\"Apfelpatient\",\"url\":\"https:\\\/\\\/www.apfelpatient.de\\\/en\\\/\"},\"image\":{\"@id\":\"https:\\\/\\\/www.apfelpatient.de\\\/news\\\/the-morning-show-staffel-2-apple-veroeffentlicht-trailer#primaryimage\"},\"thumbnailUrl\":\"https:\\\/\\\/www.apfelpatient.de\\\/wp-content\\\/uploads\\\/2021\\\/06\\\/The_Morning_Show_Unit_Photo_010806.jpg\",\"keywords\":[\"Apple Dienste\",\"Apple TV\",\"Apple TV Plus\"],\"articleSection\":\"News\",\"inLanguage\":\"en-US\",\"copyrightYear\":\"2021\",\"copyrightHolder\":{\"@id\":\"https:\\\/\\\/www.apfelpatient.de\\\/en\\\/#organization\"}},{\"@type\":\"WebPage\",\"@id\":\"https:\\\/\\\/www.apfelpatient.de\\\/news\\\/the-morning-show-staffel-2-apple-veroeffentlicht-trailer\",\"url\":\"https:\\\/\\\/www.apfelpatient.de\\\/news\\\/the-morning-show-staffel-2-apple-veroeffentlicht-trailer\",\"name\":\"The Morning Show Staffel 2: Apple ver\u00f6ffentlicht Trailer Apfelpatient\",\"isPartOf\":{\"@id\":\"https:\\\/\\\/www.apfelpatient.de\\\/#website\"},\"primaryImageOfPage\":{\"@id\":\"https:\\\/\\\/www.apfelpatient.de\\\/news\\\/the-morning-show-staffel-2-apple-veroeffentlicht-trailer#primaryimage\"},\"image\":{\"@id\":\"https:\\\/\\\/www.apfelpatient.de\\\/news\\\/the-morning-show-staffel-2-apple-veroeffentlicht-trailer#primaryimage\"},\"thumbnailUrl\":\"https:\\\/\\\/www.apfelpatient.de\\\/wp-content\\\/uploads\\\/2021\\\/06\\\/The_Morning_Show_Unit_Photo_010806.jpg\",\"datePublished\":\"2021-06-14T14:26:12+00:00\",\"dateModified\":\"2025-10-14T14:03:13+00:00\",\"description\":\"Das preisgekr\u00f6nte Newsroom-Drama \\\"The Morning Show\\\" bereitet sich mit einem neuen zweimin\u00fctigen Teaser-Video auf die zweite Staffel vor.\",\"breadcrumb\":{\"@id\":\"https:\\\/\\\/www.apfelpatient.de\\\/news\\\/the-morning-show-staffel-2-apple-veroeffentlicht-trailer#breadcrumb\"},\"inLanguage\":\"en-US\",\"potentialAction\":[{\"@type\":\"ReadAction\",\"target\":[\"https:\\\/\\\/www.apfelpatient.de\\\/news\\\/the-morning-show-staffel-2-apple-veroeffentlicht-trailer\"]}]},{\"@type\":\"ImageObject\",\"inLanguage\":\"en-US\",\"@id\":\"https:\\\/\\\/www.apfelpatient.de\\\/news\\\/the-morning-show-staffel-2-apple-veroeffentlicht-trailer#primaryimage\",\"url\":\"https:\\\/\\\/www.apfelpatient.de\\\/wp-content\\\/uploads\\\/2021\\\/06\\\/The_Morning_Show_Unit_Photo_010806.jpg\",\"contentUrl\":\"https:\\\/\\\/www.apfelpatient.de\\\/wp-content\\\/uploads\\\/2021\\\/06\\\/The_Morning_Show_Unit_Photo_010806.jpg\",\"width\":1600,\"height\":1067,\"caption\":\"Bild: Apple\"},{\"@type\":\"BreadcrumbList\",\"@id\":\"https:\\\/\\\/www.apfelpatient.de\\\/news\\\/the-morning-show-staffel-2-apple-veroeffentlicht-trailer#breadcrumb\",\"itemListElement\":[{\"@type\":\"ListItem\",\"position\":1,\"name\":\"Startseite\",\"item\":\"https:\\\/\\\/www.apfelpatient.de\\\/\"},{\"@type\":\"ListItem\",\"position\":2,\"name\":\"The Morning Show Staffel 2: Apple ver\u00f6ffentlicht Trailer\"}]},{\"@type\":\"WebSite\",\"@id\":\"https:\\\/\\\/www.apfelpatient.de\\\/#website\",\"url\":\"https:\\\/\\\/www.apfelpatient.de\\\/\",\"name\":\"Apfelpatient\",\"description\":\"Alles rund um Apple!\",\"publisher\":{\"@type\":\"Organization\",\"@id\":\"https:\\\/\\\/www.apfelpatient.de\\\/en\\\/#organization\",\"name\":\"Apfelpatient\",\"url\":\"https:\\\/\\\/www.apfelpatient.de\\\/en\\\/\"},\"alternateName\":\"Apfelpatient\",\"potentialAction\":[{\"@type\":\"SearchAction\",\"target\":{\"@type\":\"EntryPoint\",\"urlTemplate\":\"https:\\\/\\\/www.apfelpatient.de\\\/?s={search_term_string}\"},\"query-input\":{\"@type\":\"PropertyValueSpecification\",\"valueRequired\":true,\"valueName\":\"search_term_string\"}}],\"inLanguage\":\"en-US\"},{\"@type\":[\"Person\",\"Organization\"],\"@id\":\"https:\\\/\\\/www.apfelpatient.de\\\/#\\\/schema\\\/person\\\/35b3ddba5832f2bfc7fff5206d4f6b7b\",\"name\":\"Milan\",\"logo\":{\"@id\":\"https:\\\/\\\/www.apfelpatient.de\\\/#\\\/schema\\\/person\\\/image\\\/\"},\"description\":\"Hallo und herzlich willkommen auf meinem Technik-Blog! Als gro\u00dfer Apple-Fan berichte ich hier \u00fcber alles, was mit Apple zu tun hat: von den neuesten News und spannenden Ger\u00fcchten \u00fcber hilfreiche Tipps und Tricks bis hin zu ausf\u00fchrlichen Produkttests. Wenn du genauso technikbegeistert bist wie ich, bist du hier genau richtig!\",\"sameAs\":[\"https:\\\/\\\/www.facebook.com\\\/apfelpatientOfficial\",\"https:\\\/\\\/www.linkedin.com\\\/in\\\/milan-jovicic-42aa0231b\"],\"url\":\"https:\\\/\\\/www.apfelpatient.de\\\/en\\\/author\\\/apfeladmin\"}]}<\/script>\n<!-- \/ Yoast SEO Premium plugin. -->","yoast_head_json":{"title":"The Morning Show Season 2: Apple releases trailer Apfelpatient","description":"The award-winning newsroom drama &quot;The Morning Show&quot; prepares for its second season with a new two-minute teaser video.","robots":{"index":"index","follow":"follow","max-snippet":"max-snippet:-1","max-image-preview":"max-image-preview:large","max-video-preview":"max-video-preview:-1"},"canonical":"https:\/\/www.apfelpatient.de\/en\/news\/the-morning-show-season-2-apple-releases-trailer","og_locale":"en_US","og_type":"article","og_title":"The Morning Show Staffel 2: Apple ver\u00f6ffentlicht Trailer","og_description":"Das preisgekr\u00f6nte Newsroom-Drama \"The Morning Show\" bereitet sich mit einem neuen zweimin\u00fctigen Teaser-Video auf die zweite Staffel vor.","og_url":"https:\/\/www.apfelpatient.de\/en\/news\/the-morning-show-season-2-apple-releases-trailer","og_site_name":"Apfelpatient","article_publisher":"https:\/\/www.facebook.com\/apfelpatientOfficial","article_author":"https:\/\/www.facebook.com\/apfelpatientOfficial","article_published_time":"2021-06-14T14:26:12+00:00","article_modified_time":"2025-10-14T14:03:13+00:00","og_image":[{"width":1600,"height":1067,"url":"https:\/\/www.apfelpatient.de\/wp-content\/uploads\/2021\/06\/The_Morning_Show_Unit_Photo_010806.jpg","type":"image\/jpeg"}],"author":"Milan","twitter_card":"summary_large_image","twitter_description":"Das preisgekr\u00f6nte Newsroom-Drama \"The Morning Show\" bereitet sich mit einem neuen zweimin\u00fctigen Teaser-Video auf die zweite Staffel vor.","twitter_misc":{"Written by":"Milan","Est. reading time":"1 minute"},"schema":{"@context":"https:\/\/schema.org","@graph":[{"@type":"NewsArticle","@id":"https:\/\/www.apfelpatient.de\/news\/the-morning-show-staffel-2-apple-veroeffentlicht-trailer#article","isPartOf":{"@id":"https:\/\/www.apfelpatient.de\/news\/the-morning-show-staffel-2-apple-veroeffentlicht-trailer"},"author":{"@type":"Organization","@id":"https:\/\/www.apfelpatient.de\/en\/#organization","name":"Apfelpatient","url":"https:\/\/www.apfelpatient.de\/en\/"},"headline":"The Morning Show Staffel 2: Apple ver\u00f6ffentlicht Trailer","datePublished":"2021-06-14T14:26:12+00:00","dateModified":"2025-10-14T14:03:13+00:00","mainEntityOfPage":{"@id":"https:\/\/www.apfelpatient.de\/news\/the-morning-show-staffel-2-apple-veroeffentlicht-trailer"},"wordCount":178,"publisher":{"@type":"Organization","@id":"https:\/\/www.apfelpatient.de\/en\/#organization","name":"Apfelpatient","url":"https:\/\/www.apfelpatient.de\/en\/"},"image":{"@id":"https:\/\/www.apfelpatient.de\/news\/the-morning-show-staffel-2-apple-veroeffentlicht-trailer#primaryimage"},"thumbnailUrl":"https:\/\/www.apfelpatient.de\/wp-content\/uploads\/2021\/06\/The_Morning_Show_Unit_Photo_010806.jpg","keywords":["Apple Dienste","Apple TV","Apple TV Plus"],"articleSection":"News","inLanguage":"en-US","copyrightYear":"2021","copyrightHolder":{"@id":"https:\/\/www.apfelpatient.de\/en\/#organization"}},{"@type":"WebPage","@id":"https:\/\/www.apfelpatient.de\/news\/the-morning-show-staffel-2-apple-veroeffentlicht-trailer","url":"https:\/\/www.apfelpatient.de\/news\/the-morning-show-staffel-2-apple-veroeffentlicht-trailer","name":"The Morning Show Season 2: Apple releases trailer Apfelpatient","isPartOf":{"@id":"https:\/\/www.apfelpatient.de\/#website"},"primaryImageOfPage":{"@id":"https:\/\/www.apfelpatient.de\/news\/the-morning-show-staffel-2-apple-veroeffentlicht-trailer#primaryimage"},"image":{"@id":"https:\/\/www.apfelpatient.de\/news\/the-morning-show-staffel-2-apple-veroeffentlicht-trailer#primaryimage"},"thumbnailUrl":"https:\/\/www.apfelpatient.de\/wp-content\/uploads\/2021\/06\/The_Morning_Show_Unit_Photo_010806.jpg","datePublished":"2021-06-14T14:26:12+00:00","dateModified":"2025-10-14T14:03:13+00:00","description":"The award-winning newsroom drama &quot;The Morning Show&quot; prepares for its second season with a new two-minute teaser video.","breadcrumb":{"@id":"https:\/\/www.apfelpatient.de\/news\/the-morning-show-staffel-2-apple-veroeffentlicht-trailer#breadcrumb"},"inLanguage":"en-US","potentialAction":[{"@type":"ReadAction","target":["https:\/\/www.apfelpatient.de\/news\/the-morning-show-staffel-2-apple-veroeffentlicht-trailer"]}]},{"@type":"ImageObject","inLanguage":"en-US","@id":"https:\/\/www.apfelpatient.de\/news\/the-morning-show-staffel-2-apple-veroeffentlicht-trailer#primaryimage","url":"https:\/\/www.apfelpatient.de\/wp-content\/uploads\/2021\/06\/The_Morning_Show_Unit_Photo_010806.jpg","contentUrl":"https:\/\/www.apfelpatient.de\/wp-content\/uploads\/2021\/06\/The_Morning_Show_Unit_Photo_010806.jpg","width":1600,"height":1067,"caption":"Bild: Apple"},{"@type":"BreadcrumbList","@id":"https:\/\/www.apfelpatient.de\/news\/the-morning-show-staffel-2-apple-veroeffentlicht-trailer#breadcrumb","itemListElement":[{"@type":"ListItem","position":1,"name":"Startseite","item":"https:\/\/www.apfelpatient.de\/"},{"@type":"ListItem","position":2,"name":"The Morning Show Staffel 2: Apple ver\u00f6ffentlicht Trailer"}]},{"@type":"WebSite","@id":"https:\/\/www.apfelpatient.de\/#website","url":"https:\/\/www.apfelpatient.de\/","name":"apple patient","description":"Everything about Apple!","publisher":{"@type":"Organization","@id":"https:\/\/www.apfelpatient.de\/en\/#organization","name":"Apfelpatient","url":"https:\/\/www.apfelpatient.de\/en\/"},"alternateName":"Apfelpatient","potentialAction":[{"@type":"SearchAction","target":{"@type":"EntryPoint","urlTemplate":"https:\/\/www.apfelpatient.de\/?s={search_term_string}"},"query-input":{"@type":"PropertyValueSpecification","valueRequired":true,"valueName":"search_term_string"}}],"inLanguage":"en-US"},{"@type":["Person","Organization"],"@id":"https:\/\/www.apfelpatient.de\/#\/schema\/person\/35b3ddba5832f2bfc7fff5206d4f6b7b","name":"Milan","logo":{"@id":"https:\/\/www.apfelpatient.de\/#\/schema\/person\/image\/"},"description":"Hello and welcome to my technology blog! As a big Apple fan, I report on everything to do with Apple: from the latest news and exciting rumors to helpful tips and tricks and detailed product tests. If you are as enthusiastic about technology as I am, you have come to the right place!","sameAs":["https:\/\/www.facebook.com\/apfelpatientOfficial","https:\/\/www.linkedin.com\/in\/milan-jovicic-42aa0231b"],"url":"https:\/\/www.apfelpatient.de\/en\/author\/apfeladmin"}]}},"_links":{"self":[{"href":"https:\/\/www.apfelpatient.de\/en\/wp-json\/wp\/v2\/posts\/23611","targetHints":{"allow":["GET"]}}],"collection":[{"href":"https:\/\/www.apfelpatient.de\/en\/wp-json\/wp\/v2\/posts"}],"about":[{"href":"https:\/\/www.apfelpatient.de\/en\/wp-json\/wp\/v2\/types\/post"}],"author":[{"embeddable":true,"href":"https:\/\/www.apfelpatient.de\/en\/wp-json\/wp\/v2\/users\/2"}],"replies":[{"embeddable":true,"href":"https:\/\/www.apfelpatient.de\/en\/wp-json\/wp\/v2\/comments?post=23611"}],"version-history":[{"count":0,"href":"https:\/\/www.apfelpatient.de\/en\/wp-json\/wp\/v2\/posts\/23611\/revisions"}],"wp:featuredmedia":[{"embeddable":true,"href":"https:\/\/www.apfelpatient.de\/en\/wp-json\/wp\/v2\/media\/23607"}],"wp:attachment":[{"href":"https:\/\/www.apfelpatient.de\/en\/wp-json\/wp\/v2\/media?parent=23611"}],"wp:term":[{"taxonomy":"category","embeddable":true,"href":"https:\/\/www.apfelpatient.de\/en\/wp-json\/wp\/v2\/categories?post=23611"},{"taxonomy":"post_tag","embeddable":true,"href":"https:\/\/www.apfelpatient.de\/en\/wp-json\/wp\/v2\/tags?post=23611"}],"curies":[{"name":"wp","href":"https:\/\/api.w.org\/{rel}","templated":true}]}}