{"id":23562,"date":"2021-06-16T11:03:52","date_gmt":"2021-06-16T09:03:52","guid":{"rendered":"https:\/\/www.apfelpatient.de\/?p=23562"},"modified":"2021-06-16T11:04:26","modified_gmt":"2021-06-16T09:04:26","slug":"ipados-15-macos-monterey-how-universal-control-works","status":"publish","type":"post","link":"https:\/\/www.apfelpatient.de\/en\/news\/ipados-15-macos-monterey-so-funktioniert-universal-control","title":{"rendered":"iPadOS 15 &amp; macOS Monterey: How Universal Control works"},"content":{"rendered":"<p class=\"has-drop-cap\"><strong>Apple introduced Universal Control at WWDC 2021, a feature that allows users to work across multiple Apple devices with a single keyboard and cursor, enabling effortless drag and drop.<\/strong><\/p>\n\n\n\n<p>Universal Control is a planned feature for iPadOS 15 and macOS Monterey. It allows users to place three Apple devices in close proximity and use them with a single keyboard and mouse or trackpad. Once connected, a user can simply drag and drop files between the devices and switch between them as needed. If you place a second device near a compatible Mac, you can connect your devices together using the Continuity features in the AirPlay &amp; Handoff section of your Mac&#039;s Settings.<\/p>\n\n\n\n<h3 class=\"wp-block-heading\" id=\"h-universal-control-system-kann-auch-manuell-gesteuert-werden\">Universal Control: System can also be controlled manually<\/h3>\n\n\n\n\n\n\n\n<p>A gray bar appears on the side of paired devices. By dragging your cursor from one screen to another, you can &quot;pass&quot; your keyboard and mouse control to another device. This can be especially useful for moving documents, files, and pictures between devices. Apple <a href=\"https:\/\/www.apple.com\/macos\/monterey-preview\/features\/\" target=\"_blank\" rel=\"noreferrer noopener\">says<\/a>that the devices use proximity to determine which device a user wants to connect. Based on the user&#039;s behavior, the system will arrange the computer and the other devices accordingly. This alignment can also be controlled manually in the &quot;Monitors&quot; control panel. But to what extent is not yet entirely clear. Since the feature is not yet available in beta, unfortunately I cannot test it.<\/p>\n\n\n\n<figure class=\"wp-block-image size-large\"><img decoding=\"async\" width=\"1024\" height=\"819\" src=\"https:\/\/www.apfelpatient.de\/wp-content\/uploads\/2021\/06\/Apple_macos-monterey_connectivity_06072021-1024x819.jpg\" alt=\"iPadOS 15 &amp; macOS Monterey\" class=\"wp-image-23561\" srcset=\"https:\/\/www.apfelpatient.de\/wp-content\/uploads\/2021\/06\/Apple_macos-monterey_connectivity_06072021-1024x819.jpg 1024w, https:\/\/www.apfelpatient.de\/wp-content\/uploads\/2021\/06\/Apple_macos-monterey_connectivity_06072021-300x240.jpg 300w, https:\/\/www.apfelpatient.de\/wp-content\/uploads\/2021\/06\/Apple_macos-monterey_connectivity_06072021-768x614.jpg 768w, https:\/\/www.apfelpatient.de\/wp-content\/uploads\/2021\/06\/Apple_macos-monterey_connectivity_06072021-1536x1229.jpg 1536w, https:\/\/www.apfelpatient.de\/wp-content\/uploads\/2021\/06\/Apple_macos-monterey_connectivity_06072021-750x600.jpg 750w, https:\/\/www.apfelpatient.de\/wp-content\/uploads\/2021\/06\/Apple_macos-monterey_connectivity_06072021-1140x912.jpg 1140w, https:\/\/www.apfelpatient.de\/wp-content\/uploads\/2021\/06\/Apple_macos-monterey_connectivity_06072021.jpg 1600w\" sizes=\"(max-width: 1024px) 100vw, 1024px\" \/><figcaption>Image: Apple \u2013 iPadOS 15 &amp; macOS Monterey \u2013 Universal Control<\/figcaption><\/figure>\n\n\n\n<h3 class=\"wp-block-heading\" id=\"h-apple-ger-te-die-universal-control-unter-ipados-15-und-macos-12-unterst-tzen\">Apple devices that support Universal Control on iPadOS 15 and macOS 12<\/h3>\n\n\n\n\n\n\n\n<p><strong>These Macs and iPads support the feature:<\/strong><\/p>\n\n\n\n<ul class=\"wp-block-list\"><li>MacBook (from 2016)<\/li><li>MacBook Air (from 2016)<\/li><li>MacBook Pro (from 2016)<\/li><li>iMac (from 2017)<\/li><li>iMac Pro<\/li><li>Mac mini (from 2018)<\/li><li>Mac Pro<\/li><li>iPad mini (fifth generation or later)<\/li><li>iPad (sixth generation or later)<\/li><li>iPad Air (third generation or later)<\/li><li>iPad Pro<\/li><\/ul>\n\n\n\n<p>Users must be signed in to the same Apple ID on all devices via iCloud. The devices must have Bluetooth, WiFi and Handoff enabled and must be no more than 30 feet apart - according to Apple. iOS 15, iPadOS 15, macOS Monterey, watchOS 8 and tvOS 15 will be rolled out this fall. According to Apple, all updates will be made available as public beta in July. (Image: Apple)<\/p>\n\n\n\n<ul class=\"wp-block-list\"><li><a href=\"https:\/\/www.apfelpatient.de\/en\/news\/more-privacy-how-apple-icloud-private-relay-works\">More privacy: How Apple iCloud Private Relay works<\/a><\/li><\/ul>\n\n\n\n<h6 class=\"wp-block-heading translation-block\" id=\"h-kennt-ihr-schon-unsere-amazon-storefront-dort-findet-ihr-eine-handverlesene-auswahl-von-diversen-produkten-f-r-euer-iphone-und-co-viel-spa-beim-st-bern\"><em>Have you already visited our Amazon Storefront? There you&#039;ll find a hand-picked selection of various products for your iPhone and other devices \u2013 <span class=\"has-inline-color has-vivid-red-color\"><a href=\"https:\/\/www.amazon.de\/shop\/apfelpatientofficial\" class=\"ek-link\" data-wpel-link=\"exclude\" rel=\"follow noopener\" target=\"_self\"><span style=\"text-decoration: underline\" class=\"ek-underline\">enjoy browsing<\/span><\/a> !<\/span><\/em><\/h6>\n\n\n\n<h6 class=\"wp-block-heading translation-block\" id=\"h-der-beitrag-enthalt-partnerlinks\">This post contains <a data-type=\"URL\" data-id=\"https:\/\/www.apfelpatient.de\/partnerprogramm\" href=\"https:\/\/www.apfelpatient.de\/en\/partner-program\" data-wpel-link=\"internal\" target=\"_self\">affiliate links<\/a>.<\/h6>","protected":false},"excerpt":{"rendered":"<p>Drag &amp; Drop thanks to iPadOS 15 &amp; macOS Monterey: Apple introduced Universal Control at WWDC 2021.<\/p>","protected":false},"author":2,"featured_media":23561,"comment_status":"closed","ping_status":"closed","sticky":false,"template":"","format":"standard","meta":{"jnews-multi-image_gallery":[],"jnews_single_post":{"subtitle":"","format":"standard","video":"","gallery":"","source_name":"","source_url":"","via_name":"","via_url":"","override":[{"single_blog_custom":"","sidebar":"","second_sidebar":"","share_position":"","share_float_style":"","post_date_format":"","post_date_format_custom":"","post_reading_time_wpm":"","zoom_button_out_step":"1","zoom_button_in_step":"1","number_popup_post":"1"}],"image_override":[{"single_post_thumbnail_size":"","single_post_gallery_size":""}],"trending_post_position":"","trending_post_label":"","sponsored_post_label":"","sponsored_post_name":"","sponsored_post_url":"","sponsored_post_logo":"","sponsored_post_desc":""},"jnews_primary_category":{"id":"9"},"footnotes":""},"categories":[9],"tags":[33,573,4,638],"class_list":["post-23562","post","type-post","status-publish","format-standard","has-post-thumbnail","hentry","category-news","tag-ipados","tag-ipados-15","tag-macos","tag-macos-monterey"],"yoast_head":"<!-- This site is optimized with the Yoast SEO Premium plugin v27.5 (Yoast SEO v27.5) - https:\/\/yoast.com\/product\/yoast-seo-premium-wordpress\/ -->\n<title>iPadOS 15 &amp; macOS Monterey: So funktioniert Universal Control<\/title>\n<meta name=\"description\" content=\"Drag &amp; Drop dank iPadOS 15 &amp; macOS Monterey: Apple hat im Rahmen der WWDC 2021 Universal Control vorgestellt.\" \/>\n<meta name=\"robots\" content=\"index, follow, max-snippet:-1, max-image-preview:large, max-video-preview:-1\" \/>\n<link rel=\"canonical\" href=\"https:\/\/www.apfelpatient.de\/en\/news\/ipados-15-macos-monterey-how-universal-control-works\" \/>\n<meta property=\"og:locale\" content=\"en_US\" \/>\n<meta property=\"og:type\" content=\"article\" \/>\n<meta property=\"og:title\" content=\"iPadOS 15 &amp; macOS Monterey: So funktioniert Universal Control\" \/>\n<meta property=\"og:description\" content=\"Drag &amp; Drop dank iPadOS 15 &amp; macOS Monterey: Apple hat im Rahmen der WWDC 2021 Universal Control vorgestellt.\" \/>\n<meta property=\"og:url\" content=\"https:\/\/www.apfelpatient.de\/en\/news\/ipados-15-macos-monterey-how-universal-control-works\" \/>\n<meta property=\"og:site_name\" content=\"Apfelpatient\" \/>\n<meta property=\"article:publisher\" content=\"https:\/\/www.facebook.com\/apfelpatientOfficial\" \/>\n<meta property=\"article:author\" content=\"https:\/\/www.facebook.com\/apfelpatientOfficial\" \/>\n<meta property=\"article:published_time\" content=\"2021-06-16T09:03:52+00:00\" \/>\n<meta property=\"article:modified_time\" content=\"2021-06-16T09:04:26+00:00\" \/>\n<meta property=\"og:image\" content=\"https:\/\/www.apfelpatient.de\/wp-content\/uploads\/2021\/06\/Apple_macos-monterey_connectivity_06072021.jpg\" \/>\n\t<meta property=\"og:image:width\" content=\"1600\" \/>\n\t<meta property=\"og:image:height\" content=\"1280\" \/>\n\t<meta property=\"og:image:type\" content=\"image\/jpeg\" \/>\n<meta name=\"author\" content=\"Milan\" \/>\n<meta name=\"twitter:card\" content=\"summary_large_image\" \/>\n<meta name=\"twitter:description\" content=\"Drag &amp; Drop dank iPadOS 15 &amp; macOS Monterey: Apple hat im Rahmen der WWDC 2021 Universal Control vorgestellt.\" \/>\n<meta name=\"twitter:label1\" content=\"Written by\" \/>\n\t<meta name=\"twitter:data1\" content=\"Milan\" \/>\n\t<meta name=\"twitter:label2\" content=\"Est. reading time\" \/>\n\t<meta name=\"twitter:data2\" content=\"2 minutes\" \/>\n<script type=\"application\/ld+json\" class=\"yoast-schema-graph\">{\"@context\":\"https:\\\/\\\/schema.org\",\"@graph\":[{\"@type\":\"NewsArticle\",\"@id\":\"https:\\\/\\\/www.apfelpatient.de\\\/news\\\/ipados-15-macos-monterey-so-funktioniert-universal-control#article\",\"isPartOf\":{\"@id\":\"https:\\\/\\\/www.apfelpatient.de\\\/news\\\/ipados-15-macos-monterey-so-funktioniert-universal-control\"},\"author\":{\"@type\":\"Organization\",\"@id\":\"https:\\\/\\\/www.apfelpatient.de\\\/en\\\/#organization\",\"name\":\"Apfelpatient\",\"url\":\"https:\\\/\\\/www.apfelpatient.de\\\/en\\\/\"},\"headline\":\"iPadOS 15 &#038; macOS Monterey: So funktioniert Universal Control\",\"datePublished\":\"2021-06-16T09:03:52+00:00\",\"dateModified\":\"2021-06-16T09:04:26+00:00\",\"mainEntityOfPage\":{\"@id\":\"https:\\\/\\\/www.apfelpatient.de\\\/news\\\/ipados-15-macos-monterey-so-funktioniert-universal-control\"},\"wordCount\":433,\"publisher\":{\"@type\":\"Organization\",\"@id\":\"https:\\\/\\\/www.apfelpatient.de\\\/en\\\/#organization\",\"name\":\"Apfelpatient\",\"url\":\"https:\\\/\\\/www.apfelpatient.de\\\/en\\\/\"},\"image\":{\"@id\":\"https:\\\/\\\/www.apfelpatient.de\\\/news\\\/ipados-15-macos-monterey-so-funktioniert-universal-control#primaryimage\"},\"thumbnailUrl\":\"https:\\\/\\\/www.apfelpatient.de\\\/wp-content\\\/uploads\\\/2021\\\/06\\\/Apple_macos-monterey_connectivity_06072021.jpg\",\"keywords\":[\"iPadOS\",\"iPadOS 15\",\"macOS\",\"macOS 12 Monterey\"],\"articleSection\":\"News\",\"inLanguage\":\"en-US\",\"copyrightYear\":\"2021\",\"copyrightHolder\":{\"@id\":\"https:\\\/\\\/www.apfelpatient.de\\\/en\\\/#organization\"}},{\"@type\":\"WebPage\",\"@id\":\"https:\\\/\\\/www.apfelpatient.de\\\/news\\\/ipados-15-macos-monterey-so-funktioniert-universal-control\",\"url\":\"https:\\\/\\\/www.apfelpatient.de\\\/news\\\/ipados-15-macos-monterey-so-funktioniert-universal-control\",\"name\":\"iPadOS 15 & macOS Monterey: So funktioniert Universal Control\",\"isPartOf\":{\"@id\":\"https:\\\/\\\/www.apfelpatient.de\\\/#website\"},\"primaryImageOfPage\":{\"@id\":\"https:\\\/\\\/www.apfelpatient.de\\\/news\\\/ipados-15-macos-monterey-so-funktioniert-universal-control#primaryimage\"},\"image\":{\"@id\":\"https:\\\/\\\/www.apfelpatient.de\\\/news\\\/ipados-15-macos-monterey-so-funktioniert-universal-control#primaryimage\"},\"thumbnailUrl\":\"https:\\\/\\\/www.apfelpatient.de\\\/wp-content\\\/uploads\\\/2021\\\/06\\\/Apple_macos-monterey_connectivity_06072021.jpg\",\"datePublished\":\"2021-06-16T09:03:52+00:00\",\"dateModified\":\"2021-06-16T09:04:26+00:00\",\"description\":\"Drag & Drop dank iPadOS 15 & macOS Monterey: Apple hat im Rahmen der WWDC 2021 Universal Control vorgestellt.\",\"breadcrumb\":{\"@id\":\"https:\\\/\\\/www.apfelpatient.de\\\/news\\\/ipados-15-macos-monterey-so-funktioniert-universal-control#breadcrumb\"},\"inLanguage\":\"en-US\",\"potentialAction\":[{\"@type\":\"ReadAction\",\"target\":[\"https:\\\/\\\/www.apfelpatient.de\\\/news\\\/ipados-15-macos-monterey-so-funktioniert-universal-control\"]}]},{\"@type\":\"ImageObject\",\"inLanguage\":\"en-US\",\"@id\":\"https:\\\/\\\/www.apfelpatient.de\\\/news\\\/ipados-15-macos-monterey-so-funktioniert-universal-control#primaryimage\",\"url\":\"https:\\\/\\\/www.apfelpatient.de\\\/wp-content\\\/uploads\\\/2021\\\/06\\\/Apple_macos-monterey_connectivity_06072021.jpg\",\"contentUrl\":\"https:\\\/\\\/www.apfelpatient.de\\\/wp-content\\\/uploads\\\/2021\\\/06\\\/Apple_macos-monterey_connectivity_06072021.jpg\",\"width\":1600,\"height\":1280,\"caption\":\"Bild: Apple - iPadOS 15 & macOS Monterey\"},{\"@type\":\"BreadcrumbList\",\"@id\":\"https:\\\/\\\/www.apfelpatient.de\\\/news\\\/ipados-15-macos-monterey-so-funktioniert-universal-control#breadcrumb\",\"itemListElement\":[{\"@type\":\"ListItem\",\"position\":1,\"name\":\"Startseite\",\"item\":\"https:\\\/\\\/www.apfelpatient.de\\\/\"},{\"@type\":\"ListItem\",\"position\":2,\"name\":\"iPadOS 15 &#038; macOS Monterey: So funktioniert Universal Control\"}]},{\"@type\":\"WebSite\",\"@id\":\"https:\\\/\\\/www.apfelpatient.de\\\/#website\",\"url\":\"https:\\\/\\\/www.apfelpatient.de\\\/\",\"name\":\"Apfelpatient\",\"description\":\"Alles rund um Apple!\",\"publisher\":{\"@type\":\"Organization\",\"@id\":\"https:\\\/\\\/www.apfelpatient.de\\\/en\\\/#organization\",\"name\":\"Apfelpatient\",\"url\":\"https:\\\/\\\/www.apfelpatient.de\\\/en\\\/\"},\"alternateName\":\"Apfelpatient\",\"potentialAction\":[{\"@type\":\"SearchAction\",\"target\":{\"@type\":\"EntryPoint\",\"urlTemplate\":\"https:\\\/\\\/www.apfelpatient.de\\\/?s={search_term_string}\"},\"query-input\":{\"@type\":\"PropertyValueSpecification\",\"valueRequired\":true,\"valueName\":\"search_term_string\"}}],\"inLanguage\":\"en-US\"},{\"@type\":[\"Person\",\"Organization\"],\"@id\":\"https:\\\/\\\/www.apfelpatient.de\\\/#\\\/schema\\\/person\\\/35b3ddba5832f2bfc7fff5206d4f6b7b\",\"name\":\"Milan\",\"logo\":{\"@id\":\"https:\\\/\\\/www.apfelpatient.de\\\/#\\\/schema\\\/person\\\/image\\\/\"},\"description\":\"Hallo und herzlich willkommen auf meinem Technik-Blog! Als gro\u00dfer Apple-Fan berichte ich hier \u00fcber alles, was mit Apple zu tun hat: von den neuesten News und spannenden Ger\u00fcchten \u00fcber hilfreiche Tipps und Tricks bis hin zu ausf\u00fchrlichen Produkttests. Wenn du genauso technikbegeistert bist wie ich, bist du hier genau richtig!\",\"sameAs\":[\"https:\\\/\\\/www.facebook.com\\\/apfelpatientOfficial\",\"https:\\\/\\\/www.linkedin.com\\\/in\\\/milan-jovicic-42aa0231b\"],\"url\":\"https:\\\/\\\/www.apfelpatient.de\\\/en\\\/author\\\/apfeladmin\"}]}<\/script>\n<!-- \/ Yoast SEO Premium plugin. -->","yoast_head_json":{"title":"iPadOS 15 &amp; macOS Monterey: How Universal Control works","description":"Drag &amp; Drop thanks to iPadOS 15 &amp; macOS Monterey: Apple introduced Universal Control at WWDC 2021.","robots":{"index":"index","follow":"follow","max-snippet":"max-snippet:-1","max-image-preview":"max-image-preview:large","max-video-preview":"max-video-preview:-1"},"canonical":"https:\/\/www.apfelpatient.de\/en\/news\/ipados-15-macos-monterey-how-universal-control-works","og_locale":"en_US","og_type":"article","og_title":"iPadOS 15 & macOS Monterey: So funktioniert Universal Control","og_description":"Drag & Drop dank iPadOS 15 & macOS Monterey: Apple hat im Rahmen der WWDC 2021 Universal Control vorgestellt.","og_url":"https:\/\/www.apfelpatient.de\/en\/news\/ipados-15-macos-monterey-how-universal-control-works","og_site_name":"Apfelpatient","article_publisher":"https:\/\/www.facebook.com\/apfelpatientOfficial","article_author":"https:\/\/www.facebook.com\/apfelpatientOfficial","article_published_time":"2021-06-16T09:03:52+00:00","article_modified_time":"2021-06-16T09:04:26+00:00","og_image":[{"width":1600,"height":1280,"url":"https:\/\/www.apfelpatient.de\/wp-content\/uploads\/2021\/06\/Apple_macos-monterey_connectivity_06072021.jpg","type":"image\/jpeg"}],"author":"Milan","twitter_card":"summary_large_image","twitter_description":"Drag & Drop dank iPadOS 15 & macOS Monterey: Apple hat im Rahmen der WWDC 2021 Universal Control vorgestellt.","twitter_misc":{"Written by":"Milan","Est. reading time":"2 minutes"},"schema":{"@context":"https:\/\/schema.org","@graph":[{"@type":"NewsArticle","@id":"https:\/\/www.apfelpatient.de\/news\/ipados-15-macos-monterey-so-funktioniert-universal-control#article","isPartOf":{"@id":"https:\/\/www.apfelpatient.de\/news\/ipados-15-macos-monterey-so-funktioniert-universal-control"},"author":{"@type":"Organization","@id":"https:\/\/www.apfelpatient.de\/en\/#organization","name":"Apfelpatient","url":"https:\/\/www.apfelpatient.de\/en\/"},"headline":"iPadOS 15 &#038; macOS Monterey: So funktioniert Universal Control","datePublished":"2021-06-16T09:03:52+00:00","dateModified":"2021-06-16T09:04:26+00:00","mainEntityOfPage":{"@id":"https:\/\/www.apfelpatient.de\/news\/ipados-15-macos-monterey-so-funktioniert-universal-control"},"wordCount":433,"publisher":{"@type":"Organization","@id":"https:\/\/www.apfelpatient.de\/en\/#organization","name":"Apfelpatient","url":"https:\/\/www.apfelpatient.de\/en\/"},"image":{"@id":"https:\/\/www.apfelpatient.de\/news\/ipados-15-macos-monterey-so-funktioniert-universal-control#primaryimage"},"thumbnailUrl":"https:\/\/www.apfelpatient.de\/wp-content\/uploads\/2021\/06\/Apple_macos-monterey_connectivity_06072021.jpg","keywords":["iPadOS","iPadOS 15","macOS","macOS 12 Monterey"],"articleSection":"News","inLanguage":"en-US","copyrightYear":"2021","copyrightHolder":{"@id":"https:\/\/www.apfelpatient.de\/en\/#organization"}},{"@type":"WebPage","@id":"https:\/\/www.apfelpatient.de\/news\/ipados-15-macos-monterey-so-funktioniert-universal-control","url":"https:\/\/www.apfelpatient.de\/news\/ipados-15-macos-monterey-so-funktioniert-universal-control","name":"iPadOS 15 &amp; macOS Monterey: How Universal Control works","isPartOf":{"@id":"https:\/\/www.apfelpatient.de\/#website"},"primaryImageOfPage":{"@id":"https:\/\/www.apfelpatient.de\/news\/ipados-15-macos-monterey-so-funktioniert-universal-control#primaryimage"},"image":{"@id":"https:\/\/www.apfelpatient.de\/news\/ipados-15-macos-monterey-so-funktioniert-universal-control#primaryimage"},"thumbnailUrl":"https:\/\/www.apfelpatient.de\/wp-content\/uploads\/2021\/06\/Apple_macos-monterey_connectivity_06072021.jpg","datePublished":"2021-06-16T09:03:52+00:00","dateModified":"2021-06-16T09:04:26+00:00","description":"Drag &amp; Drop thanks to iPadOS 15 &amp; macOS Monterey: Apple introduced Universal Control at WWDC 2021.","breadcrumb":{"@id":"https:\/\/www.apfelpatient.de\/news\/ipados-15-macos-monterey-so-funktioniert-universal-control#breadcrumb"},"inLanguage":"en-US","potentialAction":[{"@type":"ReadAction","target":["https:\/\/www.apfelpatient.de\/news\/ipados-15-macos-monterey-so-funktioniert-universal-control"]}]},{"@type":"ImageObject","inLanguage":"en-US","@id":"https:\/\/www.apfelpatient.de\/news\/ipados-15-macos-monterey-so-funktioniert-universal-control#primaryimage","url":"https:\/\/www.apfelpatient.de\/wp-content\/uploads\/2021\/06\/Apple_macos-monterey_connectivity_06072021.jpg","contentUrl":"https:\/\/www.apfelpatient.de\/wp-content\/uploads\/2021\/06\/Apple_macos-monterey_connectivity_06072021.jpg","width":1600,"height":1280,"caption":"Bild: Apple - iPadOS 15 & macOS Monterey"},{"@type":"BreadcrumbList","@id":"https:\/\/www.apfelpatient.de\/news\/ipados-15-macos-monterey-so-funktioniert-universal-control#breadcrumb","itemListElement":[{"@type":"ListItem","position":1,"name":"Startseite","item":"https:\/\/www.apfelpatient.de\/"},{"@type":"ListItem","position":2,"name":"iPadOS 15 &#038; macOS Monterey: So funktioniert Universal Control"}]},{"@type":"WebSite","@id":"https:\/\/www.apfelpatient.de\/#website","url":"https:\/\/www.apfelpatient.de\/","name":"apple patient","description":"Everything about Apple!","publisher":{"@type":"Organization","@id":"https:\/\/www.apfelpatient.de\/en\/#organization","name":"Apfelpatient","url":"https:\/\/www.apfelpatient.de\/en\/"},"alternateName":"Apfelpatient","potentialAction":[{"@type":"SearchAction","target":{"@type":"EntryPoint","urlTemplate":"https:\/\/www.apfelpatient.de\/?s={search_term_string}"},"query-input":{"@type":"PropertyValueSpecification","valueRequired":true,"valueName":"search_term_string"}}],"inLanguage":"en-US"},{"@type":["Person","Organization"],"@id":"https:\/\/www.apfelpatient.de\/#\/schema\/person\/35b3ddba5832f2bfc7fff5206d4f6b7b","name":"Milan","logo":{"@id":"https:\/\/www.apfelpatient.de\/#\/schema\/person\/image\/"},"description":"Hello and welcome to my technology blog! As a big Apple fan, I report on everything to do with Apple: from the latest news and exciting rumors to helpful tips and tricks and detailed product tests. If you are as enthusiastic about technology as I am, you have come to the right place!","sameAs":["https:\/\/www.facebook.com\/apfelpatientOfficial","https:\/\/www.linkedin.com\/in\/milan-jovicic-42aa0231b"],"url":"https:\/\/www.apfelpatient.de\/en\/author\/apfeladmin"}]}},"_links":{"self":[{"href":"https:\/\/www.apfelpatient.de\/en\/wp-json\/wp\/v2\/posts\/23562","targetHints":{"allow":["GET"]}}],"collection":[{"href":"https:\/\/www.apfelpatient.de\/en\/wp-json\/wp\/v2\/posts"}],"about":[{"href":"https:\/\/www.apfelpatient.de\/en\/wp-json\/wp\/v2\/types\/post"}],"author":[{"embeddable":true,"href":"https:\/\/www.apfelpatient.de\/en\/wp-json\/wp\/v2\/users\/2"}],"replies":[{"embeddable":true,"href":"https:\/\/www.apfelpatient.de\/en\/wp-json\/wp\/v2\/comments?post=23562"}],"version-history":[{"count":0,"href":"https:\/\/www.apfelpatient.de\/en\/wp-json\/wp\/v2\/posts\/23562\/revisions"}],"wp:featuredmedia":[{"embeddable":true,"href":"https:\/\/www.apfelpatient.de\/en\/wp-json\/wp\/v2\/media\/23561"}],"wp:attachment":[{"href":"https:\/\/www.apfelpatient.de\/en\/wp-json\/wp\/v2\/media?parent=23562"}],"wp:term":[{"taxonomy":"category","embeddable":true,"href":"https:\/\/www.apfelpatient.de\/en\/wp-json\/wp\/v2\/categories?post=23562"},{"taxonomy":"post_tag","embeddable":true,"href":"https:\/\/www.apfelpatient.de\/en\/wp-json\/wp\/v2\/tags?post=23562"}],"curies":[{"name":"wp","href":"https:\/\/api.w.org\/{rel}","templated":true}]}}