{"id":23553,"date":"2021-06-12T00:06:46","date_gmt":"2021-06-11T22:06:46","guid":{"rendered":"https:\/\/www.apfelpatient.de\/?p=23553"},"modified":"2021-06-12T00:07:20","modified_gmt":"2021-06-11T22:07:20","slug":"ipad-mini-6-this-is-what-the-device-should-look-like","status":"publish","type":"post","link":"https:\/\/www.apfelpatient.de\/en\/rumors\/ipad-mini-6-so-soll-das-geraet-aussehen","title":{"rendered":"iPad mini 6: This is what the device should look like"},"content":{"rendered":"<p class=\"has-drop-cap\">The news site Bloomberg recently reported on Apple&#039;s upcoming iPad series. Now images based on prototypes have been presented.<\/p>\n\n\n\n<p>Bloomberg recently reported on Apple&#039;s roadmap for the iPad family, including the sixth generation iPad mini. Now Youtuber Jon Prosser has posted pictures <a href=\"https:\/\/www.frontpagetech.com\/2021\/06\/11\/exclusive-first-look-at-newly-redesigned-ipad-mini-6\/\" target=\"_blank\" rel=\"noreferrer noopener\">published<\/a>, which were created based on prototypes. Prosser says that the sixth-generation iPad mini has almost the same body dimensions as the fifth-generation iPad mini.<\/p>\n\n\n\n<figure class=\"wp-block-image size-large\"><img decoding=\"async\" width=\"1024\" height=\"576\" src=\"https:\/\/www.apfelpatient.de\/wp-content\/uploads\/2021\/06\/ipad-mini-bottom-1024x576.jpg\" alt=\"Apple iPad mini 6\" class=\"wp-image-23547\" srcset=\"https:\/\/www.apfelpatient.de\/wp-content\/uploads\/2021\/06\/ipad-mini-bottom-1024x576.jpg 1024w, https:\/\/www.apfelpatient.de\/wp-content\/uploads\/2021\/06\/ipad-mini-bottom-300x169.jpg 300w, https:\/\/www.apfelpatient.de\/wp-content\/uploads\/2021\/06\/ipad-mini-bottom-768x432.jpg 768w, https:\/\/www.apfelpatient.de\/wp-content\/uploads\/2021\/06\/ipad-mini-bottom-1536x864.jpg 1536w, https:\/\/www.apfelpatient.de\/wp-content\/uploads\/2021\/06\/ipad-mini-bottom-750x422.jpg 750w, https:\/\/www.apfelpatient.de\/wp-content\/uploads\/2021\/06\/ipad-mini-bottom-1140x641.jpg 1140w, https:\/\/www.apfelpatient.de\/wp-content\/uploads\/2021\/06\/ipad-mini-bottom.jpg 1600w\" sizes=\"(max-width: 1024px) 100vw, 1024px\" \/><figcaption>Image: Jon Prosser x Rendersbyan \u2013 Apple iPad mini 6<\/figcaption><\/figure>\n\n\n\n<p>However, the design has been radically revised. This means that the new device will apparently appear without a home button and will instead rely on Touch ID in the side button, just like the iPad Air 4.<\/p>\n\n\n\n<h3 class=\"wp-block-heading\" id=\"h-ipad-mini-6-mit-a14-chip-5g-und-mehr\">iPad mini 6 with A14 chip, 5G and more<\/h3>\n\n\n\n\n\n\n\n<p>In addition, the new iPad mini will now use USB-C instead of Lightning. In terms of display dimensions, the device is expected to be around 8.4 to 8.9 inches. Just like the iPad Pro and iPad Air, the new iPad mini has flat sides with a simple finish.<\/p>\n\n\n\n<figure class=\"wp-block-image size-large\"><img decoding=\"async\" width=\"1024\" height=\"576\" src=\"https:\/\/www.apfelpatient.de\/wp-content\/uploads\/2021\/06\/ipad-mini-colors-1024x576.jpg\" alt=\"Apple iPad mini 6\" class=\"wp-image-23548\" srcset=\"https:\/\/www.apfelpatient.de\/wp-content\/uploads\/2021\/06\/ipad-mini-colors-1024x576.jpg 1024w, https:\/\/www.apfelpatient.de\/wp-content\/uploads\/2021\/06\/ipad-mini-colors-300x169.jpg 300w, https:\/\/www.apfelpatient.de\/wp-content\/uploads\/2021\/06\/ipad-mini-colors-768x432.jpg 768w, https:\/\/www.apfelpatient.de\/wp-content\/uploads\/2021\/06\/ipad-mini-colors-1536x864.jpg 1536w, https:\/\/www.apfelpatient.de\/wp-content\/uploads\/2021\/06\/ipad-mini-colors-750x422.jpg 750w, https:\/\/www.apfelpatient.de\/wp-content\/uploads\/2021\/06\/ipad-mini-colors-1140x641.jpg 1140w, https:\/\/www.apfelpatient.de\/wp-content\/uploads\/2021\/06\/ipad-mini-colors.jpg 1600w\" sizes=\"(max-width: 1024px) 100vw, 1024px\" \/><figcaption>Image: Jon Prosser x Rendersbyan \u2013 Apple iPad mini 6<\/figcaption><\/figure>\n\n\n\n<p>Prosser&#039;s renderings really do make it look like an iPad Air, just smaller. The device will also have an A14 chip and offer 5G connectivity. According to Prosser, the iPad mini will be available in silver, black and gold color options. If the rumors are to be believed, Apple will unveil the device by the end of this year. (Image: Jon Prosser x Rendersbyan)<\/p>\n\n\n\n<ul class=\"wp-block-list\"><li><a href=\"https:\/\/www.apfelpatient.de\/en\/rumors\/new-ipad-pro-ipad-mini-details-on-functions-and-design\">New iPad Pro &amp; iPad mini: Details on functions and design<\/a><\/li><\/ul>\n\n\n\n<h6 class=\"wp-block-heading translation-block\" id=\"h-kennt-ihr-schon-unsere-amazon-storefront-dort-findet-ihr-eine-handverlesene-auswahl-von-diversen-produkten-f-r-euer-iphone-und-co-viel-spa-beim-st-bern\"><em>Have you already visited our Amazon Storefront? There you&#039;ll find a hand-picked selection of various products for your iPhone and other devices \u2013 <span class=\"has-inline-color has-vivid-red-color\"><a href=\"https:\/\/www.amazon.de\/shop\/apfelpatientofficial\" class=\"ek-link\" data-wpel-link=\"exclude\" rel=\"follow noopener\" target=\"_self\"><span style=\"text-decoration: underline\" class=\"ek-underline\">enjoy browsing<\/span><\/a> !<\/span><\/em><\/h6>\n\n\n\n<h6 class=\"wp-block-heading translation-block\" id=\"h-der-beitrag-enthalt-partnerlinks\">This post contains <a data-type=\"URL\" data-id=\"https:\/\/www.apfelpatient.de\/partnerprogramm\" href=\"https:\/\/www.apfelpatient.de\/en\/partner-program\" data-wpel-link=\"internal\" target=\"_self\">affiliate links<\/a>.<\/h6>","protected":false},"excerpt":{"rendered":"<p>iPad mini 6: Bloomberg recently reported on Apple&#039;s upcoming iPad series. Now images based on prototypes have been presented.<\/p>","protected":false},"author":2,"featured_media":23546,"comment_status":"closed","ping_status":"closed","sticky":false,"template":"","format":"standard","meta":{"jnews-multi-image_gallery":[],"jnews_single_post":{"subtitle":"","format":"standard","video":"","gallery":"","source_name":"","source_url":"","via_name":"","via_url":"","override":[{"single_blog_custom":"","sidebar":"","second_sidebar":"","share_position":"","share_float_style":"","post_date_format":"","post_date_format_custom":"","post_reading_time_wpm":"","zoom_button_out_step":"1","zoom_button_in_step":"1","number_popup_post":"1"}],"image_override":[{"single_post_thumbnail_size":"","single_post_gallery_size":""}],"trending_post_position":"","trending_post_label":"","sponsored_post_label":"","sponsored_post_name":"","sponsored_post_url":"","sponsored_post_logo":"","sponsored_post_desc":""},"jnews_primary_category":{"id":"25"},"footnotes":""},"categories":[25],"tags":[18,114],"class_list":["post-23553","post","type-post","status-publish","format-standard","has-post-thumbnail","hentry","category-rumors","tag-ipad","tag-ipad-mini"],"yoast_head":"<!-- This site is optimized with the Yoast SEO Premium plugin v27.5 (Yoast SEO v27.5) - https:\/\/yoast.com\/product\/yoast-seo-premium-wordpress\/ -->\n<title>iPad mini 6: So soll das Ger\u00e4t aussehen Apfelpatient<\/title>\n<meta name=\"description\" content=\"iPad mini 6: Bloomberg hat erst k\u00fcrzlich \u00fcber Apples kommende iPad-Reihe berichtet. Nun wurden Bilder basierend auf Prototypen vorgestellt.\" \/>\n<meta name=\"robots\" content=\"index, follow, max-snippet:-1, max-image-preview:large, max-video-preview:-1\" \/>\n<link rel=\"canonical\" href=\"https:\/\/www.apfelpatient.de\/en\/rumors\/ipad-mini-6-this-is-what-the-device-should-look-like\" \/>\n<meta property=\"og:locale\" content=\"en_US\" \/>\n<meta property=\"og:type\" content=\"article\" \/>\n<meta property=\"og:title\" content=\"iPad mini 6: So soll das Ger\u00e4t aussehen\" \/>\n<meta property=\"og:description\" content=\"iPad mini 6: Bloomberg hat erst k\u00fcrzlich \u00fcber Apples kommende iPad-Reihe berichtet. Nun wurden Bilder basierend auf Prototypen vorgestellt.\" \/>\n<meta property=\"og:url\" content=\"https:\/\/www.apfelpatient.de\/en\/rumors\/ipad-mini-6-this-is-what-the-device-should-look-like\" \/>\n<meta property=\"og:site_name\" content=\"Apfelpatient\" \/>\n<meta property=\"article:publisher\" content=\"https:\/\/www.facebook.com\/apfelpatientOfficial\" \/>\n<meta property=\"article:author\" content=\"https:\/\/www.facebook.com\/apfelpatientOfficial\" \/>\n<meta property=\"article:published_time\" content=\"2021-06-11T22:06:46+00:00\" \/>\n<meta property=\"article:modified_time\" content=\"2021-06-11T22:07:20+00:00\" \/>\n<meta property=\"og:image\" content=\"https:\/\/www.apfelpatient.de\/wp-content\/uploads\/2021\/06\/ipad-mini-6.jpg\" \/>\n\t<meta property=\"og:image:width\" content=\"1600\" \/>\n\t<meta property=\"og:image:height\" content=\"900\" \/>\n\t<meta property=\"og:image:type\" content=\"image\/jpeg\" \/>\n<meta name=\"author\" content=\"Milan\" \/>\n<meta name=\"twitter:card\" content=\"summary_large_image\" \/>\n<meta name=\"twitter:description\" content=\"iPad mini 6: Bloomberg hat erst k\u00fcrzlich \u00fcber Apples kommende iPad-Reihe berichtet. Nun wurden Bilder basierend auf Prototypen vorgestellt.\" \/>\n<meta name=\"twitter:label1\" content=\"Written by\" \/>\n\t<meta name=\"twitter:data1\" content=\"Milan\" \/>\n\t<meta name=\"twitter:label2\" content=\"Est. reading time\" \/>\n\t<meta name=\"twitter:data2\" content=\"2 minutes\" \/>\n<script type=\"application\/ld+json\" class=\"yoast-schema-graph\">{\"@context\":\"https:\\\/\\\/schema.org\",\"@graph\":[{\"@type\":\"NewsArticle\",\"@id\":\"https:\\\/\\\/www.apfelpatient.de\\\/rumors\\\/ipad-mini-6-so-soll-das-geraet-aussehen#article\",\"isPartOf\":{\"@id\":\"https:\\\/\\\/www.apfelpatient.de\\\/rumors\\\/ipad-mini-6-so-soll-das-geraet-aussehen\"},\"author\":{\"@type\":\"Organization\",\"@id\":\"https:\\\/\\\/www.apfelpatient.de\\\/en\\\/#organization\",\"name\":\"Apfelpatient\",\"url\":\"https:\\\/\\\/www.apfelpatient.de\\\/en\\\/\"},\"headline\":\"iPad mini 6: So soll das Ger\u00e4t aussehen\",\"datePublished\":\"2021-06-11T22:06:46+00:00\",\"dateModified\":\"2021-06-11T22:07:20+00:00\",\"mainEntityOfPage\":{\"@id\":\"https:\\\/\\\/www.apfelpatient.de\\\/rumors\\\/ipad-mini-6-so-soll-das-geraet-aussehen\"},\"wordCount\":276,\"publisher\":{\"@type\":\"Organization\",\"@id\":\"https:\\\/\\\/www.apfelpatient.de\\\/en\\\/#organization\",\"name\":\"Apfelpatient\",\"url\":\"https:\\\/\\\/www.apfelpatient.de\\\/en\\\/\"},\"image\":{\"@id\":\"https:\\\/\\\/www.apfelpatient.de\\\/rumors\\\/ipad-mini-6-so-soll-das-geraet-aussehen#primaryimage\"},\"thumbnailUrl\":\"https:\\\/\\\/www.apfelpatient.de\\\/wp-content\\\/uploads\\\/2021\\\/06\\\/ipad-mini-6.jpg\",\"keywords\":[\"iPad\",\"iPad mini\"],\"articleSection\":\"Rumors\",\"inLanguage\":\"en-US\",\"copyrightYear\":\"2021\",\"copyrightHolder\":{\"@id\":\"https:\\\/\\\/www.apfelpatient.de\\\/en\\\/#organization\"}},{\"@type\":\"WebPage\",\"@id\":\"https:\\\/\\\/www.apfelpatient.de\\\/rumors\\\/ipad-mini-6-so-soll-das-geraet-aussehen\",\"url\":\"https:\\\/\\\/www.apfelpatient.de\\\/rumors\\\/ipad-mini-6-so-soll-das-geraet-aussehen\",\"name\":\"iPad mini 6: So soll das Ger\u00e4t aussehen Apfelpatient\",\"isPartOf\":{\"@id\":\"https:\\\/\\\/www.apfelpatient.de\\\/#website\"},\"primaryImageOfPage\":{\"@id\":\"https:\\\/\\\/www.apfelpatient.de\\\/rumors\\\/ipad-mini-6-so-soll-das-geraet-aussehen#primaryimage\"},\"image\":{\"@id\":\"https:\\\/\\\/www.apfelpatient.de\\\/rumors\\\/ipad-mini-6-so-soll-das-geraet-aussehen#primaryimage\"},\"thumbnailUrl\":\"https:\\\/\\\/www.apfelpatient.de\\\/wp-content\\\/uploads\\\/2021\\\/06\\\/ipad-mini-6.jpg\",\"datePublished\":\"2021-06-11T22:06:46+00:00\",\"dateModified\":\"2021-06-11T22:07:20+00:00\",\"description\":\"iPad mini 6: Bloomberg hat erst k\u00fcrzlich \u00fcber Apples kommende iPad-Reihe berichtet. Nun wurden Bilder basierend auf Prototypen vorgestellt.\",\"breadcrumb\":{\"@id\":\"https:\\\/\\\/www.apfelpatient.de\\\/rumors\\\/ipad-mini-6-so-soll-das-geraet-aussehen#breadcrumb\"},\"inLanguage\":\"en-US\",\"potentialAction\":[{\"@type\":\"ReadAction\",\"target\":[\"https:\\\/\\\/www.apfelpatient.de\\\/rumors\\\/ipad-mini-6-so-soll-das-geraet-aussehen\"]}]},{\"@type\":\"ImageObject\",\"inLanguage\":\"en-US\",\"@id\":\"https:\\\/\\\/www.apfelpatient.de\\\/rumors\\\/ipad-mini-6-so-soll-das-geraet-aussehen#primaryimage\",\"url\":\"https:\\\/\\\/www.apfelpatient.de\\\/wp-content\\\/uploads\\\/2021\\\/06\\\/ipad-mini-6.jpg\",\"contentUrl\":\"https:\\\/\\\/www.apfelpatient.de\\\/wp-content\\\/uploads\\\/2021\\\/06\\\/ipad-mini-6.jpg\",\"width\":1600,\"height\":900,\"caption\":\"Bild: Jon Prosser x Rendersbyan - Apple iPad mini 6\"},{\"@type\":\"BreadcrumbList\",\"@id\":\"https:\\\/\\\/www.apfelpatient.de\\\/rumors\\\/ipad-mini-6-so-soll-das-geraet-aussehen#breadcrumb\",\"itemListElement\":[{\"@type\":\"ListItem\",\"position\":1,\"name\":\"Startseite\",\"item\":\"https:\\\/\\\/www.apfelpatient.de\\\/\"},{\"@type\":\"ListItem\",\"position\":2,\"name\":\"iPad mini 6: So soll das Ger\u00e4t aussehen\"}]},{\"@type\":\"WebSite\",\"@id\":\"https:\\\/\\\/www.apfelpatient.de\\\/#website\",\"url\":\"https:\\\/\\\/www.apfelpatient.de\\\/\",\"name\":\"Apfelpatient\",\"description\":\"Alles rund um Apple!\",\"publisher\":{\"@type\":\"Organization\",\"@id\":\"https:\\\/\\\/www.apfelpatient.de\\\/en\\\/#organization\",\"name\":\"Apfelpatient\",\"url\":\"https:\\\/\\\/www.apfelpatient.de\\\/en\\\/\"},\"alternateName\":\"Apfelpatient\",\"potentialAction\":[{\"@type\":\"SearchAction\",\"target\":{\"@type\":\"EntryPoint\",\"urlTemplate\":\"https:\\\/\\\/www.apfelpatient.de\\\/?s={search_term_string}\"},\"query-input\":{\"@type\":\"PropertyValueSpecification\",\"valueRequired\":true,\"valueName\":\"search_term_string\"}}],\"inLanguage\":\"en-US\"},{\"@type\":[\"Person\",\"Organization\"],\"@id\":\"https:\\\/\\\/www.apfelpatient.de\\\/#\\\/schema\\\/person\\\/7dc56ad6c8e9824b76d2c08d4c140e13\",\"name\":\"Milan\",\"logo\":{\"@id\":\"https:\\\/\\\/www.apfelpatient.de\\\/#\\\/schema\\\/person\\\/image\\\/\"},\"description\":\"Hallo und herzlich willkommen auf meinem Technik-Blog! Als gro\u00dfer Apple-Fan berichte ich hier \u00fcber alles, was mit Apple zu tun hat: von den neuesten News und spannenden Ger\u00fcchten \u00fcber hilfreiche Tipps und Tricks bis hin zu ausf\u00fchrlichen Produkttests. Wenn du genauso technikbegeistert bist wie ich, bist du hier genau richtig!\",\"sameAs\":[\"https:\\\/\\\/www.facebook.com\\\/apfelpatientOfficial\",\"https:\\\/\\\/www.linkedin.com\\\/in\\\/milan-jovicic-42aa0231b\"],\"url\":\"https:\\\/\\\/www.apfelpatient.de\\\/en\\\/author\\\/apfeladmin\"}]}<\/script>\n<!-- \/ Yoast SEO Premium plugin. -->","yoast_head_json":{"title":"iPad mini 6: This is what the device should look like Apfelpatient","description":"iPad mini 6: Bloomberg recently reported on Apple&#039;s upcoming iPad series. Now images based on prototypes have been presented.","robots":{"index":"index","follow":"follow","max-snippet":"max-snippet:-1","max-image-preview":"max-image-preview:large","max-video-preview":"max-video-preview:-1"},"canonical":"https:\/\/www.apfelpatient.de\/en\/rumors\/ipad-mini-6-this-is-what-the-device-should-look-like","og_locale":"en_US","og_type":"article","og_title":"iPad mini 6: So soll das Ger\u00e4t aussehen","og_description":"iPad mini 6: Bloomberg hat erst k\u00fcrzlich \u00fcber Apples kommende iPad-Reihe berichtet. Nun wurden Bilder basierend auf Prototypen vorgestellt.","og_url":"https:\/\/www.apfelpatient.de\/en\/rumors\/ipad-mini-6-this-is-what-the-device-should-look-like","og_site_name":"Apfelpatient","article_publisher":"https:\/\/www.facebook.com\/apfelpatientOfficial","article_author":"https:\/\/www.facebook.com\/apfelpatientOfficial","article_published_time":"2021-06-11T22:06:46+00:00","article_modified_time":"2021-06-11T22:07:20+00:00","og_image":[{"width":1600,"height":900,"url":"https:\/\/www.apfelpatient.de\/wp-content\/uploads\/2021\/06\/ipad-mini-6.jpg","type":"image\/jpeg"}],"author":"Milan","twitter_card":"summary_large_image","twitter_description":"iPad mini 6: Bloomberg hat erst k\u00fcrzlich \u00fcber Apples kommende iPad-Reihe berichtet. Nun wurden Bilder basierend auf Prototypen vorgestellt.","twitter_misc":{"Written by":"Milan","Est. reading time":"2 minutes"},"schema":{"@context":"https:\/\/schema.org","@graph":[{"@type":"NewsArticle","@id":"https:\/\/www.apfelpatient.de\/rumors\/ipad-mini-6-so-soll-das-geraet-aussehen#article","isPartOf":{"@id":"https:\/\/www.apfelpatient.de\/rumors\/ipad-mini-6-so-soll-das-geraet-aussehen"},"author":{"@type":"Organization","@id":"https:\/\/www.apfelpatient.de\/en\/#organization","name":"Apfelpatient","url":"https:\/\/www.apfelpatient.de\/en\/"},"headline":"iPad mini 6: So soll das Ger\u00e4t aussehen","datePublished":"2021-06-11T22:06:46+00:00","dateModified":"2021-06-11T22:07:20+00:00","mainEntityOfPage":{"@id":"https:\/\/www.apfelpatient.de\/rumors\/ipad-mini-6-so-soll-das-geraet-aussehen"},"wordCount":276,"publisher":{"@type":"Organization","@id":"https:\/\/www.apfelpatient.de\/en\/#organization","name":"Apfelpatient","url":"https:\/\/www.apfelpatient.de\/en\/"},"image":{"@id":"https:\/\/www.apfelpatient.de\/rumors\/ipad-mini-6-so-soll-das-geraet-aussehen#primaryimage"},"thumbnailUrl":"https:\/\/www.apfelpatient.de\/wp-content\/uploads\/2021\/06\/ipad-mini-6.jpg","keywords":["iPad","iPad mini"],"articleSection":"Rumors","inLanguage":"en-US","copyrightYear":"2021","copyrightHolder":{"@id":"https:\/\/www.apfelpatient.de\/en\/#organization"}},{"@type":"WebPage","@id":"https:\/\/www.apfelpatient.de\/rumors\/ipad-mini-6-so-soll-das-geraet-aussehen","url":"https:\/\/www.apfelpatient.de\/rumors\/ipad-mini-6-so-soll-das-geraet-aussehen","name":"iPad mini 6: This is what the device should look like Apfelpatient","isPartOf":{"@id":"https:\/\/www.apfelpatient.de\/#website"},"primaryImageOfPage":{"@id":"https:\/\/www.apfelpatient.de\/rumors\/ipad-mini-6-so-soll-das-geraet-aussehen#primaryimage"},"image":{"@id":"https:\/\/www.apfelpatient.de\/rumors\/ipad-mini-6-so-soll-das-geraet-aussehen#primaryimage"},"thumbnailUrl":"https:\/\/www.apfelpatient.de\/wp-content\/uploads\/2021\/06\/ipad-mini-6.jpg","datePublished":"2021-06-11T22:06:46+00:00","dateModified":"2021-06-11T22:07:20+00:00","description":"iPad mini 6: Bloomberg recently reported on Apple&#039;s upcoming iPad series. Now images based on prototypes have been presented.","breadcrumb":{"@id":"https:\/\/www.apfelpatient.de\/rumors\/ipad-mini-6-so-soll-das-geraet-aussehen#breadcrumb"},"inLanguage":"en-US","potentialAction":[{"@type":"ReadAction","target":["https:\/\/www.apfelpatient.de\/rumors\/ipad-mini-6-so-soll-das-geraet-aussehen"]}]},{"@type":"ImageObject","inLanguage":"en-US","@id":"https:\/\/www.apfelpatient.de\/rumors\/ipad-mini-6-so-soll-das-geraet-aussehen#primaryimage","url":"https:\/\/www.apfelpatient.de\/wp-content\/uploads\/2021\/06\/ipad-mini-6.jpg","contentUrl":"https:\/\/www.apfelpatient.de\/wp-content\/uploads\/2021\/06\/ipad-mini-6.jpg","width":1600,"height":900,"caption":"Bild: Jon Prosser x Rendersbyan - Apple iPad mini 6"},{"@type":"BreadcrumbList","@id":"https:\/\/www.apfelpatient.de\/rumors\/ipad-mini-6-so-soll-das-geraet-aussehen#breadcrumb","itemListElement":[{"@type":"ListItem","position":1,"name":"Startseite","item":"https:\/\/www.apfelpatient.de\/"},{"@type":"ListItem","position":2,"name":"iPad mini 6: So soll das Ger\u00e4t aussehen"}]},{"@type":"WebSite","@id":"https:\/\/www.apfelpatient.de\/#website","url":"https:\/\/www.apfelpatient.de\/","name":"apple patient","description":"Everything about Apple!","publisher":{"@type":"Organization","@id":"https:\/\/www.apfelpatient.de\/en\/#organization","name":"Apfelpatient","url":"https:\/\/www.apfelpatient.de\/en\/"},"alternateName":"Apfelpatient","potentialAction":[{"@type":"SearchAction","target":{"@type":"EntryPoint","urlTemplate":"https:\/\/www.apfelpatient.de\/?s={search_term_string}"},"query-input":{"@type":"PropertyValueSpecification","valueRequired":true,"valueName":"search_term_string"}}],"inLanguage":"en-US"},{"@type":["Person","Organization"],"@id":"https:\/\/www.apfelpatient.de\/#\/schema\/person\/7dc56ad6c8e9824b76d2c08d4c140e13","name":"Milan","logo":{"@id":"https:\/\/www.apfelpatient.de\/#\/schema\/person\/image\/"},"description":"Hello and welcome to my technology blog! As a big Apple fan, I report on everything to do with Apple: from the latest news and exciting rumors to helpful tips and tricks and detailed product tests. If you are as enthusiastic about technology as I am, you have come to the right place!","sameAs":["https:\/\/www.facebook.com\/apfelpatientOfficial","https:\/\/www.linkedin.com\/in\/milan-jovicic-42aa0231b"],"url":"https:\/\/www.apfelpatient.de\/en\/author\/apfeladmin"}]}},"_links":{"self":[{"href":"https:\/\/www.apfelpatient.de\/en\/wp-json\/wp\/v2\/posts\/23553","targetHints":{"allow":["GET"]}}],"collection":[{"href":"https:\/\/www.apfelpatient.de\/en\/wp-json\/wp\/v2\/posts"}],"about":[{"href":"https:\/\/www.apfelpatient.de\/en\/wp-json\/wp\/v2\/types\/post"}],"author":[{"embeddable":true,"href":"https:\/\/www.apfelpatient.de\/en\/wp-json\/wp\/v2\/users\/2"}],"replies":[{"embeddable":true,"href":"https:\/\/www.apfelpatient.de\/en\/wp-json\/wp\/v2\/comments?post=23553"}],"version-history":[{"count":0,"href":"https:\/\/www.apfelpatient.de\/en\/wp-json\/wp\/v2\/posts\/23553\/revisions"}],"wp:featuredmedia":[{"embeddable":true,"href":"https:\/\/www.apfelpatient.de\/en\/wp-json\/wp\/v2\/media\/23546"}],"wp:attachment":[{"href":"https:\/\/www.apfelpatient.de\/en\/wp-json\/wp\/v2\/media?parent=23553"}],"wp:term":[{"taxonomy":"category","embeddable":true,"href":"https:\/\/www.apfelpatient.de\/en\/wp-json\/wp\/v2\/categories?post=23553"},{"taxonomy":"post_tag","embeddable":true,"href":"https:\/\/www.apfelpatient.de\/en\/wp-json\/wp\/v2\/tags?post=23553"}],"curies":[{"name":"wp","href":"https:\/\/api.w.org\/{rel}","templated":true}]}}