{"id":23437,"date":"2021-06-09T17:15:53","date_gmt":"2021-06-09T15:15:53","guid":{"rendered":"https:\/\/www.apfelpatient.de\/?p=23437"},"modified":"2021-06-09T17:15:54","modified_gmt":"2021-06-09T15:15:54","slug":"wwdc-youtube-video-reveals-m1x-macbook-pro","status":"publish","type":"post","link":"https:\/\/www.apfelpatient.de\/en\/news\/wwdc-youtube-video-enthuellt-m1x-macbook-pro","title":{"rendered":"WWDC Youtube video reveals \u201cM1X MacBook Pro\u201d"},"content":{"rendered":"<p class=\"has-drop-cap\"><strong>Before WWDC, there were rumors, mainly driven by leaker Jon Prosser, that Apple would announce redesigned 14- and 16-inch MacBook Pro models during the keynote. However, these rumors have not come to fruition.<\/strong><\/p>\n\n\n\n<p>Contrary to what Prosser and a handful of analysts claimed, this year&#039;s WWDC keynote remained a software-only event. Interestingly, however, Apple lists &quot;M1X MacBook Pro&quot; as the tag for the WWDC keynote that was uploaded to YouTube. The tag, which was first spotted by Apple YouTuber Max Balzer on Twitter <a href=\"https:\/\/twitter.com\/maxbalzer_\/status\/1402626084265500679\" target=\"_blank\" rel=\"noreferrer noopener\">discovered<\/a> is among the other tags Apple added to the video, including iOS 15, M1X, iOS, Developer Conference, and more. Apple released the M1 silicon chip in November.<\/p>\n\n\n\n<figure class=\"wp-block-image size-large\"><img decoding=\"async\" width=\"1024\" height=\"578\" src=\"https:\/\/www.apfelpatient.de\/wp-content\/uploads\/2021\/06\/E3cgYnWXMAcWLgJ-1024x578.jpeg\" alt=\"M1X MacBook Pro\" class=\"wp-image-23440\" srcset=\"https:\/\/www.apfelpatient.de\/wp-content\/uploads\/2021\/06\/E3cgYnWXMAcWLgJ-1024x578.jpeg 1024w, https:\/\/www.apfelpatient.de\/wp-content\/uploads\/2021\/06\/E3cgYnWXMAcWLgJ-300x169.jpeg 300w, https:\/\/www.apfelpatient.de\/wp-content\/uploads\/2021\/06\/E3cgYnWXMAcWLgJ-768x434.jpeg 768w, https:\/\/www.apfelpatient.de\/wp-content\/uploads\/2021\/06\/E3cgYnWXMAcWLgJ-1536x867.jpeg 1536w, https:\/\/www.apfelpatient.de\/wp-content\/uploads\/2021\/06\/E3cgYnWXMAcWLgJ-750x423.jpeg 750w, https:\/\/www.apfelpatient.de\/wp-content\/uploads\/2021\/06\/E3cgYnWXMAcWLgJ-1140x644.jpeg 1140w, https:\/\/www.apfelpatient.de\/wp-content\/uploads\/2021\/06\/E3cgYnWXMAcWLgJ.jpeg 1704w\" sizes=\"(max-width: 1024px) 100vw, 1024px\" \/><\/figure>\n\n\n\n<h3 class=\"wp-block-heading\" id=\"h-hat-apple-die-ger-chtek-che-f-r-das-ranking-genutzt\">Did Apple use the rumor mill for the ranking?<\/h3>\n\n\n\n\n\n\n\n<p>Speculation has suggested that the next chip expected in the redesigned MacBook Pros will be called &quot;M1X.&quot; There are also reports that list the &quot;M2.&quot; Be that as it may, the inclusion of the tag could indicate that Apple is indeed planning to call the upcoming processor &quot;M1X.&quot; The notebooks are expected to have a new design with a flatter top and bottom and more ports, including the return of an HDMI port, SD card slot, and magnetic power cable. Rumors also suggest that the Touch Bar will be retired in favor of physical Fn keys. In line with the new iPad Pro, a MiniLED backlight would enable higher brightness and improved contrast ratio on the new MacBook Pro models. (Photo by Unsplash \/ Dhaval Parmar)<\/p>\n\n\n\n<ul class=\"wp-block-list\"><li><a href=\"https:\/\/www.apfelpatient.de\/en\/news\/xcode-13-beta-hints-at-mac-pro-update\">Xcode 13 Beta hints at Mac Pro update<\/a><\/li><\/ul>\n\n\n\n<h6 class=\"wp-block-heading translation-block\" id=\"h-kennt-ihr-schon-unsere-amazon-storefront-dort-findet-ihr-eine-handverlesene-auswahl-von-diversen-produkten-f-r-euer-iphone-und-co-viel-spa-beim-st-bern\"><em>Have you already visited our Amazon Storefront? There you&#039;ll find a hand-picked selection of various products for your iPhone and other devices \u2013 <span class=\"has-inline-color has-vivid-red-color\"><a href=\"https:\/\/www.amazon.de\/shop\/apfelpatientofficial\" class=\"ek-link\" data-wpel-link=\"exclude\" rel=\"follow noopener\" target=\"_self\"><span style=\"text-decoration: underline\" class=\"ek-underline\">enjoy browsing<\/span><\/a> !<\/span><\/em><\/h6>\n\n\n\n<h6 class=\"wp-block-heading translation-block\" id=\"h-der-beitrag-enthalt-partnerlinks\">This post contains <a data-type=\"URL\" data-id=\"https:\/\/www.apfelpatient.de\/partnerprogramm\" href=\"https:\/\/www.apfelpatient.de\/en\/partner-program\" data-wpel-link=\"internal\" target=\"_self\">affiliate links<\/a>.<\/h6>","protected":false},"excerpt":{"rendered":"<p>M1X MacBook Pro: Contrary to what Prosser and some analysts claimed, this year&#039;s WWDC keynote remained a pure software event.<\/p>","protected":false},"author":2,"featured_media":23439,"comment_status":"closed","ping_status":"closed","sticky":false,"template":"","format":"standard","meta":{"jnews-multi-image_gallery":[],"jnews_single_post":{"subtitle":"","format":"standard","video":"","gallery":"","source_name":"","source_url":"","via_name":"","via_url":"","override":[{"single_blog_custom":"","sidebar":"","second_sidebar":"","share_position":"","share_float_style":"","post_date_format":"","post_date_format_custom":"","post_reading_time_wpm":"","zoom_button_out_step":"1","zoom_button_in_step":"1","number_popup_post":"1"}],"image_override":[{"single_post_thumbnail_size":"","single_post_gallery_size":""}],"trending_post_position":"","trending_post_label":"","sponsored_post_label":"","sponsored_post_name":"","sponsored_post_url":"","sponsored_post_logo":"","sponsored_post_desc":""},"jnews_primary_category":{"id":"9"},"footnotes":""},"categories":[9],"tags":[40,203,618],"class_list":["post-23437","post","type-post","status-publish","format-standard","has-post-thumbnail","hentry","category-news","tag-mac","tag-wwdc","tag-wwdc-2021"],"yoast_head":"<!-- This site is optimized with the Yoast SEO Premium plugin v27.5 (Yoast SEO v27.5) - https:\/\/yoast.com\/product\/yoast-seo-premium-wordpress\/ -->\n<title>WWDC Youtube Video enth\u00fcllt &quot;M1X MacBook Pro&quot; Apfelpatient<\/title>\n<meta name=\"description\" content=\"M1X MacBook Pro: Anders als von Prosser und einigen Analysten behauptet, blieb die diesj\u00e4hrige WWDC-Keynote eine reine Software-Veranstaltung.\" \/>\n<meta name=\"robots\" content=\"index, follow, max-snippet:-1, max-image-preview:large, max-video-preview:-1\" \/>\n<link rel=\"canonical\" href=\"https:\/\/www.apfelpatient.de\/en\/news\/wwdc-youtube-video-reveals-m1x-macbook-pro\" \/>\n<meta property=\"og:locale\" content=\"en_US\" \/>\n<meta property=\"og:type\" content=\"article\" \/>\n<meta property=\"og:title\" content=\"WWDC Youtube Video enth\u00fcllt &quot;M1X MacBook Pro&quot;\" \/>\n<meta property=\"og:description\" content=\"M1X MacBook Pro: Anders als von Prosser und einigen Analysten behauptet, blieb die diesj\u00e4hrige WWDC-Keynote eine reine Software-Veranstaltung.\" \/>\n<meta property=\"og:url\" content=\"https:\/\/www.apfelpatient.de\/en\/news\/wwdc-youtube-video-reveals-m1x-macbook-pro\" \/>\n<meta property=\"og:site_name\" content=\"Apfelpatient\" \/>\n<meta property=\"article:publisher\" content=\"https:\/\/www.facebook.com\/apfelpatientOfficial\" \/>\n<meta property=\"article:author\" content=\"https:\/\/www.facebook.com\/apfelpatientOfficial\" \/>\n<meta property=\"article:published_time\" content=\"2021-06-09T15:15:53+00:00\" \/>\n<meta property=\"article:modified_time\" content=\"2021-06-09T15:15:54+00:00\" \/>\n<meta property=\"og:image\" content=\"https:\/\/www.apfelpatient.de\/wp-content\/uploads\/2021\/06\/dhaval-parmar-dnPniNPUe4o-unsplash.jpg\" \/>\n\t<meta property=\"og:image:width\" content=\"1600\" \/>\n\t<meta property=\"og:image:height\" content=\"1067\" \/>\n\t<meta property=\"og:image:type\" content=\"image\/jpeg\" \/>\n<meta name=\"author\" content=\"Milan\" \/>\n<meta name=\"twitter:card\" content=\"summary_large_image\" \/>\n<meta name=\"twitter:description\" content=\"M1X MacBook Pro: Anders als von Prosser und einigen Analysten behauptet, blieb die diesj\u00e4hrige WWDC-Keynote eine reine Software-Veranstaltung.\" \/>\n<meta name=\"twitter:label1\" content=\"Written by\" \/>\n\t<meta name=\"twitter:data1\" content=\"Milan\" \/>\n\t<meta name=\"twitter:label2\" content=\"Est. reading time\" \/>\n\t<meta name=\"twitter:data2\" content=\"2 minutes\" \/>\n<script type=\"application\/ld+json\" class=\"yoast-schema-graph\">{\"@context\":\"https:\\\/\\\/schema.org\",\"@graph\":[{\"@type\":\"NewsArticle\",\"@id\":\"https:\\\/\\\/www.apfelpatient.de\\\/news\\\/wwdc-youtube-video-enthuellt-m1x-macbook-pro#article\",\"isPartOf\":{\"@id\":\"https:\\\/\\\/www.apfelpatient.de\\\/news\\\/wwdc-youtube-video-enthuellt-m1x-macbook-pro\"},\"author\":{\"@type\":\"Organization\",\"@id\":\"https:\\\/\\\/www.apfelpatient.de\\\/en\\\/#organization\",\"name\":\"Apfelpatient\",\"url\":\"https:\\\/\\\/www.apfelpatient.de\\\/en\\\/\"},\"headline\":\"WWDC Youtube Video enth\u00fcllt &#8222;M1X MacBook Pro&#8220;\",\"datePublished\":\"2021-06-09T15:15:53+00:00\",\"dateModified\":\"2021-06-09T15:15:54+00:00\",\"mainEntityOfPage\":{\"@id\":\"https:\\\/\\\/www.apfelpatient.de\\\/news\\\/wwdc-youtube-video-enthuellt-m1x-macbook-pro\"},\"wordCount\":290,\"publisher\":{\"@type\":\"Organization\",\"@id\":\"https:\\\/\\\/www.apfelpatient.de\\\/en\\\/#organization\",\"name\":\"Apfelpatient\",\"url\":\"https:\\\/\\\/www.apfelpatient.de\\\/en\\\/\"},\"image\":{\"@id\":\"https:\\\/\\\/www.apfelpatient.de\\\/news\\\/wwdc-youtube-video-enthuellt-m1x-macbook-pro#primaryimage\"},\"thumbnailUrl\":\"https:\\\/\\\/www.apfelpatient.de\\\/wp-content\\\/uploads\\\/2021\\\/06\\\/dhaval-parmar-dnPniNPUe4o-unsplash.jpg\",\"keywords\":[\"Mac\",\"WWDC\",\"WWDC 2021\"],\"articleSection\":\"News\",\"inLanguage\":\"en-US\",\"copyrightYear\":\"2021\",\"copyrightHolder\":{\"@id\":\"https:\\\/\\\/www.apfelpatient.de\\\/en\\\/#organization\"}},{\"@type\":\"WebPage\",\"@id\":\"https:\\\/\\\/www.apfelpatient.de\\\/news\\\/wwdc-youtube-video-enthuellt-m1x-macbook-pro\",\"url\":\"https:\\\/\\\/www.apfelpatient.de\\\/news\\\/wwdc-youtube-video-enthuellt-m1x-macbook-pro\",\"name\":\"WWDC Youtube Video enth\u00fcllt \\\"M1X MacBook Pro\\\" Apfelpatient\",\"isPartOf\":{\"@id\":\"https:\\\/\\\/www.apfelpatient.de\\\/#website\"},\"primaryImageOfPage\":{\"@id\":\"https:\\\/\\\/www.apfelpatient.de\\\/news\\\/wwdc-youtube-video-enthuellt-m1x-macbook-pro#primaryimage\"},\"image\":{\"@id\":\"https:\\\/\\\/www.apfelpatient.de\\\/news\\\/wwdc-youtube-video-enthuellt-m1x-macbook-pro#primaryimage\"},\"thumbnailUrl\":\"https:\\\/\\\/www.apfelpatient.de\\\/wp-content\\\/uploads\\\/2021\\\/06\\\/dhaval-parmar-dnPniNPUe4o-unsplash.jpg\",\"datePublished\":\"2021-06-09T15:15:53+00:00\",\"dateModified\":\"2021-06-09T15:15:54+00:00\",\"description\":\"M1X MacBook Pro: Anders als von Prosser und einigen Analysten behauptet, blieb die diesj\u00e4hrige WWDC-Keynote eine reine Software-Veranstaltung.\",\"breadcrumb\":{\"@id\":\"https:\\\/\\\/www.apfelpatient.de\\\/news\\\/wwdc-youtube-video-enthuellt-m1x-macbook-pro#breadcrumb\"},\"inLanguage\":\"en-US\",\"potentialAction\":[{\"@type\":\"ReadAction\",\"target\":[\"https:\\\/\\\/www.apfelpatient.de\\\/news\\\/wwdc-youtube-video-enthuellt-m1x-macbook-pro\"]}]},{\"@type\":\"ImageObject\",\"inLanguage\":\"en-US\",\"@id\":\"https:\\\/\\\/www.apfelpatient.de\\\/news\\\/wwdc-youtube-video-enthuellt-m1x-macbook-pro#primaryimage\",\"url\":\"https:\\\/\\\/www.apfelpatient.de\\\/wp-content\\\/uploads\\\/2021\\\/06\\\/dhaval-parmar-dnPniNPUe4o-unsplash.jpg\",\"contentUrl\":\"https:\\\/\\\/www.apfelpatient.de\\\/wp-content\\\/uploads\\\/2021\\\/06\\\/dhaval-parmar-dnPniNPUe4o-unsplash.jpg\",\"width\":1600,\"height\":1067,\"caption\":\"Photo by Unsplash \\\/ Dhaval Parmar\"},{\"@type\":\"BreadcrumbList\",\"@id\":\"https:\\\/\\\/www.apfelpatient.de\\\/news\\\/wwdc-youtube-video-enthuellt-m1x-macbook-pro#breadcrumb\",\"itemListElement\":[{\"@type\":\"ListItem\",\"position\":1,\"name\":\"Startseite\",\"item\":\"https:\\\/\\\/www.apfelpatient.de\\\/\"},{\"@type\":\"ListItem\",\"position\":2,\"name\":\"WWDC Youtube Video enth\u00fcllt &#8222;M1X MacBook Pro&#8220;\"}]},{\"@type\":\"WebSite\",\"@id\":\"https:\\\/\\\/www.apfelpatient.de\\\/#website\",\"url\":\"https:\\\/\\\/www.apfelpatient.de\\\/\",\"name\":\"Apfelpatient\",\"description\":\"Alles rund um Apple!\",\"publisher\":{\"@type\":\"Organization\",\"@id\":\"https:\\\/\\\/www.apfelpatient.de\\\/en\\\/#organization\",\"name\":\"Apfelpatient\",\"url\":\"https:\\\/\\\/www.apfelpatient.de\\\/en\\\/\"},\"alternateName\":\"Apfelpatient\",\"potentialAction\":[{\"@type\":\"SearchAction\",\"target\":{\"@type\":\"EntryPoint\",\"urlTemplate\":\"https:\\\/\\\/www.apfelpatient.de\\\/?s={search_term_string}\"},\"query-input\":{\"@type\":\"PropertyValueSpecification\",\"valueRequired\":true,\"valueName\":\"search_term_string\"}}],\"inLanguage\":\"en-US\"},{\"@type\":[\"Person\",\"Organization\"],\"@id\":\"https:\\\/\\\/www.apfelpatient.de\\\/#\\\/schema\\\/person\\\/7dc56ad6c8e9824b76d2c08d4c140e13\",\"name\":\"Milan\",\"logo\":{\"@id\":\"https:\\\/\\\/www.apfelpatient.de\\\/#\\\/schema\\\/person\\\/image\\\/\"},\"description\":\"Hallo und herzlich willkommen auf meinem Technik-Blog! Als gro\u00dfer Apple-Fan berichte ich hier \u00fcber alles, was mit Apple zu tun hat: von den neuesten News und spannenden Ger\u00fcchten \u00fcber hilfreiche Tipps und Tricks bis hin zu ausf\u00fchrlichen Produkttests. Wenn du genauso technikbegeistert bist wie ich, bist du hier genau richtig!\",\"sameAs\":[\"https:\\\/\\\/www.facebook.com\\\/apfelpatientOfficial\",\"https:\\\/\\\/www.linkedin.com\\\/in\\\/milan-jovicic-42aa0231b\"],\"url\":\"https:\\\/\\\/www.apfelpatient.de\\\/en\\\/author\\\/apfeladmin\"}]}<\/script>\n<!-- \/ Yoast SEO Premium plugin. -->","yoast_head_json":{"title":"WWDC Youtube Video Reveals &quot;M1X MacBook Pro&quot; Apfelpatient","description":"M1X MacBook Pro: Contrary to what Prosser and some analysts claimed, this year&#039;s WWDC keynote remained a pure software event.","robots":{"index":"index","follow":"follow","max-snippet":"max-snippet:-1","max-image-preview":"max-image-preview:large","max-video-preview":"max-video-preview:-1"},"canonical":"https:\/\/www.apfelpatient.de\/en\/news\/wwdc-youtube-video-reveals-m1x-macbook-pro","og_locale":"en_US","og_type":"article","og_title":"WWDC Youtube Video enth\u00fcllt \"M1X MacBook Pro\"","og_description":"M1X MacBook Pro: Anders als von Prosser und einigen Analysten behauptet, blieb die diesj\u00e4hrige WWDC-Keynote eine reine Software-Veranstaltung.","og_url":"https:\/\/www.apfelpatient.de\/en\/news\/wwdc-youtube-video-reveals-m1x-macbook-pro","og_site_name":"Apfelpatient","article_publisher":"https:\/\/www.facebook.com\/apfelpatientOfficial","article_author":"https:\/\/www.facebook.com\/apfelpatientOfficial","article_published_time":"2021-06-09T15:15:53+00:00","article_modified_time":"2021-06-09T15:15:54+00:00","og_image":[{"width":1600,"height":1067,"url":"https:\/\/www.apfelpatient.de\/wp-content\/uploads\/2021\/06\/dhaval-parmar-dnPniNPUe4o-unsplash.jpg","type":"image\/jpeg"}],"author":"Milan","twitter_card":"summary_large_image","twitter_description":"M1X MacBook Pro: Anders als von Prosser und einigen Analysten behauptet, blieb die diesj\u00e4hrige WWDC-Keynote eine reine Software-Veranstaltung.","twitter_misc":{"Written by":"Milan","Est. reading time":"2 minutes"},"schema":{"@context":"https:\/\/schema.org","@graph":[{"@type":"NewsArticle","@id":"https:\/\/www.apfelpatient.de\/news\/wwdc-youtube-video-enthuellt-m1x-macbook-pro#article","isPartOf":{"@id":"https:\/\/www.apfelpatient.de\/news\/wwdc-youtube-video-enthuellt-m1x-macbook-pro"},"author":{"@type":"Organization","@id":"https:\/\/www.apfelpatient.de\/en\/#organization","name":"Apfelpatient","url":"https:\/\/www.apfelpatient.de\/en\/"},"headline":"WWDC Youtube Video enth\u00fcllt &#8222;M1X MacBook Pro&#8220;","datePublished":"2021-06-09T15:15:53+00:00","dateModified":"2021-06-09T15:15:54+00:00","mainEntityOfPage":{"@id":"https:\/\/www.apfelpatient.de\/news\/wwdc-youtube-video-enthuellt-m1x-macbook-pro"},"wordCount":290,"publisher":{"@type":"Organization","@id":"https:\/\/www.apfelpatient.de\/en\/#organization","name":"Apfelpatient","url":"https:\/\/www.apfelpatient.de\/en\/"},"image":{"@id":"https:\/\/www.apfelpatient.de\/news\/wwdc-youtube-video-enthuellt-m1x-macbook-pro#primaryimage"},"thumbnailUrl":"https:\/\/www.apfelpatient.de\/wp-content\/uploads\/2021\/06\/dhaval-parmar-dnPniNPUe4o-unsplash.jpg","keywords":["Mac","WWDC","WWDC 2021"],"articleSection":"News","inLanguage":"en-US","copyrightYear":"2021","copyrightHolder":{"@id":"https:\/\/www.apfelpatient.de\/en\/#organization"}},{"@type":"WebPage","@id":"https:\/\/www.apfelpatient.de\/news\/wwdc-youtube-video-enthuellt-m1x-macbook-pro","url":"https:\/\/www.apfelpatient.de\/news\/wwdc-youtube-video-enthuellt-m1x-macbook-pro","name":"WWDC Youtube Video Reveals &quot;M1X MacBook Pro&quot; Apfelpatient","isPartOf":{"@id":"https:\/\/www.apfelpatient.de\/#website"},"primaryImageOfPage":{"@id":"https:\/\/www.apfelpatient.de\/news\/wwdc-youtube-video-enthuellt-m1x-macbook-pro#primaryimage"},"image":{"@id":"https:\/\/www.apfelpatient.de\/news\/wwdc-youtube-video-enthuellt-m1x-macbook-pro#primaryimage"},"thumbnailUrl":"https:\/\/www.apfelpatient.de\/wp-content\/uploads\/2021\/06\/dhaval-parmar-dnPniNPUe4o-unsplash.jpg","datePublished":"2021-06-09T15:15:53+00:00","dateModified":"2021-06-09T15:15:54+00:00","description":"M1X MacBook Pro: Contrary to what Prosser and some analysts claimed, this year&#039;s WWDC keynote remained a pure software event.","breadcrumb":{"@id":"https:\/\/www.apfelpatient.de\/news\/wwdc-youtube-video-enthuellt-m1x-macbook-pro#breadcrumb"},"inLanguage":"en-US","potentialAction":[{"@type":"ReadAction","target":["https:\/\/www.apfelpatient.de\/news\/wwdc-youtube-video-enthuellt-m1x-macbook-pro"]}]},{"@type":"ImageObject","inLanguage":"en-US","@id":"https:\/\/www.apfelpatient.de\/news\/wwdc-youtube-video-enthuellt-m1x-macbook-pro#primaryimage","url":"https:\/\/www.apfelpatient.de\/wp-content\/uploads\/2021\/06\/dhaval-parmar-dnPniNPUe4o-unsplash.jpg","contentUrl":"https:\/\/www.apfelpatient.de\/wp-content\/uploads\/2021\/06\/dhaval-parmar-dnPniNPUe4o-unsplash.jpg","width":1600,"height":1067,"caption":"Photo by Unsplash \/ Dhaval Parmar"},{"@type":"BreadcrumbList","@id":"https:\/\/www.apfelpatient.de\/news\/wwdc-youtube-video-enthuellt-m1x-macbook-pro#breadcrumb","itemListElement":[{"@type":"ListItem","position":1,"name":"Startseite","item":"https:\/\/www.apfelpatient.de\/"},{"@type":"ListItem","position":2,"name":"WWDC Youtube Video enth\u00fcllt &#8222;M1X MacBook Pro&#8220;"}]},{"@type":"WebSite","@id":"https:\/\/www.apfelpatient.de\/#website","url":"https:\/\/www.apfelpatient.de\/","name":"apple patient","description":"Everything about Apple!","publisher":{"@type":"Organization","@id":"https:\/\/www.apfelpatient.de\/en\/#organization","name":"Apfelpatient","url":"https:\/\/www.apfelpatient.de\/en\/"},"alternateName":"Apfelpatient","potentialAction":[{"@type":"SearchAction","target":{"@type":"EntryPoint","urlTemplate":"https:\/\/www.apfelpatient.de\/?s={search_term_string}"},"query-input":{"@type":"PropertyValueSpecification","valueRequired":true,"valueName":"search_term_string"}}],"inLanguage":"en-US"},{"@type":["Person","Organization"],"@id":"https:\/\/www.apfelpatient.de\/#\/schema\/person\/7dc56ad6c8e9824b76d2c08d4c140e13","name":"Milan","logo":{"@id":"https:\/\/www.apfelpatient.de\/#\/schema\/person\/image\/"},"description":"Hello and welcome to my technology blog! As a big Apple fan, I report on everything to do with Apple: from the latest news and exciting rumors to helpful tips and tricks and detailed product tests. If you are as enthusiastic about technology as I am, you have come to the right place!","sameAs":["https:\/\/www.facebook.com\/apfelpatientOfficial","https:\/\/www.linkedin.com\/in\/milan-jovicic-42aa0231b"],"url":"https:\/\/www.apfelpatient.de\/en\/author\/apfeladmin"}]}},"_links":{"self":[{"href":"https:\/\/www.apfelpatient.de\/en\/wp-json\/wp\/v2\/posts\/23437","targetHints":{"allow":["GET"]}}],"collection":[{"href":"https:\/\/www.apfelpatient.de\/en\/wp-json\/wp\/v2\/posts"}],"about":[{"href":"https:\/\/www.apfelpatient.de\/en\/wp-json\/wp\/v2\/types\/post"}],"author":[{"embeddable":true,"href":"https:\/\/www.apfelpatient.de\/en\/wp-json\/wp\/v2\/users\/2"}],"replies":[{"embeddable":true,"href":"https:\/\/www.apfelpatient.de\/en\/wp-json\/wp\/v2\/comments?post=23437"}],"version-history":[{"count":0,"href":"https:\/\/www.apfelpatient.de\/en\/wp-json\/wp\/v2\/posts\/23437\/revisions"}],"wp:featuredmedia":[{"embeddable":true,"href":"https:\/\/www.apfelpatient.de\/en\/wp-json\/wp\/v2\/media\/23439"}],"wp:attachment":[{"href":"https:\/\/www.apfelpatient.de\/en\/wp-json\/wp\/v2\/media?parent=23437"}],"wp:term":[{"taxonomy":"category","embeddable":true,"href":"https:\/\/www.apfelpatient.de\/en\/wp-json\/wp\/v2\/categories?post=23437"},{"taxonomy":"post_tag","embeddable":true,"href":"https:\/\/www.apfelpatient.de\/en\/wp-json\/wp\/v2\/tags?post=23437"}],"curies":[{"name":"wp","href":"https:\/\/api.w.org\/{rel}","templated":true}]}}