{"id":23387,"date":"2021-06-08T21:00:00","date_gmt":"2021-06-08T19:00:00","guid":{"rendered":"https:\/\/www.apfelpatient.de\/?p=23387"},"modified":"2021-06-08T23:29:26","modified_gmt":"2021-06-08T21:29:26","slug":"xcode-13-beta-hints-at-mac-pro-update","status":"publish","type":"post","link":"https:\/\/www.apfelpatient.de\/en\/news\/xcode-13-beta-deutet-mac-pro-update-an","title":{"rendered":"Xcode 13 Beta hints at Mac Pro update"},"content":{"rendered":"<p class=\"has-drop-cap\"><strong>New Intel chips suitable for an updated Mac Pro have now been spotted in the Xcode 13 beta. The discovery confirms previous reports about an update.<\/strong><\/p>\n\n\n\n<p>The chip data added to the Xcode 13 Beta (via <a href=\"https:\/\/www.macrumors.com\/2021\/06\/08\/intel-mac-pro-xcode-13\/\" target=\"_blank\" rel=\"noreferrer noopener\">MacRumors<\/a>), are for Intel&#039;s third generation Xeon Scalable processor, Ice Lake SP, which Intel announced back in April. According to Intel, the chip offers &quot;enhanced performance, security, efficiency, and built-in AI acceleration to handle IoT workloads and more powerful AI.&quot; Bloomberg reported in January that Apple is developing two versions of the new Mac Pro, one that is a direct successor to the 2019 Mac Pro and one that offers a smaller form factor that is about half the size. Apple is working to transition its entire Mac lineup to Apple silicon.<\/p>\n\n\n\n<h3 class=\"wp-block-heading\" id=\"h-neuer-mac-pro-k-nnte-das-letzte-intel-ger-t-werden\">New Mac Pro could be the last Intel device<\/h3>\n\n\n\n\n\n\n\n<p>The smaller Mac Pro is said to be equipped with Apple Silicon chips. One model will, however, be updated with an Intel processor. According to reports, some of the Apple Silicon high-end chips developed by Cupertino will have 20 or 40 processing cores with 64- or 128-core GPUs. However, it remains unclear whether these versions are already able to compete with Intel&#039;s Xeon processors for professional workloads. This Intel-based Mac Pro could be one of the last Intel devices, as Apple has already started converting the iMac, MacBook Pro, Mac mini and MacBook Air series to Apple Silicon. (Photo by hadrian \/ Bigstockphoto)<\/p>\n\n\n\n<ul class=\"wp-block-list\"><li><a href=\"https:\/\/www.apfelpatient.de\/en\/news\/24-imac-former-apple-cdo-jony-ive-helped-with-the-design\">24\u2033 iMac: Former Apple CDO Jony Ive helped with the design<\/a><\/li><\/ul>\n\n\n\n<h6 class=\"wp-block-heading translation-block\" id=\"h-kennt-ihr-schon-unsere-amazon-storefront-dort-findet-ihr-eine-handverlesene-auswahl-von-diversen-produkten-f-r-euer-iphone-und-co-viel-spa-beim-st-bern\"><em>Have you already visited our Amazon Storefront? There you&#039;ll find a hand-picked selection of various products for your iPhone and other devices \u2013 <span class=\"has-inline-color has-vivid-red-color\"><a href=\"https:\/\/www.amazon.de\/shop\/apfelpatientofficial\" class=\"ek-link\" data-wpel-link=\"exclude\" rel=\"follow noopener\" target=\"_self\"><span style=\"text-decoration: underline\" class=\"ek-underline\">enjoy browsing<\/span><\/a> !<\/span><\/em><\/h6>\n\n\n\n<h6 class=\"wp-block-heading translation-block\" id=\"h-der-beitrag-enthalt-partnerlinks\">This post contains <a data-type=\"URL\" data-id=\"https:\/\/www.apfelpatient.de\/partnerprogramm\" href=\"https:\/\/www.apfelpatient.de\/en\/partner-program\" data-wpel-link=\"internal\" target=\"_self\">affiliate links<\/a>.<\/h6>","protected":false},"excerpt":{"rendered":"<p>Discovery confirms rumors: New Intel chips suitable for an updated Mac Pro have now been spotted in the Xcode 13 beta.<\/p>","protected":false},"author":2,"featured_media":23389,"comment_status":"closed","ping_status":"closed","sticky":false,"template":"","format":"standard","meta":{"jnews-multi-image_gallery":[],"jnews_single_post":{"subtitle":"","format":"standard","video":"","gallery":"","source_name":"","source_url":"","via_name":"","via_url":"","override":[{"single_blog_custom":"","sidebar":"","second_sidebar":"","share_position":"","share_float_style":"","post_date_format":"","post_date_format_custom":"","post_reading_time_wpm":"","zoom_button_out_step":"1","zoom_button_in_step":"1","number_popup_post":"1"}],"image_override":[{"single_post_thumbnail_size":"","single_post_gallery_size":""}],"trending_post_position":"","trending_post_label":"","sponsored_post_label":"","sponsored_post_name":"","sponsored_post_url":"","sponsored_post_logo":"","sponsored_post_desc":""},"jnews_primary_category":{"id":"9"},"footnotes":""},"categories":[9],"tags":[40,122,639],"class_list":["post-23387","post","type-post","status-publish","format-standard","has-post-thumbnail","hentry","category-news","tag-mac","tag-xcode","tag-xcode-13"],"yoast_head":"<!-- This site is optimized with the Yoast SEO Premium plugin v27.5 (Yoast SEO v27.5) - https:\/\/yoast.com\/product\/yoast-seo-premium-wordpress\/ -->\n<title>Xcode 13 Beta deutet Mac Pro Update an Apfelpatient<\/title>\n<meta name=\"description\" content=\"Fund best\u00e4tigt Ger\u00fcchte: Neue Intel-Chips, die f\u00fcr einen aktualisierten Mac Pro geeignet sind, wurden nun in der Xcode 13 Beta gesichtet.\" \/>\n<meta name=\"robots\" content=\"index, follow, max-snippet:-1, max-image-preview:large, max-video-preview:-1\" \/>\n<link rel=\"canonical\" href=\"https:\/\/www.apfelpatient.de\/en\/news\/xcode-13-beta-hints-at-mac-pro-update\" \/>\n<meta property=\"og:locale\" content=\"en_US\" \/>\n<meta property=\"og:type\" content=\"article\" \/>\n<meta property=\"og:title\" content=\"Xcode 13 Beta deutet Mac Pro Update an\" \/>\n<meta property=\"og:description\" content=\"Fund best\u00e4tigt Ger\u00fcchte: Neue Intel-Chips, die f\u00fcr einen aktualisierten Mac Pro geeignet sind, wurden nun in der Xcode 13 Beta gesichtet.\" \/>\n<meta property=\"og:url\" content=\"https:\/\/www.apfelpatient.de\/en\/news\/xcode-13-beta-hints-at-mac-pro-update\" \/>\n<meta property=\"og:site_name\" content=\"Apfelpatient\" \/>\n<meta property=\"article:publisher\" content=\"https:\/\/www.facebook.com\/apfelpatientOfficial\" \/>\n<meta property=\"article:author\" content=\"https:\/\/www.facebook.com\/apfelpatientOfficial\" \/>\n<meta property=\"article:published_time\" content=\"2021-06-08T19:00:00+00:00\" \/>\n<meta property=\"article:modified_time\" content=\"2021-06-08T21:29:26+00:00\" \/>\n<meta property=\"og:image\" content=\"https:\/\/www.apfelpatient.de\/wp-content\/uploads\/2021\/06\/bigstock-Paris-France-Oct-391201025.jpg\" \/>\n\t<meta property=\"og:image:width\" content=\"1600\" \/>\n\t<meta property=\"og:image:height\" content=\"1200\" \/>\n\t<meta property=\"og:image:type\" content=\"image\/jpeg\" \/>\n<meta name=\"author\" content=\"Milan\" \/>\n<meta name=\"twitter:card\" content=\"summary_large_image\" \/>\n<meta name=\"twitter:description\" content=\"Fund best\u00e4tigt Ger\u00fcchte: Neue Intel-Chips, die f\u00fcr einen aktualisierten Mac Pro geeignet sind, wurden nun in der Xcode 13 Beta gesichtet.\" \/>\n<meta name=\"twitter:label1\" content=\"Written by\" \/>\n\t<meta name=\"twitter:data1\" content=\"Milan\" \/>\n\t<meta name=\"twitter:label2\" content=\"Est. reading time\" \/>\n\t<meta name=\"twitter:data2\" content=\"2 minutes\" \/>\n<script type=\"application\/ld+json\" class=\"yoast-schema-graph\">{\"@context\":\"https:\\\/\\\/schema.org\",\"@graph\":[{\"@type\":\"NewsArticle\",\"@id\":\"https:\\\/\\\/www.apfelpatient.de\\\/news\\\/xcode-13-beta-deutet-mac-pro-update-an#article\",\"isPartOf\":{\"@id\":\"https:\\\/\\\/www.apfelpatient.de\\\/news\\\/xcode-13-beta-deutet-mac-pro-update-an\"},\"author\":{\"@type\":\"Organization\",\"@id\":\"https:\\\/\\\/www.apfelpatient.de\\\/en\\\/#organization\",\"name\":\"Apfelpatient\",\"url\":\"https:\\\/\\\/www.apfelpatient.de\\\/en\\\/\"},\"headline\":\"Xcode 13 Beta deutet Mac Pro Update an\",\"datePublished\":\"2021-06-08T19:00:00+00:00\",\"dateModified\":\"2021-06-08T21:29:26+00:00\",\"mainEntityOfPage\":{\"@id\":\"https:\\\/\\\/www.apfelpatient.de\\\/news\\\/xcode-13-beta-deutet-mac-pro-update-an\"},\"wordCount\":247,\"publisher\":{\"@type\":\"Organization\",\"@id\":\"https:\\\/\\\/www.apfelpatient.de\\\/en\\\/#organization\",\"name\":\"Apfelpatient\",\"url\":\"https:\\\/\\\/www.apfelpatient.de\\\/en\\\/\"},\"image\":{\"@id\":\"https:\\\/\\\/www.apfelpatient.de\\\/news\\\/xcode-13-beta-deutet-mac-pro-update-an#primaryimage\"},\"thumbnailUrl\":\"https:\\\/\\\/www.apfelpatient.de\\\/wp-content\\\/uploads\\\/2021\\\/06\\\/bigstock-Paris-France-Oct-391201025.jpg\",\"keywords\":[\"Mac\",\"Xcode\",\"Xcode 13\"],\"articleSection\":\"News\",\"inLanguage\":\"en-US\",\"copyrightYear\":\"2021\",\"copyrightHolder\":{\"@id\":\"https:\\\/\\\/www.apfelpatient.de\\\/en\\\/#organization\"}},{\"@type\":\"WebPage\",\"@id\":\"https:\\\/\\\/www.apfelpatient.de\\\/news\\\/xcode-13-beta-deutet-mac-pro-update-an\",\"url\":\"https:\\\/\\\/www.apfelpatient.de\\\/news\\\/xcode-13-beta-deutet-mac-pro-update-an\",\"name\":\"Xcode 13 Beta deutet Mac Pro Update an Apfelpatient\",\"isPartOf\":{\"@id\":\"https:\\\/\\\/www.apfelpatient.de\\\/#website\"},\"primaryImageOfPage\":{\"@id\":\"https:\\\/\\\/www.apfelpatient.de\\\/news\\\/xcode-13-beta-deutet-mac-pro-update-an#primaryimage\"},\"image\":{\"@id\":\"https:\\\/\\\/www.apfelpatient.de\\\/news\\\/xcode-13-beta-deutet-mac-pro-update-an#primaryimage\"},\"thumbnailUrl\":\"https:\\\/\\\/www.apfelpatient.de\\\/wp-content\\\/uploads\\\/2021\\\/06\\\/bigstock-Paris-France-Oct-391201025.jpg\",\"datePublished\":\"2021-06-08T19:00:00+00:00\",\"dateModified\":\"2021-06-08T21:29:26+00:00\",\"description\":\"Fund best\u00e4tigt Ger\u00fcchte: Neue Intel-Chips, die f\u00fcr einen aktualisierten Mac Pro geeignet sind, wurden nun in der Xcode 13 Beta gesichtet.\",\"breadcrumb\":{\"@id\":\"https:\\\/\\\/www.apfelpatient.de\\\/news\\\/xcode-13-beta-deutet-mac-pro-update-an#breadcrumb\"},\"inLanguage\":\"en-US\",\"potentialAction\":[{\"@type\":\"ReadAction\",\"target\":[\"https:\\\/\\\/www.apfelpatient.de\\\/news\\\/xcode-13-beta-deutet-mac-pro-update-an\"]}]},{\"@type\":\"ImageObject\",\"inLanguage\":\"en-US\",\"@id\":\"https:\\\/\\\/www.apfelpatient.de\\\/news\\\/xcode-13-beta-deutet-mac-pro-update-an#primaryimage\",\"url\":\"https:\\\/\\\/www.apfelpatient.de\\\/wp-content\\\/uploads\\\/2021\\\/06\\\/bigstock-Paris-France-Oct-391201025.jpg\",\"contentUrl\":\"https:\\\/\\\/www.apfelpatient.de\\\/wp-content\\\/uploads\\\/2021\\\/06\\\/bigstock-Paris-France-Oct-391201025.jpg\",\"width\":1600,\"height\":1200,\"caption\":\"Paris, France - Oct 23, 2020: Side view of new Apple Computers Mac Pro Xeom workstation air ducts holes - close-up macro\"},{\"@type\":\"BreadcrumbList\",\"@id\":\"https:\\\/\\\/www.apfelpatient.de\\\/news\\\/xcode-13-beta-deutet-mac-pro-update-an#breadcrumb\",\"itemListElement\":[{\"@type\":\"ListItem\",\"position\":1,\"name\":\"Startseite\",\"item\":\"https:\\\/\\\/www.apfelpatient.de\\\/\"},{\"@type\":\"ListItem\",\"position\":2,\"name\":\"Xcode 13 Beta deutet Mac Pro Update an\"}]},{\"@type\":\"WebSite\",\"@id\":\"https:\\\/\\\/www.apfelpatient.de\\\/#website\",\"url\":\"https:\\\/\\\/www.apfelpatient.de\\\/\",\"name\":\"Apfelpatient\",\"description\":\"Alles rund um Apple!\",\"publisher\":{\"@type\":\"Organization\",\"@id\":\"https:\\\/\\\/www.apfelpatient.de\\\/en\\\/#organization\",\"name\":\"Apfelpatient\",\"url\":\"https:\\\/\\\/www.apfelpatient.de\\\/en\\\/\"},\"alternateName\":\"Apfelpatient\",\"potentialAction\":[{\"@type\":\"SearchAction\",\"target\":{\"@type\":\"EntryPoint\",\"urlTemplate\":\"https:\\\/\\\/www.apfelpatient.de\\\/?s={search_term_string}\"},\"query-input\":{\"@type\":\"PropertyValueSpecification\",\"valueRequired\":true,\"valueName\":\"search_term_string\"}}],\"inLanguage\":\"en-US\"},{\"@type\":[\"Person\",\"Organization\"],\"@id\":\"https:\\\/\\\/www.apfelpatient.de\\\/#\\\/schema\\\/person\\\/7dc56ad6c8e9824b76d2c08d4c140e13\",\"name\":\"Milan\",\"logo\":{\"@id\":\"https:\\\/\\\/www.apfelpatient.de\\\/#\\\/schema\\\/person\\\/image\\\/\"},\"description\":\"Hallo und herzlich willkommen auf meinem Technik-Blog! Als gro\u00dfer Apple-Fan berichte ich hier \u00fcber alles, was mit Apple zu tun hat: von den neuesten News und spannenden Ger\u00fcchten \u00fcber hilfreiche Tipps und Tricks bis hin zu ausf\u00fchrlichen Produkttests. Wenn du genauso technikbegeistert bist wie ich, bist du hier genau richtig!\",\"sameAs\":[\"https:\\\/\\\/www.facebook.com\\\/apfelpatientOfficial\",\"https:\\\/\\\/www.linkedin.com\\\/in\\\/milan-jovicic-42aa0231b\"],\"url\":\"https:\\\/\\\/www.apfelpatient.de\\\/en\\\/author\\\/apfeladmin\"}]}<\/script>\n<!-- \/ Yoast SEO Premium plugin. -->","yoast_head_json":{"title":"Xcode 13 Beta hints at Mac Pro update Apfelpatient","description":"Discovery confirms rumors: New Intel chips suitable for an updated Mac Pro have now been spotted in the Xcode 13 beta.","robots":{"index":"index","follow":"follow","max-snippet":"max-snippet:-1","max-image-preview":"max-image-preview:large","max-video-preview":"max-video-preview:-1"},"canonical":"https:\/\/www.apfelpatient.de\/en\/news\/xcode-13-beta-hints-at-mac-pro-update","og_locale":"en_US","og_type":"article","og_title":"Xcode 13 Beta deutet Mac Pro Update an","og_description":"Fund best\u00e4tigt Ger\u00fcchte: Neue Intel-Chips, die f\u00fcr einen aktualisierten Mac Pro geeignet sind, wurden nun in der Xcode 13 Beta gesichtet.","og_url":"https:\/\/www.apfelpatient.de\/en\/news\/xcode-13-beta-hints-at-mac-pro-update","og_site_name":"Apfelpatient","article_publisher":"https:\/\/www.facebook.com\/apfelpatientOfficial","article_author":"https:\/\/www.facebook.com\/apfelpatientOfficial","article_published_time":"2021-06-08T19:00:00+00:00","article_modified_time":"2021-06-08T21:29:26+00:00","og_image":[{"width":1600,"height":1200,"url":"https:\/\/www.apfelpatient.de\/wp-content\/uploads\/2021\/06\/bigstock-Paris-France-Oct-391201025.jpg","type":"image\/jpeg"}],"author":"Milan","twitter_card":"summary_large_image","twitter_description":"Fund best\u00e4tigt Ger\u00fcchte: Neue Intel-Chips, die f\u00fcr einen aktualisierten Mac Pro geeignet sind, wurden nun in der Xcode 13 Beta gesichtet.","twitter_misc":{"Written by":"Milan","Est. reading time":"2 minutes"},"schema":{"@context":"https:\/\/schema.org","@graph":[{"@type":"NewsArticle","@id":"https:\/\/www.apfelpatient.de\/news\/xcode-13-beta-deutet-mac-pro-update-an#article","isPartOf":{"@id":"https:\/\/www.apfelpatient.de\/news\/xcode-13-beta-deutet-mac-pro-update-an"},"author":{"@type":"Organization","@id":"https:\/\/www.apfelpatient.de\/en\/#organization","name":"Apfelpatient","url":"https:\/\/www.apfelpatient.de\/en\/"},"headline":"Xcode 13 Beta deutet Mac Pro Update an","datePublished":"2021-06-08T19:00:00+00:00","dateModified":"2021-06-08T21:29:26+00:00","mainEntityOfPage":{"@id":"https:\/\/www.apfelpatient.de\/news\/xcode-13-beta-deutet-mac-pro-update-an"},"wordCount":247,"publisher":{"@type":"Organization","@id":"https:\/\/www.apfelpatient.de\/en\/#organization","name":"Apfelpatient","url":"https:\/\/www.apfelpatient.de\/en\/"},"image":{"@id":"https:\/\/www.apfelpatient.de\/news\/xcode-13-beta-deutet-mac-pro-update-an#primaryimage"},"thumbnailUrl":"https:\/\/www.apfelpatient.de\/wp-content\/uploads\/2021\/06\/bigstock-Paris-France-Oct-391201025.jpg","keywords":["Mac","Xcode","Xcode 13"],"articleSection":"News","inLanguage":"en-US","copyrightYear":"2021","copyrightHolder":{"@id":"https:\/\/www.apfelpatient.de\/en\/#organization"}},{"@type":"WebPage","@id":"https:\/\/www.apfelpatient.de\/news\/xcode-13-beta-deutet-mac-pro-update-an","url":"https:\/\/www.apfelpatient.de\/news\/xcode-13-beta-deutet-mac-pro-update-an","name":"Xcode 13 Beta hints at Mac Pro update Apfelpatient","isPartOf":{"@id":"https:\/\/www.apfelpatient.de\/#website"},"primaryImageOfPage":{"@id":"https:\/\/www.apfelpatient.de\/news\/xcode-13-beta-deutet-mac-pro-update-an#primaryimage"},"image":{"@id":"https:\/\/www.apfelpatient.de\/news\/xcode-13-beta-deutet-mac-pro-update-an#primaryimage"},"thumbnailUrl":"https:\/\/www.apfelpatient.de\/wp-content\/uploads\/2021\/06\/bigstock-Paris-France-Oct-391201025.jpg","datePublished":"2021-06-08T19:00:00+00:00","dateModified":"2021-06-08T21:29:26+00:00","description":"Discovery confirms rumors: New Intel chips suitable for an updated Mac Pro have now been spotted in the Xcode 13 beta.","breadcrumb":{"@id":"https:\/\/www.apfelpatient.de\/news\/xcode-13-beta-deutet-mac-pro-update-an#breadcrumb"},"inLanguage":"en-US","potentialAction":[{"@type":"ReadAction","target":["https:\/\/www.apfelpatient.de\/news\/xcode-13-beta-deutet-mac-pro-update-an"]}]},{"@type":"ImageObject","inLanguage":"en-US","@id":"https:\/\/www.apfelpatient.de\/news\/xcode-13-beta-deutet-mac-pro-update-an#primaryimage","url":"https:\/\/www.apfelpatient.de\/wp-content\/uploads\/2021\/06\/bigstock-Paris-France-Oct-391201025.jpg","contentUrl":"https:\/\/www.apfelpatient.de\/wp-content\/uploads\/2021\/06\/bigstock-Paris-France-Oct-391201025.jpg","width":1600,"height":1200,"caption":"Paris, France - Oct 23, 2020: Side view of new Apple Computers Mac Pro Xeom workstation air ducts holes - close-up macro"},{"@type":"BreadcrumbList","@id":"https:\/\/www.apfelpatient.de\/news\/xcode-13-beta-deutet-mac-pro-update-an#breadcrumb","itemListElement":[{"@type":"ListItem","position":1,"name":"Startseite","item":"https:\/\/www.apfelpatient.de\/"},{"@type":"ListItem","position":2,"name":"Xcode 13 Beta deutet Mac Pro Update an"}]},{"@type":"WebSite","@id":"https:\/\/www.apfelpatient.de\/#website","url":"https:\/\/www.apfelpatient.de\/","name":"apple patient","description":"Everything about Apple!","publisher":{"@type":"Organization","@id":"https:\/\/www.apfelpatient.de\/en\/#organization","name":"Apfelpatient","url":"https:\/\/www.apfelpatient.de\/en\/"},"alternateName":"Apfelpatient","potentialAction":[{"@type":"SearchAction","target":{"@type":"EntryPoint","urlTemplate":"https:\/\/www.apfelpatient.de\/?s={search_term_string}"},"query-input":{"@type":"PropertyValueSpecification","valueRequired":true,"valueName":"search_term_string"}}],"inLanguage":"en-US"},{"@type":["Person","Organization"],"@id":"https:\/\/www.apfelpatient.de\/#\/schema\/person\/7dc56ad6c8e9824b76d2c08d4c140e13","name":"Milan","logo":{"@id":"https:\/\/www.apfelpatient.de\/#\/schema\/person\/image\/"},"description":"Hello and welcome to my technology blog! As a big Apple fan, I report on everything to do with Apple: from the latest news and exciting rumors to helpful tips and tricks and detailed product tests. If you are as enthusiastic about technology as I am, you have come to the right place!","sameAs":["https:\/\/www.facebook.com\/apfelpatientOfficial","https:\/\/www.linkedin.com\/in\/milan-jovicic-42aa0231b"],"url":"https:\/\/www.apfelpatient.de\/en\/author\/apfeladmin"}]}},"_links":{"self":[{"href":"https:\/\/www.apfelpatient.de\/en\/wp-json\/wp\/v2\/posts\/23387","targetHints":{"allow":["GET"]}}],"collection":[{"href":"https:\/\/www.apfelpatient.de\/en\/wp-json\/wp\/v2\/posts"}],"about":[{"href":"https:\/\/www.apfelpatient.de\/en\/wp-json\/wp\/v2\/types\/post"}],"author":[{"embeddable":true,"href":"https:\/\/www.apfelpatient.de\/en\/wp-json\/wp\/v2\/users\/2"}],"replies":[{"embeddable":true,"href":"https:\/\/www.apfelpatient.de\/en\/wp-json\/wp\/v2\/comments?post=23387"}],"version-history":[{"count":0,"href":"https:\/\/www.apfelpatient.de\/en\/wp-json\/wp\/v2\/posts\/23387\/revisions"}],"wp:featuredmedia":[{"embeddable":true,"href":"https:\/\/www.apfelpatient.de\/en\/wp-json\/wp\/v2\/media\/23389"}],"wp:attachment":[{"href":"https:\/\/www.apfelpatient.de\/en\/wp-json\/wp\/v2\/media?parent=23387"}],"wp:term":[{"taxonomy":"category","embeddable":true,"href":"https:\/\/www.apfelpatient.de\/en\/wp-json\/wp\/v2\/categories?post=23387"},{"taxonomy":"post_tag","embeddable":true,"href":"https:\/\/www.apfelpatient.de\/en\/wp-json\/wp\/v2\/tags?post=23387"}],"curies":[{"name":"wp","href":"https:\/\/api.w.org\/{rel}","templated":true}]}}