{"id":23269,"date":"2021-06-07T21:46:37","date_gmt":"2021-06-07T19:46:37","guid":{"rendered":"https:\/\/www.apfelpatient.de\/?p=23269"},"modified":"2025-02-06T08:06:13","modified_gmt":"2025-02-06T07:06:13","slug":"ios-15-co-apple-launched-first-beta-phase","status":"publish","type":"post","link":"https:\/\/www.apfelpatient.de\/en\/news\/ios-15-co-apple-startete-erste-beta-phase","title":{"rendered":"iOS 15 &amp; Co.: Apple launched first beta phase"},"content":{"rendered":"<p class=\"has-drop-cap\"><strong>Apple has now officially launched the first beta phase of iOS 15, iPadOS 15, tvOS 15, watchOS 8 and macOS \u2026 for registered developers.<\/strong><\/p>\n\n\n\n<p>Apple unveiled the next generation of its operating systems this evening at WWDC 2021. As expected from a milestone release, the changes are far-reaching and include everything from the home screen to the apps within the mobile operating system. Apple is continuing its push to protect user privacy and security in the latest version.<\/p>\n\n\n\n<h3 class=\"wp-block-heading\" id=\"h-ios-15-und-co-public-beta-erscheint-im-juli\">iOS 15 and Co. Public Beta to be released in July<\/h3>\n\n\n\n\n\n\n\n<p>The updates are now available for download to registered developers <a href=\"https:\/\/developer.apple.com\/news\/releases\/\" target=\"_blank\" rel=\"noreferrer noopener\">ready<\/a>As usual, a preview should not be installed on an actively used device, as these are usually quite unstable and prone to errors - we recommend a second device for this. Since the iOS 15 beta is in a very early stage, the recommendation should be taken particularly seriously. You can find out what new features the new software brings below. By the way, if you want to test the public beta, you will have to be patient. According to Apple, the first publicly available test version of iOS 15 and Co. will be released in July. (Image: Apple)<\/p>\n\n\n\n<ul class=\"wp-block-list\"><li><a href=\"https:\/\/www.apfelpatient.de\/en\/news\/wwdc-2021-apple-unveils-macos-monterey\">WWDC 2021: Apple unveils macOS Monterey<\/a><\/li><li><a href=\"https:\/\/www.apfelpatient.de\/en\/news\/wwdc-2021-apple-introduces-watchos-8\">WWDC 2021: Apple introduces watchOS 8<\/a><\/li><li><a href=\"https:\/\/www.apfelpatient.de\/en\/news\/wwdc-2021-apple-introduces-ios-15-and-ipads-15\">WWDC 2021: Apple introduces iOS 15 and iPadOS 15<\/a><\/li><\/ul>\n\n\n\n<h3 class=\"wp-block-heading\" id=\"h-die-buildnummern-lauten\">The build numbers are:<\/h3>\n\n\n\n<ul class=\"wp-block-list\"><li>Xcode 13 beta (13A5154h)<\/li><li>macOS Monterey beta (21A5248p)<\/li><li>iOS 15 beta (19A5261w)<\/li><li>iPadOS 15 beta (19A5261w)<\/li><li>watchOS 8 beta (19R5266q)<\/li><li>tvOS 15 beta (19J5268r)<\/li><\/ul>\n\n\n\n<h6 class=\"wp-block-heading translation-block\" id=\"h-kennt-ihr-schon-unsere-amazon-storefront-dort-findet-ihr-eine-handverlesene-auswahl-von-diversen-produkten-f-r-euer-iphone-und-co-viel-spa-beim-st-bern\"><em>Have you already visited our Amazon Storefront? There you&#039;ll find a hand-picked selection of various products for your iPhone and other devices \u2013 <span class=\"has-inline-color has-vivid-red-color\"><a href=\"https:\/\/www.amazon.de\/shop\/apfelpatientofficial\" class=\"ek-link\" data-wpel-link=\"exclude\" rel=\"follow noopener\" target=\"_self\"><span style=\"text-decoration: underline\" class=\"ek-underline\">enjoy browsing<\/span><\/a> !<\/span><\/em><\/h6>\n\n\n\n<h6 class=\"wp-block-heading translation-block\" id=\"h-der-beitrag-enthalt-partnerlinks\">This post contains <a data-type=\"URL\" data-id=\"https:\/\/www.apfelpatient.de\/partnerprogramm\" href=\"https:\/\/www.apfelpatient.de\/en\/partner-program\" data-wpel-link=\"internal\" target=\"_self\">affiliate links<\/a>.<\/h6>","protected":false},"excerpt":{"rendered":"<p>Apple has now officially launched the first beta phase of iOS 15, iPadOS 15, tvOS 15, watchOS 8 and macOS \u2026 for registered developers.<\/p>","protected":false},"author":2,"featured_media":23271,"comment_status":"closed","ping_status":"closed","sticky":false,"template":"","format":"standard","meta":{"jnews-multi-image_gallery":[],"jnews_single_post":{"subtitle":"","format":"standard","video":"","gallery":"","source_name":"","source_url":"","via_name":"","via_url":"","override":[{"single_blog_custom":"","sidebar":"","second_sidebar":"","share_position":"","share_float_style":"","post_date_format":"","post_date_format_custom":"","post_reading_time_wpm":"","zoom_button_out_step":"1","zoom_button_in_step":"1","number_popup_post":"1"}],"image_override":[{"single_post_thumbnail_size":"","single_post_gallery_size":""}],"trending_post_position":"","trending_post_label":"","sponsored_post_label":"","sponsored_post_name":"","sponsored_post_url":"","sponsored_post_logo":"","sponsored_post_desc":""},"jnews_primary_category":{"id":"9"},"footnotes":""},"categories":[9],"tags":[56,3,360,33,573,4,638,95,619,21,620],"class_list":["post-23269","post","type-post","status-publish","format-standard","has-post-thumbnail","hentry","category-news","tag-beta","tag-ios","tag-ios-15","tag-ipados","tag-ipados-15","tag-macos","tag-macos-monterey","tag-tvos","tag-tvos-15","tag-watchos","tag-watchos-8"],"yoast_head":"<!-- This site is optimized with the Yoast SEO Premium plugin v27.5 (Yoast SEO v27.5) - https:\/\/yoast.com\/product\/yoast-seo-premium-wordpress\/ -->\n<title>iOS 15 &amp; Co.: Apple startete erste Beta-Phase Apfelpatient<\/title>\n<meta name=\"description\" content=\"Apple hat nun offiziell die erste Beta-Phase zu iOS 15, iPadOS 15, tvOS 15, watchOS 8 und macOS \u2026 f\u00fcr registrierte Entwickler gestartet.\" \/>\n<meta name=\"robots\" content=\"index, follow, max-snippet:-1, max-image-preview:large, max-video-preview:-1\" \/>\n<link rel=\"canonical\" href=\"https:\/\/www.apfelpatient.de\/en\/news\/ios-15-co-apple-launched-first-beta-phase\" \/>\n<meta property=\"og:locale\" content=\"en_US\" \/>\n<meta property=\"og:type\" content=\"article\" \/>\n<meta property=\"og:title\" content=\"iOS 15 &amp; Co.: Apple startete erste Beta-Phase\" \/>\n<meta property=\"og:description\" content=\"Apple hat nun offiziell die erste Beta-Phase zu iOS 15, iPadOS 15, tvOS 15, watchOS 8 und macOS \u2026 f\u00fcr registrierte Entwickler gestartet.\" \/>\n<meta property=\"og:url\" content=\"https:\/\/www.apfelpatient.de\/en\/news\/ios-15-co-apple-launched-first-beta-phase\" \/>\n<meta property=\"og:site_name\" content=\"Apfelpatient\" \/>\n<meta property=\"article:publisher\" content=\"https:\/\/www.facebook.com\/apfelpatientOfficial\" \/>\n<meta property=\"article:author\" content=\"https:\/\/www.facebook.com\/apfelpatientOfficial\" \/>\n<meta property=\"article:published_time\" content=\"2021-06-07T19:46:37+00:00\" \/>\n<meta property=\"article:modified_time\" content=\"2025-02-06T07:06:13+00:00\" \/>\n<meta property=\"og:image\" content=\"https:\/\/www.apfelpatient.de\/wp-content\/uploads\/2021\/06\/Apple_iPhone12Pro-iOS15-3up_060721.jpg\" \/>\n\t<meta property=\"og:image:width\" content=\"1600\" \/>\n\t<meta property=\"og:image:height\" content=\"1079\" \/>\n\t<meta property=\"og:image:type\" content=\"image\/jpeg\" \/>\n<meta name=\"author\" content=\"Milan\" \/>\n<meta name=\"twitter:card\" content=\"summary_large_image\" \/>\n<meta name=\"twitter:description\" content=\"Apple hat nun offiziell die erste Beta-Phase zu iOS 15, iPadOS 15, tvOS 15, watchOS 8 und macOS \u2026 f\u00fcr registrierte Entwickler gestartet.\" \/>\n<meta name=\"twitter:label1\" content=\"Written by\" \/>\n\t<meta name=\"twitter:data1\" content=\"Milan\" \/>\n\t<meta name=\"twitter:label2\" content=\"Est. reading time\" \/>\n\t<meta name=\"twitter:data2\" content=\"2 minutes\" \/>\n<script type=\"application\/ld+json\" class=\"yoast-schema-graph\">{\"@context\":\"https:\\\/\\\/schema.org\",\"@graph\":[{\"@type\":\"NewsArticle\",\"@id\":\"https:\\\/\\\/www.apfelpatient.de\\\/news\\\/ios-15-co-apple-startete-erste-beta-phase#article\",\"isPartOf\":{\"@id\":\"https:\\\/\\\/www.apfelpatient.de\\\/news\\\/ios-15-co-apple-startete-erste-beta-phase\"},\"author\":{\"@type\":\"Organization\",\"@id\":\"https:\\\/\\\/www.apfelpatient.de\\\/en\\\/#organization\",\"name\":\"Apfelpatient\",\"url\":\"https:\\\/\\\/www.apfelpatient.de\\\/en\\\/\"},\"headline\":\"iOS 15 &#038; Co.: Apple startete erste Beta-Phase\",\"datePublished\":\"2021-06-07T19:46:37+00:00\",\"dateModified\":\"2025-02-06T07:06:13+00:00\",\"mainEntityOfPage\":{\"@id\":\"https:\\\/\\\/www.apfelpatient.de\\\/news\\\/ios-15-co-apple-startete-erste-beta-phase\"},\"wordCount\":242,\"publisher\":{\"@type\":\"Organization\",\"@id\":\"https:\\\/\\\/www.apfelpatient.de\\\/en\\\/#organization\",\"name\":\"Apfelpatient\",\"url\":\"https:\\\/\\\/www.apfelpatient.de\\\/en\\\/\"},\"image\":{\"@id\":\"https:\\\/\\\/www.apfelpatient.de\\\/news\\\/ios-15-co-apple-startete-erste-beta-phase#primaryimage\"},\"thumbnailUrl\":\"https:\\\/\\\/www.apfelpatient.de\\\/wp-content\\\/uploads\\\/2021\\\/06\\\/Apple_iPhone12Pro-iOS15-3up_060721.jpg\",\"keywords\":[\"Beta\",\"iOS\",\"iOS 15\",\"iPadOS\",\"iPadOS 15\",\"macOS\",\"macOS 12 Monterey\",\"tvOS\",\"tvOS 15\",\"watchOS\",\"watchOS 8\"],\"articleSection\":\"News\",\"inLanguage\":\"en-US\",\"copyrightYear\":\"2021\",\"copyrightHolder\":{\"@id\":\"https:\\\/\\\/www.apfelpatient.de\\\/en\\\/#organization\"}},{\"@type\":\"WebPage\",\"@id\":\"https:\\\/\\\/www.apfelpatient.de\\\/news\\\/ios-15-co-apple-startete-erste-beta-phase\",\"url\":\"https:\\\/\\\/www.apfelpatient.de\\\/news\\\/ios-15-co-apple-startete-erste-beta-phase\",\"name\":\"iOS 15 & Co.: Apple startete erste Beta-Phase Apfelpatient\",\"isPartOf\":{\"@id\":\"https:\\\/\\\/www.apfelpatient.de\\\/#website\"},\"primaryImageOfPage\":{\"@id\":\"https:\\\/\\\/www.apfelpatient.de\\\/news\\\/ios-15-co-apple-startete-erste-beta-phase#primaryimage\"},\"image\":{\"@id\":\"https:\\\/\\\/www.apfelpatient.de\\\/news\\\/ios-15-co-apple-startete-erste-beta-phase#primaryimage\"},\"thumbnailUrl\":\"https:\\\/\\\/www.apfelpatient.de\\\/wp-content\\\/uploads\\\/2021\\\/06\\\/Apple_iPhone12Pro-iOS15-3up_060721.jpg\",\"datePublished\":\"2021-06-07T19:46:37+00:00\",\"dateModified\":\"2025-02-06T07:06:13+00:00\",\"description\":\"Apple hat nun offiziell die erste Beta-Phase zu iOS 15, iPadOS 15, tvOS 15, watchOS 8 und macOS \u2026 f\u00fcr registrierte Entwickler gestartet.\",\"breadcrumb\":{\"@id\":\"https:\\\/\\\/www.apfelpatient.de\\\/news\\\/ios-15-co-apple-startete-erste-beta-phase#breadcrumb\"},\"inLanguage\":\"en-US\",\"potentialAction\":[{\"@type\":\"ReadAction\",\"target\":[\"https:\\\/\\\/www.apfelpatient.de\\\/news\\\/ios-15-co-apple-startete-erste-beta-phase\"]}]},{\"@type\":\"ImageObject\",\"inLanguage\":\"en-US\",\"@id\":\"https:\\\/\\\/www.apfelpatient.de\\\/news\\\/ios-15-co-apple-startete-erste-beta-phase#primaryimage\",\"url\":\"https:\\\/\\\/www.apfelpatient.de\\\/wp-content\\\/uploads\\\/2021\\\/06\\\/Apple_iPhone12Pro-iOS15-3up_060721.jpg\",\"contentUrl\":\"https:\\\/\\\/www.apfelpatient.de\\\/wp-content\\\/uploads\\\/2021\\\/06\\\/Apple_iPhone12Pro-iOS15-3up_060721.jpg\",\"width\":1600,\"height\":1079,\"caption\":\"Bild: Apple\"},{\"@type\":\"BreadcrumbList\",\"@id\":\"https:\\\/\\\/www.apfelpatient.de\\\/news\\\/ios-15-co-apple-startete-erste-beta-phase#breadcrumb\",\"itemListElement\":[{\"@type\":\"ListItem\",\"position\":1,\"name\":\"Startseite\",\"item\":\"https:\\\/\\\/www.apfelpatient.de\\\/\"},{\"@type\":\"ListItem\",\"position\":2,\"name\":\"iOS 15 &#038; Co.: Apple startete erste Beta-Phase\"}]},{\"@type\":\"WebSite\",\"@id\":\"https:\\\/\\\/www.apfelpatient.de\\\/#website\",\"url\":\"https:\\\/\\\/www.apfelpatient.de\\\/\",\"name\":\"Apfelpatient\",\"description\":\"Alles rund um Apple!\",\"publisher\":{\"@type\":\"Organization\",\"@id\":\"https:\\\/\\\/www.apfelpatient.de\\\/en\\\/#organization\",\"name\":\"Apfelpatient\",\"url\":\"https:\\\/\\\/www.apfelpatient.de\\\/en\\\/\"},\"alternateName\":\"Apfelpatient\",\"potentialAction\":[{\"@type\":\"SearchAction\",\"target\":{\"@type\":\"EntryPoint\",\"urlTemplate\":\"https:\\\/\\\/www.apfelpatient.de\\\/?s={search_term_string}\"},\"query-input\":{\"@type\":\"PropertyValueSpecification\",\"valueRequired\":true,\"valueName\":\"search_term_string\"}}],\"inLanguage\":\"en-US\"},{\"@type\":[\"Person\",\"Organization\"],\"@id\":\"https:\\\/\\\/www.apfelpatient.de\\\/#\\\/schema\\\/person\\\/7dc56ad6c8e9824b76d2c08d4c140e13\",\"name\":\"Milan\",\"logo\":{\"@id\":\"https:\\\/\\\/www.apfelpatient.de\\\/#\\\/schema\\\/person\\\/image\\\/\"},\"description\":\"Hallo und herzlich willkommen auf meinem Technik-Blog! Als gro\u00dfer Apple-Fan berichte ich hier \u00fcber alles, was mit Apple zu tun hat: von den neuesten News und spannenden Ger\u00fcchten \u00fcber hilfreiche Tipps und Tricks bis hin zu ausf\u00fchrlichen Produkttests. Wenn du genauso technikbegeistert bist wie ich, bist du hier genau richtig!\",\"sameAs\":[\"https:\\\/\\\/www.facebook.com\\\/apfelpatientOfficial\",\"https:\\\/\\\/www.linkedin.com\\\/in\\\/milan-jovicic-42aa0231b\"],\"url\":\"https:\\\/\\\/www.apfelpatient.de\\\/en\\\/author\\\/apfeladmin\"}]}<\/script>\n<!-- \/ Yoast SEO Premium plugin. -->","yoast_head_json":{"title":"iOS 15 &amp; Co.: Apple launched first beta phase Apfelpatient","description":"Apple has now officially launched the first beta phase of iOS 15, iPadOS 15, tvOS 15, watchOS 8 and macOS \u2026 for registered developers.","robots":{"index":"index","follow":"follow","max-snippet":"max-snippet:-1","max-image-preview":"max-image-preview:large","max-video-preview":"max-video-preview:-1"},"canonical":"https:\/\/www.apfelpatient.de\/en\/news\/ios-15-co-apple-launched-first-beta-phase","og_locale":"en_US","og_type":"article","og_title":"iOS 15 & Co.: Apple startete erste Beta-Phase","og_description":"Apple hat nun offiziell die erste Beta-Phase zu iOS 15, iPadOS 15, tvOS 15, watchOS 8 und macOS \u2026 f\u00fcr registrierte Entwickler gestartet.","og_url":"https:\/\/www.apfelpatient.de\/en\/news\/ios-15-co-apple-launched-first-beta-phase","og_site_name":"Apfelpatient","article_publisher":"https:\/\/www.facebook.com\/apfelpatientOfficial","article_author":"https:\/\/www.facebook.com\/apfelpatientOfficial","article_published_time":"2021-06-07T19:46:37+00:00","article_modified_time":"2025-02-06T07:06:13+00:00","og_image":[{"width":1600,"height":1079,"url":"https:\/\/www.apfelpatient.de\/wp-content\/uploads\/2021\/06\/Apple_iPhone12Pro-iOS15-3up_060721.jpg","type":"image\/jpeg"}],"author":"Milan","twitter_card":"summary_large_image","twitter_description":"Apple hat nun offiziell die erste Beta-Phase zu iOS 15, iPadOS 15, tvOS 15, watchOS 8 und macOS \u2026 f\u00fcr registrierte Entwickler gestartet.","twitter_misc":{"Written by":"Milan","Est. reading time":"2 minutes"},"schema":{"@context":"https:\/\/schema.org","@graph":[{"@type":"NewsArticle","@id":"https:\/\/www.apfelpatient.de\/news\/ios-15-co-apple-startete-erste-beta-phase#article","isPartOf":{"@id":"https:\/\/www.apfelpatient.de\/news\/ios-15-co-apple-startete-erste-beta-phase"},"author":{"@type":"Organization","@id":"https:\/\/www.apfelpatient.de\/en\/#organization","name":"Apfelpatient","url":"https:\/\/www.apfelpatient.de\/en\/"},"headline":"iOS 15 &#038; Co.: Apple startete erste Beta-Phase","datePublished":"2021-06-07T19:46:37+00:00","dateModified":"2025-02-06T07:06:13+00:00","mainEntityOfPage":{"@id":"https:\/\/www.apfelpatient.de\/news\/ios-15-co-apple-startete-erste-beta-phase"},"wordCount":242,"publisher":{"@type":"Organization","@id":"https:\/\/www.apfelpatient.de\/en\/#organization","name":"Apfelpatient","url":"https:\/\/www.apfelpatient.de\/en\/"},"image":{"@id":"https:\/\/www.apfelpatient.de\/news\/ios-15-co-apple-startete-erste-beta-phase#primaryimage"},"thumbnailUrl":"https:\/\/www.apfelpatient.de\/wp-content\/uploads\/2021\/06\/Apple_iPhone12Pro-iOS15-3up_060721.jpg","keywords":["Beta","iOS","iOS 15","iPadOS","iPadOS 15","macOS","macOS 12 Monterey","tvOS","tvOS 15","watchOS","watchOS 8"],"articleSection":"News","inLanguage":"en-US","copyrightYear":"2021","copyrightHolder":{"@id":"https:\/\/www.apfelpatient.de\/en\/#organization"}},{"@type":"WebPage","@id":"https:\/\/www.apfelpatient.de\/news\/ios-15-co-apple-startete-erste-beta-phase","url":"https:\/\/www.apfelpatient.de\/news\/ios-15-co-apple-startete-erste-beta-phase","name":"iOS 15 &amp; Co.: Apple launched first beta phase Apfelpatient","isPartOf":{"@id":"https:\/\/www.apfelpatient.de\/#website"},"primaryImageOfPage":{"@id":"https:\/\/www.apfelpatient.de\/news\/ios-15-co-apple-startete-erste-beta-phase#primaryimage"},"image":{"@id":"https:\/\/www.apfelpatient.de\/news\/ios-15-co-apple-startete-erste-beta-phase#primaryimage"},"thumbnailUrl":"https:\/\/www.apfelpatient.de\/wp-content\/uploads\/2021\/06\/Apple_iPhone12Pro-iOS15-3up_060721.jpg","datePublished":"2021-06-07T19:46:37+00:00","dateModified":"2025-02-06T07:06:13+00:00","description":"Apple has now officially launched the first beta phase of iOS 15, iPadOS 15, tvOS 15, watchOS 8 and macOS \u2026 for registered developers.","breadcrumb":{"@id":"https:\/\/www.apfelpatient.de\/news\/ios-15-co-apple-startete-erste-beta-phase#breadcrumb"},"inLanguage":"en-US","potentialAction":[{"@type":"ReadAction","target":["https:\/\/www.apfelpatient.de\/news\/ios-15-co-apple-startete-erste-beta-phase"]}]},{"@type":"ImageObject","inLanguage":"en-US","@id":"https:\/\/www.apfelpatient.de\/news\/ios-15-co-apple-startete-erste-beta-phase#primaryimage","url":"https:\/\/www.apfelpatient.de\/wp-content\/uploads\/2021\/06\/Apple_iPhone12Pro-iOS15-3up_060721.jpg","contentUrl":"https:\/\/www.apfelpatient.de\/wp-content\/uploads\/2021\/06\/Apple_iPhone12Pro-iOS15-3up_060721.jpg","width":1600,"height":1079,"caption":"Bild: Apple"},{"@type":"BreadcrumbList","@id":"https:\/\/www.apfelpatient.de\/news\/ios-15-co-apple-startete-erste-beta-phase#breadcrumb","itemListElement":[{"@type":"ListItem","position":1,"name":"Startseite","item":"https:\/\/www.apfelpatient.de\/"},{"@type":"ListItem","position":2,"name":"iOS 15 &#038; Co.: Apple startete erste Beta-Phase"}]},{"@type":"WebSite","@id":"https:\/\/www.apfelpatient.de\/#website","url":"https:\/\/www.apfelpatient.de\/","name":"apple patient","description":"Everything about Apple!","publisher":{"@type":"Organization","@id":"https:\/\/www.apfelpatient.de\/en\/#organization","name":"Apfelpatient","url":"https:\/\/www.apfelpatient.de\/en\/"},"alternateName":"Apfelpatient","potentialAction":[{"@type":"SearchAction","target":{"@type":"EntryPoint","urlTemplate":"https:\/\/www.apfelpatient.de\/?s={search_term_string}"},"query-input":{"@type":"PropertyValueSpecification","valueRequired":true,"valueName":"search_term_string"}}],"inLanguage":"en-US"},{"@type":["Person","Organization"],"@id":"https:\/\/www.apfelpatient.de\/#\/schema\/person\/7dc56ad6c8e9824b76d2c08d4c140e13","name":"Milan","logo":{"@id":"https:\/\/www.apfelpatient.de\/#\/schema\/person\/image\/"},"description":"Hello and welcome to my technology blog! As a big Apple fan, I report on everything to do with Apple: from the latest news and exciting rumors to helpful tips and tricks and detailed product tests. If you are as enthusiastic about technology as I am, you have come to the right place!","sameAs":["https:\/\/www.facebook.com\/apfelpatientOfficial","https:\/\/www.linkedin.com\/in\/milan-jovicic-42aa0231b"],"url":"https:\/\/www.apfelpatient.de\/en\/author\/apfeladmin"}]}},"_links":{"self":[{"href":"https:\/\/www.apfelpatient.de\/en\/wp-json\/wp\/v2\/posts\/23269","targetHints":{"allow":["GET"]}}],"collection":[{"href":"https:\/\/www.apfelpatient.de\/en\/wp-json\/wp\/v2\/posts"}],"about":[{"href":"https:\/\/www.apfelpatient.de\/en\/wp-json\/wp\/v2\/types\/post"}],"author":[{"embeddable":true,"href":"https:\/\/www.apfelpatient.de\/en\/wp-json\/wp\/v2\/users\/2"}],"replies":[{"embeddable":true,"href":"https:\/\/www.apfelpatient.de\/en\/wp-json\/wp\/v2\/comments?post=23269"}],"version-history":[{"count":0,"href":"https:\/\/www.apfelpatient.de\/en\/wp-json\/wp\/v2\/posts\/23269\/revisions"}],"wp:featuredmedia":[{"embeddable":true,"href":"https:\/\/www.apfelpatient.de\/en\/wp-json\/wp\/v2\/media\/23271"}],"wp:attachment":[{"href":"https:\/\/www.apfelpatient.de\/en\/wp-json\/wp\/v2\/media?parent=23269"}],"wp:term":[{"taxonomy":"category","embeddable":true,"href":"https:\/\/www.apfelpatient.de\/en\/wp-json\/wp\/v2\/categories?post=23269"},{"taxonomy":"post_tag","embeddable":true,"href":"https:\/\/www.apfelpatient.de\/en\/wp-json\/wp\/v2\/tags?post=23269"}],"curies":[{"name":"wp","href":"https:\/\/api.w.org\/{rel}","templated":true}]}}