{"id":23134,"date":"2021-06-04T14:33:18","date_gmt":"2021-06-04T12:33:18","guid":{"rendered":"https:\/\/www.apfelpatient.de\/?p=23134"},"modified":"2021-06-04T14:33:19","modified_gmt":"2021-06-04T12:33:19","slug":"new-ipad-pro-ipad-mini-details-on-functions-and-design","status":"publish","type":"post","link":"https:\/\/www.apfelpatient.de\/en\/rumors\/neues-ipad-pro-ipad-mini-details-zu-funktionen-und-design","title":{"rendered":"New iPad Pro &amp; iPad mini: Details on functions and design"},"content":{"rendered":"<p class=\"has-drop-cap\"><strong>Apple recently officially introduced the new iPad Pro generation. But the company is already working on its successor, which could have interesting features.<\/strong><\/p>\n\n\n\n<p>Bloomberg <a href=\"https:\/\/www.bloomberg.com\/news\/articles\/2021-06-04\/apple-working-on-ipad-pro-with-wireless-charging-new-ipad-mini\" target=\"_blank\" rel=\"noreferrer noopener\">according to<\/a> Apple is developing a new iPad Pro that will have wireless charging capabilities. For the new iPad Pro, Apple is testing a glass back instead of an aluminum casing, which would enable wireless charging. Apple first introduced wireless charging with the glass-backed iPhone 8, iPhone 8 Plus, and iPhone X in 2017, and every flagship iPhone since then has supported wireless charging. Current iPads still charge via USB-C or Lightning. Enabling wireless charging would bring the iPhone and iPad closer in functionality.<\/p>\n\n\n\n<h3 class=\"wp-block-heading\" id=\"h-neue-version-k-nnte-iphone-und-co-aufladen\">New version could charge iPhone and Co.<\/h3>\n\n\n\n\n\n\n\n<p>Since work on the new iPad Pro is still in its early stages, Bloomberg says the idea may be scrapped. Most wireless chargers are designed for the iPhone, so wireless charging for the iPad might require special charging options. But if Apple does decide to add wireless charging to the iPad, it will use MagSafe. But that&#039;s not all. Apple is also working on a &quot;reverse wireless charging&quot; feature for the new iPad Pro, which would allow users to charge their iPhones, AirPods, and other accessories by placing them on the back of the iPad. There were rumors that the iPhone 11 would feature two-sided wireless charging, but that ultimately didn&#039;t happen. Regarding the launch, Bloomberg stated that the device is expected next year.<\/p>\n\n\n\n<h3 class=\"wp-block-heading\" id=\"h-neues-ipad-mini-wird-an-produktfamilie-angepasst\">New iPad mini is adapted to product family<\/h3>\n\n\n\n<p>In addition to the iPad Pro, Bloomberg has also picked up valuable information about the iPad mini. After six years, the device is finally getting a new design. The updated iPad mini will have narrower screen bezels, and Apple is also testing a design that does away with the home button. There have been several rumors in the past about Apple working on a new version of the iPad mini that could feature an 8.5 to 9-inch display - a significant increase over the current 7.9-inch display. In addition to a new iPad mini, Apple is also working on a thinner version of the inexpensive entry-level iPad aimed at students, with both the iPad mini and the new inexpensive iPad due to be released at the end of this year. Whether Bloomberg will be right once again remains to be seen. (Photo by Denys Prykhodov \/ Bigstockphoto)<\/p>\n\n\n\n<ul class=\"wp-block-list\"><li><a href=\"https:\/\/www.apfelpatient.de\/en\/rumors\/future-ipad-models-apple-will-switch-to-oled\">Future iPad models: Will Apple switch to OLED?<\/a><\/li><\/ul>\n\n\n\n<h6 class=\"wp-block-heading translation-block\" id=\"h-kennt-ihr-schon-unsere-amazon-storefront-dort-findet-ihr-eine-handverlesene-auswahl-von-diversen-produkten-f-r-euer-iphone-und-co-viel-spa-beim-st-bern\"><em>Have you already visited our Amazon Storefront? There you&#039;ll find a hand-picked selection of various products for your iPhone and other devices \u2013 <span class=\"has-inline-color has-vivid-red-color\"><a href=\"https:\/\/www.amazon.de\/shop\/apfelpatientofficial\" class=\"ek-link\" data-wpel-link=\"exclude\" rel=\"follow noopener\" target=\"_self\"><span style=\"text-decoration: underline\" class=\"ek-underline\">enjoy browsing<\/span><\/a> !<\/span><\/em><\/h6>\n\n\n\n<h6 class=\"wp-block-heading translation-block\" id=\"h-der-beitrag-enthalt-partnerlinks\">This post contains <a data-type=\"URL\" data-id=\"https:\/\/www.apfelpatient.de\/partnerprogramm\" href=\"https:\/\/www.apfelpatient.de\/en\/partner-program\" data-wpel-link=\"internal\" target=\"_self\">affiliate links<\/a>.<\/h6>","protected":false},"excerpt":{"rendered":"<p>Apple recently officially introduced the new iPad Pro generation. But the company is already working on its successor.<\/p>","protected":false},"author":2,"featured_media":23133,"comment_status":"closed","ping_status":"closed","sticky":false,"template":"","format":"standard","meta":{"jnews-multi-image_gallery":[],"jnews_single_post":{"subtitle":"","format":"standard","video":"","gallery":"","source_name":"","source_url":"","via_name":"","via_url":"","override":[{"single_blog_custom":"","sidebar":"","second_sidebar":"","share_position":"","share_float_style":"","post_date_format":"","post_date_format_custom":"","post_reading_time_wpm":"","zoom_button_out_step":"1","zoom_button_in_step":"1","number_popup_post":"1"}],"image_override":[{"single_post_thumbnail_size":"","single_post_gallery_size":""}],"trending_post_position":"","trending_post_label":"","sponsored_post_label":"","sponsored_post_name":"","sponsored_post_url":"","sponsored_post_logo":"","sponsored_post_desc":""},"jnews_primary_category":{"id":"25"},"footnotes":""},"categories":[25],"tags":[18,114,66],"class_list":["post-23134","post","type-post","status-publish","format-standard","has-post-thumbnail","hentry","category-rumors","tag-ipad","tag-ipad-mini","tag-ipad-pro"],"yoast_head":"<!-- This site is optimized with the Yoast SEO Premium plugin v27.5 (Yoast SEO v27.5) - https:\/\/yoast.com\/product\/yoast-seo-premium-wordpress\/ -->\n<title>Neues iPad Pro &amp; iPad mini: Details zu Funktionen und Design<\/title>\n<meta name=\"description\" content=\"Apple hat erst k\u00fcrzlich die neue iPad Pro Generation offiziell vorgestellt. Doch das Unternehmen arbeitet bereits am Nachfolger.\" \/>\n<meta name=\"robots\" content=\"index, follow, max-snippet:-1, max-image-preview:large, max-video-preview:-1\" \/>\n<link rel=\"canonical\" href=\"https:\/\/www.apfelpatient.de\/en\/rumors\/new-ipad-pro-ipad-mini-details-on-functions-and-design\" \/>\n<meta property=\"og:locale\" content=\"en_US\" \/>\n<meta property=\"og:type\" content=\"article\" \/>\n<meta property=\"og:title\" content=\"Neues iPad Pro &amp; iPad mini: Details zu Funktionen und Design\" \/>\n<meta property=\"og:description\" content=\"Apple hat erst k\u00fcrzlich die neue iPad Pro Generation offiziell vorgestellt. Doch das Unternehmen arbeitet bereits am Nachfolger.\" \/>\n<meta property=\"og:url\" content=\"https:\/\/www.apfelpatient.de\/en\/rumors\/new-ipad-pro-ipad-mini-details-on-functions-and-design\" \/>\n<meta property=\"og:site_name\" content=\"Apfelpatient\" \/>\n<meta property=\"article:publisher\" content=\"https:\/\/www.facebook.com\/apfelpatientOfficial\" \/>\n<meta property=\"article:author\" content=\"https:\/\/www.facebook.com\/apfelpatientOfficial\" \/>\n<meta property=\"article:published_time\" content=\"2021-06-04T12:33:18+00:00\" \/>\n<meta property=\"article:modified_time\" content=\"2021-06-04T12:33:19+00:00\" \/>\n<meta property=\"og:image\" content=\"https:\/\/www.apfelpatient.de\/wp-content\/uploads\/2021\/06\/bigstock-Alanya-Turkey-May-421703717.jpg\" \/>\n\t<meta property=\"og:image:width\" content=\"1600\" \/>\n\t<meta property=\"og:image:height\" content=\"1067\" \/>\n\t<meta property=\"og:image:type\" content=\"image\/jpeg\" \/>\n<meta name=\"author\" content=\"Milan\" \/>\n<meta name=\"twitter:card\" content=\"summary_large_image\" \/>\n<meta name=\"twitter:description\" content=\"Apple hat erst k\u00fcrzlich die neue iPad Pro Generation offiziell vorgestellt. Doch das Unternehmen arbeitet bereits am Nachfolger.\" \/>\n<meta name=\"twitter:label1\" content=\"Written by\" \/>\n\t<meta name=\"twitter:data1\" content=\"Milan\" \/>\n\t<meta name=\"twitter:label2\" content=\"Est. reading time\" \/>\n\t<meta name=\"twitter:data2\" content=\"2 minutes\" \/>\n<script type=\"application\/ld+json\" class=\"yoast-schema-graph\">{\"@context\":\"https:\\\/\\\/schema.org\",\"@graph\":[{\"@type\":\"NewsArticle\",\"@id\":\"https:\\\/\\\/www.apfelpatient.de\\\/rumors\\\/neues-ipad-pro-ipad-mini-details-zu-funktionen-und-design#article\",\"isPartOf\":{\"@id\":\"https:\\\/\\\/www.apfelpatient.de\\\/rumors\\\/neues-ipad-pro-ipad-mini-details-zu-funktionen-und-design\"},\"author\":{\"@type\":\"Organization\",\"@id\":\"https:\\\/\\\/www.apfelpatient.de\\\/en\\\/#organization\",\"name\":\"Apfelpatient\",\"url\":\"https:\\\/\\\/www.apfelpatient.de\\\/en\\\/\"},\"headline\":\"Neues iPad Pro &#038; iPad mini: Details zu Funktionen und Design\",\"datePublished\":\"2021-06-04T12:33:18+00:00\",\"dateModified\":\"2021-06-04T12:33:19+00:00\",\"mainEntityOfPage\":{\"@id\":\"https:\\\/\\\/www.apfelpatient.de\\\/rumors\\\/neues-ipad-pro-ipad-mini-details-zu-funktionen-und-design\"},\"wordCount\":457,\"publisher\":{\"@type\":\"Organization\",\"@id\":\"https:\\\/\\\/www.apfelpatient.de\\\/en\\\/#organization\",\"name\":\"Apfelpatient\",\"url\":\"https:\\\/\\\/www.apfelpatient.de\\\/en\\\/\"},\"image\":{\"@id\":\"https:\\\/\\\/www.apfelpatient.de\\\/rumors\\\/neues-ipad-pro-ipad-mini-details-zu-funktionen-und-design#primaryimage\"},\"thumbnailUrl\":\"https:\\\/\\\/www.apfelpatient.de\\\/wp-content\\\/uploads\\\/2021\\\/06\\\/bigstock-Alanya-Turkey-May-421703717.jpg\",\"keywords\":[\"iPad\",\"iPad mini\",\"iPad Pro\"],\"articleSection\":\"Rumors\",\"inLanguage\":\"en-US\",\"copyrightYear\":\"2021\",\"copyrightHolder\":{\"@id\":\"https:\\\/\\\/www.apfelpatient.de\\\/en\\\/#organization\"}},{\"@type\":\"WebPage\",\"@id\":\"https:\\\/\\\/www.apfelpatient.de\\\/rumors\\\/neues-ipad-pro-ipad-mini-details-zu-funktionen-und-design\",\"url\":\"https:\\\/\\\/www.apfelpatient.de\\\/rumors\\\/neues-ipad-pro-ipad-mini-details-zu-funktionen-und-design\",\"name\":\"Neues iPad Pro & iPad mini: Details zu Funktionen und Design\",\"isPartOf\":{\"@id\":\"https:\\\/\\\/www.apfelpatient.de\\\/#website\"},\"primaryImageOfPage\":{\"@id\":\"https:\\\/\\\/www.apfelpatient.de\\\/rumors\\\/neues-ipad-pro-ipad-mini-details-zu-funktionen-und-design#primaryimage\"},\"image\":{\"@id\":\"https:\\\/\\\/www.apfelpatient.de\\\/rumors\\\/neues-ipad-pro-ipad-mini-details-zu-funktionen-und-design#primaryimage\"},\"thumbnailUrl\":\"https:\\\/\\\/www.apfelpatient.de\\\/wp-content\\\/uploads\\\/2021\\\/06\\\/bigstock-Alanya-Turkey-May-421703717.jpg\",\"datePublished\":\"2021-06-04T12:33:18+00:00\",\"dateModified\":\"2021-06-04T12:33:19+00:00\",\"description\":\"Apple hat erst k\u00fcrzlich die neue iPad Pro Generation offiziell vorgestellt. Doch das Unternehmen arbeitet bereits am Nachfolger.\",\"breadcrumb\":{\"@id\":\"https:\\\/\\\/www.apfelpatient.de\\\/rumors\\\/neues-ipad-pro-ipad-mini-details-zu-funktionen-und-design#breadcrumb\"},\"inLanguage\":\"en-US\",\"potentialAction\":[{\"@type\":\"ReadAction\",\"target\":[\"https:\\\/\\\/www.apfelpatient.de\\\/rumors\\\/neues-ipad-pro-ipad-mini-details-zu-funktionen-und-design\"]}]},{\"@type\":\"ImageObject\",\"inLanguage\":\"en-US\",\"@id\":\"https:\\\/\\\/www.apfelpatient.de\\\/rumors\\\/neues-ipad-pro-ipad-mini-details-zu-funktionen-und-design#primaryimage\",\"url\":\"https:\\\/\\\/www.apfelpatient.de\\\/wp-content\\\/uploads\\\/2021\\\/06\\\/bigstock-Alanya-Turkey-May-421703717.jpg\",\"contentUrl\":\"https:\\\/\\\/www.apfelpatient.de\\\/wp-content\\\/uploads\\\/2021\\\/06\\\/bigstock-Alanya-Turkey-May-421703717.jpg\",\"width\":1600,\"height\":1067,\"caption\":\"Alanya, Turkey - May 14, 2021: Man hand holding iPad Air IOS 14 with widget on the home screen. iPad was created and developed by the Apple inc.\"},{\"@type\":\"BreadcrumbList\",\"@id\":\"https:\\\/\\\/www.apfelpatient.de\\\/rumors\\\/neues-ipad-pro-ipad-mini-details-zu-funktionen-und-design#breadcrumb\",\"itemListElement\":[{\"@type\":\"ListItem\",\"position\":1,\"name\":\"Startseite\",\"item\":\"https:\\\/\\\/www.apfelpatient.de\\\/\"},{\"@type\":\"ListItem\",\"position\":2,\"name\":\"Neues iPad Pro &#038; iPad mini: Details zu Funktionen und Design\"}]},{\"@type\":\"WebSite\",\"@id\":\"https:\\\/\\\/www.apfelpatient.de\\\/#website\",\"url\":\"https:\\\/\\\/www.apfelpatient.de\\\/\",\"name\":\"Apfelpatient\",\"description\":\"Alles rund um Apple!\",\"publisher\":{\"@type\":\"Organization\",\"@id\":\"https:\\\/\\\/www.apfelpatient.de\\\/en\\\/#organization\",\"name\":\"Apfelpatient\",\"url\":\"https:\\\/\\\/www.apfelpatient.de\\\/en\\\/\"},\"alternateName\":\"Apfelpatient\",\"potentialAction\":[{\"@type\":\"SearchAction\",\"target\":{\"@type\":\"EntryPoint\",\"urlTemplate\":\"https:\\\/\\\/www.apfelpatient.de\\\/?s={search_term_string}\"},\"query-input\":{\"@type\":\"PropertyValueSpecification\",\"valueRequired\":true,\"valueName\":\"search_term_string\"}}],\"inLanguage\":\"en-US\"},{\"@type\":[\"Person\",\"Organization\"],\"@id\":\"https:\\\/\\\/www.apfelpatient.de\\\/#\\\/schema\\\/person\\\/7dc56ad6c8e9824b76d2c08d4c140e13\",\"name\":\"Milan\",\"logo\":{\"@id\":\"https:\\\/\\\/www.apfelpatient.de\\\/#\\\/schema\\\/person\\\/image\\\/\"},\"description\":\"Hallo und herzlich willkommen auf meinem Technik-Blog! Als gro\u00dfer Apple-Fan berichte ich hier \u00fcber alles, was mit Apple zu tun hat: von den neuesten News und spannenden Ger\u00fcchten \u00fcber hilfreiche Tipps und Tricks bis hin zu ausf\u00fchrlichen Produkttests. Wenn du genauso technikbegeistert bist wie ich, bist du hier genau richtig!\",\"sameAs\":[\"https:\\\/\\\/www.facebook.com\\\/apfelpatientOfficial\",\"https:\\\/\\\/www.linkedin.com\\\/in\\\/milan-jovicic-42aa0231b\"],\"url\":\"https:\\\/\\\/www.apfelpatient.de\\\/en\\\/author\\\/apfeladmin\"}]}<\/script>\n<!-- \/ Yoast SEO Premium plugin. -->","yoast_head_json":{"title":"New iPad Pro &amp; iPad mini: Details on functions and design","description":"Apple recently officially introduced the new iPad Pro generation. But the company is already working on its successor.","robots":{"index":"index","follow":"follow","max-snippet":"max-snippet:-1","max-image-preview":"max-image-preview:large","max-video-preview":"max-video-preview:-1"},"canonical":"https:\/\/www.apfelpatient.de\/en\/rumors\/new-ipad-pro-ipad-mini-details-on-functions-and-design","og_locale":"en_US","og_type":"article","og_title":"Neues iPad Pro & iPad mini: Details zu Funktionen und Design","og_description":"Apple hat erst k\u00fcrzlich die neue iPad Pro Generation offiziell vorgestellt. Doch das Unternehmen arbeitet bereits am Nachfolger.","og_url":"https:\/\/www.apfelpatient.de\/en\/rumors\/new-ipad-pro-ipad-mini-details-on-functions-and-design","og_site_name":"Apfelpatient","article_publisher":"https:\/\/www.facebook.com\/apfelpatientOfficial","article_author":"https:\/\/www.facebook.com\/apfelpatientOfficial","article_published_time":"2021-06-04T12:33:18+00:00","article_modified_time":"2021-06-04T12:33:19+00:00","og_image":[{"width":1600,"height":1067,"url":"https:\/\/www.apfelpatient.de\/wp-content\/uploads\/2021\/06\/bigstock-Alanya-Turkey-May-421703717.jpg","type":"image\/jpeg"}],"author":"Milan","twitter_card":"summary_large_image","twitter_description":"Apple hat erst k\u00fcrzlich die neue iPad Pro Generation offiziell vorgestellt. Doch das Unternehmen arbeitet bereits am Nachfolger.","twitter_misc":{"Written by":"Milan","Est. reading time":"2 minutes"},"schema":{"@context":"https:\/\/schema.org","@graph":[{"@type":"NewsArticle","@id":"https:\/\/www.apfelpatient.de\/rumors\/neues-ipad-pro-ipad-mini-details-zu-funktionen-und-design#article","isPartOf":{"@id":"https:\/\/www.apfelpatient.de\/rumors\/neues-ipad-pro-ipad-mini-details-zu-funktionen-und-design"},"author":{"@type":"Organization","@id":"https:\/\/www.apfelpatient.de\/en\/#organization","name":"Apfelpatient","url":"https:\/\/www.apfelpatient.de\/en\/"},"headline":"Neues iPad Pro &#038; iPad mini: Details zu Funktionen und Design","datePublished":"2021-06-04T12:33:18+00:00","dateModified":"2021-06-04T12:33:19+00:00","mainEntityOfPage":{"@id":"https:\/\/www.apfelpatient.de\/rumors\/neues-ipad-pro-ipad-mini-details-zu-funktionen-und-design"},"wordCount":457,"publisher":{"@type":"Organization","@id":"https:\/\/www.apfelpatient.de\/en\/#organization","name":"Apfelpatient","url":"https:\/\/www.apfelpatient.de\/en\/"},"image":{"@id":"https:\/\/www.apfelpatient.de\/rumors\/neues-ipad-pro-ipad-mini-details-zu-funktionen-und-design#primaryimage"},"thumbnailUrl":"https:\/\/www.apfelpatient.de\/wp-content\/uploads\/2021\/06\/bigstock-Alanya-Turkey-May-421703717.jpg","keywords":["iPad","iPad mini","iPad Pro"],"articleSection":"Rumors","inLanguage":"en-US","copyrightYear":"2021","copyrightHolder":{"@id":"https:\/\/www.apfelpatient.de\/en\/#organization"}},{"@type":"WebPage","@id":"https:\/\/www.apfelpatient.de\/rumors\/neues-ipad-pro-ipad-mini-details-zu-funktionen-und-design","url":"https:\/\/www.apfelpatient.de\/rumors\/neues-ipad-pro-ipad-mini-details-zu-funktionen-und-design","name":"New iPad Pro &amp; iPad mini: Details on functions and design","isPartOf":{"@id":"https:\/\/www.apfelpatient.de\/#website"},"primaryImageOfPage":{"@id":"https:\/\/www.apfelpatient.de\/rumors\/neues-ipad-pro-ipad-mini-details-zu-funktionen-und-design#primaryimage"},"image":{"@id":"https:\/\/www.apfelpatient.de\/rumors\/neues-ipad-pro-ipad-mini-details-zu-funktionen-und-design#primaryimage"},"thumbnailUrl":"https:\/\/www.apfelpatient.de\/wp-content\/uploads\/2021\/06\/bigstock-Alanya-Turkey-May-421703717.jpg","datePublished":"2021-06-04T12:33:18+00:00","dateModified":"2021-06-04T12:33:19+00:00","description":"Apple recently officially introduced the new iPad Pro generation. But the company is already working on its successor.","breadcrumb":{"@id":"https:\/\/www.apfelpatient.de\/rumors\/neues-ipad-pro-ipad-mini-details-zu-funktionen-und-design#breadcrumb"},"inLanguage":"en-US","potentialAction":[{"@type":"ReadAction","target":["https:\/\/www.apfelpatient.de\/rumors\/neues-ipad-pro-ipad-mini-details-zu-funktionen-und-design"]}]},{"@type":"ImageObject","inLanguage":"en-US","@id":"https:\/\/www.apfelpatient.de\/rumors\/neues-ipad-pro-ipad-mini-details-zu-funktionen-und-design#primaryimage","url":"https:\/\/www.apfelpatient.de\/wp-content\/uploads\/2021\/06\/bigstock-Alanya-Turkey-May-421703717.jpg","contentUrl":"https:\/\/www.apfelpatient.de\/wp-content\/uploads\/2021\/06\/bigstock-Alanya-Turkey-May-421703717.jpg","width":1600,"height":1067,"caption":"Alanya, Turkey - May 14, 2021: Man hand holding iPad Air IOS 14 with widget on the home screen. iPad was created and developed by the Apple inc."},{"@type":"BreadcrumbList","@id":"https:\/\/www.apfelpatient.de\/rumors\/neues-ipad-pro-ipad-mini-details-zu-funktionen-und-design#breadcrumb","itemListElement":[{"@type":"ListItem","position":1,"name":"Startseite","item":"https:\/\/www.apfelpatient.de\/"},{"@type":"ListItem","position":2,"name":"Neues iPad Pro &#038; iPad mini: Details zu Funktionen und Design"}]},{"@type":"WebSite","@id":"https:\/\/www.apfelpatient.de\/#website","url":"https:\/\/www.apfelpatient.de\/","name":"apple patient","description":"Everything about Apple!","publisher":{"@type":"Organization","@id":"https:\/\/www.apfelpatient.de\/en\/#organization","name":"Apfelpatient","url":"https:\/\/www.apfelpatient.de\/en\/"},"alternateName":"Apfelpatient","potentialAction":[{"@type":"SearchAction","target":{"@type":"EntryPoint","urlTemplate":"https:\/\/www.apfelpatient.de\/?s={search_term_string}"},"query-input":{"@type":"PropertyValueSpecification","valueRequired":true,"valueName":"search_term_string"}}],"inLanguage":"en-US"},{"@type":["Person","Organization"],"@id":"https:\/\/www.apfelpatient.de\/#\/schema\/person\/7dc56ad6c8e9824b76d2c08d4c140e13","name":"Milan","logo":{"@id":"https:\/\/www.apfelpatient.de\/#\/schema\/person\/image\/"},"description":"Hello and welcome to my technology blog! As a big Apple fan, I report on everything to do with Apple: from the latest news and exciting rumors to helpful tips and tricks and detailed product tests. If you are as enthusiastic about technology as I am, you have come to the right place!","sameAs":["https:\/\/www.facebook.com\/apfelpatientOfficial","https:\/\/www.linkedin.com\/in\/milan-jovicic-42aa0231b"],"url":"https:\/\/www.apfelpatient.de\/en\/author\/apfeladmin"}]}},"_links":{"self":[{"href":"https:\/\/www.apfelpatient.de\/en\/wp-json\/wp\/v2\/posts\/23134","targetHints":{"allow":["GET"]}}],"collection":[{"href":"https:\/\/www.apfelpatient.de\/en\/wp-json\/wp\/v2\/posts"}],"about":[{"href":"https:\/\/www.apfelpatient.de\/en\/wp-json\/wp\/v2\/types\/post"}],"author":[{"embeddable":true,"href":"https:\/\/www.apfelpatient.de\/en\/wp-json\/wp\/v2\/users\/2"}],"replies":[{"embeddable":true,"href":"https:\/\/www.apfelpatient.de\/en\/wp-json\/wp\/v2\/comments?post=23134"}],"version-history":[{"count":0,"href":"https:\/\/www.apfelpatient.de\/en\/wp-json\/wp\/v2\/posts\/23134\/revisions"}],"wp:featuredmedia":[{"embeddable":true,"href":"https:\/\/www.apfelpatient.de\/en\/wp-json\/wp\/v2\/media\/23133"}],"wp:attachment":[{"href":"https:\/\/www.apfelpatient.de\/en\/wp-json\/wp\/v2\/media?parent=23134"}],"wp:term":[{"taxonomy":"category","embeddable":true,"href":"https:\/\/www.apfelpatient.de\/en\/wp-json\/wp\/v2\/categories?post=23134"},{"taxonomy":"post_tag","embeddable":true,"href":"https:\/\/www.apfelpatient.de\/en\/wp-json\/wp\/v2\/tags?post=23134"}],"curies":[{"name":"wp","href":"https:\/\/api.w.org\/{rel}","templated":true}]}}