{"id":23078,"date":"2021-06-02T14:17:06","date_gmt":"2021-06-02T12:17:06","guid":{"rendered":"https:\/\/www.apfelpatient.de\/?p=23078"},"modified":"2021-06-02T14:17:07","modified_gmt":"2021-06-02T12:17:07","slug":"amazon-announces-amazon-prime-day-2021","status":"publish","type":"post","link":"https:\/\/www.apfelpatient.de\/en\/news\/amazon-kuendigt-den-amazon-prime-day-2021-an","title":{"rendered":"Amazon announces Amazon Prime Day 2021"},"content":{"rendered":"<p class=\"has-drop-cap\"><strong>Amazon has confirmed that it will hold its Amazon Prime Day sales event on Monday, June 21 through Tuesday, June 22, 2021.<\/strong><\/p>\n\n\n\n<p>After the annual sale was postponed to October in 2020 due to COVID-19, Amazon has moved it forward a bit this time. Instead of the traditional July date, it will take place in the third week of June. Amazon Prime Day originally took place on a single day in July 2015, launched to mark the retailer&#039;s 20th anniversary. It returned in 2016, and in 2017 the 24-hour sale was extended to 30 hours.<\/p>\n\n\n\n<h3 class=\"wp-block-heading\" id=\"h-amazon-prime-day-sparen-was-das-zeug-h-lt\">Amazon Prime Day: Save as much as you can<\/h3>\n\n\n\n\n\n\n\n<p>In 2018, the event was extended to 36 hours. In 2019, the current two-day format was introduced. This format consists of releasing a series of discounted special offers on over a million deals during the event. To enjoy the offers, customers must be a member of Amazon Prime - but they can sign up for a 30-day trial of the service to qualify. You can find out more about Prime Day <a href=\"https:\/\/amzn.to\/3yTTSPr\" target=\"_blank\" rel=\"noreferrer noopener\">on the Amazon homepage<\/a>. As always, we will of course report on the coolest offers and the corresponding products <a href=\"https:\/\/www.amazon.de\/shop\/apfelpatientofficial\" target=\"_blank\" rel=\"noreferrer noopener\">in our Amazon Storefront<\/a> link. (Photo by hadrian \/ Bigstockphoto)<\/p>\n\n\n\n<ul class=\"wp-block-list\"><li><a href=\"https:\/\/www.apfelpatient.de\/en\/tests-experience-reports\/magsafe-accessories-that-can-ankers-magnetic-5k-battery-pack\">MagSafe accessories: This is what Anker&#039;s Magnetic 5K battery pack can do<\/a><\/li><\/ul>\n\n\n\n<h6 class=\"wp-block-heading translation-block\" id=\"h-kennt-ihr-schon-unsere-amazon-storefront-dort-findet-ihr-eine-handverlesene-auswahl-von-diversen-produkten-f-r-euer-iphone-und-co-viel-spa-beim-st-bern\"><em>Have you already visited our Amazon Storefront? There you&#039;ll find a hand-picked selection of various products for your iPhone and other devices \u2013 <span class=\"has-inline-color has-vivid-red-color\"><a href=\"https:\/\/www.amazon.de\/shop\/apfelpatientofficial\" class=\"ek-link\" data-wpel-link=\"exclude\" rel=\"follow noopener\" target=\"_self\"><span style=\"text-decoration: underline\" class=\"ek-underline\">enjoy browsing<\/span><\/a> !<\/span><\/em><\/h6>\n\n\n\n<h6 class=\"wp-block-heading translation-block\" id=\"h-der-beitrag-enthalt-partnerlinks\">This post contains <a data-type=\"URL\" data-id=\"https:\/\/www.apfelpatient.de\/partnerprogramm\" href=\"https:\/\/www.apfelpatient.de\/en\/partner-program\" data-wpel-link=\"internal\" target=\"_self\">affiliate links<\/a>.<\/h6>","protected":false},"excerpt":{"rendered":"<p>Savings: Amazon has confirmed that it will hold its \u201eAmazon Prime Day\u201c sales event later this month.<\/p>","protected":false},"author":2,"featured_media":23076,"comment_status":"closed","ping_status":"closed","sticky":false,"template":"","format":"standard","meta":{"jnews-multi-image_gallery":[],"jnews_single_post":{"subtitle":"","format":"standard","video":"","gallery":"","source_name":"","source_url":"","via_name":"","via_url":"","override":[{"single_blog_custom":"","sidebar":"","second_sidebar":"","share_position":"","share_float_style":"","post_date_format":"","post_date_format_custom":"","post_reading_time_wpm":"","zoom_button_out_step":"1","zoom_button_in_step":"1","number_popup_post":"1"}],"image_override":[{"single_post_thumbnail_size":"","single_post_gallery_size":""}],"trending_post_position":"","trending_post_label":"","sponsored_post_label":"","sponsored_post_name":"","sponsored_post_url":"","sponsored_post_logo":"","sponsored_post_desc":""},"jnews_primary_category":{"id":"9"},"footnotes":""},"categories":[9],"tags":[146,14,18,8,40,13],"class_list":["post-23078","post","type-post","status-publish","format-standard","has-post-thumbnail","hentry","category-news","tag-amazon","tag-apple-watch","tag-ipad","tag-iphone","tag-mac","tag-techpatient"],"yoast_head":"<!-- This site is optimized with the Yoast SEO Premium plugin v27.5 (Yoast SEO v27.5) - https:\/\/yoast.com\/product\/yoast-seo-premium-wordpress\/ -->\n<title>Amazon k\u00fcndigt den Amazon Prime Day 2021 an Apfelpatient<\/title>\n<meta name=\"description\" content=\"Sparen: Amazon hat best\u00e4tigt, dass es sein &quot;Amazon Prime Day&quot;-Verkaufsevent noch in diesem Monat veranstaltet wird.\" \/>\n<meta name=\"robots\" content=\"index, follow, max-snippet:-1, max-image-preview:large, max-video-preview:-1\" \/>\n<link rel=\"canonical\" href=\"https:\/\/www.apfelpatient.de\/en\/news\/amazon-announces-amazon-prime-day-2021\" \/>\n<meta property=\"og:locale\" content=\"en_US\" \/>\n<meta property=\"og:type\" content=\"article\" \/>\n<meta property=\"og:title\" content=\"Amazon k\u00fcndigt den Amazon Prime Day 2021 an\" \/>\n<meta property=\"og:description\" content=\"Sparen: Amazon hat best\u00e4tigt, dass es sein &quot;Amazon Prime Day&quot;-Verkaufsevent noch in diesem Monat veranstaltet wird.\" \/>\n<meta property=\"og:url\" content=\"https:\/\/www.apfelpatient.de\/en\/news\/amazon-announces-amazon-prime-day-2021\" \/>\n<meta property=\"og:site_name\" content=\"Apfelpatient\" \/>\n<meta property=\"article:publisher\" content=\"https:\/\/www.facebook.com\/apfelpatientOfficial\" \/>\n<meta property=\"article:author\" content=\"https:\/\/www.facebook.com\/apfelpatientOfficial\" \/>\n<meta property=\"article:published_time\" content=\"2021-06-02T12:17:06+00:00\" \/>\n<meta property=\"article:modified_time\" content=\"2021-06-02T12:17:07+00:00\" \/>\n<meta property=\"og:image\" content=\"https:\/\/www.apfelpatient.de\/wp-content\/uploads\/2021\/06\/bigstock-Paris-France-Jul-A-312816103.jpg\" \/>\n\t<meta property=\"og:image:width\" content=\"1600\" \/>\n\t<meta property=\"og:image:height\" content=\"962\" \/>\n\t<meta property=\"og:image:type\" content=\"image\/jpeg\" \/>\n<meta name=\"author\" content=\"Milan\" \/>\n<meta name=\"twitter:card\" content=\"summary_large_image\" \/>\n<meta name=\"twitter:description\" content=\"Sparen: Amazon hat best\u00e4tigt, dass es sein &quot;Amazon Prime Day&quot;-Verkaufsevent noch in diesem Monat veranstaltet wird.\" \/>\n<meta name=\"twitter:label1\" content=\"Written by\" \/>\n\t<meta name=\"twitter:data1\" content=\"Milan\" \/>\n\t<meta name=\"twitter:label2\" content=\"Est. reading time\" \/>\n\t<meta name=\"twitter:data2\" content=\"1 minute\" \/>\n<script type=\"application\/ld+json\" class=\"yoast-schema-graph\">{\"@context\":\"https:\\\/\\\/schema.org\",\"@graph\":[{\"@type\":\"NewsArticle\",\"@id\":\"https:\\\/\\\/www.apfelpatient.de\\\/news\\\/amazon-kuendigt-den-amazon-prime-day-2021-an#article\",\"isPartOf\":{\"@id\":\"https:\\\/\\\/www.apfelpatient.de\\\/news\\\/amazon-kuendigt-den-amazon-prime-day-2021-an\"},\"author\":{\"@type\":\"Organization\",\"@id\":\"https:\\\/\\\/www.apfelpatient.de\\\/en\\\/#organization\",\"name\":\"Apfelpatient\",\"url\":\"https:\\\/\\\/www.apfelpatient.de\\\/en\\\/\"},\"headline\":\"Amazon k\u00fcndigt den Amazon Prime Day 2021 an\",\"datePublished\":\"2021-06-02T12:17:06+00:00\",\"dateModified\":\"2021-06-02T12:17:07+00:00\",\"mainEntityOfPage\":{\"@id\":\"https:\\\/\\\/www.apfelpatient.de\\\/news\\\/amazon-kuendigt-den-amazon-prime-day-2021-an\"},\"wordCount\":231,\"publisher\":{\"@type\":\"Organization\",\"@id\":\"https:\\\/\\\/www.apfelpatient.de\\\/en\\\/#organization\",\"name\":\"Apfelpatient\",\"url\":\"https:\\\/\\\/www.apfelpatient.de\\\/en\\\/\"},\"image\":{\"@id\":\"https:\\\/\\\/www.apfelpatient.de\\\/news\\\/amazon-kuendigt-den-amazon-prime-day-2021-an#primaryimage\"},\"thumbnailUrl\":\"https:\\\/\\\/www.apfelpatient.de\\\/wp-content\\\/uploads\\\/2021\\\/06\\\/bigstock-Paris-France-Jul-A-312816103.jpg\",\"keywords\":[\"Amazon\",\"Apple Watch\",\"iPad\",\"iPhone\",\"Mac\",\"TechPatient\"],\"articleSection\":\"News\",\"inLanguage\":\"en-US\",\"copyrightYear\":\"2021\",\"copyrightHolder\":{\"@id\":\"https:\\\/\\\/www.apfelpatient.de\\\/en\\\/#organization\"}},{\"@type\":\"WebPage\",\"@id\":\"https:\\\/\\\/www.apfelpatient.de\\\/news\\\/amazon-kuendigt-den-amazon-prime-day-2021-an\",\"url\":\"https:\\\/\\\/www.apfelpatient.de\\\/news\\\/amazon-kuendigt-den-amazon-prime-day-2021-an\",\"name\":\"Amazon k\u00fcndigt den Amazon Prime Day 2021 an Apfelpatient\",\"isPartOf\":{\"@id\":\"https:\\\/\\\/www.apfelpatient.de\\\/#website\"},\"primaryImageOfPage\":{\"@id\":\"https:\\\/\\\/www.apfelpatient.de\\\/news\\\/amazon-kuendigt-den-amazon-prime-day-2021-an#primaryimage\"},\"image\":{\"@id\":\"https:\\\/\\\/www.apfelpatient.de\\\/news\\\/amazon-kuendigt-den-amazon-prime-day-2021-an#primaryimage\"},\"thumbnailUrl\":\"https:\\\/\\\/www.apfelpatient.de\\\/wp-content\\\/uploads\\\/2021\\\/06\\\/bigstock-Paris-France-Jul-A-312816103.jpg\",\"datePublished\":\"2021-06-02T12:17:06+00:00\",\"dateModified\":\"2021-06-02T12:17:07+00:00\",\"description\":\"Sparen: Amazon hat best\u00e4tigt, dass es sein \\\"Amazon Prime Day\\\"-Verkaufsevent noch in diesem Monat veranstaltet wird.\",\"breadcrumb\":{\"@id\":\"https:\\\/\\\/www.apfelpatient.de\\\/news\\\/amazon-kuendigt-den-amazon-prime-day-2021-an#breadcrumb\"},\"inLanguage\":\"en-US\",\"potentialAction\":[{\"@type\":\"ReadAction\",\"target\":[\"https:\\\/\\\/www.apfelpatient.de\\\/news\\\/amazon-kuendigt-den-amazon-prime-day-2021-an\"]}]},{\"@type\":\"ImageObject\",\"inLanguage\":\"en-US\",\"@id\":\"https:\\\/\\\/www.apfelpatient.de\\\/news\\\/amazon-kuendigt-den-amazon-prime-day-2021-an#primaryimage\",\"url\":\"https:\\\/\\\/www.apfelpatient.de\\\/wp-content\\\/uploads\\\/2021\\\/06\\\/bigstock-Paris-France-Jul-A-312816103.jpg\",\"contentUrl\":\"https:\\\/\\\/www.apfelpatient.de\\\/wp-content\\\/uploads\\\/2021\\\/06\\\/bigstock-Paris-France-Jul-A-312816103.jpg\",\"width\":1600,\"height\":962,\"caption\":\"PARIS, FRANCE - JUL 16 2019: Apple Laptop with Amazon Prime Day shopping deals on the Dutch website\"},{\"@type\":\"BreadcrumbList\",\"@id\":\"https:\\\/\\\/www.apfelpatient.de\\\/news\\\/amazon-kuendigt-den-amazon-prime-day-2021-an#breadcrumb\",\"itemListElement\":[{\"@type\":\"ListItem\",\"position\":1,\"name\":\"Startseite\",\"item\":\"https:\\\/\\\/www.apfelpatient.de\\\/\"},{\"@type\":\"ListItem\",\"position\":2,\"name\":\"Amazon k\u00fcndigt den Amazon Prime Day 2021 an\"}]},{\"@type\":\"WebSite\",\"@id\":\"https:\\\/\\\/www.apfelpatient.de\\\/#website\",\"url\":\"https:\\\/\\\/www.apfelpatient.de\\\/\",\"name\":\"Apfelpatient\",\"description\":\"Alles rund um Apple!\",\"publisher\":{\"@type\":\"Organization\",\"@id\":\"https:\\\/\\\/www.apfelpatient.de\\\/en\\\/#organization\",\"name\":\"Apfelpatient\",\"url\":\"https:\\\/\\\/www.apfelpatient.de\\\/en\\\/\"},\"alternateName\":\"Apfelpatient\",\"potentialAction\":[{\"@type\":\"SearchAction\",\"target\":{\"@type\":\"EntryPoint\",\"urlTemplate\":\"https:\\\/\\\/www.apfelpatient.de\\\/?s={search_term_string}\"},\"query-input\":{\"@type\":\"PropertyValueSpecification\",\"valueRequired\":true,\"valueName\":\"search_term_string\"}}],\"inLanguage\":\"en-US\"},{\"@type\":[\"Person\",\"Organization\"],\"@id\":\"https:\\\/\\\/www.apfelpatient.de\\\/#\\\/schema\\\/person\\\/7dc56ad6c8e9824b76d2c08d4c140e13\",\"name\":\"Milan\",\"logo\":{\"@id\":\"https:\\\/\\\/www.apfelpatient.de\\\/#\\\/schema\\\/person\\\/image\\\/\"},\"description\":\"Hallo und herzlich willkommen auf meinem Technik-Blog! Als gro\u00dfer Apple-Fan berichte ich hier \u00fcber alles, was mit Apple zu tun hat: von den neuesten News und spannenden Ger\u00fcchten \u00fcber hilfreiche Tipps und Tricks bis hin zu ausf\u00fchrlichen Produkttests. Wenn du genauso technikbegeistert bist wie ich, bist du hier genau richtig!\",\"sameAs\":[\"https:\\\/\\\/www.facebook.com\\\/apfelpatientOfficial\",\"https:\\\/\\\/www.linkedin.com\\\/in\\\/milan-jovicic-42aa0231b\"],\"url\":\"https:\\\/\\\/www.apfelpatient.de\\\/en\\\/author\\\/apfeladmin\"}]}<\/script>\n<!-- \/ Yoast SEO Premium plugin. -->","yoast_head_json":{"title":"Amazon announces Amazon Prime Day 2021 Apfelpatient","description":"Save: Amazon has confirmed that it will hold its &quot;Amazon Prime Day&quot; sales event later this month.","robots":{"index":"index","follow":"follow","max-snippet":"max-snippet:-1","max-image-preview":"max-image-preview:large","max-video-preview":"max-video-preview:-1"},"canonical":"https:\/\/www.apfelpatient.de\/en\/news\/amazon-announces-amazon-prime-day-2021","og_locale":"en_US","og_type":"article","og_title":"Amazon k\u00fcndigt den Amazon Prime Day 2021 an","og_description":"Sparen: Amazon hat best\u00e4tigt, dass es sein \"Amazon Prime Day\"-Verkaufsevent noch in diesem Monat veranstaltet wird.","og_url":"https:\/\/www.apfelpatient.de\/en\/news\/amazon-announces-amazon-prime-day-2021","og_site_name":"Apfelpatient","article_publisher":"https:\/\/www.facebook.com\/apfelpatientOfficial","article_author":"https:\/\/www.facebook.com\/apfelpatientOfficial","article_published_time":"2021-06-02T12:17:06+00:00","article_modified_time":"2021-06-02T12:17:07+00:00","og_image":[{"width":1600,"height":962,"url":"https:\/\/www.apfelpatient.de\/wp-content\/uploads\/2021\/06\/bigstock-Paris-France-Jul-A-312816103.jpg","type":"image\/jpeg"}],"author":"Milan","twitter_card":"summary_large_image","twitter_description":"Sparen: Amazon hat best\u00e4tigt, dass es sein \"Amazon Prime Day\"-Verkaufsevent noch in diesem Monat veranstaltet wird.","twitter_misc":{"Written by":"Milan","Est. reading time":"1 minute"},"schema":{"@context":"https:\/\/schema.org","@graph":[{"@type":"NewsArticle","@id":"https:\/\/www.apfelpatient.de\/news\/amazon-kuendigt-den-amazon-prime-day-2021-an#article","isPartOf":{"@id":"https:\/\/www.apfelpatient.de\/news\/amazon-kuendigt-den-amazon-prime-day-2021-an"},"author":{"@type":"Organization","@id":"https:\/\/www.apfelpatient.de\/en\/#organization","name":"Apfelpatient","url":"https:\/\/www.apfelpatient.de\/en\/"},"headline":"Amazon k\u00fcndigt den Amazon Prime Day 2021 an","datePublished":"2021-06-02T12:17:06+00:00","dateModified":"2021-06-02T12:17:07+00:00","mainEntityOfPage":{"@id":"https:\/\/www.apfelpatient.de\/news\/amazon-kuendigt-den-amazon-prime-day-2021-an"},"wordCount":231,"publisher":{"@type":"Organization","@id":"https:\/\/www.apfelpatient.de\/en\/#organization","name":"Apfelpatient","url":"https:\/\/www.apfelpatient.de\/en\/"},"image":{"@id":"https:\/\/www.apfelpatient.de\/news\/amazon-kuendigt-den-amazon-prime-day-2021-an#primaryimage"},"thumbnailUrl":"https:\/\/www.apfelpatient.de\/wp-content\/uploads\/2021\/06\/bigstock-Paris-France-Jul-A-312816103.jpg","keywords":["Amazon","Apple Watch","iPad","iPhone","Mac","TechPatient"],"articleSection":"News","inLanguage":"en-US","copyrightYear":"2021","copyrightHolder":{"@id":"https:\/\/www.apfelpatient.de\/en\/#organization"}},{"@type":"WebPage","@id":"https:\/\/www.apfelpatient.de\/news\/amazon-kuendigt-den-amazon-prime-day-2021-an","url":"https:\/\/www.apfelpatient.de\/news\/amazon-kuendigt-den-amazon-prime-day-2021-an","name":"Amazon announces Amazon Prime Day 2021 Apfelpatient","isPartOf":{"@id":"https:\/\/www.apfelpatient.de\/#website"},"primaryImageOfPage":{"@id":"https:\/\/www.apfelpatient.de\/news\/amazon-kuendigt-den-amazon-prime-day-2021-an#primaryimage"},"image":{"@id":"https:\/\/www.apfelpatient.de\/news\/amazon-kuendigt-den-amazon-prime-day-2021-an#primaryimage"},"thumbnailUrl":"https:\/\/www.apfelpatient.de\/wp-content\/uploads\/2021\/06\/bigstock-Paris-France-Jul-A-312816103.jpg","datePublished":"2021-06-02T12:17:06+00:00","dateModified":"2021-06-02T12:17:07+00:00","description":"Save: Amazon has confirmed that it will hold its &quot;Amazon Prime Day&quot; sales event later this month.","breadcrumb":{"@id":"https:\/\/www.apfelpatient.de\/news\/amazon-kuendigt-den-amazon-prime-day-2021-an#breadcrumb"},"inLanguage":"en-US","potentialAction":[{"@type":"ReadAction","target":["https:\/\/www.apfelpatient.de\/news\/amazon-kuendigt-den-amazon-prime-day-2021-an"]}]},{"@type":"ImageObject","inLanguage":"en-US","@id":"https:\/\/www.apfelpatient.de\/news\/amazon-kuendigt-den-amazon-prime-day-2021-an#primaryimage","url":"https:\/\/www.apfelpatient.de\/wp-content\/uploads\/2021\/06\/bigstock-Paris-France-Jul-A-312816103.jpg","contentUrl":"https:\/\/www.apfelpatient.de\/wp-content\/uploads\/2021\/06\/bigstock-Paris-France-Jul-A-312816103.jpg","width":1600,"height":962,"caption":"PARIS, FRANCE - JUL 16 2019: Apple Laptop with Amazon Prime Day shopping deals on the Dutch website"},{"@type":"BreadcrumbList","@id":"https:\/\/www.apfelpatient.de\/news\/amazon-kuendigt-den-amazon-prime-day-2021-an#breadcrumb","itemListElement":[{"@type":"ListItem","position":1,"name":"Startseite","item":"https:\/\/www.apfelpatient.de\/"},{"@type":"ListItem","position":2,"name":"Amazon k\u00fcndigt den Amazon Prime Day 2021 an"}]},{"@type":"WebSite","@id":"https:\/\/www.apfelpatient.de\/#website","url":"https:\/\/www.apfelpatient.de\/","name":"apple patient","description":"Everything about Apple!","publisher":{"@type":"Organization","@id":"https:\/\/www.apfelpatient.de\/en\/#organization","name":"Apfelpatient","url":"https:\/\/www.apfelpatient.de\/en\/"},"alternateName":"Apfelpatient","potentialAction":[{"@type":"SearchAction","target":{"@type":"EntryPoint","urlTemplate":"https:\/\/www.apfelpatient.de\/?s={search_term_string}"},"query-input":{"@type":"PropertyValueSpecification","valueRequired":true,"valueName":"search_term_string"}}],"inLanguage":"en-US"},{"@type":["Person","Organization"],"@id":"https:\/\/www.apfelpatient.de\/#\/schema\/person\/7dc56ad6c8e9824b76d2c08d4c140e13","name":"Milan","logo":{"@id":"https:\/\/www.apfelpatient.de\/#\/schema\/person\/image\/"},"description":"Hello and welcome to my technology blog! As a big Apple fan, I report on everything to do with Apple: from the latest news and exciting rumors to helpful tips and tricks and detailed product tests. If you are as enthusiastic about technology as I am, you have come to the right place!","sameAs":["https:\/\/www.facebook.com\/apfelpatientOfficial","https:\/\/www.linkedin.com\/in\/milan-jovicic-42aa0231b"],"url":"https:\/\/www.apfelpatient.de\/en\/author\/apfeladmin"}]}},"_links":{"self":[{"href":"https:\/\/www.apfelpatient.de\/en\/wp-json\/wp\/v2\/posts\/23078","targetHints":{"allow":["GET"]}}],"collection":[{"href":"https:\/\/www.apfelpatient.de\/en\/wp-json\/wp\/v2\/posts"}],"about":[{"href":"https:\/\/www.apfelpatient.de\/en\/wp-json\/wp\/v2\/types\/post"}],"author":[{"embeddable":true,"href":"https:\/\/www.apfelpatient.de\/en\/wp-json\/wp\/v2\/users\/2"}],"replies":[{"embeddable":true,"href":"https:\/\/www.apfelpatient.de\/en\/wp-json\/wp\/v2\/comments?post=23078"}],"version-history":[{"count":0,"href":"https:\/\/www.apfelpatient.de\/en\/wp-json\/wp\/v2\/posts\/23078\/revisions"}],"wp:featuredmedia":[{"embeddable":true,"href":"https:\/\/www.apfelpatient.de\/en\/wp-json\/wp\/v2\/media\/23076"}],"wp:attachment":[{"href":"https:\/\/www.apfelpatient.de\/en\/wp-json\/wp\/v2\/media?parent=23078"}],"wp:term":[{"taxonomy":"category","embeddable":true,"href":"https:\/\/www.apfelpatient.de\/en\/wp-json\/wp\/v2\/categories?post=23078"},{"taxonomy":"post_tag","embeddable":true,"href":"https:\/\/www.apfelpatient.de\/en\/wp-json\/wp\/v2\/tags?post=23078"}],"curies":[{"name":"wp","href":"https:\/\/api.w.org\/{rel}","templated":true}]}}