{"id":23021,"date":"2021-05-31T14:10:56","date_gmt":"2021-05-31T12:10:56","guid":{"rendered":"https:\/\/www.apfelpatient.de\/?p=23021"},"modified":"2021-05-31T14:10:56","modified_gmt":"2021-05-31T12:10:56","slug":"retail-apple-wants-to-open-more-apple-stores","status":"publish","type":"post","link":"https:\/\/www.apfelpatient.de\/en\/news\/einzelhandel-apple-moechte-weitere-apple-stores-eroeffnen","title":{"rendered":"Retail: Apple wants to open more Apple Stores"},"content":{"rendered":"<p class=\"has-drop-cap\"><strong>Despite the dramatic impact of the coronavirus on retail, Apple has announced that it plans to continue expanding the number of physical Apple Stores operated by the company.<\/strong><\/p>\n\n\n\n<p>Apple has already planned a major expansion of its global chain of Apple Stores in the past and regularly renovated existing stores. However, the COVID-19 pandemic has had a major impact on the entire retail sector. For this reason, the Apple Online Store has also been redesigned accordingly. According to <a href=\"https:\/\/www.bloomberg.com\/news\/articles\/2021-05-30\/apple-to-open-more-stores-even-as-pandemic-drives-online-sales\" target=\"_blank\" rel=\"noreferrer noopener\">Bloomberg<\/a> Apple has now said that it is sticking to its expansion plans. In a brief statement to the Funke Media Group, Apple&#039;s Senior Vice President of Retail and People, Deirdre O&#039;Brien, confirmed the move. She explained:<\/p>\n\n\n\n<h3 class=\"wp-block-heading\" id=\"h-apple-via-del-corso-apples-neuester-store-in-rom\">Apple Via del Corso: Apple&#039;s newest store in Rome<\/h3>\n\n\n\n\n\n\n\n<blockquote class=\"wp-block-quote is-layout-flow wp-block-quote-is-layout-flow\"><p>On our online site, people can learn a lot about the products. In a store, they can touch them and get a feel for them. We plan to open more stores.<\/p><\/blockquote>\n\n\n\n<p>O&#039;Brien did not provide any further details - including whether the plans apply worldwide or only within the States. However, wherever Apple builds, it is a sign of confidence in the return of retail. Large retailers around the world, such as the British fashion chain Topshop, have collapsed, while others, including Microsoft, have closed their stores permanently. Apple has not been unaffected by this either. The company recently followed the majority of retailers and closed its stores at the MacArthur Center in Norfolk, Virginia. Likewise, Apple has just opened a new large Apple Store in Rome. The Apple Via del Corso is located inside the large Palazzo Marignoli, which Apple has renovated. (Image: Apple)<\/p>\n\n\n\n<ul class=\"wp-block-list\"><li><a href=\"https:\/\/www.apfelpatient.de\/en\/news\/in-rome-apple-announces-the-opening-of-the-apple-via-del-corso-store\">In Rome: Apple announces opening of Apple Via del Corso Store<\/a><\/li><\/ul>\n\n\n\n<h6 class=\"wp-block-heading translation-block\" id=\"h-kennt-ihr-schon-unsere-amazon-storefront-dort-findet-ihr-eine-handverlesene-auswahl-von-diversen-produkten-f-r-euer-iphone-und-co-viel-spa-beim-st-bern\"><em>Have you already visited our Amazon Storefront? There you&#039;ll find a hand-picked selection of various products for your iPhone and other devices \u2013 <span class=\"has-inline-color has-vivid-red-color\"><a href=\"https:\/\/www.amazon.de\/shop\/apfelpatientofficial\" class=\"ek-link\" data-wpel-link=\"exclude\" rel=\"follow noopener\" target=\"_self\"><span style=\"text-decoration: underline\" class=\"ek-underline\">enjoy browsing<\/span><\/a> !<\/span><\/em><\/h6>\n\n\n\n<h6 class=\"wp-block-heading translation-block\" id=\"h-der-beitrag-enthalt-partnerlinks\">This post contains <a data-type=\"URL\" data-id=\"https:\/\/www.apfelpatient.de\/partnerprogramm\" href=\"https:\/\/www.apfelpatient.de\/en\/partner-program\" data-wpel-link=\"internal\" target=\"_self\">affiliate links<\/a>.<\/h6>","protected":false},"excerpt":{"rendered":"<p>More are to follow: Apple has already planned a major expansion of its worldwide chain of Apple Stores in the past.<\/p>","protected":false},"author":2,"featured_media":22891,"comment_status":"closed","ping_status":"closed","sticky":false,"template":"","format":"standard","meta":{"jnews-multi-image_gallery":[],"jnews_single_post":{"subtitle":"","format":"standard","video":"","gallery":"","source_name":"","source_url":"","via_name":"","via_url":"","override":[{"single_blog_custom":"","sidebar":"","second_sidebar":"","share_position":"","share_float_style":"","post_date_format":"","post_date_format_custom":"","post_reading_time_wpm":"","zoom_button_out_step":"1","zoom_button_in_step":"1","number_popup_post":"1"}],"image_override":[{"single_post_thumbnail_size":"","single_post_gallery_size":""}],"trending_post_position":"","trending_post_label":"","sponsored_post_label":"","sponsored_post_name":"","sponsored_post_url":"","sponsored_post_logo":"","sponsored_post_desc":""},"jnews_primary_category":{"id":"9"},"footnotes":""},"categories":[9],"tags":[13],"class_list":["post-23021","post","type-post","status-publish","format-standard","has-post-thumbnail","hentry","category-news","tag-techpatient"],"yoast_head":"<!-- This site is optimized with the Yoast SEO Premium plugin v27.5 (Yoast SEO v27.5) - https:\/\/yoast.com\/product\/yoast-seo-premium-wordpress\/ -->\n<title>Einzelhandel: Apple m\u00f6chte weitere Apple Stores er\u00f6ffnen Apfelpatient<\/title>\n<meta name=\"description\" content=\"Weitere sollen folgen: Apple hat bereits in der Vergangenheit eine gro\u00dfe Expansion seiner weltweiten Kette von Apple Stores geplant.\" \/>\n<meta name=\"robots\" content=\"index, follow, max-snippet:-1, max-image-preview:large, max-video-preview:-1\" \/>\n<link rel=\"canonical\" href=\"https:\/\/www.apfelpatient.de\/en\/news\/retail-apple-wants-to-open-more-apple-stores\" \/>\n<meta property=\"og:locale\" content=\"en_US\" \/>\n<meta property=\"og:type\" content=\"article\" \/>\n<meta property=\"og:title\" content=\"Einzelhandel: Apple m\u00f6chte weitere Apple Stores er\u00f6ffnen\" \/>\n<meta property=\"og:description\" content=\"Weitere sollen folgen: Apple hat bereits in der Vergangenheit eine gro\u00dfe Expansion seiner weltweiten Kette von Apple Stores geplant.\" \/>\n<meta property=\"og:url\" content=\"https:\/\/www.apfelpatient.de\/en\/news\/retail-apple-wants-to-open-more-apple-stores\" \/>\n<meta property=\"og:site_name\" content=\"Apfelpatient\" \/>\n<meta property=\"article:publisher\" content=\"https:\/\/www.facebook.com\/apfelpatientOfficial\" \/>\n<meta property=\"article:author\" content=\"https:\/\/www.facebook.com\/apfelpatientOfficial\" \/>\n<meta property=\"article:published_time\" content=\"2021-05-31T12:10:56+00:00\" \/>\n<meta property=\"og:image\" content=\"https:\/\/www.apfelpatient.de\/wp-content\/uploads\/2021\/05\/Apple_Via-Del-Corso-opens-in-Rome-interior-screen-wall-area_052721.jpg\" \/>\n\t<meta property=\"og:image:width\" content=\"1600\" \/>\n\t<meta property=\"og:image:height\" content=\"1061\" \/>\n\t<meta property=\"og:image:type\" content=\"image\/jpeg\" \/>\n<meta name=\"author\" content=\"Milan\" \/>\n<meta name=\"twitter:card\" content=\"summary_large_image\" \/>\n<meta name=\"twitter:description\" content=\"Weitere sollen folgen: Apple hat bereits in der Vergangenheit eine gro\u00dfe Expansion seiner weltweiten Kette von Apple Stores geplant.\" \/>\n<meta name=\"twitter:label1\" content=\"Written by\" \/>\n\t<meta name=\"twitter:data1\" content=\"Milan\" \/>\n\t<meta name=\"twitter:label2\" content=\"Est. reading time\" \/>\n\t<meta name=\"twitter:data2\" content=\"2 minutes\" \/>\n<script type=\"application\/ld+json\" class=\"yoast-schema-graph\">{\"@context\":\"https:\\\/\\\/schema.org\",\"@graph\":[{\"@type\":\"NewsArticle\",\"@id\":\"https:\\\/\\\/www.apfelpatient.de\\\/news\\\/einzelhandel-apple-moechte-weitere-apple-stores-eroeffnen#article\",\"isPartOf\":{\"@id\":\"https:\\\/\\\/www.apfelpatient.de\\\/news\\\/einzelhandel-apple-moechte-weitere-apple-stores-eroeffnen\"},\"author\":{\"@type\":\"Organization\",\"@id\":\"https:\\\/\\\/www.apfelpatient.de\\\/en\\\/#organization\",\"name\":\"Apfelpatient\",\"url\":\"https:\\\/\\\/www.apfelpatient.de\\\/en\\\/\"},\"headline\":\"Einzelhandel: Apple m\u00f6chte weitere Apple Stores er\u00f6ffnen\",\"datePublished\":\"2021-05-31T12:10:56+00:00\",\"mainEntityOfPage\":{\"@id\":\"https:\\\/\\\/www.apfelpatient.de\\\/news\\\/einzelhandel-apple-moechte-weitere-apple-stores-eroeffnen\"},\"wordCount\":309,\"publisher\":{\"@type\":\"Organization\",\"@id\":\"https:\\\/\\\/www.apfelpatient.de\\\/en\\\/#organization\",\"name\":\"Apfelpatient\",\"url\":\"https:\\\/\\\/www.apfelpatient.de\\\/en\\\/\"},\"image\":{\"@id\":\"https:\\\/\\\/www.apfelpatient.de\\\/news\\\/einzelhandel-apple-moechte-weitere-apple-stores-eroeffnen#primaryimage\"},\"thumbnailUrl\":\"https:\\\/\\\/www.apfelpatient.de\\\/wp-content\\\/uploads\\\/2021\\\/05\\\/Apple_Via-Del-Corso-opens-in-Rome-interior-screen-wall-area_052721.jpg\",\"keywords\":[\"TechPatient\"],\"articleSection\":\"News\",\"inLanguage\":\"en-US\",\"copyrightYear\":\"2021\",\"copyrightHolder\":{\"@id\":\"https:\\\/\\\/www.apfelpatient.de\\\/en\\\/#organization\"}},{\"@type\":\"WebPage\",\"@id\":\"https:\\\/\\\/www.apfelpatient.de\\\/news\\\/einzelhandel-apple-moechte-weitere-apple-stores-eroeffnen\",\"url\":\"https:\\\/\\\/www.apfelpatient.de\\\/news\\\/einzelhandel-apple-moechte-weitere-apple-stores-eroeffnen\",\"name\":\"Einzelhandel: Apple m\u00f6chte weitere Apple Stores er\u00f6ffnen Apfelpatient\",\"isPartOf\":{\"@id\":\"https:\\\/\\\/www.apfelpatient.de\\\/#website\"},\"primaryImageOfPage\":{\"@id\":\"https:\\\/\\\/www.apfelpatient.de\\\/news\\\/einzelhandel-apple-moechte-weitere-apple-stores-eroeffnen#primaryimage\"},\"image\":{\"@id\":\"https:\\\/\\\/www.apfelpatient.de\\\/news\\\/einzelhandel-apple-moechte-weitere-apple-stores-eroeffnen#primaryimage\"},\"thumbnailUrl\":\"https:\\\/\\\/www.apfelpatient.de\\\/wp-content\\\/uploads\\\/2021\\\/05\\\/Apple_Via-Del-Corso-opens-in-Rome-interior-screen-wall-area_052721.jpg\",\"datePublished\":\"2021-05-31T12:10:56+00:00\",\"description\":\"Weitere sollen folgen: Apple hat bereits in der Vergangenheit eine gro\u00dfe Expansion seiner weltweiten Kette von Apple Stores geplant.\",\"breadcrumb\":{\"@id\":\"https:\\\/\\\/www.apfelpatient.de\\\/news\\\/einzelhandel-apple-moechte-weitere-apple-stores-eroeffnen#breadcrumb\"},\"inLanguage\":\"en-US\",\"potentialAction\":[{\"@type\":\"ReadAction\",\"target\":[\"https:\\\/\\\/www.apfelpatient.de\\\/news\\\/einzelhandel-apple-moechte-weitere-apple-stores-eroeffnen\"]}]},{\"@type\":\"ImageObject\",\"inLanguage\":\"en-US\",\"@id\":\"https:\\\/\\\/www.apfelpatient.de\\\/news\\\/einzelhandel-apple-moechte-weitere-apple-stores-eroeffnen#primaryimage\",\"url\":\"https:\\\/\\\/www.apfelpatient.de\\\/wp-content\\\/uploads\\\/2021\\\/05\\\/Apple_Via-Del-Corso-opens-in-Rome-interior-screen-wall-area_052721.jpg\",\"contentUrl\":\"https:\\\/\\\/www.apfelpatient.de\\\/wp-content\\\/uploads\\\/2021\\\/05\\\/Apple_Via-Del-Corso-opens-in-Rome-interior-screen-wall-area_052721.jpg\",\"width\":1600,\"height\":1061,\"caption\":\"Bild: Apple Via del Corso Store\"},{\"@type\":\"BreadcrumbList\",\"@id\":\"https:\\\/\\\/www.apfelpatient.de\\\/news\\\/einzelhandel-apple-moechte-weitere-apple-stores-eroeffnen#breadcrumb\",\"itemListElement\":[{\"@type\":\"ListItem\",\"position\":1,\"name\":\"Startseite\",\"item\":\"https:\\\/\\\/www.apfelpatient.de\\\/\"},{\"@type\":\"ListItem\",\"position\":2,\"name\":\"Einzelhandel: Apple m\u00f6chte weitere Apple Stores er\u00f6ffnen\"}]},{\"@type\":\"WebSite\",\"@id\":\"https:\\\/\\\/www.apfelpatient.de\\\/#website\",\"url\":\"https:\\\/\\\/www.apfelpatient.de\\\/\",\"name\":\"Apfelpatient\",\"description\":\"Alles rund um Apple!\",\"publisher\":{\"@type\":\"Organization\",\"@id\":\"https:\\\/\\\/www.apfelpatient.de\\\/en\\\/#organization\",\"name\":\"Apfelpatient\",\"url\":\"https:\\\/\\\/www.apfelpatient.de\\\/en\\\/\"},\"alternateName\":\"Apfelpatient\",\"potentialAction\":[{\"@type\":\"SearchAction\",\"target\":{\"@type\":\"EntryPoint\",\"urlTemplate\":\"https:\\\/\\\/www.apfelpatient.de\\\/?s={search_term_string}\"},\"query-input\":{\"@type\":\"PropertyValueSpecification\",\"valueRequired\":true,\"valueName\":\"search_term_string\"}}],\"inLanguage\":\"en-US\"},{\"@type\":[\"Person\",\"Organization\"],\"@id\":\"https:\\\/\\\/www.apfelpatient.de\\\/#\\\/schema\\\/person\\\/35b3ddba5832f2bfc7fff5206d4f6b7b\",\"name\":\"Milan\",\"logo\":{\"@id\":\"https:\\\/\\\/www.apfelpatient.de\\\/#\\\/schema\\\/person\\\/image\\\/\"},\"description\":\"Hallo und herzlich willkommen auf meinem Technik-Blog! Als gro\u00dfer Apple-Fan berichte ich hier \u00fcber alles, was mit Apple zu tun hat: von den neuesten News und spannenden Ger\u00fcchten \u00fcber hilfreiche Tipps und Tricks bis hin zu ausf\u00fchrlichen Produkttests. Wenn du genauso technikbegeistert bist wie ich, bist du hier genau richtig!\",\"sameAs\":[\"https:\\\/\\\/www.facebook.com\\\/apfelpatientOfficial\",\"https:\\\/\\\/www.linkedin.com\\\/in\\\/milan-jovicic-42aa0231b\"],\"url\":\"https:\\\/\\\/www.apfelpatient.de\\\/en\\\/author\\\/apfeladmin\"}]}<\/script>\n<!-- \/ Yoast SEO Premium plugin. -->","yoast_head_json":{"title":"Retail: Apple wants to open more Apple Stores Apfelpatient","description":"More are to follow: Apple has already planned a major expansion of its worldwide chain of Apple Stores in the past.","robots":{"index":"index","follow":"follow","max-snippet":"max-snippet:-1","max-image-preview":"max-image-preview:large","max-video-preview":"max-video-preview:-1"},"canonical":"https:\/\/www.apfelpatient.de\/en\/news\/retail-apple-wants-to-open-more-apple-stores","og_locale":"en_US","og_type":"article","og_title":"Einzelhandel: Apple m\u00f6chte weitere Apple Stores er\u00f6ffnen","og_description":"Weitere sollen folgen: Apple hat bereits in der Vergangenheit eine gro\u00dfe Expansion seiner weltweiten Kette von Apple Stores geplant.","og_url":"https:\/\/www.apfelpatient.de\/en\/news\/retail-apple-wants-to-open-more-apple-stores","og_site_name":"Apfelpatient","article_publisher":"https:\/\/www.facebook.com\/apfelpatientOfficial","article_author":"https:\/\/www.facebook.com\/apfelpatientOfficial","article_published_time":"2021-05-31T12:10:56+00:00","og_image":[{"width":1600,"height":1061,"url":"https:\/\/www.apfelpatient.de\/wp-content\/uploads\/2021\/05\/Apple_Via-Del-Corso-opens-in-Rome-interior-screen-wall-area_052721.jpg","type":"image\/jpeg"}],"author":"Milan","twitter_card":"summary_large_image","twitter_description":"Weitere sollen folgen: Apple hat bereits in der Vergangenheit eine gro\u00dfe Expansion seiner weltweiten Kette von Apple Stores geplant.","twitter_misc":{"Written by":"Milan","Est. reading time":"2 minutes"},"schema":{"@context":"https:\/\/schema.org","@graph":[{"@type":"NewsArticle","@id":"https:\/\/www.apfelpatient.de\/news\/einzelhandel-apple-moechte-weitere-apple-stores-eroeffnen#article","isPartOf":{"@id":"https:\/\/www.apfelpatient.de\/news\/einzelhandel-apple-moechte-weitere-apple-stores-eroeffnen"},"author":{"@type":"Organization","@id":"https:\/\/www.apfelpatient.de\/en\/#organization","name":"Apfelpatient","url":"https:\/\/www.apfelpatient.de\/en\/"},"headline":"Einzelhandel: Apple m\u00f6chte weitere Apple Stores er\u00f6ffnen","datePublished":"2021-05-31T12:10:56+00:00","mainEntityOfPage":{"@id":"https:\/\/www.apfelpatient.de\/news\/einzelhandel-apple-moechte-weitere-apple-stores-eroeffnen"},"wordCount":309,"publisher":{"@type":"Organization","@id":"https:\/\/www.apfelpatient.de\/en\/#organization","name":"Apfelpatient","url":"https:\/\/www.apfelpatient.de\/en\/"},"image":{"@id":"https:\/\/www.apfelpatient.de\/news\/einzelhandel-apple-moechte-weitere-apple-stores-eroeffnen#primaryimage"},"thumbnailUrl":"https:\/\/www.apfelpatient.de\/wp-content\/uploads\/2021\/05\/Apple_Via-Del-Corso-opens-in-Rome-interior-screen-wall-area_052721.jpg","keywords":["TechPatient"],"articleSection":"News","inLanguage":"en-US","copyrightYear":"2021","copyrightHolder":{"@id":"https:\/\/www.apfelpatient.de\/en\/#organization"}},{"@type":"WebPage","@id":"https:\/\/www.apfelpatient.de\/news\/einzelhandel-apple-moechte-weitere-apple-stores-eroeffnen","url":"https:\/\/www.apfelpatient.de\/news\/einzelhandel-apple-moechte-weitere-apple-stores-eroeffnen","name":"Retail: Apple wants to open more Apple Stores Apfelpatient","isPartOf":{"@id":"https:\/\/www.apfelpatient.de\/#website"},"primaryImageOfPage":{"@id":"https:\/\/www.apfelpatient.de\/news\/einzelhandel-apple-moechte-weitere-apple-stores-eroeffnen#primaryimage"},"image":{"@id":"https:\/\/www.apfelpatient.de\/news\/einzelhandel-apple-moechte-weitere-apple-stores-eroeffnen#primaryimage"},"thumbnailUrl":"https:\/\/www.apfelpatient.de\/wp-content\/uploads\/2021\/05\/Apple_Via-Del-Corso-opens-in-Rome-interior-screen-wall-area_052721.jpg","datePublished":"2021-05-31T12:10:56+00:00","description":"More are to follow: Apple has already planned a major expansion of its worldwide chain of Apple Stores in the past.","breadcrumb":{"@id":"https:\/\/www.apfelpatient.de\/news\/einzelhandel-apple-moechte-weitere-apple-stores-eroeffnen#breadcrumb"},"inLanguage":"en-US","potentialAction":[{"@type":"ReadAction","target":["https:\/\/www.apfelpatient.de\/news\/einzelhandel-apple-moechte-weitere-apple-stores-eroeffnen"]}]},{"@type":"ImageObject","inLanguage":"en-US","@id":"https:\/\/www.apfelpatient.de\/news\/einzelhandel-apple-moechte-weitere-apple-stores-eroeffnen#primaryimage","url":"https:\/\/www.apfelpatient.de\/wp-content\/uploads\/2021\/05\/Apple_Via-Del-Corso-opens-in-Rome-interior-screen-wall-area_052721.jpg","contentUrl":"https:\/\/www.apfelpatient.de\/wp-content\/uploads\/2021\/05\/Apple_Via-Del-Corso-opens-in-Rome-interior-screen-wall-area_052721.jpg","width":1600,"height":1061,"caption":"Bild: Apple Via del Corso Store"},{"@type":"BreadcrumbList","@id":"https:\/\/www.apfelpatient.de\/news\/einzelhandel-apple-moechte-weitere-apple-stores-eroeffnen#breadcrumb","itemListElement":[{"@type":"ListItem","position":1,"name":"Startseite","item":"https:\/\/www.apfelpatient.de\/"},{"@type":"ListItem","position":2,"name":"Einzelhandel: Apple m\u00f6chte weitere Apple Stores er\u00f6ffnen"}]},{"@type":"WebSite","@id":"https:\/\/www.apfelpatient.de\/#website","url":"https:\/\/www.apfelpatient.de\/","name":"apple patient","description":"Everything about Apple!","publisher":{"@type":"Organization","@id":"https:\/\/www.apfelpatient.de\/en\/#organization","name":"Apfelpatient","url":"https:\/\/www.apfelpatient.de\/en\/"},"alternateName":"Apfelpatient","potentialAction":[{"@type":"SearchAction","target":{"@type":"EntryPoint","urlTemplate":"https:\/\/www.apfelpatient.de\/?s={search_term_string}"},"query-input":{"@type":"PropertyValueSpecification","valueRequired":true,"valueName":"search_term_string"}}],"inLanguage":"en-US"},{"@type":["Person","Organization"],"@id":"https:\/\/www.apfelpatient.de\/#\/schema\/person\/35b3ddba5832f2bfc7fff5206d4f6b7b","name":"Milan","logo":{"@id":"https:\/\/www.apfelpatient.de\/#\/schema\/person\/image\/"},"description":"Hello and welcome to my technology blog! As a big Apple fan, I report on everything to do with Apple: from the latest news and exciting rumors to helpful tips and tricks and detailed product tests. If you are as enthusiastic about technology as I am, you have come to the right place!","sameAs":["https:\/\/www.facebook.com\/apfelpatientOfficial","https:\/\/www.linkedin.com\/in\/milan-jovicic-42aa0231b"],"url":"https:\/\/www.apfelpatient.de\/en\/author\/apfeladmin"}]}},"_links":{"self":[{"href":"https:\/\/www.apfelpatient.de\/en\/wp-json\/wp\/v2\/posts\/23021","targetHints":{"allow":["GET"]}}],"collection":[{"href":"https:\/\/www.apfelpatient.de\/en\/wp-json\/wp\/v2\/posts"}],"about":[{"href":"https:\/\/www.apfelpatient.de\/en\/wp-json\/wp\/v2\/types\/post"}],"author":[{"embeddable":true,"href":"https:\/\/www.apfelpatient.de\/en\/wp-json\/wp\/v2\/users\/2"}],"replies":[{"embeddable":true,"href":"https:\/\/www.apfelpatient.de\/en\/wp-json\/wp\/v2\/comments?post=23021"}],"version-history":[{"count":0,"href":"https:\/\/www.apfelpatient.de\/en\/wp-json\/wp\/v2\/posts\/23021\/revisions"}],"wp:featuredmedia":[{"embeddable":true,"href":"https:\/\/www.apfelpatient.de\/en\/wp-json\/wp\/v2\/media\/22891"}],"wp:attachment":[{"href":"https:\/\/www.apfelpatient.de\/en\/wp-json\/wp\/v2\/media?parent=23021"}],"wp:term":[{"taxonomy":"category","embeddable":true,"href":"https:\/\/www.apfelpatient.de\/en\/wp-json\/wp\/v2\/categories?post=23021"},{"taxonomy":"post_tag","embeddable":true,"href":"https:\/\/www.apfelpatient.de\/en\/wp-json\/wp\/v2\/tags?post=23021"}],"curies":[{"name":"wp","href":"https:\/\/api.w.org\/{rel}","templated":true}]}}