{"id":23011,"date":"2021-05-30T17:58:42","date_gmt":"2021-05-30T15:58:42","guid":{"rendered":"https:\/\/www.apfelpatient.de\/?p=23011"},"modified":"2021-05-30T17:58:43","modified_gmt":"2021-05-30T15:58:43","slug":"24-imac-former-apple-cdo-jony-ive-helped-with-the-design","status":"publish","type":"post","link":"https:\/\/www.apfelpatient.de\/en\/news\/24-imac-der-ehemalige-apple-cdo-jony-ive-half-beim-design","title":{"rendered":"24\u2033 iMac: Former Apple CDO Jony Ive helped with the design"},"content":{"rendered":"<p class=\"has-drop-cap\"><strong>The well-known designer Jony Ive is said to have had some influence on the design of the 24-inch iMac. It remains unclear whether this happened before or after he left Apple.<\/strong><\/p>\n\n\n\n<p>Apple&#039;s major redesign of the iMac for the 24-inch model with M1 chip is a striking change that deviates from the usual design of the well-known Mac. However, it seems that this new model had some help in the redesign from former Apple Chief Design Officer Jony Ive. In the report on the iMac writes <a href=\"https:\/\/www.wired.co.uk\/article\/imac-2021-review\" target=\"_blank\" rel=\"noreferrer noopener\">Wired<\/a>that Ive had some input into the product&#039;s design. It is speculated that the long process of hardware design may have meant that Ive was still employed by Apple during conception, given that design work began in or before 2019.<\/p>\n\n\n\n<h3 class=\"wp-block-heading\" id=\"h-lovefrom-apple-war-ives-erster-kunde\">LoveFrom: Apple was Ive&#039;s first customer<\/h3>\n\n\n\n\n\n\n\n<p>Apple confirmed during the reporting that Ive worked on it, but stopped short of saying whether it was before or after he left. Ive left Apple in late 2019 and founded his own design firm called LoveFrom in 2020. Apple became LoveFrom&#039;s first client after its launch. But the actual structure of the relationship between the design firm and Apple remains a secret to this day. Apple is not LoveFrom&#039;s only client. In October, Airbnb hired the firm to work as a design consultant on next-generation &quot;products and services.&quot; (Image: Apple)<\/p>\n\n\n\n<ul class=\"wp-block-list\"><li><a href=\"https:\/\/www.apfelpatient.de\/en\/rumors\/new-design-this-is-what-the-new-mac-mini-should-look-like\">New design: This is what the new Mac mini should look like<\/a><\/li><\/ul>\n\n\n\n<h6 class=\"wp-block-heading translation-block\" id=\"h-kennt-ihr-schon-unsere-amazon-storefront-dort-findet-ihr-eine-handverlesene-auswahl-von-diversen-produkten-f-r-euer-iphone-und-co-viel-spa-beim-st-bern\"><em>Have you already visited our Amazon Storefront? There you&#039;ll find a hand-picked selection of various products for your iPhone and other devices \u2013 <span class=\"has-inline-color has-vivid-red-color\"><a href=\"https:\/\/www.amazon.de\/shop\/apfelpatientofficial\" class=\"ek-link\" data-wpel-link=\"exclude\" rel=\"follow noopener\" target=\"_self\"><span style=\"text-decoration: underline\" class=\"ek-underline\">enjoy browsing<\/span><\/a> !<\/span><\/em><\/h6>\n\n\n\n<h6 class=\"wp-block-heading translation-block\" id=\"h-der-beitrag-enthalt-partnerlinks\">This post contains <a data-type=\"URL\" data-id=\"https:\/\/www.apfelpatient.de\/partnerprogramm\" href=\"https:\/\/www.apfelpatient.de\/en\/partner-program\" data-wpel-link=\"internal\" target=\"_self\">affiliate links<\/a>.<\/h6>","protected":false},"excerpt":{"rendered":"<p>The well-known designer Jony Ive is said to have had a certain influence on the design of the 24-inch iMac. But one question remains unanswered.<\/p>","protected":false},"author":2,"featured_media":22511,"comment_status":"closed","ping_status":"closed","sticky":false,"template":"","format":"standard","meta":{"jnews-multi-image_gallery":[],"jnews_single_post":{"subtitle":"","format":"standard","video":"","gallery":"","source_name":"","source_url":"","via_name":"","via_url":"","override":[{"single_blog_custom":"","sidebar":"","second_sidebar":"","share_position":"","share_float_style":"","post_date_format":"","post_date_format_custom":"","post_reading_time_wpm":"","zoom_button_out_step":"1","zoom_button_in_step":"1","number_popup_post":"1"}],"image_override":[{"single_post_thumbnail_size":"","single_post_gallery_size":""}],"trending_post_position":"","trending_post_label":"","sponsored_post_label":"","sponsored_post_name":"","sponsored_post_url":"","sponsored_post_logo":"","sponsored_post_desc":""},"jnews_primary_category":{"id":"9"},"footnotes":""},"categories":[9],"tags":[72,40],"class_list":["post-23011","post","type-post","status-publish","format-standard","has-post-thumbnail","hentry","category-news","tag-imac","tag-mac"],"yoast_head":"<!-- This site is optimized with the Yoast SEO Premium plugin v27.5 (Yoast SEO v27.5) - https:\/\/yoast.com\/product\/yoast-seo-premium-wordpress\/ -->\n<title>24&quot; iMac: Der ehemalige Apple CDO Jony Ive half beim Design<\/title>\n<meta name=\"description\" content=\"Der bekannte Designer Jony Ive soll einen gewissen Einfluss auf die Gestaltung des 24-Zoll iMacs gehabt haben. Eine Frage bleibt aber offen.\" \/>\n<meta name=\"robots\" content=\"index, follow, max-snippet:-1, max-image-preview:large, max-video-preview:-1\" \/>\n<link rel=\"canonical\" href=\"https:\/\/www.apfelpatient.de\/en\/news\/24-imac-former-apple-cdo-jony-ive-helped-with-the-design\" \/>\n<meta property=\"og:locale\" content=\"en_US\" \/>\n<meta property=\"og:type\" content=\"article\" \/>\n<meta property=\"og:title\" content=\"24&quot; iMac: Der ehemalige Apple CDO Jony Ive half beim Design\" \/>\n<meta property=\"og:description\" content=\"Der bekannte Designer Jony Ive soll einen gewissen Einfluss auf die Gestaltung des 24-Zoll iMacs gehabt haben. Eine Frage bleibt aber offen.\" \/>\n<meta property=\"og:url\" content=\"https:\/\/www.apfelpatient.de\/en\/news\/24-imac-former-apple-cdo-jony-ive-helped-with-the-design\" \/>\n<meta property=\"og:site_name\" content=\"Apfelpatient\" \/>\n<meta property=\"article:publisher\" content=\"https:\/\/www.facebook.com\/apfelpatientOfficial\" \/>\n<meta property=\"article:author\" content=\"https:\/\/www.facebook.com\/apfelpatientOfficial\" \/>\n<meta property=\"article:published_time\" content=\"2021-05-30T15:58:42+00:00\" \/>\n<meta property=\"article:modified_time\" content=\"2021-05-30T15:58:43+00:00\" \/>\n<meta property=\"og:image\" content=\"https:\/\/www.apfelpatient.de\/wp-content\/uploads\/2021\/05\/Apple_new-iMac-spring21-green_051721-1.jpg\" \/>\n\t<meta property=\"og:image:width\" content=\"1600\" \/>\n\t<meta property=\"og:image:height\" content=\"1009\" \/>\n\t<meta property=\"og:image:type\" content=\"image\/jpeg\" \/>\n<meta name=\"author\" content=\"Milan\" \/>\n<meta name=\"twitter:card\" content=\"summary_large_image\" \/>\n<meta name=\"twitter:description\" content=\"Der bekannte Designer Jony Ive soll einen gewissen Einfluss auf die Gestaltung des 24-Zoll iMacs gehabt haben. Eine Frage bleibt aber offen.\" \/>\n<meta name=\"twitter:label1\" content=\"Written by\" \/>\n\t<meta name=\"twitter:data1\" content=\"Milan\" \/>\n\t<meta name=\"twitter:label2\" content=\"Est. reading time\" \/>\n\t<meta name=\"twitter:data2\" content=\"2 minutes\" \/>\n<script type=\"application\/ld+json\" class=\"yoast-schema-graph\">{\"@context\":\"https:\\\/\\\/schema.org\",\"@graph\":[{\"@type\":\"NewsArticle\",\"@id\":\"https:\\\/\\\/www.apfelpatient.de\\\/news\\\/24-imac-der-ehemalige-apple-cdo-jony-ive-half-beim-design#article\",\"isPartOf\":{\"@id\":\"https:\\\/\\\/www.apfelpatient.de\\\/news\\\/24-imac-der-ehemalige-apple-cdo-jony-ive-half-beim-design\"},\"author\":{\"@type\":\"Organization\",\"@id\":\"https:\\\/\\\/www.apfelpatient.de\\\/en\\\/#organization\",\"name\":\"Apfelpatient\",\"url\":\"https:\\\/\\\/www.apfelpatient.de\\\/en\\\/\"},\"headline\":\"24&#8243; iMac: Der ehemalige Apple CDO Jony Ive half beim Design\",\"datePublished\":\"2021-05-30T15:58:42+00:00\",\"dateModified\":\"2021-05-30T15:58:43+00:00\",\"mainEntityOfPage\":{\"@id\":\"https:\\\/\\\/www.apfelpatient.de\\\/news\\\/24-imac-der-ehemalige-apple-cdo-jony-ive-half-beim-design\"},\"wordCount\":254,\"publisher\":{\"@type\":\"Organization\",\"@id\":\"https:\\\/\\\/www.apfelpatient.de\\\/en\\\/#organization\",\"name\":\"Apfelpatient\",\"url\":\"https:\\\/\\\/www.apfelpatient.de\\\/en\\\/\"},\"image\":{\"@id\":\"https:\\\/\\\/www.apfelpatient.de\\\/news\\\/24-imac-der-ehemalige-apple-cdo-jony-ive-half-beim-design#primaryimage\"},\"thumbnailUrl\":\"https:\\\/\\\/www.apfelpatient.de\\\/wp-content\\\/uploads\\\/2021\\\/05\\\/Apple_new-iMac-spring21-green_051721-1.jpg\",\"keywords\":[\"iMac\",\"Mac\"],\"articleSection\":\"News\",\"inLanguage\":\"en-US\",\"copyrightYear\":\"2021\",\"copyrightHolder\":{\"@id\":\"https:\\\/\\\/www.apfelpatient.de\\\/en\\\/#organization\"}},{\"@type\":\"WebPage\",\"@id\":\"https:\\\/\\\/www.apfelpatient.de\\\/news\\\/24-imac-der-ehemalige-apple-cdo-jony-ive-half-beim-design\",\"url\":\"https:\\\/\\\/www.apfelpatient.de\\\/news\\\/24-imac-der-ehemalige-apple-cdo-jony-ive-half-beim-design\",\"name\":\"24\\\" iMac: Der ehemalige Apple CDO Jony Ive half beim Design\",\"isPartOf\":{\"@id\":\"https:\\\/\\\/www.apfelpatient.de\\\/#website\"},\"primaryImageOfPage\":{\"@id\":\"https:\\\/\\\/www.apfelpatient.de\\\/news\\\/24-imac-der-ehemalige-apple-cdo-jony-ive-half-beim-design#primaryimage\"},\"image\":{\"@id\":\"https:\\\/\\\/www.apfelpatient.de\\\/news\\\/24-imac-der-ehemalige-apple-cdo-jony-ive-half-beim-design#primaryimage\"},\"thumbnailUrl\":\"https:\\\/\\\/www.apfelpatient.de\\\/wp-content\\\/uploads\\\/2021\\\/05\\\/Apple_new-iMac-spring21-green_051721-1.jpg\",\"datePublished\":\"2021-05-30T15:58:42+00:00\",\"dateModified\":\"2021-05-30T15:58:43+00:00\",\"description\":\"Der bekannte Designer Jony Ive soll einen gewissen Einfluss auf die Gestaltung des 24-Zoll iMacs gehabt haben. Eine Frage bleibt aber offen.\",\"breadcrumb\":{\"@id\":\"https:\\\/\\\/www.apfelpatient.de\\\/news\\\/24-imac-der-ehemalige-apple-cdo-jony-ive-half-beim-design#breadcrumb\"},\"inLanguage\":\"en-US\",\"potentialAction\":[{\"@type\":\"ReadAction\",\"target\":[\"https:\\\/\\\/www.apfelpatient.de\\\/news\\\/24-imac-der-ehemalige-apple-cdo-jony-ive-half-beim-design\"]}]},{\"@type\":\"ImageObject\",\"inLanguage\":\"en-US\",\"@id\":\"https:\\\/\\\/www.apfelpatient.de\\\/news\\\/24-imac-der-ehemalige-apple-cdo-jony-ive-half-beim-design#primaryimage\",\"url\":\"https:\\\/\\\/www.apfelpatient.de\\\/wp-content\\\/uploads\\\/2021\\\/05\\\/Apple_new-iMac-spring21-green_051721-1.jpg\",\"contentUrl\":\"https:\\\/\\\/www.apfelpatient.de\\\/wp-content\\\/uploads\\\/2021\\\/05\\\/Apple_new-iMac-spring21-green_051721-1.jpg\",\"width\":1600,\"height\":1009,\"caption\":\"Bild: Apple\"},{\"@type\":\"BreadcrumbList\",\"@id\":\"https:\\\/\\\/www.apfelpatient.de\\\/news\\\/24-imac-der-ehemalige-apple-cdo-jony-ive-half-beim-design#breadcrumb\",\"itemListElement\":[{\"@type\":\"ListItem\",\"position\":1,\"name\":\"Startseite\",\"item\":\"https:\\\/\\\/www.apfelpatient.de\\\/\"},{\"@type\":\"ListItem\",\"position\":2,\"name\":\"24&#8243; iMac: Der ehemalige Apple CDO Jony Ive half beim Design\"}]},{\"@type\":\"WebSite\",\"@id\":\"https:\\\/\\\/www.apfelpatient.de\\\/#website\",\"url\":\"https:\\\/\\\/www.apfelpatient.de\\\/\",\"name\":\"Apfelpatient\",\"description\":\"Alles rund um Apple!\",\"publisher\":{\"@type\":\"Organization\",\"@id\":\"https:\\\/\\\/www.apfelpatient.de\\\/en\\\/#organization\",\"name\":\"Apfelpatient\",\"url\":\"https:\\\/\\\/www.apfelpatient.de\\\/en\\\/\"},\"alternateName\":\"Apfelpatient\",\"potentialAction\":[{\"@type\":\"SearchAction\",\"target\":{\"@type\":\"EntryPoint\",\"urlTemplate\":\"https:\\\/\\\/www.apfelpatient.de\\\/?s={search_term_string}\"},\"query-input\":{\"@type\":\"PropertyValueSpecification\",\"valueRequired\":true,\"valueName\":\"search_term_string\"}}],\"inLanguage\":\"en-US\"},{\"@type\":[\"Person\",\"Organization\"],\"@id\":\"https:\\\/\\\/www.apfelpatient.de\\\/#\\\/schema\\\/person\\\/7dc56ad6c8e9824b76d2c08d4c140e13\",\"name\":\"Milan\",\"logo\":{\"@id\":\"https:\\\/\\\/www.apfelpatient.de\\\/#\\\/schema\\\/person\\\/image\\\/\"},\"description\":\"Hallo und herzlich willkommen auf meinem Technik-Blog! Als gro\u00dfer Apple-Fan berichte ich hier \u00fcber alles, was mit Apple zu tun hat: von den neuesten News und spannenden Ger\u00fcchten \u00fcber hilfreiche Tipps und Tricks bis hin zu ausf\u00fchrlichen Produkttests. Wenn du genauso technikbegeistert bist wie ich, bist du hier genau richtig!\",\"sameAs\":[\"https:\\\/\\\/www.facebook.com\\\/apfelpatientOfficial\",\"https:\\\/\\\/www.linkedin.com\\\/in\\\/milan-jovicic-42aa0231b\"],\"url\":\"https:\\\/\\\/www.apfelpatient.de\\\/en\\\/author\\\/apfeladmin\"}]}<\/script>\n<!-- \/ Yoast SEO Premium plugin. -->","yoast_head_json":{"title":"24&quot; iMac: Former Apple CDO Jony Ive helped with the design","description":"The well-known designer Jony Ive is said to have had a certain influence on the design of the 24-inch iMac. But one question remains unanswered.","robots":{"index":"index","follow":"follow","max-snippet":"max-snippet:-1","max-image-preview":"max-image-preview:large","max-video-preview":"max-video-preview:-1"},"canonical":"https:\/\/www.apfelpatient.de\/en\/news\/24-imac-former-apple-cdo-jony-ive-helped-with-the-design","og_locale":"en_US","og_type":"article","og_title":"24\" iMac: Der ehemalige Apple CDO Jony Ive half beim Design","og_description":"Der bekannte Designer Jony Ive soll einen gewissen Einfluss auf die Gestaltung des 24-Zoll iMacs gehabt haben. Eine Frage bleibt aber offen.","og_url":"https:\/\/www.apfelpatient.de\/en\/news\/24-imac-former-apple-cdo-jony-ive-helped-with-the-design","og_site_name":"Apfelpatient","article_publisher":"https:\/\/www.facebook.com\/apfelpatientOfficial","article_author":"https:\/\/www.facebook.com\/apfelpatientOfficial","article_published_time":"2021-05-30T15:58:42+00:00","article_modified_time":"2021-05-30T15:58:43+00:00","og_image":[{"width":1600,"height":1009,"url":"https:\/\/www.apfelpatient.de\/wp-content\/uploads\/2021\/05\/Apple_new-iMac-spring21-green_051721-1.jpg","type":"image\/jpeg"}],"author":"Milan","twitter_card":"summary_large_image","twitter_description":"Der bekannte Designer Jony Ive soll einen gewissen Einfluss auf die Gestaltung des 24-Zoll iMacs gehabt haben. Eine Frage bleibt aber offen.","twitter_misc":{"Written by":"Milan","Est. reading time":"2 minutes"},"schema":{"@context":"https:\/\/schema.org","@graph":[{"@type":"NewsArticle","@id":"https:\/\/www.apfelpatient.de\/news\/24-imac-der-ehemalige-apple-cdo-jony-ive-half-beim-design#article","isPartOf":{"@id":"https:\/\/www.apfelpatient.de\/news\/24-imac-der-ehemalige-apple-cdo-jony-ive-half-beim-design"},"author":{"@type":"Organization","@id":"https:\/\/www.apfelpatient.de\/en\/#organization","name":"Apfelpatient","url":"https:\/\/www.apfelpatient.de\/en\/"},"headline":"24&#8243; iMac: Der ehemalige Apple CDO Jony Ive half beim Design","datePublished":"2021-05-30T15:58:42+00:00","dateModified":"2021-05-30T15:58:43+00:00","mainEntityOfPage":{"@id":"https:\/\/www.apfelpatient.de\/news\/24-imac-der-ehemalige-apple-cdo-jony-ive-half-beim-design"},"wordCount":254,"publisher":{"@type":"Organization","@id":"https:\/\/www.apfelpatient.de\/en\/#organization","name":"Apfelpatient","url":"https:\/\/www.apfelpatient.de\/en\/"},"image":{"@id":"https:\/\/www.apfelpatient.de\/news\/24-imac-der-ehemalige-apple-cdo-jony-ive-half-beim-design#primaryimage"},"thumbnailUrl":"https:\/\/www.apfelpatient.de\/wp-content\/uploads\/2021\/05\/Apple_new-iMac-spring21-green_051721-1.jpg","keywords":["iMac","Mac"],"articleSection":"News","inLanguage":"en-US","copyrightYear":"2021","copyrightHolder":{"@id":"https:\/\/www.apfelpatient.de\/en\/#organization"}},{"@type":"WebPage","@id":"https:\/\/www.apfelpatient.de\/news\/24-imac-der-ehemalige-apple-cdo-jony-ive-half-beim-design","url":"https:\/\/www.apfelpatient.de\/news\/24-imac-der-ehemalige-apple-cdo-jony-ive-half-beim-design","name":"24&quot; iMac: Former Apple CDO Jony Ive helped with the design","isPartOf":{"@id":"https:\/\/www.apfelpatient.de\/#website"},"primaryImageOfPage":{"@id":"https:\/\/www.apfelpatient.de\/news\/24-imac-der-ehemalige-apple-cdo-jony-ive-half-beim-design#primaryimage"},"image":{"@id":"https:\/\/www.apfelpatient.de\/news\/24-imac-der-ehemalige-apple-cdo-jony-ive-half-beim-design#primaryimage"},"thumbnailUrl":"https:\/\/www.apfelpatient.de\/wp-content\/uploads\/2021\/05\/Apple_new-iMac-spring21-green_051721-1.jpg","datePublished":"2021-05-30T15:58:42+00:00","dateModified":"2021-05-30T15:58:43+00:00","description":"The well-known designer Jony Ive is said to have had a certain influence on the design of the 24-inch iMac. But one question remains unanswered.","breadcrumb":{"@id":"https:\/\/www.apfelpatient.de\/news\/24-imac-der-ehemalige-apple-cdo-jony-ive-half-beim-design#breadcrumb"},"inLanguage":"en-US","potentialAction":[{"@type":"ReadAction","target":["https:\/\/www.apfelpatient.de\/news\/24-imac-der-ehemalige-apple-cdo-jony-ive-half-beim-design"]}]},{"@type":"ImageObject","inLanguage":"en-US","@id":"https:\/\/www.apfelpatient.de\/news\/24-imac-der-ehemalige-apple-cdo-jony-ive-half-beim-design#primaryimage","url":"https:\/\/www.apfelpatient.de\/wp-content\/uploads\/2021\/05\/Apple_new-iMac-spring21-green_051721-1.jpg","contentUrl":"https:\/\/www.apfelpatient.de\/wp-content\/uploads\/2021\/05\/Apple_new-iMac-spring21-green_051721-1.jpg","width":1600,"height":1009,"caption":"Bild: Apple"},{"@type":"BreadcrumbList","@id":"https:\/\/www.apfelpatient.de\/news\/24-imac-der-ehemalige-apple-cdo-jony-ive-half-beim-design#breadcrumb","itemListElement":[{"@type":"ListItem","position":1,"name":"Startseite","item":"https:\/\/www.apfelpatient.de\/"},{"@type":"ListItem","position":2,"name":"24&#8243; iMac: Der ehemalige Apple CDO Jony Ive half beim Design"}]},{"@type":"WebSite","@id":"https:\/\/www.apfelpatient.de\/#website","url":"https:\/\/www.apfelpatient.de\/","name":"apple patient","description":"Everything about Apple!","publisher":{"@type":"Organization","@id":"https:\/\/www.apfelpatient.de\/en\/#organization","name":"Apfelpatient","url":"https:\/\/www.apfelpatient.de\/en\/"},"alternateName":"Apfelpatient","potentialAction":[{"@type":"SearchAction","target":{"@type":"EntryPoint","urlTemplate":"https:\/\/www.apfelpatient.de\/?s={search_term_string}"},"query-input":{"@type":"PropertyValueSpecification","valueRequired":true,"valueName":"search_term_string"}}],"inLanguage":"en-US"},{"@type":["Person","Organization"],"@id":"https:\/\/www.apfelpatient.de\/#\/schema\/person\/7dc56ad6c8e9824b76d2c08d4c140e13","name":"Milan","logo":{"@id":"https:\/\/www.apfelpatient.de\/#\/schema\/person\/image\/"},"description":"Hello and welcome to my technology blog! As a big Apple fan, I report on everything to do with Apple: from the latest news and exciting rumors to helpful tips and tricks and detailed product tests. If you are as enthusiastic about technology as I am, you have come to the right place!","sameAs":["https:\/\/www.facebook.com\/apfelpatientOfficial","https:\/\/www.linkedin.com\/in\/milan-jovicic-42aa0231b"],"url":"https:\/\/www.apfelpatient.de\/en\/author\/apfeladmin"}]}},"_links":{"self":[{"href":"https:\/\/www.apfelpatient.de\/en\/wp-json\/wp\/v2\/posts\/23011","targetHints":{"allow":["GET"]}}],"collection":[{"href":"https:\/\/www.apfelpatient.de\/en\/wp-json\/wp\/v2\/posts"}],"about":[{"href":"https:\/\/www.apfelpatient.de\/en\/wp-json\/wp\/v2\/types\/post"}],"author":[{"embeddable":true,"href":"https:\/\/www.apfelpatient.de\/en\/wp-json\/wp\/v2\/users\/2"}],"replies":[{"embeddable":true,"href":"https:\/\/www.apfelpatient.de\/en\/wp-json\/wp\/v2\/comments?post=23011"}],"version-history":[{"count":0,"href":"https:\/\/www.apfelpatient.de\/en\/wp-json\/wp\/v2\/posts\/23011\/revisions"}],"wp:featuredmedia":[{"embeddable":true,"href":"https:\/\/www.apfelpatient.de\/en\/wp-json\/wp\/v2\/media\/22511"}],"wp:attachment":[{"href":"https:\/\/www.apfelpatient.de\/en\/wp-json\/wp\/v2\/media?parent=23011"}],"wp:term":[{"taxonomy":"category","embeddable":true,"href":"https:\/\/www.apfelpatient.de\/en\/wp-json\/wp\/v2\/categories?post=23011"},{"taxonomy":"post_tag","embeddable":true,"href":"https:\/\/www.apfelpatient.de\/en\/wp-json\/wp\/v2\/tags?post=23011"}],"curies":[{"name":"wp","href":"https:\/\/api.w.org\/{rel}","templated":true}]}}