{"id":23002,"date":"2021-05-29T00:31:05","date_gmt":"2021-05-28T22:31:05","guid":{"rendered":"https:\/\/www.apfelpatient.de\/?p=23002"},"modified":"2021-05-29T00:31:06","modified_gmt":"2021-05-28T22:31:06","slug":"apple-podcast-subscriptions-apple-delays-introduction","status":"publish","type":"post","link":"https:\/\/www.apfelpatient.de\/en\/news\/apple-podcast-abonnements-apple-verzoegert-einfuehrung","title":{"rendered":"Apple Podcast Subscriptions: Apple delays launch"},"content":{"rendered":"<p class=\"has-drop-cap\"><strong>Apple announced in an email to podcasters today that the launch of Apple Podcast subscriptions has been delayed. The company originally planned to introduce paid podcasts in May.<\/strong><\/p>\n\n\n\n<p>In an email sent to registered podcasters <a href=\"https:\/\/twitter.com\/jaytorres\/status\/1398392196445851648\" target=\"_blank\" rel=\"noreferrer noopener\">directed<\/a> Apple says it will launch Apple Podcasts subscriptions and channels in June to &quot;ensure the best experience for creators and listeners.&quot;<\/p>\n\n\n\n<blockquote class=\"wp-block-quote is-layout-flow wp-block-quote-is-layout-flow\" id=\"h-wir-schreiben-um-ein-update-zur-verf-gbarkeit-von-apple-podcasts-abonnements-und-kan-len-zu-geben-wir-sind-begeistert-von-der-reaktion-auf-die-ank-ndigung-im-letzten-monat-und-es-ist-aufregend-die-hunderte-von-neuen-abonnements-und-channels-zu-sehen-die-t-glich-von-kreativen-aus-der-ganzen-welt-eingereicht-werden-um-sicherzustellen-dass-wir-die-beste-erfahrung-f-r-sch-pfer-und-h-rer-bieten-werden-apple-podcasts-abonnements-und-kan-le-nun-im-juni-starten-wir-werden-in-diesem-newsletter-weitere-updates-zur-verf-gbarkeit-und-zu-den-besten-praktiken-kommunizieren-um-dir-bei-der-vorbereitung-deiner-abonnements-und-kan-le-zu-helfen\"><p>We&#039;re writing to provide an update on the availability of Apple Podcasts subscriptions and channels. We&#039;re thrilled with the response to last month&#039;s announcement, and it&#039;s exciting to see the hundreds of new subscriptions and channels being submitted daily by creators from around the world. To ensure we&#039;re providing the best experience for creators and listeners, Apple Podcasts subscriptions and channels will now launch in June. We&#039;ll communicate further updates on availability and best practices in this newsletter to help you prepare your subscriptions and channels.<\/p><\/blockquote>\n\n\n\n<h3 class=\"wp-block-heading\" id=\"h-apple-podcasts-die-bibliothek-soll-verbessert-werden\">Apple Podcasts: The library is to be improved<\/h3>\n\n\n\n\n\n\n\n<p>Apple also acknowledges issues creators have had when using Apple Podcasts Connect. As has been reported several times, the Apple Podcasts directory has been facing a number of issues since April.<\/p>\n\n\n\n<blockquote class=\"wp-block-quote is-layout-flow wp-block-quote-is-layout-flow\"><p>Over the past few weeks, some creators have experienced delays in the availability of their content and access to Apple Podcasts Connect. We have resolved these disruptions and ask creators to contact us if they are experiencing any issues.<\/p><\/blockquote>\n\n\n\n<p>Finally, Apple acknowledges that the design of the Apple Podcasts application, introduced with iOS 14.5, was not particularly well received. The company explains that it has addressed some concerns with iOS 14.6 and additional improvements to the library interface are planned &quot;in the coming weeks.&quot;<\/p>\n\n\n\n<blockquote class=\"wp-block-quote is-layout-flow wp-block-quote-is-layout-flow\"><p>We&#039;ve also heard from listeners and made adjustments based on their feedback with iOS 14.6, which was released on Monday. We&#039;ll be rolling out additional improvements to the Library over the next few weeks.<\/p><\/blockquote>\n\n\n\n<p>Apple first announced Apple Podcasts subscriptions in April. Podcast creators will be able to offer paid subscriptions with access to exclusive content, ad-free listening, and other benefits. Support for Podcasts subscriptions and channels was added in iOS 14.6 <a href=\"https:\/\/www.apfelpatient.de\/en\/news\/apple-releases-ios-14-6-and-more-for-all-users\">added<\/a>But at this point, no subscription offers had been activated - now the reason is known. It is not yet known when the service will be introduced in June. (Image: Apple)<\/p>\n\n\n\n<h6 class=\"wp-block-heading translation-block\" id=\"h-kennt-ihr-schon-unsere-amazon-storefront-dort-findet-ihr-eine-handverlesene-auswahl-von-diversen-produkten-f-r-euer-iphone-und-co-viel-spa-beim-st-bern\"><em>Have you already visited our Amazon Storefront? There you&#039;ll find a hand-picked selection of various products for your iPhone and other devices \u2013 <span class=\"has-inline-color has-vivid-red-color\"><a href=\"https:\/\/www.amazon.de\/shop\/apfelpatientofficial\" class=\"ek-link\" data-wpel-link=\"exclude\" rel=\"follow noopener\" target=\"_self\"><span style=\"text-decoration: underline\" class=\"ek-underline\">enjoy browsing<\/span><\/a> !<\/span><\/em><\/h6>\n\n\n\n<h6 class=\"wp-block-heading translation-block\" id=\"h-der-beitrag-enthalt-partnerlinks\">This post contains <a data-type=\"URL\" data-id=\"https:\/\/www.apfelpatient.de\/partnerprogramm\" href=\"https:\/\/www.apfelpatient.de\/en\/partner-program\" data-wpel-link=\"internal\" target=\"_self\">affiliate links<\/a>.<\/h6>","protected":false},"excerpt":{"rendered":"<p>iOS 14.6: Apple announced in an email to podcasters today that the launch of Apple Podcast subscriptions is delayed.<\/p>","protected":false},"author":2,"featured_media":22669,"comment_status":"closed","ping_status":"closed","sticky":false,"template":"","format":"standard","meta":{"jnews-multi-image_gallery":[],"jnews_single_post":{"subtitle":"","format":"standard","video":"","gallery":"","source_name":"","source_url":"","via_name":"","via_url":"","override":[{"single_blog_custom":"","sidebar":"","second_sidebar":"","share_position":"","share_float_style":"","post_date_format":"","post_date_format_custom":"","post_reading_time_wpm":"","zoom_button_out_step":"1","zoom_button_in_step":"1","number_popup_post":"1"}],"image_override":[{"single_post_thumbnail_size":"","single_post_gallery_size":""}],"trending_post_position":"","trending_post_label":"","sponsored_post_label":"","sponsored_post_name":"","sponsored_post_url":"","sponsored_post_logo":"","sponsored_post_desc":""},"jnews_primary_category":{"id":"9"},"footnotes":""},"categories":[9],"tags":[34,3,622,33,623],"class_list":["post-23002","post","type-post","status-publish","format-standard","has-post-thumbnail","hentry","category-news","tag-apple-dienste","tag-ios","tag-ios-14-6","tag-ipados","tag-ipados-14-6"],"yoast_head":"<!-- This site is optimized with the Yoast SEO Premium plugin v27.5 (Yoast SEO v27.5) - https:\/\/yoast.com\/product\/yoast-seo-premium-wordpress\/ -->\n<title>Apple Podcast-Abonnements: Apple verz\u00f6gert Einf\u00fchrung Apfelpatient<\/title>\n<meta name=\"description\" content=\"iOS 14.6: Apple hat heute in einer E-Mail an Podcaster angek\u00fcndigt, dass sich der Start von Apple Podcast-Abonnements verz\u00f6gert.\" \/>\n<meta name=\"robots\" content=\"index, follow, max-snippet:-1, max-image-preview:large, max-video-preview:-1\" \/>\n<link rel=\"canonical\" href=\"https:\/\/www.apfelpatient.de\/en\/news\/apple-podcast-subscriptions-apple-delays-introduction\" \/>\n<meta property=\"og:locale\" content=\"en_US\" \/>\n<meta property=\"og:type\" content=\"article\" \/>\n<meta property=\"og:title\" content=\"Apple Podcast-Abonnements: Apple verz\u00f6gert Einf\u00fchrung\" \/>\n<meta property=\"og:description\" content=\"iOS 14.6: Apple hat heute in einer E-Mail an Podcaster angek\u00fcndigt, dass sich der Start von Apple Podcast-Abonnements verz\u00f6gert.\" \/>\n<meta property=\"og:url\" content=\"https:\/\/www.apfelpatient.de\/en\/news\/apple-podcast-subscriptions-apple-delays-introduction\" \/>\n<meta property=\"og:site_name\" content=\"Apfelpatient\" \/>\n<meta property=\"article:publisher\" content=\"https:\/\/www.facebook.com\/apfelpatientOfficial\" \/>\n<meta property=\"article:author\" content=\"https:\/\/www.facebook.com\/apfelpatientOfficial\" \/>\n<meta property=\"article:published_time\" content=\"2021-05-28T22:31:05+00:00\" \/>\n<meta property=\"article:modified_time\" content=\"2021-05-28T22:31:06+00:00\" \/>\n<meta property=\"og:image\" content=\"https:\/\/www.apfelpatient.de\/wp-content\/uploads\/2021\/05\/Apple_iphone12-podcasts-codeswitch-theathletic-midnightmiracle_042021.jpg\" \/>\n\t<meta property=\"og:image:width\" content=\"1600\" \/>\n\t<meta property=\"og:image:height\" content=\"900\" \/>\n\t<meta property=\"og:image:type\" content=\"image\/jpeg\" \/>\n<meta name=\"author\" content=\"Milan\" \/>\n<meta name=\"twitter:card\" content=\"summary_large_image\" \/>\n<meta name=\"twitter:description\" content=\"iOS 14.6: Apple hat heute in einer E-Mail an Podcaster angek\u00fcndigt, dass sich der Start von Apple Podcast-Abonnements verz\u00f6gert.\" \/>\n<meta name=\"twitter:label1\" content=\"Written by\" \/>\n\t<meta name=\"twitter:data1\" content=\"Milan\" \/>\n\t<meta name=\"twitter:label2\" content=\"Est. reading time\" \/>\n\t<meta name=\"twitter:data2\" content=\"2 minutes\" \/>\n<script type=\"application\/ld+json\" class=\"yoast-schema-graph\">{\"@context\":\"https:\\\/\\\/schema.org\",\"@graph\":[{\"@type\":\"NewsArticle\",\"@id\":\"https:\\\/\\\/www.apfelpatient.de\\\/news\\\/apple-podcast-abonnements-apple-verzoegert-einfuehrung#article\",\"isPartOf\":{\"@id\":\"https:\\\/\\\/www.apfelpatient.de\\\/news\\\/apple-podcast-abonnements-apple-verzoegert-einfuehrung\"},\"author\":{\"@type\":\"Organization\",\"@id\":\"https:\\\/\\\/www.apfelpatient.de\\\/en\\\/#organization\",\"name\":\"Apfelpatient\",\"url\":\"https:\\\/\\\/www.apfelpatient.de\\\/en\\\/\"},\"headline\":\"Apple Podcast-Abonnements: Apple verz\u00f6gert Einf\u00fchrung\",\"datePublished\":\"2021-05-28T22:31:05+00:00\",\"dateModified\":\"2021-05-28T22:31:06+00:00\",\"mainEntityOfPage\":{\"@id\":\"https:\\\/\\\/www.apfelpatient.de\\\/news\\\/apple-podcast-abonnements-apple-verzoegert-einfuehrung\"},\"wordCount\":435,\"publisher\":{\"@type\":\"Organization\",\"@id\":\"https:\\\/\\\/www.apfelpatient.de\\\/en\\\/#organization\",\"name\":\"Apfelpatient\",\"url\":\"https:\\\/\\\/www.apfelpatient.de\\\/en\\\/\"},\"image\":{\"@id\":\"https:\\\/\\\/www.apfelpatient.de\\\/news\\\/apple-podcast-abonnements-apple-verzoegert-einfuehrung#primaryimage\"},\"thumbnailUrl\":\"https:\\\/\\\/www.apfelpatient.de\\\/wp-content\\\/uploads\\\/2021\\\/05\\\/Apple_iphone12-podcasts-codeswitch-theathletic-midnightmiracle_042021.jpg\",\"keywords\":[\"Apple Dienste\",\"iOS\",\"iOS 14.6\",\"iPadOS\",\"iPadOS 14.6\"],\"articleSection\":\"News\",\"inLanguage\":\"en-US\",\"copyrightYear\":\"2021\",\"copyrightHolder\":{\"@id\":\"https:\\\/\\\/www.apfelpatient.de\\\/en\\\/#organization\"}},{\"@type\":\"WebPage\",\"@id\":\"https:\\\/\\\/www.apfelpatient.de\\\/news\\\/apple-podcast-abonnements-apple-verzoegert-einfuehrung\",\"url\":\"https:\\\/\\\/www.apfelpatient.de\\\/news\\\/apple-podcast-abonnements-apple-verzoegert-einfuehrung\",\"name\":\"Apple Podcast-Abonnements: Apple verz\u00f6gert Einf\u00fchrung Apfelpatient\",\"isPartOf\":{\"@id\":\"https:\\\/\\\/www.apfelpatient.de\\\/#website\"},\"primaryImageOfPage\":{\"@id\":\"https:\\\/\\\/www.apfelpatient.de\\\/news\\\/apple-podcast-abonnements-apple-verzoegert-einfuehrung#primaryimage\"},\"image\":{\"@id\":\"https:\\\/\\\/www.apfelpatient.de\\\/news\\\/apple-podcast-abonnements-apple-verzoegert-einfuehrung#primaryimage\"},\"thumbnailUrl\":\"https:\\\/\\\/www.apfelpatient.de\\\/wp-content\\\/uploads\\\/2021\\\/05\\\/Apple_iphone12-podcasts-codeswitch-theathletic-midnightmiracle_042021.jpg\",\"datePublished\":\"2021-05-28T22:31:05+00:00\",\"dateModified\":\"2021-05-28T22:31:06+00:00\",\"description\":\"iOS 14.6: Apple hat heute in einer E-Mail an Podcaster angek\u00fcndigt, dass sich der Start von Apple Podcast-Abonnements verz\u00f6gert.\",\"breadcrumb\":{\"@id\":\"https:\\\/\\\/www.apfelpatient.de\\\/news\\\/apple-podcast-abonnements-apple-verzoegert-einfuehrung#breadcrumb\"},\"inLanguage\":\"en-US\",\"potentialAction\":[{\"@type\":\"ReadAction\",\"target\":[\"https:\\\/\\\/www.apfelpatient.de\\\/news\\\/apple-podcast-abonnements-apple-verzoegert-einfuehrung\"]}]},{\"@type\":\"ImageObject\",\"inLanguage\":\"en-US\",\"@id\":\"https:\\\/\\\/www.apfelpatient.de\\\/news\\\/apple-podcast-abonnements-apple-verzoegert-einfuehrung#primaryimage\",\"url\":\"https:\\\/\\\/www.apfelpatient.de\\\/wp-content\\\/uploads\\\/2021\\\/05\\\/Apple_iphone12-podcasts-codeswitch-theathletic-midnightmiracle_042021.jpg\",\"contentUrl\":\"https:\\\/\\\/www.apfelpatient.de\\\/wp-content\\\/uploads\\\/2021\\\/05\\\/Apple_iphone12-podcasts-codeswitch-theathletic-midnightmiracle_042021.jpg\",\"width\":1600,\"height\":900,\"caption\":\"Apple Podcast-Abonnements\"},{\"@type\":\"BreadcrumbList\",\"@id\":\"https:\\\/\\\/www.apfelpatient.de\\\/news\\\/apple-podcast-abonnements-apple-verzoegert-einfuehrung#breadcrumb\",\"itemListElement\":[{\"@type\":\"ListItem\",\"position\":1,\"name\":\"Startseite\",\"item\":\"https:\\\/\\\/www.apfelpatient.de\\\/\"},{\"@type\":\"ListItem\",\"position\":2,\"name\":\"Apple Podcast-Abonnements: Apple verz\u00f6gert Einf\u00fchrung\"}]},{\"@type\":\"WebSite\",\"@id\":\"https:\\\/\\\/www.apfelpatient.de\\\/#website\",\"url\":\"https:\\\/\\\/www.apfelpatient.de\\\/\",\"name\":\"Apfelpatient\",\"description\":\"Alles rund um Apple!\",\"publisher\":{\"@type\":\"Organization\",\"@id\":\"https:\\\/\\\/www.apfelpatient.de\\\/en\\\/#organization\",\"name\":\"Apfelpatient\",\"url\":\"https:\\\/\\\/www.apfelpatient.de\\\/en\\\/\"},\"alternateName\":\"Apfelpatient\",\"potentialAction\":[{\"@type\":\"SearchAction\",\"target\":{\"@type\":\"EntryPoint\",\"urlTemplate\":\"https:\\\/\\\/www.apfelpatient.de\\\/?s={search_term_string}\"},\"query-input\":{\"@type\":\"PropertyValueSpecification\",\"valueRequired\":true,\"valueName\":\"search_term_string\"}}],\"inLanguage\":\"en-US\"},{\"@type\":[\"Person\",\"Organization\"],\"@id\":\"https:\\\/\\\/www.apfelpatient.de\\\/#\\\/schema\\\/person\\\/7dc56ad6c8e9824b76d2c08d4c140e13\",\"name\":\"Milan\",\"logo\":{\"@id\":\"https:\\\/\\\/www.apfelpatient.de\\\/#\\\/schema\\\/person\\\/image\\\/\"},\"description\":\"Hallo und herzlich willkommen auf meinem Technik-Blog! Als gro\u00dfer Apple-Fan berichte ich hier \u00fcber alles, was mit Apple zu tun hat: von den neuesten News und spannenden Ger\u00fcchten \u00fcber hilfreiche Tipps und Tricks bis hin zu ausf\u00fchrlichen Produkttests. Wenn du genauso technikbegeistert bist wie ich, bist du hier genau richtig!\",\"sameAs\":[\"https:\\\/\\\/www.facebook.com\\\/apfelpatientOfficial\",\"https:\\\/\\\/www.linkedin.com\\\/in\\\/milan-jovicic-42aa0231b\"],\"url\":\"https:\\\/\\\/www.apfelpatient.de\\\/en\\\/author\\\/apfeladmin\"}]}<\/script>\n<!-- \/ Yoast SEO Premium plugin. -->","yoast_head_json":{"title":"Apple Podcast Subscriptions: Apple delays launch Apfelpatient","description":"iOS 14.6: Apple announced in an email to podcasters today that the launch of Apple Podcast subscriptions is delayed.","robots":{"index":"index","follow":"follow","max-snippet":"max-snippet:-1","max-image-preview":"max-image-preview:large","max-video-preview":"max-video-preview:-1"},"canonical":"https:\/\/www.apfelpatient.de\/en\/news\/apple-podcast-subscriptions-apple-delays-introduction","og_locale":"en_US","og_type":"article","og_title":"Apple Podcast-Abonnements: Apple verz\u00f6gert Einf\u00fchrung","og_description":"iOS 14.6: Apple hat heute in einer E-Mail an Podcaster angek\u00fcndigt, dass sich der Start von Apple Podcast-Abonnements verz\u00f6gert.","og_url":"https:\/\/www.apfelpatient.de\/en\/news\/apple-podcast-subscriptions-apple-delays-introduction","og_site_name":"Apfelpatient","article_publisher":"https:\/\/www.facebook.com\/apfelpatientOfficial","article_author":"https:\/\/www.facebook.com\/apfelpatientOfficial","article_published_time":"2021-05-28T22:31:05+00:00","article_modified_time":"2021-05-28T22:31:06+00:00","og_image":[{"width":1600,"height":900,"url":"https:\/\/www.apfelpatient.de\/wp-content\/uploads\/2021\/05\/Apple_iphone12-podcasts-codeswitch-theathletic-midnightmiracle_042021.jpg","type":"image\/jpeg"}],"author":"Milan","twitter_card":"summary_large_image","twitter_description":"iOS 14.6: Apple hat heute in einer E-Mail an Podcaster angek\u00fcndigt, dass sich der Start von Apple Podcast-Abonnements verz\u00f6gert.","twitter_misc":{"Written by":"Milan","Est. reading time":"2 minutes"},"schema":{"@context":"https:\/\/schema.org","@graph":[{"@type":"NewsArticle","@id":"https:\/\/www.apfelpatient.de\/news\/apple-podcast-abonnements-apple-verzoegert-einfuehrung#article","isPartOf":{"@id":"https:\/\/www.apfelpatient.de\/news\/apple-podcast-abonnements-apple-verzoegert-einfuehrung"},"author":{"@type":"Organization","@id":"https:\/\/www.apfelpatient.de\/en\/#organization","name":"Apfelpatient","url":"https:\/\/www.apfelpatient.de\/en\/"},"headline":"Apple Podcast-Abonnements: Apple verz\u00f6gert Einf\u00fchrung","datePublished":"2021-05-28T22:31:05+00:00","dateModified":"2021-05-28T22:31:06+00:00","mainEntityOfPage":{"@id":"https:\/\/www.apfelpatient.de\/news\/apple-podcast-abonnements-apple-verzoegert-einfuehrung"},"wordCount":435,"publisher":{"@type":"Organization","@id":"https:\/\/www.apfelpatient.de\/en\/#organization","name":"Apfelpatient","url":"https:\/\/www.apfelpatient.de\/en\/"},"image":{"@id":"https:\/\/www.apfelpatient.de\/news\/apple-podcast-abonnements-apple-verzoegert-einfuehrung#primaryimage"},"thumbnailUrl":"https:\/\/www.apfelpatient.de\/wp-content\/uploads\/2021\/05\/Apple_iphone12-podcasts-codeswitch-theathletic-midnightmiracle_042021.jpg","keywords":["Apple Dienste","iOS","iOS 14.6","iPadOS","iPadOS 14.6"],"articleSection":"News","inLanguage":"en-US","copyrightYear":"2021","copyrightHolder":{"@id":"https:\/\/www.apfelpatient.de\/en\/#organization"}},{"@type":"WebPage","@id":"https:\/\/www.apfelpatient.de\/news\/apple-podcast-abonnements-apple-verzoegert-einfuehrung","url":"https:\/\/www.apfelpatient.de\/news\/apple-podcast-abonnements-apple-verzoegert-einfuehrung","name":"Apple Podcast Subscriptions: Apple delays launch Apfelpatient","isPartOf":{"@id":"https:\/\/www.apfelpatient.de\/#website"},"primaryImageOfPage":{"@id":"https:\/\/www.apfelpatient.de\/news\/apple-podcast-abonnements-apple-verzoegert-einfuehrung#primaryimage"},"image":{"@id":"https:\/\/www.apfelpatient.de\/news\/apple-podcast-abonnements-apple-verzoegert-einfuehrung#primaryimage"},"thumbnailUrl":"https:\/\/www.apfelpatient.de\/wp-content\/uploads\/2021\/05\/Apple_iphone12-podcasts-codeswitch-theathletic-midnightmiracle_042021.jpg","datePublished":"2021-05-28T22:31:05+00:00","dateModified":"2021-05-28T22:31:06+00:00","description":"iOS 14.6: Apple announced in an email to podcasters today that the launch of Apple Podcast subscriptions is delayed.","breadcrumb":{"@id":"https:\/\/www.apfelpatient.de\/news\/apple-podcast-abonnements-apple-verzoegert-einfuehrung#breadcrumb"},"inLanguage":"en-US","potentialAction":[{"@type":"ReadAction","target":["https:\/\/www.apfelpatient.de\/news\/apple-podcast-abonnements-apple-verzoegert-einfuehrung"]}]},{"@type":"ImageObject","inLanguage":"en-US","@id":"https:\/\/www.apfelpatient.de\/news\/apple-podcast-abonnements-apple-verzoegert-einfuehrung#primaryimage","url":"https:\/\/www.apfelpatient.de\/wp-content\/uploads\/2021\/05\/Apple_iphone12-podcasts-codeswitch-theathletic-midnightmiracle_042021.jpg","contentUrl":"https:\/\/www.apfelpatient.de\/wp-content\/uploads\/2021\/05\/Apple_iphone12-podcasts-codeswitch-theathletic-midnightmiracle_042021.jpg","width":1600,"height":900,"caption":"Apple Podcast-Abonnements"},{"@type":"BreadcrumbList","@id":"https:\/\/www.apfelpatient.de\/news\/apple-podcast-abonnements-apple-verzoegert-einfuehrung#breadcrumb","itemListElement":[{"@type":"ListItem","position":1,"name":"Startseite","item":"https:\/\/www.apfelpatient.de\/"},{"@type":"ListItem","position":2,"name":"Apple Podcast-Abonnements: Apple verz\u00f6gert Einf\u00fchrung"}]},{"@type":"WebSite","@id":"https:\/\/www.apfelpatient.de\/#website","url":"https:\/\/www.apfelpatient.de\/","name":"apple patient","description":"Everything about Apple!","publisher":{"@type":"Organization","@id":"https:\/\/www.apfelpatient.de\/en\/#organization","name":"Apfelpatient","url":"https:\/\/www.apfelpatient.de\/en\/"},"alternateName":"Apfelpatient","potentialAction":[{"@type":"SearchAction","target":{"@type":"EntryPoint","urlTemplate":"https:\/\/www.apfelpatient.de\/?s={search_term_string}"},"query-input":{"@type":"PropertyValueSpecification","valueRequired":true,"valueName":"search_term_string"}}],"inLanguage":"en-US"},{"@type":["Person","Organization"],"@id":"https:\/\/www.apfelpatient.de\/#\/schema\/person\/7dc56ad6c8e9824b76d2c08d4c140e13","name":"Milan","logo":{"@id":"https:\/\/www.apfelpatient.de\/#\/schema\/person\/image\/"},"description":"Hello and welcome to my technology blog! As a big Apple fan, I report on everything to do with Apple: from the latest news and exciting rumors to helpful tips and tricks and detailed product tests. If you are as enthusiastic about technology as I am, you have come to the right place!","sameAs":["https:\/\/www.facebook.com\/apfelpatientOfficial","https:\/\/www.linkedin.com\/in\/milan-jovicic-42aa0231b"],"url":"https:\/\/www.apfelpatient.de\/en\/author\/apfeladmin"}]}},"_links":{"self":[{"href":"https:\/\/www.apfelpatient.de\/en\/wp-json\/wp\/v2\/posts\/23002","targetHints":{"allow":["GET"]}}],"collection":[{"href":"https:\/\/www.apfelpatient.de\/en\/wp-json\/wp\/v2\/posts"}],"about":[{"href":"https:\/\/www.apfelpatient.de\/en\/wp-json\/wp\/v2\/types\/post"}],"author":[{"embeddable":true,"href":"https:\/\/www.apfelpatient.de\/en\/wp-json\/wp\/v2\/users\/2"}],"replies":[{"embeddable":true,"href":"https:\/\/www.apfelpatient.de\/en\/wp-json\/wp\/v2\/comments?post=23002"}],"version-history":[{"count":0,"href":"https:\/\/www.apfelpatient.de\/en\/wp-json\/wp\/v2\/posts\/23002\/revisions"}],"wp:featuredmedia":[{"embeddable":true,"href":"https:\/\/www.apfelpatient.de\/en\/wp-json\/wp\/v2\/media\/22669"}],"wp:attachment":[{"href":"https:\/\/www.apfelpatient.de\/en\/wp-json\/wp\/v2\/media?parent=23002"}],"wp:term":[{"taxonomy":"category","embeddable":true,"href":"https:\/\/www.apfelpatient.de\/en\/wp-json\/wp\/v2\/categories?post=23002"},{"taxonomy":"post_tag","embeddable":true,"href":"https:\/\/www.apfelpatient.de\/en\/wp-json\/wp\/v2\/tags?post=23002"}],"curies":[{"name":"wp","href":"https:\/\/api.w.org\/{rel}","templated":true}]}}