{"id":22998,"date":"2021-05-28T15:52:39","date_gmt":"2021-05-28T13:52:39","guid":{"rendered":"https:\/\/www.apfelpatient.de\/?p=22998"},"modified":"2021-05-28T15:52:40","modified_gmt":"2021-05-28T13:52:40","slug":"combined-homepod-apple-tv-device-still-in-development","status":"publish","type":"post","link":"https:\/\/www.apfelpatient.de\/en\/rumors\/kombiniertes-homepod-apple-tv-geraet-noch-in-entwicklung","title":{"rendered":"Combined HomePod\/Apple TV device still in development"},"content":{"rendered":"<p class=\"has-drop-cap\"><strong>Apple&#039;s work on a new combined HomePod and Apple TV device has not yet been completed, according to a new report.<\/strong><\/p>\n\n\n\n<p>As previously reported, <a href=\"https:\/\/www.bloomberg.com\/news\/articles\/2021-05-28\/apple-plans-redesigned-airpods-for-2021-new-airpods-pro-in-2022\" target=\"_blank\" rel=\"noreferrer noopener\">repeated<\/a> Bloomberg journalist Mark Gurman that the new device will have a built-in screen and a camera for FaceTime calls.<\/p>\n\n\n\n<blockquote class=\"wp-block-quote is-layout-flow wp-block-quote-is-layout-flow\"><p>As part of its broader home, audio and accessories strategy, Apple has also begun early development of a HomePod speaker with a built-in screen, as well as a device that combines the features of a HomePod, FaceTime camera and Apple TV. Competition for speakers with screens is already fierce. Apple launched a HomePod mini speaker last year and unveiled a small update to the Apple TV set-top box last month.<\/p><\/blockquote>\n\n\n\n<h3 class=\"wp-block-heading\" id=\"h-der-fokus-liegt-auf-dem-kombinierten-homepod-apple-tv-ger-t\">The focus is on the combined HomePod\/Apple TV device<\/h3>\n\n\n\n\n\n\n\n<p>The report suggests that the new combined HomePod device will be a much more significant evolution of the Apple TV line, given the fairly minor update to the Apple TV 4K announced last month. Gurman has also stated in the past that Apple is exploring a future high-end HomePod speaker that could include an iPad connected via a robotic arm that tracks the user around a room. Apple originally planned to release an updated HomePod model in 2022 as a successor to the 2017 HomePod. But those plans were apparently put on hold after the larger HomePod was discontinued entirely in March. The company now seems to be focusing on this new combined HomePod-Apple TV product instead. When the device will debut remains unclear, though. (Photo by franky242 \/ Bigstockphot)<\/p>\n\n\n\n<ul class=\"wp-block-list\"><li><a href=\"https:\/\/www.apfelpatient.de\/en\/tips-tricks\/how-to-use-the-homepod-for-all-tv-audio-signals-with-apple-tv-4k\">How to use HomePod for all TV audio with Apple TV 4K<\/a><\/li><\/ul>\n\n\n\n<h6 class=\"wp-block-heading translation-block\" id=\"h-kennt-ihr-schon-unsere-amazon-storefront-dort-findet-ihr-eine-handverlesene-auswahl-von-diversen-produkten-f-r-euer-iphone-und-co-viel-spa-beim-st-bern\"><em>Have you already visited our Amazon Storefront? There you&#039;ll find a hand-picked selection of various products for your iPhone and other devices \u2013 <span class=\"has-inline-color has-vivid-red-color\"><a href=\"https:\/\/www.amazon.de\/shop\/apfelpatientofficial\" class=\"ek-link\" data-wpel-link=\"exclude\" rel=\"follow noopener\" target=\"_self\"><span style=\"text-decoration: underline\" class=\"ek-underline\">enjoy browsing<\/span><\/a> !<\/span><\/em><\/h6>\n\n\n\n<h6 class=\"wp-block-heading translation-block\" id=\"h-der-beitrag-enthalt-partnerlinks\">This post contains <a data-type=\"URL\" data-id=\"https:\/\/www.apfelpatient.de\/partnerprogramm\" href=\"https:\/\/www.apfelpatient.de\/en\/partner-program\" data-wpel-link=\"internal\" target=\"_self\">affiliate links<\/a>.<\/h6>","protected":false},"excerpt":{"rendered":"<p>Apple&#039;s work on a new combined HomePod and Apple TV device has not yet been completed, according to a new report.<\/p>","protected":false},"author":2,"featured_media":22997,"comment_status":"closed","ping_status":"closed","sticky":false,"template":"","format":"standard","meta":{"jnews-multi-image_gallery":[],"jnews_single_post":{"subtitle":"","format":"standard","video":"","gallery":"","source_name":"","source_url":"","via_name":"","via_url":"","override":[{"single_blog_custom":"","sidebar":"","second_sidebar":"","share_position":"","share_float_style":"","post_date_format":"","post_date_format_custom":"","post_reading_time_wpm":"","zoom_button_out_step":"1","zoom_button_in_step":"1","number_popup_post":"1"}],"image_override":[{"single_post_thumbnail_size":"","single_post_gallery_size":""}],"trending_post_position":"","trending_post_label":"","sponsored_post_label":"","sponsored_post_name":"","sponsored_post_url":"","sponsored_post_logo":"","sponsored_post_desc":""},"jnews_primary_category":{"id":"25"},"footnotes":""},"categories":[25],"tags":[156,85,95],"class_list":["post-22998","post","type-post","status-publish","format-standard","has-post-thumbnail","hentry","category-rumors","tag-apple-tv","tag-homepod","tag-tvos"],"yoast_head":"<!-- This site is optimized with the Yoast SEO Premium plugin v27.5 (Yoast SEO v27.5) - https:\/\/yoast.com\/product\/yoast-seo-premium-wordpress\/ -->\n<title>Kombiniertes HomePod\/Apple TV-Ger\u00e4t noch in Entwicklung Apfelpatient<\/title>\n<meta name=\"description\" content=\"Apples Arbeit an einem neuen kombinierten HomePod- und Apple TV-Ger\u00e4t wurde einem neuen Bericht zufolge noch nicht abgeschlossen.\" \/>\n<meta name=\"robots\" content=\"index, follow, max-snippet:-1, max-image-preview:large, max-video-preview:-1\" \/>\n<link rel=\"canonical\" href=\"https:\/\/www.apfelpatient.de\/en\/rumors\/combined-homepod-apple-tv-device-still-in-development\" \/>\n<meta property=\"og:locale\" content=\"en_US\" \/>\n<meta property=\"og:type\" content=\"article\" \/>\n<meta property=\"og:title\" content=\"Kombiniertes HomePod\/Apple TV-Ger\u00e4t noch in Entwicklung\" \/>\n<meta property=\"og:description\" content=\"Apples Arbeit an einem neuen kombinierten HomePod- und Apple TV-Ger\u00e4t wurde einem neuen Bericht zufolge noch nicht abgeschlossen.\" \/>\n<meta property=\"og:url\" content=\"https:\/\/www.apfelpatient.de\/en\/rumors\/combined-homepod-apple-tv-device-still-in-development\" \/>\n<meta property=\"og:site_name\" content=\"Apfelpatient\" \/>\n<meta property=\"article:publisher\" content=\"https:\/\/www.facebook.com\/apfelpatientOfficial\" \/>\n<meta property=\"article:author\" content=\"https:\/\/www.facebook.com\/apfelpatientOfficial\" \/>\n<meta property=\"article:published_time\" content=\"2021-05-28T13:52:39+00:00\" \/>\n<meta property=\"article:modified_time\" content=\"2021-05-28T13:52:40+00:00\" \/>\n<meta property=\"og:image\" content=\"https:\/\/www.apfelpatient.de\/wp-content\/uploads\/2021\/05\/bigstock-Ostfildern-Germany-June-247134577.jpg\" \/>\n\t<meta property=\"og:image:width\" content=\"1600\" \/>\n\t<meta property=\"og:image:height\" content=\"1068\" \/>\n\t<meta property=\"og:image:type\" content=\"image\/jpeg\" \/>\n<meta name=\"author\" content=\"Milan\" \/>\n<meta name=\"twitter:card\" content=\"summary_large_image\" \/>\n<meta name=\"twitter:description\" content=\"Apples Arbeit an einem neuen kombinierten HomePod- und Apple TV-Ger\u00e4t wurde einem neuen Bericht zufolge noch nicht abgeschlossen.\" \/>\n<meta name=\"twitter:label1\" content=\"Written by\" \/>\n\t<meta name=\"twitter:data1\" content=\"Milan\" \/>\n\t<meta name=\"twitter:label2\" content=\"Est. reading time\" \/>\n\t<meta name=\"twitter:data2\" content=\"2 minutes\" \/>\n<script type=\"application\/ld+json\" class=\"yoast-schema-graph\">{\"@context\":\"https:\\\/\\\/schema.org\",\"@graph\":[{\"@type\":\"NewsArticle\",\"@id\":\"https:\\\/\\\/www.apfelpatient.de\\\/rumors\\\/kombiniertes-homepod-apple-tv-geraet-noch-in-entwicklung#article\",\"isPartOf\":{\"@id\":\"https:\\\/\\\/www.apfelpatient.de\\\/rumors\\\/kombiniertes-homepod-apple-tv-geraet-noch-in-entwicklung\"},\"author\":{\"@type\":\"Organization\",\"@id\":\"https:\\\/\\\/www.apfelpatient.de\\\/en\\\/#organization\",\"name\":\"Apfelpatient\",\"url\":\"https:\\\/\\\/www.apfelpatient.de\\\/en\\\/\"},\"headline\":\"Kombiniertes HomePod\\\/Apple TV-Ger\u00e4t noch in Entwicklung\",\"datePublished\":\"2021-05-28T13:52:39+00:00\",\"dateModified\":\"2021-05-28T13:52:40+00:00\",\"mainEntityOfPage\":{\"@id\":\"https:\\\/\\\/www.apfelpatient.de\\\/rumors\\\/kombiniertes-homepod-apple-tv-geraet-noch-in-entwicklung\"},\"wordCount\":286,\"publisher\":{\"@type\":\"Organization\",\"@id\":\"https:\\\/\\\/www.apfelpatient.de\\\/en\\\/#organization\",\"name\":\"Apfelpatient\",\"url\":\"https:\\\/\\\/www.apfelpatient.de\\\/en\\\/\"},\"image\":{\"@id\":\"https:\\\/\\\/www.apfelpatient.de\\\/rumors\\\/kombiniertes-homepod-apple-tv-geraet-noch-in-entwicklung#primaryimage\"},\"thumbnailUrl\":\"https:\\\/\\\/www.apfelpatient.de\\\/wp-content\\\/uploads\\\/2021\\\/05\\\/bigstock-Ostfildern-Germany-June-247134577.jpg\",\"keywords\":[\"Apple TV\",\"HomePod\",\"tvOS\"],\"articleSection\":\"Rumors\",\"inLanguage\":\"en-US\",\"copyrightYear\":\"2021\",\"copyrightHolder\":{\"@id\":\"https:\\\/\\\/www.apfelpatient.de\\\/en\\\/#organization\"}},{\"@type\":\"WebPage\",\"@id\":\"https:\\\/\\\/www.apfelpatient.de\\\/rumors\\\/kombiniertes-homepod-apple-tv-geraet-noch-in-entwicklung\",\"url\":\"https:\\\/\\\/www.apfelpatient.de\\\/rumors\\\/kombiniertes-homepod-apple-tv-geraet-noch-in-entwicklung\",\"name\":\"Kombiniertes HomePod\\\/Apple TV-Ger\u00e4t noch in Entwicklung Apfelpatient\",\"isPartOf\":{\"@id\":\"https:\\\/\\\/www.apfelpatient.de\\\/#website\"},\"primaryImageOfPage\":{\"@id\":\"https:\\\/\\\/www.apfelpatient.de\\\/rumors\\\/kombiniertes-homepod-apple-tv-geraet-noch-in-entwicklung#primaryimage\"},\"image\":{\"@id\":\"https:\\\/\\\/www.apfelpatient.de\\\/rumors\\\/kombiniertes-homepod-apple-tv-geraet-noch-in-entwicklung#primaryimage\"},\"thumbnailUrl\":\"https:\\\/\\\/www.apfelpatient.de\\\/wp-content\\\/uploads\\\/2021\\\/05\\\/bigstock-Ostfildern-Germany-June-247134577.jpg\",\"datePublished\":\"2021-05-28T13:52:39+00:00\",\"dateModified\":\"2021-05-28T13:52:40+00:00\",\"description\":\"Apples Arbeit an einem neuen kombinierten HomePod- und Apple TV-Ger\u00e4t wurde einem neuen Bericht zufolge noch nicht abgeschlossen.\",\"breadcrumb\":{\"@id\":\"https:\\\/\\\/www.apfelpatient.de\\\/rumors\\\/kombiniertes-homepod-apple-tv-geraet-noch-in-entwicklung#breadcrumb\"},\"inLanguage\":\"en-US\",\"potentialAction\":[{\"@type\":\"ReadAction\",\"target\":[\"https:\\\/\\\/www.apfelpatient.de\\\/rumors\\\/kombiniertes-homepod-apple-tv-geraet-noch-in-entwicklung\"]}]},{\"@type\":\"ImageObject\",\"inLanguage\":\"en-US\",\"@id\":\"https:\\\/\\\/www.apfelpatient.de\\\/rumors\\\/kombiniertes-homepod-apple-tv-geraet-noch-in-entwicklung#primaryimage\",\"url\":\"https:\\\/\\\/www.apfelpatient.de\\\/wp-content\\\/uploads\\\/2021\\\/05\\\/bigstock-Ostfildern-Germany-June-247134577.jpg\",\"contentUrl\":\"https:\\\/\\\/www.apfelpatient.de\\\/wp-content\\\/uploads\\\/2021\\\/05\\\/bigstock-Ostfildern-Germany-June-247134577.jpg\",\"width\":1600,\"height\":1068,\"caption\":\"Ostfildern, Germany - June 26, 2018: Using an Apple HomePod speaker - the smart speaker is reacting to voice input and signalling its attention by the changing lights\"},{\"@type\":\"BreadcrumbList\",\"@id\":\"https:\\\/\\\/www.apfelpatient.de\\\/rumors\\\/kombiniertes-homepod-apple-tv-geraet-noch-in-entwicklung#breadcrumb\",\"itemListElement\":[{\"@type\":\"ListItem\",\"position\":1,\"name\":\"Startseite\",\"item\":\"https:\\\/\\\/www.apfelpatient.de\\\/\"},{\"@type\":\"ListItem\",\"position\":2,\"name\":\"Kombiniertes HomePod\\\/Apple TV-Ger\u00e4t noch in Entwicklung\"}]},{\"@type\":\"WebSite\",\"@id\":\"https:\\\/\\\/www.apfelpatient.de\\\/#website\",\"url\":\"https:\\\/\\\/www.apfelpatient.de\\\/\",\"name\":\"Apfelpatient\",\"description\":\"Alles rund um Apple!\",\"publisher\":{\"@type\":\"Organization\",\"@id\":\"https:\\\/\\\/www.apfelpatient.de\\\/en\\\/#organization\",\"name\":\"Apfelpatient\",\"url\":\"https:\\\/\\\/www.apfelpatient.de\\\/en\\\/\"},\"alternateName\":\"Apfelpatient\",\"potentialAction\":[{\"@type\":\"SearchAction\",\"target\":{\"@type\":\"EntryPoint\",\"urlTemplate\":\"https:\\\/\\\/www.apfelpatient.de\\\/?s={search_term_string}\"},\"query-input\":{\"@type\":\"PropertyValueSpecification\",\"valueRequired\":true,\"valueName\":\"search_term_string\"}}],\"inLanguage\":\"en-US\"},{\"@type\":[\"Person\",\"Organization\"],\"@id\":\"https:\\\/\\\/www.apfelpatient.de\\\/#\\\/schema\\\/person\\\/7dc56ad6c8e9824b76d2c08d4c140e13\",\"name\":\"Milan\",\"logo\":{\"@id\":\"https:\\\/\\\/www.apfelpatient.de\\\/#\\\/schema\\\/person\\\/image\\\/\"},\"description\":\"Hallo und herzlich willkommen auf meinem Technik-Blog! Als gro\u00dfer Apple-Fan berichte ich hier \u00fcber alles, was mit Apple zu tun hat: von den neuesten News und spannenden Ger\u00fcchten \u00fcber hilfreiche Tipps und Tricks bis hin zu ausf\u00fchrlichen Produkttests. Wenn du genauso technikbegeistert bist wie ich, bist du hier genau richtig!\",\"sameAs\":[\"https:\\\/\\\/www.facebook.com\\\/apfelpatientOfficial\",\"https:\\\/\\\/www.linkedin.com\\\/in\\\/milan-jovicic-42aa0231b\"],\"url\":\"https:\\\/\\\/www.apfelpatient.de\\\/en\\\/author\\\/apfeladmin\"}]}<\/script>\n<!-- \/ Yoast SEO Premium plugin. -->","yoast_head_json":{"title":"Combined HomePod\/Apple TV device still in development Apfelpatient","description":"Apple&#039;s work on a new combined HomePod and Apple TV device has not yet been completed, according to a new report.","robots":{"index":"index","follow":"follow","max-snippet":"max-snippet:-1","max-image-preview":"max-image-preview:large","max-video-preview":"max-video-preview:-1"},"canonical":"https:\/\/www.apfelpatient.de\/en\/rumors\/combined-homepod-apple-tv-device-still-in-development","og_locale":"en_US","og_type":"article","og_title":"Kombiniertes HomePod\/Apple TV-Ger\u00e4t noch in Entwicklung","og_description":"Apples Arbeit an einem neuen kombinierten HomePod- und Apple TV-Ger\u00e4t wurde einem neuen Bericht zufolge noch nicht abgeschlossen.","og_url":"https:\/\/www.apfelpatient.de\/en\/rumors\/combined-homepod-apple-tv-device-still-in-development","og_site_name":"Apfelpatient","article_publisher":"https:\/\/www.facebook.com\/apfelpatientOfficial","article_author":"https:\/\/www.facebook.com\/apfelpatientOfficial","article_published_time":"2021-05-28T13:52:39+00:00","article_modified_time":"2021-05-28T13:52:40+00:00","og_image":[{"width":1600,"height":1068,"url":"https:\/\/www.apfelpatient.de\/wp-content\/uploads\/2021\/05\/bigstock-Ostfildern-Germany-June-247134577.jpg","type":"image\/jpeg"}],"author":"Milan","twitter_card":"summary_large_image","twitter_description":"Apples Arbeit an einem neuen kombinierten HomePod- und Apple TV-Ger\u00e4t wurde einem neuen Bericht zufolge noch nicht abgeschlossen.","twitter_misc":{"Written by":"Milan","Est. reading time":"2 minutes"},"schema":{"@context":"https:\/\/schema.org","@graph":[{"@type":"NewsArticle","@id":"https:\/\/www.apfelpatient.de\/rumors\/kombiniertes-homepod-apple-tv-geraet-noch-in-entwicklung#article","isPartOf":{"@id":"https:\/\/www.apfelpatient.de\/rumors\/kombiniertes-homepod-apple-tv-geraet-noch-in-entwicklung"},"author":{"@type":"Organization","@id":"https:\/\/www.apfelpatient.de\/en\/#organization","name":"Apfelpatient","url":"https:\/\/www.apfelpatient.de\/en\/"},"headline":"Kombiniertes HomePod\/Apple TV-Ger\u00e4t noch in Entwicklung","datePublished":"2021-05-28T13:52:39+00:00","dateModified":"2021-05-28T13:52:40+00:00","mainEntityOfPage":{"@id":"https:\/\/www.apfelpatient.de\/rumors\/kombiniertes-homepod-apple-tv-geraet-noch-in-entwicklung"},"wordCount":286,"publisher":{"@type":"Organization","@id":"https:\/\/www.apfelpatient.de\/en\/#organization","name":"Apfelpatient","url":"https:\/\/www.apfelpatient.de\/en\/"},"image":{"@id":"https:\/\/www.apfelpatient.de\/rumors\/kombiniertes-homepod-apple-tv-geraet-noch-in-entwicklung#primaryimage"},"thumbnailUrl":"https:\/\/www.apfelpatient.de\/wp-content\/uploads\/2021\/05\/bigstock-Ostfildern-Germany-June-247134577.jpg","keywords":["Apple TV","HomePod","tvOS"],"articleSection":"Rumors","inLanguage":"en-US","copyrightYear":"2021","copyrightHolder":{"@id":"https:\/\/www.apfelpatient.de\/en\/#organization"}},{"@type":"WebPage","@id":"https:\/\/www.apfelpatient.de\/rumors\/kombiniertes-homepod-apple-tv-geraet-noch-in-entwicklung","url":"https:\/\/www.apfelpatient.de\/rumors\/kombiniertes-homepod-apple-tv-geraet-noch-in-entwicklung","name":"Combined HomePod\/Apple TV device still in development Apfelpatient","isPartOf":{"@id":"https:\/\/www.apfelpatient.de\/#website"},"primaryImageOfPage":{"@id":"https:\/\/www.apfelpatient.de\/rumors\/kombiniertes-homepod-apple-tv-geraet-noch-in-entwicklung#primaryimage"},"image":{"@id":"https:\/\/www.apfelpatient.de\/rumors\/kombiniertes-homepod-apple-tv-geraet-noch-in-entwicklung#primaryimage"},"thumbnailUrl":"https:\/\/www.apfelpatient.de\/wp-content\/uploads\/2021\/05\/bigstock-Ostfildern-Germany-June-247134577.jpg","datePublished":"2021-05-28T13:52:39+00:00","dateModified":"2021-05-28T13:52:40+00:00","description":"Apple&#039;s work on a new combined HomePod and Apple TV device has not yet been completed, according to a new report.","breadcrumb":{"@id":"https:\/\/www.apfelpatient.de\/rumors\/kombiniertes-homepod-apple-tv-geraet-noch-in-entwicklung#breadcrumb"},"inLanguage":"en-US","potentialAction":[{"@type":"ReadAction","target":["https:\/\/www.apfelpatient.de\/rumors\/kombiniertes-homepod-apple-tv-geraet-noch-in-entwicklung"]}]},{"@type":"ImageObject","inLanguage":"en-US","@id":"https:\/\/www.apfelpatient.de\/rumors\/kombiniertes-homepod-apple-tv-geraet-noch-in-entwicklung#primaryimage","url":"https:\/\/www.apfelpatient.de\/wp-content\/uploads\/2021\/05\/bigstock-Ostfildern-Germany-June-247134577.jpg","contentUrl":"https:\/\/www.apfelpatient.de\/wp-content\/uploads\/2021\/05\/bigstock-Ostfildern-Germany-June-247134577.jpg","width":1600,"height":1068,"caption":"Ostfildern, Germany - June 26, 2018: Using an Apple HomePod speaker - the smart speaker is reacting to voice input and signalling its attention by the changing lights"},{"@type":"BreadcrumbList","@id":"https:\/\/www.apfelpatient.de\/rumors\/kombiniertes-homepod-apple-tv-geraet-noch-in-entwicklung#breadcrumb","itemListElement":[{"@type":"ListItem","position":1,"name":"Startseite","item":"https:\/\/www.apfelpatient.de\/"},{"@type":"ListItem","position":2,"name":"Kombiniertes HomePod\/Apple TV-Ger\u00e4t noch in Entwicklung"}]},{"@type":"WebSite","@id":"https:\/\/www.apfelpatient.de\/#website","url":"https:\/\/www.apfelpatient.de\/","name":"apple patient","description":"Everything about Apple!","publisher":{"@type":"Organization","@id":"https:\/\/www.apfelpatient.de\/en\/#organization","name":"Apfelpatient","url":"https:\/\/www.apfelpatient.de\/en\/"},"alternateName":"Apfelpatient","potentialAction":[{"@type":"SearchAction","target":{"@type":"EntryPoint","urlTemplate":"https:\/\/www.apfelpatient.de\/?s={search_term_string}"},"query-input":{"@type":"PropertyValueSpecification","valueRequired":true,"valueName":"search_term_string"}}],"inLanguage":"en-US"},{"@type":["Person","Organization"],"@id":"https:\/\/www.apfelpatient.de\/#\/schema\/person\/7dc56ad6c8e9824b76d2c08d4c140e13","name":"Milan","logo":{"@id":"https:\/\/www.apfelpatient.de\/#\/schema\/person\/image\/"},"description":"Hello and welcome to my technology blog! As a big Apple fan, I report on everything to do with Apple: from the latest news and exciting rumors to helpful tips and tricks and detailed product tests. If you are as enthusiastic about technology as I am, you have come to the right place!","sameAs":["https:\/\/www.facebook.com\/apfelpatientOfficial","https:\/\/www.linkedin.com\/in\/milan-jovicic-42aa0231b"],"url":"https:\/\/www.apfelpatient.de\/en\/author\/apfeladmin"}]}},"_links":{"self":[{"href":"https:\/\/www.apfelpatient.de\/en\/wp-json\/wp\/v2\/posts\/22998","targetHints":{"allow":["GET"]}}],"collection":[{"href":"https:\/\/www.apfelpatient.de\/en\/wp-json\/wp\/v2\/posts"}],"about":[{"href":"https:\/\/www.apfelpatient.de\/en\/wp-json\/wp\/v2\/types\/post"}],"author":[{"embeddable":true,"href":"https:\/\/www.apfelpatient.de\/en\/wp-json\/wp\/v2\/users\/2"}],"replies":[{"embeddable":true,"href":"https:\/\/www.apfelpatient.de\/en\/wp-json\/wp\/v2\/comments?post=22998"}],"version-history":[{"count":0,"href":"https:\/\/www.apfelpatient.de\/en\/wp-json\/wp\/v2\/posts\/22998\/revisions"}],"wp:featuredmedia":[{"embeddable":true,"href":"https:\/\/www.apfelpatient.de\/en\/wp-json\/wp\/v2\/media\/22997"}],"wp:attachment":[{"href":"https:\/\/www.apfelpatient.de\/en\/wp-json\/wp\/v2\/media?parent=22998"}],"wp:term":[{"taxonomy":"category","embeddable":true,"href":"https:\/\/www.apfelpatient.de\/en\/wp-json\/wp\/v2\/categories?post=22998"},{"taxonomy":"post_tag","embeddable":true,"href":"https:\/\/www.apfelpatient.de\/en\/wp-json\/wp\/v2\/tags?post=22998"}],"curies":[{"name":"wp","href":"https:\/\/api.w.org\/{rel}","templated":true}]}}