{"id":22987,"date":"2021-05-28T14:52:58","date_gmt":"2021-05-28T12:52:58","guid":{"rendered":"https:\/\/www.apfelpatient.de\/?p=22987"},"modified":"2021-05-28T14:52:58","modified_gmt":"2021-05-28T12:52:58","slug":"m1-ipad-pro-apps-have-to-live-with-ram-limitation","status":"publish","type":"post","link":"https:\/\/www.apfelpatient.de\/en\/news\/m1-ipad-pro-apps-muessen-mit-ram-begrenzung-leben","title":{"rendered":"M1 iPad Pro: Apps have to live with RAM limitations"},"content":{"rendered":"<p class=\"has-drop-cap\"><strong>Regardless of how much RAM is available in a new M1 iPad Pro, no single app can currently use more than around 5GB because Apple has imposed a limit.<\/strong><\/p>\n\n\n\n<p>Even though the new M1-based iPad Pro comes with the maximum 16GB of RAM, Apple prevents an app from using all of it. In iPadOS, the maximum an app can use is about 5GB. As the developers of Procreate on <a href=\"https:\/\/twitter.com\/Procreate\/status\/1398097115499220992?ref_src=twsrc%5Etfw%7Ctwcamp%5Etweetembed%7Ctwterm%5E1398097115499220992%7Ctwgr%5E%7Ctwcon%5Es1_&amp;ref_url=https%3A%2F%2Fappleinsider.com%2Farticles%2F21%2F05%2F28%2Fapple-currently-limiting-m1-ipad-pro-apps-to-5gb-ram-each\" target=\"_blank\" rel=\"noreferrer noopener\">Twitter<\/a> revealed, this limitation limits performance. The image editing app Procreate has <a href=\"https:\/\/www.apfelpatient.de\/en\/news\/m1-ipad-pro-procreate-releases-new-update\">announced<\/a>that it runs up to four times faster on the new 12.9-inch iPad Pro compared to the previous model but can only add about a quarter more layers to a canvas.<\/p>\n\n\n\n<h3 class=\"wp-block-heading\" id=\"h-m1-ipad-pro-mit-bis-zu-16-gb-arbeitsspeicher\">M1 iPad Pro with up to 16 GB RAM<\/h3>\n\n\n\n\n\n\n\n<p>Multiple layers put a strain on memory, and the new version of Procreate can reportedly handle up to 115 (compared to around 90 in the previous version). So the limit doesn&#039;t prevent apps from getting some performance improvement, but it does limit what they can do. Apple hasn&#039;t commented on the decision. However, the company regularly touts how fast the iPad Pro is at switching between apps. If a single app could use all of the available memory, that fast switching would be limited. The new iPad Pro comes in 1TB and 2TB versions, both with 16GB of memory.<\/p>\n\n\n\n<h3 class=\"wp-block-heading\" id=\"h-ipados-apple-kann-die-begrenzung-mittels-update-anheben\">iPadOS: Apple can raise the limit via update<\/h3>\n\n\n\n<p>Although no app can use more than about 5GB of RAM, having more available means more apps can be held in RAM and quick switching is possible without rebooting. The original 4GB version of the 12.9-inch iPad Pro from 2015 limited apps to 3GB under iOS 11.4. Similarly, the iPhone X under iOS 11.4 allowed apps up to 1.2GB. This increased to 1.8GB of RAM starting with iOS 12.1. That said, it cannot be ruled out that Apple will raise the limit in a future update. Consequently, this is not a technical issue. Rather, it is a long-standing decision imposed by Apple that is only now an issue now that the iPad Pro is equipped with significantly more RAM. (Image: Apple)<\/p>\n\n\n\n<ul class=\"wp-block-list\"><li><a href=\"https:\/\/www.apfelpatient.de\/en\/news\/ipad-pro-2021-zoom-adds-center-stage-function\">iPad Pro 2021: Zoom adds Center Stage feature<\/a><\/li><\/ul>\n\n\n\n<h6 class=\"wp-block-heading translation-block\" id=\"h-kennt-ihr-schon-unsere-amazon-storefront-dort-findet-ihr-eine-handverlesene-auswahl-von-diversen-produkten-f-r-euer-iphone-und-co-viel-spa-beim-st-bern\"><em>Have you already visited our Amazon Storefront? There you&#039;ll find a hand-picked selection of various products for your iPhone and other devices \u2013 <span class=\"has-inline-color has-vivid-red-color\"><a href=\"https:\/\/www.amazon.de\/shop\/apfelpatientofficial\" class=\"ek-link\" data-wpel-link=\"exclude\" rel=\"follow noopener\" target=\"_self\"><span style=\"text-decoration: underline\" class=\"ek-underline\">enjoy browsing<\/span><\/a> !<\/span><\/em><\/h6>\n\n\n\n<h6 class=\"wp-block-heading translation-block\" id=\"h-der-beitrag-enthalt-partnerlinks\">This post contains <a data-type=\"URL\" data-id=\"https:\/\/www.apfelpatient.de\/partnerprogramm\" href=\"https:\/\/www.apfelpatient.de\/en\/partner-program\" data-wpel-link=\"internal\" target=\"_self\">affiliate links<\/a>.<\/h6>","protected":false},"excerpt":{"rendered":"<p>Regardless of how much RAM is available in a new M1 iPad Pro, no single app can currently use more than around 5GB.<\/p>","protected":false},"author":2,"featured_media":22982,"comment_status":"closed","ping_status":"closed","sticky":false,"template":"","format":"standard","meta":{"jnews-multi-image_gallery":[],"jnews_single_post":{"subtitle":"","format":"standard","video":"","gallery":"","source_name":"","source_url":"","via_name":"","via_url":"","override":[{"single_blog_custom":"","sidebar":"","second_sidebar":"","share_position":"","share_float_style":"","post_date_format":"","post_date_format_custom":"","post_reading_time_wpm":"","zoom_button_out_step":"1","zoom_button_in_step":"1","number_popup_post":"1"}],"image_override":[{"single_post_thumbnail_size":"","single_post_gallery_size":""}],"trending_post_position":"","trending_post_label":"","sponsored_post_label":"","sponsored_post_name":"","sponsored_post_url":"","sponsored_post_logo":"","sponsored_post_desc":""},"jnews_primary_category":{"id":"9"},"footnotes":""},"categories":[9],"tags":[6,18,33],"class_list":["post-22987","post","type-post","status-publish","format-standard","has-post-thumbnail","hentry","category-news","tag-app-store","tag-ipad","tag-ipados"],"yoast_head":"<!-- This site is optimized with the Yoast SEO Premium plugin v27.5 (Yoast SEO v27.5) - https:\/\/yoast.com\/product\/yoast-seo-premium-wordpress\/ -->\n<title>M1 iPad Pro: Apps m\u00fcssen mit RAM-Begrenzung leben Apfelpatient<\/title>\n<meta name=\"description\" content=\"Unabh\u00e4ngig davon, wie viel RAM in einem neuen M1 iPad Pro vorhanden ist, kann derzeit keine einzelne App mehr als rund 5 GB nutzen.\" \/>\n<meta name=\"robots\" content=\"index, follow, max-snippet:-1, max-image-preview:large, max-video-preview:-1\" \/>\n<link rel=\"canonical\" href=\"https:\/\/www.apfelpatient.de\/en\/news\/m1-ipad-pro-apps-have-to-live-with-ram-limitation\" \/>\n<meta property=\"og:locale\" content=\"en_US\" \/>\n<meta property=\"og:type\" content=\"article\" \/>\n<meta property=\"og:title\" content=\"M1 iPad Pro: Apps m\u00fcssen mit RAM-Begrenzung leben\" \/>\n<meta property=\"og:description\" content=\"Unabh\u00e4ngig davon, wie viel RAM in einem neuen M1 iPad Pro vorhanden ist, kann derzeit keine einzelne App mehr als rund 5 GB nutzen.\" \/>\n<meta property=\"og:url\" content=\"https:\/\/www.apfelpatient.de\/en\/news\/m1-ipad-pro-apps-have-to-live-with-ram-limitation\" \/>\n<meta property=\"og:site_name\" content=\"Apfelpatient\" \/>\n<meta property=\"article:publisher\" content=\"https:\/\/www.facebook.com\/apfelpatientOfficial\" \/>\n<meta property=\"article:author\" content=\"https:\/\/www.facebook.com\/apfelpatientOfficial\" \/>\n<meta property=\"article:published_time\" content=\"2021-05-28T12:52:58+00:00\" \/>\n<meta property=\"og:image\" content=\"https:\/\/www.apfelpatient.de\/wp-content\/uploads\/2021\/05\/apple_ipad-pro-spring21_5g-connectivity_04202021.jpg\" \/>\n\t<meta property=\"og:image:width\" content=\"1600\" \/>\n\t<meta property=\"og:image:height\" content=\"900\" \/>\n\t<meta property=\"og:image:type\" content=\"image\/jpeg\" \/>\n<meta name=\"author\" content=\"Milan\" \/>\n<meta name=\"twitter:card\" content=\"summary_large_image\" \/>\n<meta name=\"twitter:description\" content=\"Unabh\u00e4ngig davon, wie viel RAM in einem neuen M1 iPad Pro vorhanden ist, kann derzeit keine einzelne App mehr als rund 5 GB nutzen.\" \/>\n<meta name=\"twitter:label1\" content=\"Written by\" \/>\n\t<meta name=\"twitter:data1\" content=\"Milan\" \/>\n\t<meta name=\"twitter:label2\" content=\"Est. reading time\" \/>\n\t<meta name=\"twitter:data2\" content=\"2 minutes\" \/>\n<script type=\"application\/ld+json\" class=\"yoast-schema-graph\">{\"@context\":\"https:\\\/\\\/schema.org\",\"@graph\":[{\"@type\":\"NewsArticle\",\"@id\":\"https:\\\/\\\/www.apfelpatient.de\\\/news\\\/m1-ipad-pro-apps-muessen-mit-ram-begrenzung-leben#article\",\"isPartOf\":{\"@id\":\"https:\\\/\\\/www.apfelpatient.de\\\/news\\\/m1-ipad-pro-apps-muessen-mit-ram-begrenzung-leben\"},\"author\":{\"@type\":\"Organization\",\"@id\":\"https:\\\/\\\/www.apfelpatient.de\\\/en\\\/#organization\",\"name\":\"Apfelpatient\",\"url\":\"https:\\\/\\\/www.apfelpatient.de\\\/en\\\/\"},\"headline\":\"M1 iPad Pro: Apps m\u00fcssen mit RAM-Begrenzung leben\",\"datePublished\":\"2021-05-28T12:52:58+00:00\",\"mainEntityOfPage\":{\"@id\":\"https:\\\/\\\/www.apfelpatient.de\\\/news\\\/m1-ipad-pro-apps-muessen-mit-ram-begrenzung-leben\"},\"wordCount\":396,\"publisher\":{\"@type\":\"Organization\",\"@id\":\"https:\\\/\\\/www.apfelpatient.de\\\/en\\\/#organization\",\"name\":\"Apfelpatient\",\"url\":\"https:\\\/\\\/www.apfelpatient.de\\\/en\\\/\"},\"image\":{\"@id\":\"https:\\\/\\\/www.apfelpatient.de\\\/news\\\/m1-ipad-pro-apps-muessen-mit-ram-begrenzung-leben#primaryimage\"},\"thumbnailUrl\":\"https:\\\/\\\/www.apfelpatient.de\\\/wp-content\\\/uploads\\\/2021\\\/05\\\/apple_ipad-pro-spring21_5g-connectivity_04202021.jpg\",\"keywords\":[\"App Store\",\"iPad\",\"iPadOS\"],\"articleSection\":\"News\",\"inLanguage\":\"en-US\",\"copyrightYear\":\"2021\",\"copyrightHolder\":{\"@id\":\"https:\\\/\\\/www.apfelpatient.de\\\/en\\\/#organization\"}},{\"@type\":\"WebPage\",\"@id\":\"https:\\\/\\\/www.apfelpatient.de\\\/news\\\/m1-ipad-pro-apps-muessen-mit-ram-begrenzung-leben\",\"url\":\"https:\\\/\\\/www.apfelpatient.de\\\/news\\\/m1-ipad-pro-apps-muessen-mit-ram-begrenzung-leben\",\"name\":\"M1 iPad Pro: Apps m\u00fcssen mit RAM-Begrenzung leben Apfelpatient\",\"isPartOf\":{\"@id\":\"https:\\\/\\\/www.apfelpatient.de\\\/#website\"},\"primaryImageOfPage\":{\"@id\":\"https:\\\/\\\/www.apfelpatient.de\\\/news\\\/m1-ipad-pro-apps-muessen-mit-ram-begrenzung-leben#primaryimage\"},\"image\":{\"@id\":\"https:\\\/\\\/www.apfelpatient.de\\\/news\\\/m1-ipad-pro-apps-muessen-mit-ram-begrenzung-leben#primaryimage\"},\"thumbnailUrl\":\"https:\\\/\\\/www.apfelpatient.de\\\/wp-content\\\/uploads\\\/2021\\\/05\\\/apple_ipad-pro-spring21_5g-connectivity_04202021.jpg\",\"datePublished\":\"2021-05-28T12:52:58+00:00\",\"description\":\"Unabh\u00e4ngig davon, wie viel RAM in einem neuen M1 iPad Pro vorhanden ist, kann derzeit keine einzelne App mehr als rund 5 GB nutzen.\",\"breadcrumb\":{\"@id\":\"https:\\\/\\\/www.apfelpatient.de\\\/news\\\/m1-ipad-pro-apps-muessen-mit-ram-begrenzung-leben#breadcrumb\"},\"inLanguage\":\"en-US\",\"potentialAction\":[{\"@type\":\"ReadAction\",\"target\":[\"https:\\\/\\\/www.apfelpatient.de\\\/news\\\/m1-ipad-pro-apps-muessen-mit-ram-begrenzung-leben\"]}]},{\"@type\":\"ImageObject\",\"inLanguage\":\"en-US\",\"@id\":\"https:\\\/\\\/www.apfelpatient.de\\\/news\\\/m1-ipad-pro-apps-muessen-mit-ram-begrenzung-leben#primaryimage\",\"url\":\"https:\\\/\\\/www.apfelpatient.de\\\/wp-content\\\/uploads\\\/2021\\\/05\\\/apple_ipad-pro-spring21_5g-connectivity_04202021.jpg\",\"contentUrl\":\"https:\\\/\\\/www.apfelpatient.de\\\/wp-content\\\/uploads\\\/2021\\\/05\\\/apple_ipad-pro-spring21_5g-connectivity_04202021.jpg\",\"width\":1600,\"height\":900,\"caption\":\"Bild: Apple\"},{\"@type\":\"BreadcrumbList\",\"@id\":\"https:\\\/\\\/www.apfelpatient.de\\\/news\\\/m1-ipad-pro-apps-muessen-mit-ram-begrenzung-leben#breadcrumb\",\"itemListElement\":[{\"@type\":\"ListItem\",\"position\":1,\"name\":\"Startseite\",\"item\":\"https:\\\/\\\/www.apfelpatient.de\\\/\"},{\"@type\":\"ListItem\",\"position\":2,\"name\":\"M1 iPad Pro: Apps m\u00fcssen mit RAM-Begrenzung leben\"}]},{\"@type\":\"WebSite\",\"@id\":\"https:\\\/\\\/www.apfelpatient.de\\\/#website\",\"url\":\"https:\\\/\\\/www.apfelpatient.de\\\/\",\"name\":\"Apfelpatient\",\"description\":\"Alles rund um Apple!\",\"publisher\":{\"@type\":\"Organization\",\"@id\":\"https:\\\/\\\/www.apfelpatient.de\\\/en\\\/#organization\",\"name\":\"Apfelpatient\",\"url\":\"https:\\\/\\\/www.apfelpatient.de\\\/en\\\/\"},\"alternateName\":\"Apfelpatient\",\"potentialAction\":[{\"@type\":\"SearchAction\",\"target\":{\"@type\":\"EntryPoint\",\"urlTemplate\":\"https:\\\/\\\/www.apfelpatient.de\\\/?s={search_term_string}\"},\"query-input\":{\"@type\":\"PropertyValueSpecification\",\"valueRequired\":true,\"valueName\":\"search_term_string\"}}],\"inLanguage\":\"en-US\"},{\"@type\":[\"Person\",\"Organization\"],\"@id\":\"https:\\\/\\\/www.apfelpatient.de\\\/#\\\/schema\\\/person\\\/7dc56ad6c8e9824b76d2c08d4c140e13\",\"name\":\"Milan\",\"logo\":{\"@id\":\"https:\\\/\\\/www.apfelpatient.de\\\/#\\\/schema\\\/person\\\/image\\\/\"},\"description\":\"Hallo und herzlich willkommen auf meinem Technik-Blog! Als gro\u00dfer Apple-Fan berichte ich hier \u00fcber alles, was mit Apple zu tun hat: von den neuesten News und spannenden Ger\u00fcchten \u00fcber hilfreiche Tipps und Tricks bis hin zu ausf\u00fchrlichen Produkttests. Wenn du genauso technikbegeistert bist wie ich, bist du hier genau richtig!\",\"sameAs\":[\"https:\\\/\\\/www.facebook.com\\\/apfelpatientOfficial\",\"https:\\\/\\\/www.linkedin.com\\\/in\\\/milan-jovicic-42aa0231b\"],\"url\":\"https:\\\/\\\/www.apfelpatient.de\\\/en\\\/author\\\/apfeladmin\"}]}<\/script>\n<!-- \/ Yoast SEO Premium plugin. -->","yoast_head_json":{"title":"M1 iPad Pro: Apps have to live with RAM limitations Apfelpatient","description":"Regardless of how much RAM is available in a new M1 iPad Pro, no single app can currently use more than around 5GB.","robots":{"index":"index","follow":"follow","max-snippet":"max-snippet:-1","max-image-preview":"max-image-preview:large","max-video-preview":"max-video-preview:-1"},"canonical":"https:\/\/www.apfelpatient.de\/en\/news\/m1-ipad-pro-apps-have-to-live-with-ram-limitation","og_locale":"en_US","og_type":"article","og_title":"M1 iPad Pro: Apps m\u00fcssen mit RAM-Begrenzung leben","og_description":"Unabh\u00e4ngig davon, wie viel RAM in einem neuen M1 iPad Pro vorhanden ist, kann derzeit keine einzelne App mehr als rund 5 GB nutzen.","og_url":"https:\/\/www.apfelpatient.de\/en\/news\/m1-ipad-pro-apps-have-to-live-with-ram-limitation","og_site_name":"Apfelpatient","article_publisher":"https:\/\/www.facebook.com\/apfelpatientOfficial","article_author":"https:\/\/www.facebook.com\/apfelpatientOfficial","article_published_time":"2021-05-28T12:52:58+00:00","og_image":[{"width":1600,"height":900,"url":"https:\/\/www.apfelpatient.de\/wp-content\/uploads\/2021\/05\/apple_ipad-pro-spring21_5g-connectivity_04202021.jpg","type":"image\/jpeg"}],"author":"Milan","twitter_card":"summary_large_image","twitter_description":"Unabh\u00e4ngig davon, wie viel RAM in einem neuen M1 iPad Pro vorhanden ist, kann derzeit keine einzelne App mehr als rund 5 GB nutzen.","twitter_misc":{"Written by":"Milan","Est. reading time":"2 minutes"},"schema":{"@context":"https:\/\/schema.org","@graph":[{"@type":"NewsArticle","@id":"https:\/\/www.apfelpatient.de\/news\/m1-ipad-pro-apps-muessen-mit-ram-begrenzung-leben#article","isPartOf":{"@id":"https:\/\/www.apfelpatient.de\/news\/m1-ipad-pro-apps-muessen-mit-ram-begrenzung-leben"},"author":{"@type":"Organization","@id":"https:\/\/www.apfelpatient.de\/en\/#organization","name":"Apfelpatient","url":"https:\/\/www.apfelpatient.de\/en\/"},"headline":"M1 iPad Pro: Apps m\u00fcssen mit RAM-Begrenzung leben","datePublished":"2021-05-28T12:52:58+00:00","mainEntityOfPage":{"@id":"https:\/\/www.apfelpatient.de\/news\/m1-ipad-pro-apps-muessen-mit-ram-begrenzung-leben"},"wordCount":396,"publisher":{"@type":"Organization","@id":"https:\/\/www.apfelpatient.de\/en\/#organization","name":"Apfelpatient","url":"https:\/\/www.apfelpatient.de\/en\/"},"image":{"@id":"https:\/\/www.apfelpatient.de\/news\/m1-ipad-pro-apps-muessen-mit-ram-begrenzung-leben#primaryimage"},"thumbnailUrl":"https:\/\/www.apfelpatient.de\/wp-content\/uploads\/2021\/05\/apple_ipad-pro-spring21_5g-connectivity_04202021.jpg","keywords":["App Store","iPad","iPadOS"],"articleSection":"News","inLanguage":"en-US","copyrightYear":"2021","copyrightHolder":{"@id":"https:\/\/www.apfelpatient.de\/en\/#organization"}},{"@type":"WebPage","@id":"https:\/\/www.apfelpatient.de\/news\/m1-ipad-pro-apps-muessen-mit-ram-begrenzung-leben","url":"https:\/\/www.apfelpatient.de\/news\/m1-ipad-pro-apps-muessen-mit-ram-begrenzung-leben","name":"M1 iPad Pro: Apps have to live with RAM limitations Apfelpatient","isPartOf":{"@id":"https:\/\/www.apfelpatient.de\/#website"},"primaryImageOfPage":{"@id":"https:\/\/www.apfelpatient.de\/news\/m1-ipad-pro-apps-muessen-mit-ram-begrenzung-leben#primaryimage"},"image":{"@id":"https:\/\/www.apfelpatient.de\/news\/m1-ipad-pro-apps-muessen-mit-ram-begrenzung-leben#primaryimage"},"thumbnailUrl":"https:\/\/www.apfelpatient.de\/wp-content\/uploads\/2021\/05\/apple_ipad-pro-spring21_5g-connectivity_04202021.jpg","datePublished":"2021-05-28T12:52:58+00:00","description":"Regardless of how much RAM is available in a new M1 iPad Pro, no single app can currently use more than around 5GB.","breadcrumb":{"@id":"https:\/\/www.apfelpatient.de\/news\/m1-ipad-pro-apps-muessen-mit-ram-begrenzung-leben#breadcrumb"},"inLanguage":"en-US","potentialAction":[{"@type":"ReadAction","target":["https:\/\/www.apfelpatient.de\/news\/m1-ipad-pro-apps-muessen-mit-ram-begrenzung-leben"]}]},{"@type":"ImageObject","inLanguage":"en-US","@id":"https:\/\/www.apfelpatient.de\/news\/m1-ipad-pro-apps-muessen-mit-ram-begrenzung-leben#primaryimage","url":"https:\/\/www.apfelpatient.de\/wp-content\/uploads\/2021\/05\/apple_ipad-pro-spring21_5g-connectivity_04202021.jpg","contentUrl":"https:\/\/www.apfelpatient.de\/wp-content\/uploads\/2021\/05\/apple_ipad-pro-spring21_5g-connectivity_04202021.jpg","width":1600,"height":900,"caption":"Bild: Apple"},{"@type":"BreadcrumbList","@id":"https:\/\/www.apfelpatient.de\/news\/m1-ipad-pro-apps-muessen-mit-ram-begrenzung-leben#breadcrumb","itemListElement":[{"@type":"ListItem","position":1,"name":"Startseite","item":"https:\/\/www.apfelpatient.de\/"},{"@type":"ListItem","position":2,"name":"M1 iPad Pro: Apps m\u00fcssen mit RAM-Begrenzung leben"}]},{"@type":"WebSite","@id":"https:\/\/www.apfelpatient.de\/#website","url":"https:\/\/www.apfelpatient.de\/","name":"apple patient","description":"Everything about Apple!","publisher":{"@type":"Organization","@id":"https:\/\/www.apfelpatient.de\/en\/#organization","name":"Apfelpatient","url":"https:\/\/www.apfelpatient.de\/en\/"},"alternateName":"Apfelpatient","potentialAction":[{"@type":"SearchAction","target":{"@type":"EntryPoint","urlTemplate":"https:\/\/www.apfelpatient.de\/?s={search_term_string}"},"query-input":{"@type":"PropertyValueSpecification","valueRequired":true,"valueName":"search_term_string"}}],"inLanguage":"en-US"},{"@type":["Person","Organization"],"@id":"https:\/\/www.apfelpatient.de\/#\/schema\/person\/7dc56ad6c8e9824b76d2c08d4c140e13","name":"Milan","logo":{"@id":"https:\/\/www.apfelpatient.de\/#\/schema\/person\/image\/"},"description":"Hello and welcome to my technology blog! As a big Apple fan, I report on everything to do with Apple: from the latest news and exciting rumors to helpful tips and tricks and detailed product tests. If you are as enthusiastic about technology as I am, you have come to the right place!","sameAs":["https:\/\/www.facebook.com\/apfelpatientOfficial","https:\/\/www.linkedin.com\/in\/milan-jovicic-42aa0231b"],"url":"https:\/\/www.apfelpatient.de\/en\/author\/apfeladmin"}]}},"_links":{"self":[{"href":"https:\/\/www.apfelpatient.de\/en\/wp-json\/wp\/v2\/posts\/22987","targetHints":{"allow":["GET"]}}],"collection":[{"href":"https:\/\/www.apfelpatient.de\/en\/wp-json\/wp\/v2\/posts"}],"about":[{"href":"https:\/\/www.apfelpatient.de\/en\/wp-json\/wp\/v2\/types\/post"}],"author":[{"embeddable":true,"href":"https:\/\/www.apfelpatient.de\/en\/wp-json\/wp\/v2\/users\/2"}],"replies":[{"embeddable":true,"href":"https:\/\/www.apfelpatient.de\/en\/wp-json\/wp\/v2\/comments?post=22987"}],"version-history":[{"count":0,"href":"https:\/\/www.apfelpatient.de\/en\/wp-json\/wp\/v2\/posts\/22987\/revisions"}],"wp:featuredmedia":[{"embeddable":true,"href":"https:\/\/www.apfelpatient.de\/en\/wp-json\/wp\/v2\/media\/22982"}],"wp:attachment":[{"href":"https:\/\/www.apfelpatient.de\/en\/wp-json\/wp\/v2\/media?parent=22987"}],"wp:term":[{"taxonomy":"category","embeddable":true,"href":"https:\/\/www.apfelpatient.de\/en\/wp-json\/wp\/v2\/categories?post=22987"},{"taxonomy":"post_tag","embeddable":true,"href":"https:\/\/www.apfelpatient.de\/en\/wp-json\/wp\/v2\/tags?post=22987"}],"curies":[{"name":"wp","href":"https:\/\/api.w.org\/{rel}","templated":true}]}}