{"id":22966,"date":"2021-05-27T17:21:46","date_gmt":"2021-05-27T15:21:46","guid":{"rendered":"https:\/\/www.apfelpatient.de\/?p=22966"},"modified":"2021-05-27T19:47:47","modified_gmt":"2021-05-27T17:47:47","slug":"iphone-13-this-camera-feature-is-to-be-expanded","status":"publish","type":"post","link":"https:\/\/www.apfelpatient.de\/en\/rumors\/iphone-13-dieses-kamera-feature-soll-ausgeweitet-werden","title":{"rendered":"iPhone 13: This camera feature is to be expanded"},"content":{"rendered":"<p class=\"has-drop-cap\"><strong>Rumors surrounding the iPhone 13 series are regularly documented, with many reports now being repeated. This is also the case with regard to the optical sensor-shift camera stabilization.<\/strong><\/p>\n\n\n\n<p>While optical sensor-shift image stabilization is currently limited to the iPhone 12 Pro Max, the feature will be expanded to all iPhone 13 models this year, according to Taiwanese supply chain publication DigiTimes. <a href=\"https:\/\/www.digitimes.com\/news\/a20210526PD204.html\" target=\"_blank\" rel=\"noreferrer noopener\">report<\/a> shows:<\/p>\n\n\n\n<blockquote class=\"wp-block-quote is-layout-flow wp-block-quote-is-layout-flow\"><p>VCM makers mainly provide shipments for Android phones in the first half of the year but these shipments are expected to be surpassed by those for iPhones in the second half as all new iPhones will have the sensor-shift OIS (optical image stabilization) feature, the sources said, adding that makers have been instructed to increase capacity by 30-40% to meet strong demand for iPhones.<\/p><\/blockquote>\n\n\n\n<h3 class=\"wp-block-heading\" id=\"h-iphone-13-kamera-auf-der-r-ckseite-soll-gr-er-werden\">iPhone 13: Camera on the back to be bigger<\/h3>\n\n\n\n\n\n\n\n<p>DigiTimes first started this rumor in January, but today&#039;s report provides further certainty as the iPhone 13 models move toward mass production. Apple first introduced sensor-shift stabilization for the iPhone 12 Pro Max&#039;s wide-angle lens. The technology stabilizes the camera&#039;s sensor instead of the lens for even better image stabilization and improved photo quality. At the time, Apple explained:<\/p>\n\n\n\n<blockquote class=\"wp-block-quote is-layout-flow wp-block-quote-is-layout-flow\"><p>Until now, sensor-shift stabilization has only been available on DSLR cameras. This is the first time it&#039;s been adapted for the iPhone. Whether you&#039;re shooting videos of your kids chasing them around the park or holding your iPhone out the window on a bumpy road, you&#039;ll get more precise stabilization than ever before.<\/p><\/blockquote>\n\n\n\n<p>The iPhone 13 models are expected to have slightly larger cameras on the back, likely to accommodate larger sensors and other camera improvements. (Photo by Denys Prykhodov \/ Bigstockphoto)<\/p>\n\n\n\n<ul class=\"wp-block-list\"><li><a href=\"https:\/\/www.apfelpatient.de\/en\/rumors\/iphone-13-production-of-the-a15-chip-reportedly-starts\">iPhone 13: Production of the \u201cA15\u201d chip reportedly starts<\/a><\/li><\/ul>\n\n\n\n<h6 class=\"wp-block-heading translation-block\" id=\"h-kennt-ihr-schon-unsere-amazon-storefront-dort-findet-ihr-eine-handverlesene-auswahl-von-diversen-produkten-f-r-euer-iphone-und-co-viel-spa-beim-st-bern\"><em>Have you already visited our Amazon Storefront? There you&#039;ll find a hand-picked selection of various products for your iPhone and other devices \u2013 <span class=\"has-inline-color has-vivid-red-color\"><a href=\"https:\/\/www.amazon.de\/shop\/apfelpatientofficial\" class=\"ek-link\" data-wpel-link=\"exclude\" rel=\"follow noopener\" target=\"_self\"><span style=\"text-decoration: underline\" class=\"ek-underline\">enjoy browsing<\/span><\/a> !<\/span><\/em><\/h6>\n\n\n\n<h6 class=\"wp-block-heading translation-block\" id=\"h-der-beitrag-enthalt-partnerlinks\">This post contains <a data-type=\"URL\" data-id=\"https:\/\/www.apfelpatient.de\/partnerprogramm\" href=\"https:\/\/www.apfelpatient.de\/en\/partner-program\" data-wpel-link=\"internal\" target=\"_self\">affiliate links<\/a>.<\/h6>","protected":false},"excerpt":{"rendered":"<p>Rumors surrounding the iPhone 13 series are regularly documented, with many reports now being repeated.<\/p>","protected":false},"author":2,"featured_media":22965,"comment_status":"closed","ping_status":"closed","sticky":false,"template":"","format":"standard","meta":{"jnews-multi-image_gallery":[],"jnews_single_post":{"subtitle":"","format":"standard","video":"","gallery":"","source_name":"","source_url":"","via_name":"","via_url":"","override":[{"single_blog_custom":"","sidebar":"","second_sidebar":"","share_position":"","share_float_style":"","post_date_format":"","post_date_format_custom":"","post_reading_time_wpm":"","zoom_button_out_step":"1","zoom_button_in_step":"1","number_popup_post":"1"}],"image_override":[{"single_post_thumbnail_size":"","single_post_gallery_size":""}],"trending_post_position":"","trending_post_label":"","sponsored_post_label":"","sponsored_post_name":"","sponsored_post_url":"","sponsored_post_logo":"","sponsored_post_desc":""},"jnews_primary_category":{"id":"25"},"footnotes":""},"categories":[25],"tags":[8,311],"class_list":["post-22966","post","type-post","status-publish","format-standard","has-post-thumbnail","hentry","category-rumors","tag-iphone","tag-iphone-2021"],"yoast_head":"<!-- This site is optimized with the Yoast SEO Premium plugin v27.5 (Yoast SEO v27.5) - https:\/\/yoast.com\/product\/yoast-seo-premium-wordpress\/ -->\n<title>iPhone 13: Dieses Kamera-Feature soll ausgeweitet werden Apfelpatient<\/title>\n<meta name=\"description\" content=\"Ger\u00fcchte rund um die iPhone 13 Reihe werden regelm\u00e4\u00dfig dokumentiert, wobei sich viele Berichte mittlerweile wiederholen.\" \/>\n<meta name=\"robots\" content=\"index, follow, max-snippet:-1, max-image-preview:large, max-video-preview:-1\" \/>\n<link rel=\"canonical\" href=\"https:\/\/www.apfelpatient.de\/en\/rumors\/iphone-13-this-camera-feature-is-to-be-expanded\" \/>\n<meta property=\"og:locale\" content=\"en_US\" \/>\n<meta property=\"og:type\" content=\"article\" \/>\n<meta property=\"og:title\" content=\"iPhone 13: Dieses Kamera-Feature soll ausgeweitet werden\" \/>\n<meta property=\"og:description\" content=\"Ger\u00fcchte rund um die iPhone 13 Reihe werden regelm\u00e4\u00dfig dokumentiert, wobei sich viele Berichte mittlerweile wiederholen.\" \/>\n<meta property=\"og:url\" content=\"https:\/\/www.apfelpatient.de\/en\/rumors\/iphone-13-this-camera-feature-is-to-be-expanded\" \/>\n<meta property=\"og:site_name\" content=\"Apfelpatient\" \/>\n<meta property=\"article:publisher\" content=\"https:\/\/www.facebook.com\/apfelpatientOfficial\" \/>\n<meta property=\"article:author\" content=\"https:\/\/www.facebook.com\/apfelpatientOfficial\" \/>\n<meta property=\"article:published_time\" content=\"2021-05-27T15:21:46+00:00\" \/>\n<meta property=\"article:modified_time\" content=\"2021-05-27T17:47:47+00:00\" \/>\n<meta property=\"og:image\" content=\"https:\/\/www.apfelpatient.de\/wp-content\/uploads\/2021\/05\/bigstock-Alanya-Turkey-November-413818601.jpg\" \/>\n\t<meta property=\"og:image:width\" content=\"1600\" \/>\n\t<meta property=\"og:image:height\" content=\"1067\" \/>\n\t<meta property=\"og:image:type\" content=\"image\/jpeg\" \/>\n<meta name=\"author\" content=\"Milan\" \/>\n<meta name=\"twitter:card\" content=\"summary_large_image\" \/>\n<meta name=\"twitter:description\" content=\"Ger\u00fcchte rund um die iPhone 13 Reihe werden regelm\u00e4\u00dfig dokumentiert, wobei sich viele Berichte mittlerweile wiederholen.\" \/>\n<meta name=\"twitter:label1\" content=\"Written by\" \/>\n\t<meta name=\"twitter:data1\" content=\"Milan\" \/>\n\t<meta name=\"twitter:label2\" content=\"Est. reading time\" \/>\n\t<meta name=\"twitter:data2\" content=\"2 minutes\" \/>\n<script type=\"application\/ld+json\" class=\"yoast-schema-graph\">{\"@context\":\"https:\\\/\\\/schema.org\",\"@graph\":[{\"@type\":\"NewsArticle\",\"@id\":\"https:\\\/\\\/www.apfelpatient.de\\\/rumors\\\/iphone-13-dieses-kamera-feature-soll-ausgeweitet-werden#article\",\"isPartOf\":{\"@id\":\"https:\\\/\\\/www.apfelpatient.de\\\/rumors\\\/iphone-13-dieses-kamera-feature-soll-ausgeweitet-werden\"},\"author\":{\"@type\":\"Organization\",\"@id\":\"https:\\\/\\\/www.apfelpatient.de\\\/en\\\/#organization\",\"name\":\"Apfelpatient\",\"url\":\"https:\\\/\\\/www.apfelpatient.de\\\/en\\\/\"},\"headline\":\"iPhone 13: Dieses Kamera-Feature soll ausgeweitet werden\",\"datePublished\":\"2021-05-27T15:21:46+00:00\",\"dateModified\":\"2021-05-27T17:47:47+00:00\",\"mainEntityOfPage\":{\"@id\":\"https:\\\/\\\/www.apfelpatient.de\\\/rumors\\\/iphone-13-dieses-kamera-feature-soll-ausgeweitet-werden\"},\"wordCount\":315,\"publisher\":{\"@type\":\"Organization\",\"@id\":\"https:\\\/\\\/www.apfelpatient.de\\\/en\\\/#organization\",\"name\":\"Apfelpatient\",\"url\":\"https:\\\/\\\/www.apfelpatient.de\\\/en\\\/\"},\"image\":{\"@id\":\"https:\\\/\\\/www.apfelpatient.de\\\/rumors\\\/iphone-13-dieses-kamera-feature-soll-ausgeweitet-werden#primaryimage\"},\"thumbnailUrl\":\"https:\\\/\\\/www.apfelpatient.de\\\/wp-content\\\/uploads\\\/2021\\\/05\\\/bigstock-Alanya-Turkey-November-413818601.jpg\",\"keywords\":[\"iPhone\",\"iPhone 13\"],\"articleSection\":\"Rumors\",\"inLanguage\":\"en-US\",\"copyrightYear\":\"2021\",\"copyrightHolder\":{\"@id\":\"https:\\\/\\\/www.apfelpatient.de\\\/en\\\/#organization\"}},{\"@type\":\"WebPage\",\"@id\":\"https:\\\/\\\/www.apfelpatient.de\\\/rumors\\\/iphone-13-dieses-kamera-feature-soll-ausgeweitet-werden\",\"url\":\"https:\\\/\\\/www.apfelpatient.de\\\/rumors\\\/iphone-13-dieses-kamera-feature-soll-ausgeweitet-werden\",\"name\":\"iPhone 13: Dieses Kamera-Feature soll ausgeweitet werden Apfelpatient\",\"isPartOf\":{\"@id\":\"https:\\\/\\\/www.apfelpatient.de\\\/#website\"},\"primaryImageOfPage\":{\"@id\":\"https:\\\/\\\/www.apfelpatient.de\\\/rumors\\\/iphone-13-dieses-kamera-feature-soll-ausgeweitet-werden#primaryimage\"},\"image\":{\"@id\":\"https:\\\/\\\/www.apfelpatient.de\\\/rumors\\\/iphone-13-dieses-kamera-feature-soll-ausgeweitet-werden#primaryimage\"},\"thumbnailUrl\":\"https:\\\/\\\/www.apfelpatient.de\\\/wp-content\\\/uploads\\\/2021\\\/05\\\/bigstock-Alanya-Turkey-November-413818601.jpg\",\"datePublished\":\"2021-05-27T15:21:46+00:00\",\"dateModified\":\"2021-05-27T17:47:47+00:00\",\"description\":\"Ger\u00fcchte rund um die iPhone 13 Reihe werden regelm\u00e4\u00dfig dokumentiert, wobei sich viele Berichte mittlerweile wiederholen.\",\"breadcrumb\":{\"@id\":\"https:\\\/\\\/www.apfelpatient.de\\\/rumors\\\/iphone-13-dieses-kamera-feature-soll-ausgeweitet-werden#breadcrumb\"},\"inLanguage\":\"en-US\",\"potentialAction\":[{\"@type\":\"ReadAction\",\"target\":[\"https:\\\/\\\/www.apfelpatient.de\\\/rumors\\\/iphone-13-dieses-kamera-feature-soll-ausgeweitet-werden\"]}]},{\"@type\":\"ImageObject\",\"inLanguage\":\"en-US\",\"@id\":\"https:\\\/\\\/www.apfelpatient.de\\\/rumors\\\/iphone-13-dieses-kamera-feature-soll-ausgeweitet-werden#primaryimage\",\"url\":\"https:\\\/\\\/www.apfelpatient.de\\\/wp-content\\\/uploads\\\/2021\\\/05\\\/bigstock-Alanya-Turkey-November-413818601.jpg\",\"contentUrl\":\"https:\\\/\\\/www.apfelpatient.de\\\/wp-content\\\/uploads\\\/2021\\\/05\\\/bigstock-Alanya-Turkey-November-413818601.jpg\",\"width\":1600,\"height\":1067,\"caption\":\"Alanya, Turkey - November 26, 2021: iPhone 12 Pro Max Gold with home screen IOS 14 on the screen on the table. iPhone 12 Pro Max Gold was created and developed by the Apple inc.\"},{\"@type\":\"BreadcrumbList\",\"@id\":\"https:\\\/\\\/www.apfelpatient.de\\\/rumors\\\/iphone-13-dieses-kamera-feature-soll-ausgeweitet-werden#breadcrumb\",\"itemListElement\":[{\"@type\":\"ListItem\",\"position\":1,\"name\":\"Startseite\",\"item\":\"https:\\\/\\\/www.apfelpatient.de\\\/\"},{\"@type\":\"ListItem\",\"position\":2,\"name\":\"iPhone 13: Dieses Kamera-Feature soll ausgeweitet werden\"}]},{\"@type\":\"WebSite\",\"@id\":\"https:\\\/\\\/www.apfelpatient.de\\\/#website\",\"url\":\"https:\\\/\\\/www.apfelpatient.de\\\/\",\"name\":\"Apfelpatient\",\"description\":\"Alles rund um Apple!\",\"publisher\":{\"@type\":\"Organization\",\"@id\":\"https:\\\/\\\/www.apfelpatient.de\\\/en\\\/#organization\",\"name\":\"Apfelpatient\",\"url\":\"https:\\\/\\\/www.apfelpatient.de\\\/en\\\/\"},\"alternateName\":\"Apfelpatient\",\"potentialAction\":[{\"@type\":\"SearchAction\",\"target\":{\"@type\":\"EntryPoint\",\"urlTemplate\":\"https:\\\/\\\/www.apfelpatient.de\\\/?s={search_term_string}\"},\"query-input\":{\"@type\":\"PropertyValueSpecification\",\"valueRequired\":true,\"valueName\":\"search_term_string\"}}],\"inLanguage\":\"en-US\"},{\"@type\":[\"Person\",\"Organization\"],\"@id\":\"https:\\\/\\\/www.apfelpatient.de\\\/#\\\/schema\\\/person\\\/35b3ddba5832f2bfc7fff5206d4f6b7b\",\"name\":\"Milan\",\"logo\":{\"@id\":\"https:\\\/\\\/www.apfelpatient.de\\\/#\\\/schema\\\/person\\\/image\\\/\"},\"description\":\"Hallo und herzlich willkommen auf meinem Technik-Blog! Als gro\u00dfer Apple-Fan berichte ich hier \u00fcber alles, was mit Apple zu tun hat: von den neuesten News und spannenden Ger\u00fcchten \u00fcber hilfreiche Tipps und Tricks bis hin zu ausf\u00fchrlichen Produkttests. Wenn du genauso technikbegeistert bist wie ich, bist du hier genau richtig!\",\"sameAs\":[\"https:\\\/\\\/www.facebook.com\\\/apfelpatientOfficial\",\"https:\\\/\\\/www.linkedin.com\\\/in\\\/milan-jovicic-42aa0231b\"],\"url\":\"https:\\\/\\\/www.apfelpatient.de\\\/en\\\/author\\\/apfeladmin\"}]}<\/script>\n<!-- \/ Yoast SEO Premium plugin. -->","yoast_head_json":{"title":"iPhone 13: This camera feature is to be expanded Apfelpatient","description":"Rumors surrounding the iPhone 13 series are regularly documented, with many reports now being repeated.","robots":{"index":"index","follow":"follow","max-snippet":"max-snippet:-1","max-image-preview":"max-image-preview:large","max-video-preview":"max-video-preview:-1"},"canonical":"https:\/\/www.apfelpatient.de\/en\/rumors\/iphone-13-this-camera-feature-is-to-be-expanded","og_locale":"en_US","og_type":"article","og_title":"iPhone 13: Dieses Kamera-Feature soll ausgeweitet werden","og_description":"Ger\u00fcchte rund um die iPhone 13 Reihe werden regelm\u00e4\u00dfig dokumentiert, wobei sich viele Berichte mittlerweile wiederholen.","og_url":"https:\/\/www.apfelpatient.de\/en\/rumors\/iphone-13-this-camera-feature-is-to-be-expanded","og_site_name":"Apfelpatient","article_publisher":"https:\/\/www.facebook.com\/apfelpatientOfficial","article_author":"https:\/\/www.facebook.com\/apfelpatientOfficial","article_published_time":"2021-05-27T15:21:46+00:00","article_modified_time":"2021-05-27T17:47:47+00:00","og_image":[{"width":1600,"height":1067,"url":"https:\/\/www.apfelpatient.de\/wp-content\/uploads\/2021\/05\/bigstock-Alanya-Turkey-November-413818601.jpg","type":"image\/jpeg"}],"author":"Milan","twitter_card":"summary_large_image","twitter_description":"Ger\u00fcchte rund um die iPhone 13 Reihe werden regelm\u00e4\u00dfig dokumentiert, wobei sich viele Berichte mittlerweile wiederholen.","twitter_misc":{"Written by":"Milan","Est. reading time":"2 minutes"},"schema":{"@context":"https:\/\/schema.org","@graph":[{"@type":"NewsArticle","@id":"https:\/\/www.apfelpatient.de\/rumors\/iphone-13-dieses-kamera-feature-soll-ausgeweitet-werden#article","isPartOf":{"@id":"https:\/\/www.apfelpatient.de\/rumors\/iphone-13-dieses-kamera-feature-soll-ausgeweitet-werden"},"author":{"@type":"Organization","@id":"https:\/\/www.apfelpatient.de\/en\/#organization","name":"Apfelpatient","url":"https:\/\/www.apfelpatient.de\/en\/"},"headline":"iPhone 13: Dieses Kamera-Feature soll ausgeweitet werden","datePublished":"2021-05-27T15:21:46+00:00","dateModified":"2021-05-27T17:47:47+00:00","mainEntityOfPage":{"@id":"https:\/\/www.apfelpatient.de\/rumors\/iphone-13-dieses-kamera-feature-soll-ausgeweitet-werden"},"wordCount":315,"publisher":{"@type":"Organization","@id":"https:\/\/www.apfelpatient.de\/en\/#organization","name":"Apfelpatient","url":"https:\/\/www.apfelpatient.de\/en\/"},"image":{"@id":"https:\/\/www.apfelpatient.de\/rumors\/iphone-13-dieses-kamera-feature-soll-ausgeweitet-werden#primaryimage"},"thumbnailUrl":"https:\/\/www.apfelpatient.de\/wp-content\/uploads\/2021\/05\/bigstock-Alanya-Turkey-November-413818601.jpg","keywords":["iPhone","iPhone 13"],"articleSection":"Rumors","inLanguage":"en-US","copyrightYear":"2021","copyrightHolder":{"@id":"https:\/\/www.apfelpatient.de\/en\/#organization"}},{"@type":"WebPage","@id":"https:\/\/www.apfelpatient.de\/rumors\/iphone-13-dieses-kamera-feature-soll-ausgeweitet-werden","url":"https:\/\/www.apfelpatient.de\/rumors\/iphone-13-dieses-kamera-feature-soll-ausgeweitet-werden","name":"iPhone 13: This camera feature is to be expanded Apfelpatient","isPartOf":{"@id":"https:\/\/www.apfelpatient.de\/#website"},"primaryImageOfPage":{"@id":"https:\/\/www.apfelpatient.de\/rumors\/iphone-13-dieses-kamera-feature-soll-ausgeweitet-werden#primaryimage"},"image":{"@id":"https:\/\/www.apfelpatient.de\/rumors\/iphone-13-dieses-kamera-feature-soll-ausgeweitet-werden#primaryimage"},"thumbnailUrl":"https:\/\/www.apfelpatient.de\/wp-content\/uploads\/2021\/05\/bigstock-Alanya-Turkey-November-413818601.jpg","datePublished":"2021-05-27T15:21:46+00:00","dateModified":"2021-05-27T17:47:47+00:00","description":"Rumors surrounding the iPhone 13 series are regularly documented, with many reports now being repeated.","breadcrumb":{"@id":"https:\/\/www.apfelpatient.de\/rumors\/iphone-13-dieses-kamera-feature-soll-ausgeweitet-werden#breadcrumb"},"inLanguage":"en-US","potentialAction":[{"@type":"ReadAction","target":["https:\/\/www.apfelpatient.de\/rumors\/iphone-13-dieses-kamera-feature-soll-ausgeweitet-werden"]}]},{"@type":"ImageObject","inLanguage":"en-US","@id":"https:\/\/www.apfelpatient.de\/rumors\/iphone-13-dieses-kamera-feature-soll-ausgeweitet-werden#primaryimage","url":"https:\/\/www.apfelpatient.de\/wp-content\/uploads\/2021\/05\/bigstock-Alanya-Turkey-November-413818601.jpg","contentUrl":"https:\/\/www.apfelpatient.de\/wp-content\/uploads\/2021\/05\/bigstock-Alanya-Turkey-November-413818601.jpg","width":1600,"height":1067,"caption":"Alanya, Turkey - November 26, 2021: iPhone 12 Pro Max Gold with home screen IOS 14 on the screen on the table. iPhone 12 Pro Max Gold was created and developed by the Apple inc."},{"@type":"BreadcrumbList","@id":"https:\/\/www.apfelpatient.de\/rumors\/iphone-13-dieses-kamera-feature-soll-ausgeweitet-werden#breadcrumb","itemListElement":[{"@type":"ListItem","position":1,"name":"Startseite","item":"https:\/\/www.apfelpatient.de\/"},{"@type":"ListItem","position":2,"name":"iPhone 13: Dieses Kamera-Feature soll ausgeweitet werden"}]},{"@type":"WebSite","@id":"https:\/\/www.apfelpatient.de\/#website","url":"https:\/\/www.apfelpatient.de\/","name":"apple patient","description":"Everything about Apple!","publisher":{"@type":"Organization","@id":"https:\/\/www.apfelpatient.de\/en\/#organization","name":"Apfelpatient","url":"https:\/\/www.apfelpatient.de\/en\/"},"alternateName":"Apfelpatient","potentialAction":[{"@type":"SearchAction","target":{"@type":"EntryPoint","urlTemplate":"https:\/\/www.apfelpatient.de\/?s={search_term_string}"},"query-input":{"@type":"PropertyValueSpecification","valueRequired":true,"valueName":"search_term_string"}}],"inLanguage":"en-US"},{"@type":["Person","Organization"],"@id":"https:\/\/www.apfelpatient.de\/#\/schema\/person\/35b3ddba5832f2bfc7fff5206d4f6b7b","name":"Milan","logo":{"@id":"https:\/\/www.apfelpatient.de\/#\/schema\/person\/image\/"},"description":"Hello and welcome to my technology blog! As a big Apple fan, I report on everything to do with Apple: from the latest news and exciting rumors to helpful tips and tricks and detailed product tests. If you are as enthusiastic about technology as I am, you have come to the right place!","sameAs":["https:\/\/www.facebook.com\/apfelpatientOfficial","https:\/\/www.linkedin.com\/in\/milan-jovicic-42aa0231b"],"url":"https:\/\/www.apfelpatient.de\/en\/author\/apfeladmin"}]}},"_links":{"self":[{"href":"https:\/\/www.apfelpatient.de\/en\/wp-json\/wp\/v2\/posts\/22966","targetHints":{"allow":["GET"]}}],"collection":[{"href":"https:\/\/www.apfelpatient.de\/en\/wp-json\/wp\/v2\/posts"}],"about":[{"href":"https:\/\/www.apfelpatient.de\/en\/wp-json\/wp\/v2\/types\/post"}],"author":[{"embeddable":true,"href":"https:\/\/www.apfelpatient.de\/en\/wp-json\/wp\/v2\/users\/2"}],"replies":[{"embeddable":true,"href":"https:\/\/www.apfelpatient.de\/en\/wp-json\/wp\/v2\/comments?post=22966"}],"version-history":[{"count":0,"href":"https:\/\/www.apfelpatient.de\/en\/wp-json\/wp\/v2\/posts\/22966\/revisions"}],"wp:featuredmedia":[{"embeddable":true,"href":"https:\/\/www.apfelpatient.de\/en\/wp-json\/wp\/v2\/media\/22965"}],"wp:attachment":[{"href":"https:\/\/www.apfelpatient.de\/en\/wp-json\/wp\/v2\/media?parent=22966"}],"wp:term":[{"taxonomy":"category","embeddable":true,"href":"https:\/\/www.apfelpatient.de\/en\/wp-json\/wp\/v2\/categories?post=22966"},{"taxonomy":"post_tag","embeddable":true,"href":"https:\/\/www.apfelpatient.de\/en\/wp-json\/wp\/v2\/tags?post=22966"}],"curies":[{"name":"wp","href":"https:\/\/api.w.org\/{rel}","templated":true}]}}