{"id":2294,"date":"2018-10-12T10:41:17","date_gmt":"2018-10-12T08:41:17","guid":{"rendered":"https:\/\/www.apfelpatient.de\/?p=2294"},"modified":"2025-02-06T07:06:52","modified_gmt":"2025-02-06T06:06:52","slug":"the-new-ipad-pro-is-coming","status":"publish","type":"post","link":"https:\/\/www.apfelpatient.de\/en\/rumors\/das-neue-ipad-pro-kommt","title":{"rendered":"The new iPad Pro is coming"},"content":{"rendered":"<p><strong>The fact that a new iPad Pro with Face ID will be released has already been suspected and underlined by numerous rumors and leaks.<\/strong><\/p>\n\n<p>Specifically, 12.9\u201d and 10.5\u201d devices are to be released. Both will for the first time dispense with Touch ID and be equipped with Face ID. Although the device will only have a very narrow edge, there will be no notch for the TrueDepth camera. This is made possible by the new LCD of the upcoming iPad Pro model. In addition, facial recognition should also work in landscape format.<\/p>\n<p><strong>Apple submits registration for new devices<\/strong><\/p>\n<p>Apple recently registered several new iPads and a Bluetooth device in China. The Chinese Ministry of Commerce has now published the applications submitted. The model numbers are A1876, A1980 and A1993.<\/p>\n\n<p>Due to the random number sequence, it is difficult to draw any conclusions about the devices. The Bluetooth device could be a revised Apple Pencil. According to recent rumors, the second generation of the stylus will not be able to be connected via the Lightning port, but will be similar to the AirPods.<\/p>\n<p>Apple registered new models with the EEC several months ago (<a href=\"https:\/\/www.apfelpatient.de\/en\">Eurasian Economic Commission<\/a>). The latest registration can therefore be seen as a clear indication of the imminent introduction of new iPad models. An invitation to the next Apple event is expected in the next few days.<\/p>","protected":false},"excerpt":{"rendered":"<p>Dass ein neues iPad Pro mit Face ID kommen soll, wurde bereits vermutet und durch zahlreiche Ger\u00fcchte und Leaks unterstrichen. Konkret sollen 12.9\u201d und 10.5\u201d Ger\u00e4te erscheinen. Beide werden erstmals auf Touch ID verzichten und mit Face ID ausgestattet. Obwohl das Ger\u00e4t nur \u00fcber einen sehr schmalen Rand verf\u00fcgen soll, wird es keine Kerbe f\u00fcr [&hellip;]<\/p>\n","protected":false},"author":2,"featured_media":1879,"comment_status":"open","ping_status":"open","sticky":false,"template":"","format":"standard","meta":{"jnews-multi-image_gallery":[],"jnews_single_post":[],"jnews_primary_category":[],"footnotes":""},"categories":[25],"tags":[17,76,18,66,125],"class_list":["post-2294","post","type-post","status-publish","format-standard","has-post-thumbnail","hentry","category-rumors","tag-apple-pencil","tag-eec","tag-ipad","tag-ipad-pro","tag-ipad-pro-2018"],"yoast_head":"<!-- This site is optimized with the Yoast SEO Premium plugin v27.5 (Yoast SEO v27.5) - https:\/\/yoast.com\/product\/yoast-seo-premium-wordpress\/ -->\n<title>Das neue iPad Pro kommt Apfelpatient<\/title>\n<meta name=\"description\" content=\"Dass ein neues iPad Pro mit Face ID kommen soll, wurde bereits vermutet und durch zahlreiche Ger\u00fcchte und Leaks unterstrichen. Konkret sollen 12.9\u201d und\" \/>\n<meta name=\"robots\" content=\"index, follow, max-snippet:-1, max-image-preview:large, max-video-preview:-1\" \/>\n<link rel=\"canonical\" href=\"https:\/\/www.apfelpatient.de\/en\/rumors\/the-new-ipad-pro-is-coming\" \/>\n<meta property=\"og:locale\" content=\"en_US\" \/>\n<meta property=\"og:type\" content=\"article\" \/>\n<meta property=\"og:title\" content=\"Das neue iPad Pro kommt\" \/>\n<meta property=\"og:description\" content=\"Dass ein neues iPad Pro mit Face ID kommen soll, wurde bereits vermutet und durch zahlreiche Ger\u00fcchte und Leaks unterstrichen.\" \/>\n<meta property=\"og:url\" content=\"https:\/\/www.apfelpatient.de\/en\/rumors\/the-new-ipad-pro-is-coming\" \/>\n<meta property=\"og:site_name\" content=\"Apfelpatient\" \/>\n<meta property=\"article:publisher\" content=\"https:\/\/www.facebook.com\/apfelpatientOfficial\" \/>\n<meta property=\"article:author\" content=\"https:\/\/www.facebook.com\/apfelpatientOfficial\" \/>\n<meta property=\"article:published_time\" content=\"2018-10-12T08:41:17+00:00\" \/>\n<meta property=\"article:modified_time\" content=\"2025-02-06T06:06:52+00:00\" \/>\n<meta property=\"og:image\" content=\"https:\/\/www.apfelpatient.de\/wp-content\/uploads\/2018\/09\/image-106833-3208473.jpg\" \/>\n\t<meta property=\"og:image:width\" content=\"690\" \/>\n\t<meta property=\"og:image:height\" content=\"518\" \/>\n\t<meta property=\"og:image:type\" content=\"image\/jpeg\" \/>\n<meta name=\"author\" content=\"Milan\" \/>\n<meta name=\"twitter:card\" content=\"summary_large_image\" \/>\n<meta name=\"twitter:title\" content=\"Das neue iPad Pro kommt\" \/>\n<meta name=\"twitter:description\" content=\"Dass ein neues iPad Pro mit Face ID kommen soll, wurde bereits vermutet und durch zahlreiche Ger\u00fcchte und Leaks unterstrichen.\" \/>\n<meta name=\"twitter:image\" content=\"https:\/\/www.apfelpatient.de\/wp-content\/uploads\/2018\/09\/image-106833-3208473.jpg\" \/>\n<meta name=\"twitter:label1\" content=\"Written by\" \/>\n\t<meta name=\"twitter:data1\" content=\"Milan\" \/>\n\t<meta name=\"twitter:label2\" content=\"Est. reading time\" \/>\n\t<meta name=\"twitter:data2\" content=\"1 minute\" \/>\n<script type=\"application\/ld+json\" class=\"yoast-schema-graph\">{\"@context\":\"https:\\\/\\\/schema.org\",\"@graph\":[{\"@type\":\"NewsArticle\",\"@id\":\"https:\\\/\\\/www.apfelpatient.de\\\/rumors\\\/das-neue-ipad-pro-kommt#article\",\"isPartOf\":{\"@id\":\"https:\\\/\\\/www.apfelpatient.de\\\/rumors\\\/das-neue-ipad-pro-kommt\"},\"author\":{\"@type\":\"Organization\",\"@id\":\"https:\\\/\\\/www.apfelpatient.de\\\/en\\\/#organization\",\"name\":\"Apfelpatient\",\"url\":\"https:\\\/\\\/www.apfelpatient.de\\\/en\\\/\"},\"headline\":\"Das neue iPad Pro kommt\",\"datePublished\":\"2018-10-12T08:41:17+00:00\",\"dateModified\":\"2025-02-06T06:06:52+00:00\",\"mainEntityOfPage\":{\"@id\":\"https:\\\/\\\/www.apfelpatient.de\\\/rumors\\\/das-neue-ipad-pro-kommt\"},\"wordCount\":237,\"commentCount\":0,\"publisher\":{\"@type\":\"Organization\",\"@id\":\"https:\\\/\\\/www.apfelpatient.de\\\/en\\\/#organization\",\"name\":\"Apfelpatient\",\"url\":\"https:\\\/\\\/www.apfelpatient.de\\\/en\\\/\"},\"image\":{\"@id\":\"https:\\\/\\\/www.apfelpatient.de\\\/rumors\\\/das-neue-ipad-pro-kommt#primaryimage\"},\"thumbnailUrl\":\"https:\\\/\\\/www.apfelpatient.de\\\/wp-content\\\/uploads\\\/2018\\\/09\\\/image-106833-3208473.jpg\",\"keywords\":[\"Apple Pencil\",\"EEC\",\"iPad\",\"iPad Pro\",\"iPad Pro 2018\"],\"articleSection\":\"Rumors\",\"inLanguage\":\"en-US\",\"potentialAction\":[{\"@type\":\"CommentAction\",\"name\":\"Comment\",\"target\":[\"https:\\\/\\\/www.apfelpatient.de\\\/rumors\\\/das-neue-ipad-pro-kommt#respond\"]}],\"copyrightYear\":\"2018\",\"copyrightHolder\":{\"@id\":\"https:\\\/\\\/www.apfelpatient.de\\\/en\\\/#organization\"}},{\"@type\":\"WebPage\",\"@id\":\"https:\\\/\\\/www.apfelpatient.de\\\/rumors\\\/das-neue-ipad-pro-kommt\",\"url\":\"https:\\\/\\\/www.apfelpatient.de\\\/rumors\\\/das-neue-ipad-pro-kommt\",\"name\":\"Das neue iPad Pro kommt Apfelpatient\",\"isPartOf\":{\"@id\":\"https:\\\/\\\/www.apfelpatient.de\\\/#website\"},\"primaryImageOfPage\":{\"@id\":\"https:\\\/\\\/www.apfelpatient.de\\\/rumors\\\/das-neue-ipad-pro-kommt#primaryimage\"},\"image\":{\"@id\":\"https:\\\/\\\/www.apfelpatient.de\\\/rumors\\\/das-neue-ipad-pro-kommt#primaryimage\"},\"thumbnailUrl\":\"https:\\\/\\\/www.apfelpatient.de\\\/wp-content\\\/uploads\\\/2018\\\/09\\\/image-106833-3208473.jpg\",\"datePublished\":\"2018-10-12T08:41:17+00:00\",\"dateModified\":\"2025-02-06T06:06:52+00:00\",\"description\":\"Dass ein neues iPad Pro mit Face ID kommen soll, wurde bereits vermutet und durch zahlreiche Ger\u00fcchte und Leaks unterstrichen. Konkret sollen 12.9\u201d und\",\"breadcrumb\":{\"@id\":\"https:\\\/\\\/www.apfelpatient.de\\\/rumors\\\/das-neue-ipad-pro-kommt#breadcrumb\"},\"inLanguage\":\"en-US\",\"potentialAction\":[{\"@type\":\"ReadAction\",\"target\":[\"https:\\\/\\\/www.apfelpatient.de\\\/rumors\\\/das-neue-ipad-pro-kommt\"]}]},{\"@type\":\"ImageObject\",\"inLanguage\":\"en-US\",\"@id\":\"https:\\\/\\\/www.apfelpatient.de\\\/rumors\\\/das-neue-ipad-pro-kommt#primaryimage\",\"url\":\"https:\\\/\\\/www.apfelpatient.de\\\/wp-content\\\/uploads\\\/2018\\\/09\\\/image-106833-3208473.jpg\",\"contentUrl\":\"https:\\\/\\\/www.apfelpatient.de\\\/wp-content\\\/uploads\\\/2018\\\/09\\\/image-106833-3208473.jpg\",\"width\":690,\"height\":518,\"caption\":\"Bild: OnLeaks \\\/ MySmartPrice\"},{\"@type\":\"BreadcrumbList\",\"@id\":\"https:\\\/\\\/www.apfelpatient.de\\\/rumors\\\/das-neue-ipad-pro-kommt#breadcrumb\",\"itemListElement\":[{\"@type\":\"ListItem\",\"position\":1,\"name\":\"Startseite\",\"item\":\"https:\\\/\\\/www.apfelpatient.de\\\/\"},{\"@type\":\"ListItem\",\"position\":2,\"name\":\"Das neue iPad Pro kommt\"}]},{\"@type\":\"WebSite\",\"@id\":\"https:\\\/\\\/www.apfelpatient.de\\\/#website\",\"url\":\"https:\\\/\\\/www.apfelpatient.de\\\/\",\"name\":\"Apfelpatient\",\"description\":\"Alles rund um Apple!\",\"publisher\":{\"@type\":\"Organization\",\"@id\":\"https:\\\/\\\/www.apfelpatient.de\\\/en\\\/#organization\",\"name\":\"Apfelpatient\",\"url\":\"https:\\\/\\\/www.apfelpatient.de\\\/en\\\/\"},\"alternateName\":\"Apfelpatient\",\"potentialAction\":[{\"@type\":\"SearchAction\",\"target\":{\"@type\":\"EntryPoint\",\"urlTemplate\":\"https:\\\/\\\/www.apfelpatient.de\\\/?s={search_term_string}\"},\"query-input\":{\"@type\":\"PropertyValueSpecification\",\"valueRequired\":true,\"valueName\":\"search_term_string\"}}],\"inLanguage\":\"en-US\"},{\"@type\":[\"Person\",\"Organization\"],\"@id\":\"https:\\\/\\\/www.apfelpatient.de\\\/#\\\/schema\\\/person\\\/7dc56ad6c8e9824b76d2c08d4c140e13\",\"name\":\"Milan\",\"logo\":{\"@id\":\"https:\\\/\\\/www.apfelpatient.de\\\/#\\\/schema\\\/person\\\/image\\\/\"},\"description\":\"Hallo und herzlich willkommen auf meinem Technik-Blog! Als gro\u00dfer Apple-Fan berichte ich hier \u00fcber alles, was mit Apple zu tun hat: von den neuesten News und spannenden Ger\u00fcchten \u00fcber hilfreiche Tipps und Tricks bis hin zu ausf\u00fchrlichen Produkttests. Wenn du genauso technikbegeistert bist wie ich, bist du hier genau richtig!\",\"sameAs\":[\"https:\\\/\\\/www.facebook.com\\\/apfelpatientOfficial\",\"https:\\\/\\\/www.linkedin.com\\\/in\\\/milan-jovicic-42aa0231b\"],\"url\":\"https:\\\/\\\/www.apfelpatient.de\\\/en\\\/author\\\/apfeladmin\"}]}<\/script>\n<!-- \/ Yoast SEO Premium plugin. -->","yoast_head_json":{"title":"The new iPad Pro is coming Apfelpatient","description":"The fact that a new iPad Pro with Face ID is coming has already been suspected and underlined by numerous rumors and leaks. Specifically, 12.9\u201d and","robots":{"index":"index","follow":"follow","max-snippet":"max-snippet:-1","max-image-preview":"max-image-preview:large","max-video-preview":"max-video-preview:-1"},"canonical":"https:\/\/www.apfelpatient.de\/en\/rumors\/the-new-ipad-pro-is-coming","og_locale":"en_US","og_type":"article","og_title":"Das neue iPad Pro kommt","og_description":"Dass ein neues iPad Pro mit Face ID kommen soll, wurde bereits vermutet und durch zahlreiche Ger\u00fcchte und Leaks unterstrichen.","og_url":"https:\/\/www.apfelpatient.de\/en\/rumors\/the-new-ipad-pro-is-coming","og_site_name":"Apfelpatient","article_publisher":"https:\/\/www.facebook.com\/apfelpatientOfficial","article_author":"https:\/\/www.facebook.com\/apfelpatientOfficial","article_published_time":"2018-10-12T08:41:17+00:00","article_modified_time":"2025-02-06T06:06:52+00:00","og_image":[{"width":690,"height":518,"url":"https:\/\/www.apfelpatient.de\/wp-content\/uploads\/2018\/09\/image-106833-3208473.jpg","type":"image\/jpeg"}],"author":"Milan","twitter_card":"summary_large_image","twitter_title":"Das neue iPad Pro kommt","twitter_description":"Dass ein neues iPad Pro mit Face ID kommen soll, wurde bereits vermutet und durch zahlreiche Ger\u00fcchte und Leaks unterstrichen.","twitter_image":"https:\/\/www.apfelpatient.de\/wp-content\/uploads\/2018\/09\/image-106833-3208473.jpg","twitter_misc":{"Written by":"Milan","Est. reading time":"1 minute"},"schema":{"@context":"https:\/\/schema.org","@graph":[{"@type":"NewsArticle","@id":"https:\/\/www.apfelpatient.de\/rumors\/das-neue-ipad-pro-kommt#article","isPartOf":{"@id":"https:\/\/www.apfelpatient.de\/rumors\/das-neue-ipad-pro-kommt"},"author":{"@type":"Organization","@id":"https:\/\/www.apfelpatient.de\/en\/#organization","name":"Apfelpatient","url":"https:\/\/www.apfelpatient.de\/en\/"},"headline":"Das neue iPad Pro kommt","datePublished":"2018-10-12T08:41:17+00:00","dateModified":"2025-02-06T06:06:52+00:00","mainEntityOfPage":{"@id":"https:\/\/www.apfelpatient.de\/rumors\/das-neue-ipad-pro-kommt"},"wordCount":237,"commentCount":0,"publisher":{"@type":"Organization","@id":"https:\/\/www.apfelpatient.de\/en\/#organization","name":"Apfelpatient","url":"https:\/\/www.apfelpatient.de\/en\/"},"image":{"@id":"https:\/\/www.apfelpatient.de\/rumors\/das-neue-ipad-pro-kommt#primaryimage"},"thumbnailUrl":"https:\/\/www.apfelpatient.de\/wp-content\/uploads\/2018\/09\/image-106833-3208473.jpg","keywords":["Apple Pencil","EEC","iPad","iPad Pro","iPad Pro 2018"],"articleSection":"Rumors","inLanguage":"en-US","potentialAction":[{"@type":"CommentAction","name":"Comment","target":["https:\/\/www.apfelpatient.de\/rumors\/das-neue-ipad-pro-kommt#respond"]}],"copyrightYear":"2018","copyrightHolder":{"@id":"https:\/\/www.apfelpatient.de\/en\/#organization"}},{"@type":"WebPage","@id":"https:\/\/www.apfelpatient.de\/rumors\/das-neue-ipad-pro-kommt","url":"https:\/\/www.apfelpatient.de\/rumors\/das-neue-ipad-pro-kommt","name":"The new iPad Pro is coming Apfelpatient","isPartOf":{"@id":"https:\/\/www.apfelpatient.de\/#website"},"primaryImageOfPage":{"@id":"https:\/\/www.apfelpatient.de\/rumors\/das-neue-ipad-pro-kommt#primaryimage"},"image":{"@id":"https:\/\/www.apfelpatient.de\/rumors\/das-neue-ipad-pro-kommt#primaryimage"},"thumbnailUrl":"https:\/\/www.apfelpatient.de\/wp-content\/uploads\/2018\/09\/image-106833-3208473.jpg","datePublished":"2018-10-12T08:41:17+00:00","dateModified":"2025-02-06T06:06:52+00:00","description":"The fact that a new iPad Pro with Face ID is coming has already been suspected and underlined by numerous rumors and leaks. Specifically, 12.9\u201d and","breadcrumb":{"@id":"https:\/\/www.apfelpatient.de\/rumors\/das-neue-ipad-pro-kommt#breadcrumb"},"inLanguage":"en-US","potentialAction":[{"@type":"ReadAction","target":["https:\/\/www.apfelpatient.de\/rumors\/das-neue-ipad-pro-kommt"]}]},{"@type":"ImageObject","inLanguage":"en-US","@id":"https:\/\/www.apfelpatient.de\/rumors\/das-neue-ipad-pro-kommt#primaryimage","url":"https:\/\/www.apfelpatient.de\/wp-content\/uploads\/2018\/09\/image-106833-3208473.jpg","contentUrl":"https:\/\/www.apfelpatient.de\/wp-content\/uploads\/2018\/09\/image-106833-3208473.jpg","width":690,"height":518,"caption":"Bild: OnLeaks \/ MySmartPrice"},{"@type":"BreadcrumbList","@id":"https:\/\/www.apfelpatient.de\/rumors\/das-neue-ipad-pro-kommt#breadcrumb","itemListElement":[{"@type":"ListItem","position":1,"name":"Startseite","item":"https:\/\/www.apfelpatient.de\/"},{"@type":"ListItem","position":2,"name":"Das neue iPad Pro kommt"}]},{"@type":"WebSite","@id":"https:\/\/www.apfelpatient.de\/#website","url":"https:\/\/www.apfelpatient.de\/","name":"apple patient","description":"Everything about Apple!","publisher":{"@type":"Organization","@id":"https:\/\/www.apfelpatient.de\/en\/#organization","name":"Apfelpatient","url":"https:\/\/www.apfelpatient.de\/en\/"},"alternateName":"Apfelpatient","potentialAction":[{"@type":"SearchAction","target":{"@type":"EntryPoint","urlTemplate":"https:\/\/www.apfelpatient.de\/?s={search_term_string}"},"query-input":{"@type":"PropertyValueSpecification","valueRequired":true,"valueName":"search_term_string"}}],"inLanguage":"en-US"},{"@type":["Person","Organization"],"@id":"https:\/\/www.apfelpatient.de\/#\/schema\/person\/7dc56ad6c8e9824b76d2c08d4c140e13","name":"Milan","logo":{"@id":"https:\/\/www.apfelpatient.de\/#\/schema\/person\/image\/"},"description":"Hello and welcome to my technology blog! As a big Apple fan, I report on everything to do with Apple: from the latest news and exciting rumors to helpful tips and tricks and detailed product tests. If you are as enthusiastic about technology as I am, you have come to the right place!","sameAs":["https:\/\/www.facebook.com\/apfelpatientOfficial","https:\/\/www.linkedin.com\/in\/milan-jovicic-42aa0231b"],"url":"https:\/\/www.apfelpatient.de\/en\/author\/apfeladmin"}]}},"_links":{"self":[{"href":"https:\/\/www.apfelpatient.de\/en\/wp-json\/wp\/v2\/posts\/2294","targetHints":{"allow":["GET"]}}],"collection":[{"href":"https:\/\/www.apfelpatient.de\/en\/wp-json\/wp\/v2\/posts"}],"about":[{"href":"https:\/\/www.apfelpatient.de\/en\/wp-json\/wp\/v2\/types\/post"}],"author":[{"embeddable":true,"href":"https:\/\/www.apfelpatient.de\/en\/wp-json\/wp\/v2\/users\/2"}],"replies":[{"embeddable":true,"href":"https:\/\/www.apfelpatient.de\/en\/wp-json\/wp\/v2\/comments?post=2294"}],"version-history":[{"count":0,"href":"https:\/\/www.apfelpatient.de\/en\/wp-json\/wp\/v2\/posts\/2294\/revisions"}],"wp:featuredmedia":[{"embeddable":true,"href":"https:\/\/www.apfelpatient.de\/en\/wp-json\/wp\/v2\/media\/1879"}],"wp:attachment":[{"href":"https:\/\/www.apfelpatient.de\/en\/wp-json\/wp\/v2\/media?parent=2294"}],"wp:term":[{"taxonomy":"category","embeddable":true,"href":"https:\/\/www.apfelpatient.de\/en\/wp-json\/wp\/v2\/categories?post=2294"},{"taxonomy":"post_tag","embeddable":true,"href":"https:\/\/www.apfelpatient.de\/en\/wp-json\/wp\/v2\/tags?post=2294"}],"curies":[{"name":"wp","href":"https:\/\/api.w.org\/{rel}","templated":true}]}}