{"id":22925,"date":"2021-05-26T16:37:36","date_gmt":"2021-05-26T14:37:36","guid":{"rendered":"https:\/\/www.apfelpatient.de\/?p=22925"},"modified":"2021-05-26T16:37:37","modified_gmt":"2021-05-26T14:37:37","slug":"ipad-pro-2021-zoom-adds-center-stage-function","status":"publish","type":"post","link":"https:\/\/www.apfelpatient.de\/en\/news\/ipad-pro-2021-zoom-fuegt-center-stage-funktion-hinzu","title":{"rendered":"iPad Pro 2021: Zoom adds Center Stage feature"},"content":{"rendered":"<p class=\"has-drop-cap\"><strong>The Zoom app for iOS and iPadOS was updated today to introduce support for the latest iPad Pro models. The new software adds integration with the Center Stage feature.<\/strong><\/p>\n\n\n\n<p>Apple&#039;s 2021 iPad Pro models include a front-facing &quot;Center Stage&quot; ultra-wide camera feature that uses machine learning to automatically detect, pan, and zoom people in the frame to keep them in view during FaceTime calls. The feature detects when other people join or leave a call and adjusts the camera position to keep everyone in the frame. Center Stage was designed with third-party video conferencing apps in mind, and Apple has provided an API for this that Zoom uses. After today&#039;s update, Center Stage will be compatible with the Zoom app for iOS and iPadOS.<\/p>\n\n\n\n<h3 class=\"wp-block-heading\" id=\"h-zoom-12-9-zoll-ipad-pro-erh-lt-erweiterte-galerieansicht\">Zoom: 12.9-inch iPad Pro gets expanded gallery view<\/h3>\n\n\n\n\n\n\n\n<blockquote class=\"wp-block-quote is-layout-flow wp-block-quote-is-layout-flow\"><p>With the support of Center Stage, you can join our Zoom video calls even more naturally. You&#039;ll never have to worry about being out of the picture while working out, teaching a class, or celebrating with friends and family over Zoom.<\/p><\/blockquote>\n\n\n\n<p>In addition to Center Stage, Zoom will also get support for an expanded gallery view, allowing 12.9-inch iPad Pro users to see up to 48 video tiles while the iPad is in landscape mode. Many other iPad models will also get an expanded gallery view, allowing more people to be shown on a single screen, controlled with pinch-zoom gestures. Center Stage and the expanded gallery view are available with the Zoom 5.6.6 update, available from the App Store <a href=\"https:\/\/apps.apple.com\/de\/app\/zoom-cloud-meetings\/id546505307\" target=\"_blank\" rel=\"noreferrer noopener\">available<\/a> is. (Image: Apple)<\/p>\n\n\n\n<ul class=\"wp-block-list\"><li><a href=\"https:\/\/www.apfelpatient.de\/en\/news\/ipad-pro-2021-apple-explains-details-about-xdr-display-5g-more\">iPad Pro 2021: Apple explains details on XDR display, 5G &amp; more<\/a><\/li><\/ul>\n\n\n\n<h6 class=\"wp-block-heading translation-block\" id=\"h-kennt-ihr-schon-unsere-amazon-storefront-dort-findet-ihr-eine-handverlesene-auswahl-von-diversen-produkten-f-r-euer-iphone-und-co-viel-spa-beim-st-bern\"><em>Have you already visited our Amazon Storefront? There you&#039;ll find a hand-picked selection of various products for your iPhone and other devices \u2013 <span class=\"has-inline-color has-vivid-red-color\"><a href=\"https:\/\/www.amazon.de\/shop\/apfelpatientofficial\" class=\"ek-link\" data-wpel-link=\"exclude\" rel=\"follow noopener\" target=\"_self\"><span style=\"text-decoration: underline\" class=\"ek-underline\">enjoy browsing<\/span><\/a> !<\/span><\/em><\/h6>\n\n\n\n<h6 class=\"wp-block-heading translation-block\" id=\"h-der-beitrag-enthalt-partnerlinks\">This post contains <a data-type=\"URL\" data-id=\"https:\/\/www.apfelpatient.de\/partnerprogramm\" href=\"https:\/\/www.apfelpatient.de\/en\/partner-program\" data-wpel-link=\"internal\" target=\"_self\">affiliate links<\/a>.<\/h6>","protected":false},"excerpt":{"rendered":"<p>Center Stage: The Zoom app for iOS and iPadOS was updated today to include support for the latest iPad Pro models.<\/p>","protected":false},"author":2,"featured_media":21581,"comment_status":"closed","ping_status":"closed","sticky":false,"template":"","format":"standard","meta":{"jnews-multi-image_gallery":[],"jnews_single_post":{"subtitle":"","format":"standard","video":"","gallery":"","source_name":"","source_url":"","via_name":"","via_url":"","override":[{"single_blog_custom":"","sidebar":"","second_sidebar":"","share_position":"","share_float_style":"","post_date_format":"","post_date_format_custom":"","post_reading_time_wpm":"","zoom_button_out_step":"1","zoom_button_in_step":"1","number_popup_post":"1"}],"image_override":[{"single_post_thumbnail_size":"","single_post_gallery_size":""}],"trending_post_position":"","trending_post_label":"","sponsored_post_label":"","sponsored_post_name":"","sponsored_post_url":"","sponsored_post_logo":"","sponsored_post_desc":""},"jnews_primary_category":{"id":"9"},"footnotes":""},"categories":[9],"tags":[6,18,33],"class_list":["post-22925","post","type-post","status-publish","format-standard","has-post-thumbnail","hentry","category-news","tag-app-store","tag-ipad","tag-ipados"],"yoast_head":"<!-- This site is optimized with the Yoast SEO Premium plugin v27.5 (Yoast SEO v27.5) - https:\/\/yoast.com\/product\/yoast-seo-premium-wordpress\/ -->\n<title>iPad Pro 2021: Zoom f\u00fcgt Center Stage-Funktion hinzu Apfelpatient<\/title>\n<meta name=\"description\" content=\"Center Stage: Die Zoom-App f\u00fcr iOS bzw. iPadOS wurde heute aktualisiert, um Unterst\u00fctzung f\u00fcr die neuesten iPad Pro-Modelle einzuf\u00fchren.\" \/>\n<meta name=\"robots\" content=\"index, follow, max-snippet:-1, max-image-preview:large, max-video-preview:-1\" \/>\n<link rel=\"canonical\" href=\"https:\/\/www.apfelpatient.de\/en\/news\/ipad-pro-2021-zoom-adds-center-stage-function\" \/>\n<meta property=\"og:locale\" content=\"en_US\" \/>\n<meta property=\"og:type\" content=\"article\" \/>\n<meta property=\"og:title\" content=\"iPad Pro 2021: Zoom f\u00fcgt Center Stage-Funktion hinzu\" \/>\n<meta property=\"og:description\" content=\"Center Stage: Die Zoom-App f\u00fcr iOS bzw. iPadOS wurde heute aktualisiert, um Unterst\u00fctzung f\u00fcr die neuesten iPad Pro-Modelle einzuf\u00fchren.\" \/>\n<meta property=\"og:url\" content=\"https:\/\/www.apfelpatient.de\/en\/news\/ipad-pro-2021-zoom-adds-center-stage-function\" \/>\n<meta property=\"og:site_name\" content=\"Apfelpatient\" \/>\n<meta property=\"article:publisher\" content=\"https:\/\/www.facebook.com\/apfelpatientOfficial\" \/>\n<meta property=\"article:author\" content=\"https:\/\/www.facebook.com\/apfelpatientOfficial\" \/>\n<meta property=\"article:published_time\" content=\"2021-05-26T14:37:36+00:00\" \/>\n<meta property=\"article:modified_time\" content=\"2021-05-26T14:37:37+00:00\" \/>\n<meta property=\"og:image\" content=\"https:\/\/www.apfelpatient.de\/wp-content\/uploads\/2021\/04\/apple_ipad-pro-spring21_clips-ar-spaces_04202021.jpg\" \/>\n\t<meta property=\"og:image:width\" content=\"2400\" \/>\n\t<meta property=\"og:image:height\" content=\"1920\" \/>\n\t<meta property=\"og:image:type\" content=\"image\/jpeg\" \/>\n<meta name=\"author\" content=\"Milan\" \/>\n<meta name=\"twitter:card\" content=\"summary_large_image\" \/>\n<meta name=\"twitter:description\" content=\"Center Stage: Die Zoom-App f\u00fcr iOS bzw. iPadOS wurde heute aktualisiert, um Unterst\u00fctzung f\u00fcr die neuesten iPad Pro-Modelle einzuf\u00fchren.\" \/>\n<meta name=\"twitter:label1\" content=\"Written by\" \/>\n\t<meta name=\"twitter:data1\" content=\"Milan\" \/>\n\t<meta name=\"twitter:label2\" content=\"Est. reading time\" \/>\n\t<meta name=\"twitter:data2\" content=\"2 minutes\" \/>\n<script type=\"application\/ld+json\" class=\"yoast-schema-graph\">{\"@context\":\"https:\\\/\\\/schema.org\",\"@graph\":[{\"@type\":\"NewsArticle\",\"@id\":\"https:\\\/\\\/www.apfelpatient.de\\\/news\\\/ipad-pro-2021-zoom-fuegt-center-stage-funktion-hinzu#article\",\"isPartOf\":{\"@id\":\"https:\\\/\\\/www.apfelpatient.de\\\/news\\\/ipad-pro-2021-zoom-fuegt-center-stage-funktion-hinzu\"},\"author\":{\"@type\":\"Organization\",\"@id\":\"https:\\\/\\\/www.apfelpatient.de\\\/en\\\/#organization\",\"name\":\"Apfelpatient\",\"url\":\"https:\\\/\\\/www.apfelpatient.de\\\/en\\\/\"},\"headline\":\"iPad Pro 2021: Zoom f\u00fcgt Center Stage-Funktion hinzu\",\"datePublished\":\"2021-05-26T14:37:36+00:00\",\"dateModified\":\"2021-05-26T14:37:37+00:00\",\"mainEntityOfPage\":{\"@id\":\"https:\\\/\\\/www.apfelpatient.de\\\/news\\\/ipad-pro-2021-zoom-fuegt-center-stage-funktion-hinzu\"},\"wordCount\":295,\"publisher\":{\"@type\":\"Organization\",\"@id\":\"https:\\\/\\\/www.apfelpatient.de\\\/en\\\/#organization\",\"name\":\"Apfelpatient\",\"url\":\"https:\\\/\\\/www.apfelpatient.de\\\/en\\\/\"},\"image\":{\"@id\":\"https:\\\/\\\/www.apfelpatient.de\\\/news\\\/ipad-pro-2021-zoom-fuegt-center-stage-funktion-hinzu#primaryimage\"},\"thumbnailUrl\":\"https:\\\/\\\/www.apfelpatient.de\\\/wp-content\\\/uploads\\\/2021\\\/04\\\/apple_ipad-pro-spring21_clips-ar-spaces_04202021.jpg\",\"keywords\":[\"App Store\",\"iPad\",\"iPadOS\"],\"articleSection\":\"News\",\"inLanguage\":\"en-US\",\"copyrightYear\":\"2021\",\"copyrightHolder\":{\"@id\":\"https:\\\/\\\/www.apfelpatient.de\\\/en\\\/#organization\"}},{\"@type\":\"WebPage\",\"@id\":\"https:\\\/\\\/www.apfelpatient.de\\\/news\\\/ipad-pro-2021-zoom-fuegt-center-stage-funktion-hinzu\",\"url\":\"https:\\\/\\\/www.apfelpatient.de\\\/news\\\/ipad-pro-2021-zoom-fuegt-center-stage-funktion-hinzu\",\"name\":\"iPad Pro 2021: Zoom f\u00fcgt Center Stage-Funktion hinzu Apfelpatient\",\"isPartOf\":{\"@id\":\"https:\\\/\\\/www.apfelpatient.de\\\/#website\"},\"primaryImageOfPage\":{\"@id\":\"https:\\\/\\\/www.apfelpatient.de\\\/news\\\/ipad-pro-2021-zoom-fuegt-center-stage-funktion-hinzu#primaryimage\"},\"image\":{\"@id\":\"https:\\\/\\\/www.apfelpatient.de\\\/news\\\/ipad-pro-2021-zoom-fuegt-center-stage-funktion-hinzu#primaryimage\"},\"thumbnailUrl\":\"https:\\\/\\\/www.apfelpatient.de\\\/wp-content\\\/uploads\\\/2021\\\/04\\\/apple_ipad-pro-spring21_clips-ar-spaces_04202021.jpg\",\"datePublished\":\"2021-05-26T14:37:36+00:00\",\"dateModified\":\"2021-05-26T14:37:37+00:00\",\"description\":\"Center Stage: Die Zoom-App f\u00fcr iOS bzw. iPadOS wurde heute aktualisiert, um Unterst\u00fctzung f\u00fcr die neuesten iPad Pro-Modelle einzuf\u00fchren.\",\"breadcrumb\":{\"@id\":\"https:\\\/\\\/www.apfelpatient.de\\\/news\\\/ipad-pro-2021-zoom-fuegt-center-stage-funktion-hinzu#breadcrumb\"},\"inLanguage\":\"en-US\",\"potentialAction\":[{\"@type\":\"ReadAction\",\"target\":[\"https:\\\/\\\/www.apfelpatient.de\\\/news\\\/ipad-pro-2021-zoom-fuegt-center-stage-funktion-hinzu\"]}]},{\"@type\":\"ImageObject\",\"inLanguage\":\"en-US\",\"@id\":\"https:\\\/\\\/www.apfelpatient.de\\\/news\\\/ipad-pro-2021-zoom-fuegt-center-stage-funktion-hinzu#primaryimage\",\"url\":\"https:\\\/\\\/www.apfelpatient.de\\\/wp-content\\\/uploads\\\/2021\\\/04\\\/apple_ipad-pro-spring21_clips-ar-spaces_04202021.jpg\",\"contentUrl\":\"https:\\\/\\\/www.apfelpatient.de\\\/wp-content\\\/uploads\\\/2021\\\/04\\\/apple_ipad-pro-spring21_clips-ar-spaces_04202021.jpg\",\"width\":2400,\"height\":1920,\"caption\":\"Bild: Apple\"},{\"@type\":\"BreadcrumbList\",\"@id\":\"https:\\\/\\\/www.apfelpatient.de\\\/news\\\/ipad-pro-2021-zoom-fuegt-center-stage-funktion-hinzu#breadcrumb\",\"itemListElement\":[{\"@type\":\"ListItem\",\"position\":1,\"name\":\"Startseite\",\"item\":\"https:\\\/\\\/www.apfelpatient.de\\\/\"},{\"@type\":\"ListItem\",\"position\":2,\"name\":\"iPad Pro 2021: Zoom f\u00fcgt Center Stage-Funktion hinzu\"}]},{\"@type\":\"WebSite\",\"@id\":\"https:\\\/\\\/www.apfelpatient.de\\\/#website\",\"url\":\"https:\\\/\\\/www.apfelpatient.de\\\/\",\"name\":\"Apfelpatient\",\"description\":\"Alles rund um Apple!\",\"publisher\":{\"@type\":\"Organization\",\"@id\":\"https:\\\/\\\/www.apfelpatient.de\\\/en\\\/#organization\",\"name\":\"Apfelpatient\",\"url\":\"https:\\\/\\\/www.apfelpatient.de\\\/en\\\/\"},\"alternateName\":\"Apfelpatient\",\"potentialAction\":[{\"@type\":\"SearchAction\",\"target\":{\"@type\":\"EntryPoint\",\"urlTemplate\":\"https:\\\/\\\/www.apfelpatient.de\\\/?s={search_term_string}\"},\"query-input\":{\"@type\":\"PropertyValueSpecification\",\"valueRequired\":true,\"valueName\":\"search_term_string\"}}],\"inLanguage\":\"en-US\"},{\"@type\":[\"Person\",\"Organization\"],\"@id\":\"https:\\\/\\\/www.apfelpatient.de\\\/#\\\/schema\\\/person\\\/7dc56ad6c8e9824b76d2c08d4c140e13\",\"name\":\"Milan\",\"logo\":{\"@id\":\"https:\\\/\\\/www.apfelpatient.de\\\/#\\\/schema\\\/person\\\/image\\\/\"},\"description\":\"Hallo und herzlich willkommen auf meinem Technik-Blog! Als gro\u00dfer Apple-Fan berichte ich hier \u00fcber alles, was mit Apple zu tun hat: von den neuesten News und spannenden Ger\u00fcchten \u00fcber hilfreiche Tipps und Tricks bis hin zu ausf\u00fchrlichen Produkttests. Wenn du genauso technikbegeistert bist wie ich, bist du hier genau richtig!\",\"sameAs\":[\"https:\\\/\\\/www.facebook.com\\\/apfelpatientOfficial\",\"https:\\\/\\\/www.linkedin.com\\\/in\\\/milan-jovicic-42aa0231b\"],\"url\":\"https:\\\/\\\/www.apfelpatient.de\\\/en\\\/author\\\/apfeladmin\"}]}<\/script>\n<!-- \/ Yoast SEO Premium plugin. -->","yoast_head_json":{"title":"iPad Pro 2021: Zoom adds Center Stage feature Apfelpatient","description":"Center Stage: The Zoom app for iOS and iPadOS was updated today to include support for the latest iPad Pro models.","robots":{"index":"index","follow":"follow","max-snippet":"max-snippet:-1","max-image-preview":"max-image-preview:large","max-video-preview":"max-video-preview:-1"},"canonical":"https:\/\/www.apfelpatient.de\/en\/news\/ipad-pro-2021-zoom-adds-center-stage-function","og_locale":"en_US","og_type":"article","og_title":"iPad Pro 2021: Zoom f\u00fcgt Center Stage-Funktion hinzu","og_description":"Center Stage: Die Zoom-App f\u00fcr iOS bzw. iPadOS wurde heute aktualisiert, um Unterst\u00fctzung f\u00fcr die neuesten iPad Pro-Modelle einzuf\u00fchren.","og_url":"https:\/\/www.apfelpatient.de\/en\/news\/ipad-pro-2021-zoom-adds-center-stage-function","og_site_name":"Apfelpatient","article_publisher":"https:\/\/www.facebook.com\/apfelpatientOfficial","article_author":"https:\/\/www.facebook.com\/apfelpatientOfficial","article_published_time":"2021-05-26T14:37:36+00:00","article_modified_time":"2021-05-26T14:37:37+00:00","og_image":[{"width":2400,"height":1920,"url":"https:\/\/www.apfelpatient.de\/wp-content\/uploads\/2021\/04\/apple_ipad-pro-spring21_clips-ar-spaces_04202021.jpg","type":"image\/jpeg"}],"author":"Milan","twitter_card":"summary_large_image","twitter_description":"Center Stage: Die Zoom-App f\u00fcr iOS bzw. iPadOS wurde heute aktualisiert, um Unterst\u00fctzung f\u00fcr die neuesten iPad Pro-Modelle einzuf\u00fchren.","twitter_misc":{"Written by":"Milan","Est. reading time":"2 minutes"},"schema":{"@context":"https:\/\/schema.org","@graph":[{"@type":"NewsArticle","@id":"https:\/\/www.apfelpatient.de\/news\/ipad-pro-2021-zoom-fuegt-center-stage-funktion-hinzu#article","isPartOf":{"@id":"https:\/\/www.apfelpatient.de\/news\/ipad-pro-2021-zoom-fuegt-center-stage-funktion-hinzu"},"author":{"@type":"Organization","@id":"https:\/\/www.apfelpatient.de\/en\/#organization","name":"Apfelpatient","url":"https:\/\/www.apfelpatient.de\/en\/"},"headline":"iPad Pro 2021: Zoom f\u00fcgt Center Stage-Funktion hinzu","datePublished":"2021-05-26T14:37:36+00:00","dateModified":"2021-05-26T14:37:37+00:00","mainEntityOfPage":{"@id":"https:\/\/www.apfelpatient.de\/news\/ipad-pro-2021-zoom-fuegt-center-stage-funktion-hinzu"},"wordCount":295,"publisher":{"@type":"Organization","@id":"https:\/\/www.apfelpatient.de\/en\/#organization","name":"Apfelpatient","url":"https:\/\/www.apfelpatient.de\/en\/"},"image":{"@id":"https:\/\/www.apfelpatient.de\/news\/ipad-pro-2021-zoom-fuegt-center-stage-funktion-hinzu#primaryimage"},"thumbnailUrl":"https:\/\/www.apfelpatient.de\/wp-content\/uploads\/2021\/04\/apple_ipad-pro-spring21_clips-ar-spaces_04202021.jpg","keywords":["App Store","iPad","iPadOS"],"articleSection":"News","inLanguage":"en-US","copyrightYear":"2021","copyrightHolder":{"@id":"https:\/\/www.apfelpatient.de\/en\/#organization"}},{"@type":"WebPage","@id":"https:\/\/www.apfelpatient.de\/news\/ipad-pro-2021-zoom-fuegt-center-stage-funktion-hinzu","url":"https:\/\/www.apfelpatient.de\/news\/ipad-pro-2021-zoom-fuegt-center-stage-funktion-hinzu","name":"iPad Pro 2021: Zoom adds Center Stage feature Apfelpatient","isPartOf":{"@id":"https:\/\/www.apfelpatient.de\/#website"},"primaryImageOfPage":{"@id":"https:\/\/www.apfelpatient.de\/news\/ipad-pro-2021-zoom-fuegt-center-stage-funktion-hinzu#primaryimage"},"image":{"@id":"https:\/\/www.apfelpatient.de\/news\/ipad-pro-2021-zoom-fuegt-center-stage-funktion-hinzu#primaryimage"},"thumbnailUrl":"https:\/\/www.apfelpatient.de\/wp-content\/uploads\/2021\/04\/apple_ipad-pro-spring21_clips-ar-spaces_04202021.jpg","datePublished":"2021-05-26T14:37:36+00:00","dateModified":"2021-05-26T14:37:37+00:00","description":"Center Stage: The Zoom app for iOS and iPadOS was updated today to include support for the latest iPad Pro models.","breadcrumb":{"@id":"https:\/\/www.apfelpatient.de\/news\/ipad-pro-2021-zoom-fuegt-center-stage-funktion-hinzu#breadcrumb"},"inLanguage":"en-US","potentialAction":[{"@type":"ReadAction","target":["https:\/\/www.apfelpatient.de\/news\/ipad-pro-2021-zoom-fuegt-center-stage-funktion-hinzu"]}]},{"@type":"ImageObject","inLanguage":"en-US","@id":"https:\/\/www.apfelpatient.de\/news\/ipad-pro-2021-zoom-fuegt-center-stage-funktion-hinzu#primaryimage","url":"https:\/\/www.apfelpatient.de\/wp-content\/uploads\/2021\/04\/apple_ipad-pro-spring21_clips-ar-spaces_04202021.jpg","contentUrl":"https:\/\/www.apfelpatient.de\/wp-content\/uploads\/2021\/04\/apple_ipad-pro-spring21_clips-ar-spaces_04202021.jpg","width":2400,"height":1920,"caption":"Bild: Apple"},{"@type":"BreadcrumbList","@id":"https:\/\/www.apfelpatient.de\/news\/ipad-pro-2021-zoom-fuegt-center-stage-funktion-hinzu#breadcrumb","itemListElement":[{"@type":"ListItem","position":1,"name":"Startseite","item":"https:\/\/www.apfelpatient.de\/"},{"@type":"ListItem","position":2,"name":"iPad Pro 2021: Zoom f\u00fcgt Center Stage-Funktion hinzu"}]},{"@type":"WebSite","@id":"https:\/\/www.apfelpatient.de\/#website","url":"https:\/\/www.apfelpatient.de\/","name":"apple patient","description":"Everything about Apple!","publisher":{"@type":"Organization","@id":"https:\/\/www.apfelpatient.de\/en\/#organization","name":"Apfelpatient","url":"https:\/\/www.apfelpatient.de\/en\/"},"alternateName":"Apfelpatient","potentialAction":[{"@type":"SearchAction","target":{"@type":"EntryPoint","urlTemplate":"https:\/\/www.apfelpatient.de\/?s={search_term_string}"},"query-input":{"@type":"PropertyValueSpecification","valueRequired":true,"valueName":"search_term_string"}}],"inLanguage":"en-US"},{"@type":["Person","Organization"],"@id":"https:\/\/www.apfelpatient.de\/#\/schema\/person\/7dc56ad6c8e9824b76d2c08d4c140e13","name":"Milan","logo":{"@id":"https:\/\/www.apfelpatient.de\/#\/schema\/person\/image\/"},"description":"Hello and welcome to my technology blog! As a big Apple fan, I report on everything to do with Apple: from the latest news and exciting rumors to helpful tips and tricks and detailed product tests. If you are as enthusiastic about technology as I am, you have come to the right place!","sameAs":["https:\/\/www.facebook.com\/apfelpatientOfficial","https:\/\/www.linkedin.com\/in\/milan-jovicic-42aa0231b"],"url":"https:\/\/www.apfelpatient.de\/en\/author\/apfeladmin"}]}},"_links":{"self":[{"href":"https:\/\/www.apfelpatient.de\/en\/wp-json\/wp\/v2\/posts\/22925","targetHints":{"allow":["GET"]}}],"collection":[{"href":"https:\/\/www.apfelpatient.de\/en\/wp-json\/wp\/v2\/posts"}],"about":[{"href":"https:\/\/www.apfelpatient.de\/en\/wp-json\/wp\/v2\/types\/post"}],"author":[{"embeddable":true,"href":"https:\/\/www.apfelpatient.de\/en\/wp-json\/wp\/v2\/users\/2"}],"replies":[{"embeddable":true,"href":"https:\/\/www.apfelpatient.de\/en\/wp-json\/wp\/v2\/comments?post=22925"}],"version-history":[{"count":0,"href":"https:\/\/www.apfelpatient.de\/en\/wp-json\/wp\/v2\/posts\/22925\/revisions"}],"wp:featuredmedia":[{"embeddable":true,"href":"https:\/\/www.apfelpatient.de\/en\/wp-json\/wp\/v2\/media\/21581"}],"wp:attachment":[{"href":"https:\/\/www.apfelpatient.de\/en\/wp-json\/wp\/v2\/media?parent=22925"}],"wp:term":[{"taxonomy":"category","embeddable":true,"href":"https:\/\/www.apfelpatient.de\/en\/wp-json\/wp\/v2\/categories?post=22925"},{"taxonomy":"post_tag","embeddable":true,"href":"https:\/\/www.apfelpatient.de\/en\/wp-json\/wp\/v2\/tags?post=22925"}],"curies":[{"name":"wp","href":"https:\/\/api.w.org\/{rel}","templated":true}]}}