{"id":22894,"date":"2021-05-26T14:52:18","date_gmt":"2021-05-26T12:52:18","guid":{"rendered":"https:\/\/www.apfelpatient.de\/?p=22894"},"modified":"2021-05-26T14:52:19","modified_gmt":"2021-05-26T12:52:19","slug":"in-rome-apple-announces-the-opening-of-the-apple-via-del-corso-store","status":"publish","type":"post","link":"https:\/\/www.apfelpatient.de\/en\/news\/in-rom-apple-kuendigt-eroeffnung-des-apple-via-del-corso-store-an","title":{"rendered":"In Rome: Apple announces opening of Apple Via del Corso Store"},"content":{"rendered":"<p class=\"has-drop-cap\"><strong>Apple has redesigned and restored the magnificent Palazzo Marignoli in Rome and is now making it the site of the 17th Apple Store in Italy.<\/strong><\/p>\n\n\n\n<p>Apple will open the Apple Store Via del Corso in Rome on May 27, 2021. Ahead of the opening, the company detailed how it worked on the store, which Apple describes as one of its \u201cmost significant restoration projects.\u201d <a href=\"https:\/\/www.apple.com\/newsroom\/2021\/05\/apple-via-del-corso-opens-thursday-may-27-in-rome\/\" target=\"_blank\" rel=\"noreferrer noopener\">explained<\/a> Deirdre O&#039;Brien, Apple&#039;s senior vice president of retail:<\/p>\n\n\n\n<blockquote class=\"wp-block-quote is-layout-flow wp-block-quote-is-layout-flow\"><p>We can&#039;t wait to start a new chapter in Rome with the opening of Apple Via del Corso. The new store celebrates the unique history and art of Roman culture and we hope to inspire the creativity of the local community with our Made in Rome program and future Today at Apple sessions.<\/p><\/blockquote>\n\n\n\n<figure class=\"wp-block-image size-large\"><img decoding=\"async\" width=\"1024\" height=\"679\" src=\"https:\/\/www.apfelpatient.de\/wp-content\/uploads\/2021\/05\/Apple_Via-Del-Corso-opens-in-Rome-exterior-team-members-walking_052721-1024x679.jpg\" alt=\"Apple Via del Corso Store\" class=\"wp-image-22888\" srcset=\"https:\/\/www.apfelpatient.de\/wp-content\/uploads\/2021\/05\/Apple_Via-Del-Corso-opens-in-Rome-exterior-team-members-walking_052721-1024x679.jpg 1024w, https:\/\/www.apfelpatient.de\/wp-content\/uploads\/2021\/05\/Apple_Via-Del-Corso-opens-in-Rome-exterior-team-members-walking_052721-300x199.jpg 300w, https:\/\/www.apfelpatient.de\/wp-content\/uploads\/2021\/05\/Apple_Via-Del-Corso-opens-in-Rome-exterior-team-members-walking_052721-768x509.jpg 768w, https:\/\/www.apfelpatient.de\/wp-content\/uploads\/2021\/05\/Apple_Via-Del-Corso-opens-in-Rome-exterior-team-members-walking_052721-1536x1019.jpg 1536w, https:\/\/www.apfelpatient.de\/wp-content\/uploads\/2021\/05\/Apple_Via-Del-Corso-opens-in-Rome-exterior-team-members-walking_052721-750x497.jpg 750w, https:\/\/www.apfelpatient.de\/wp-content\/uploads\/2021\/05\/Apple_Via-Del-Corso-opens-in-Rome-exterior-team-members-walking_052721-1140x756.jpg 1140w, https:\/\/www.apfelpatient.de\/wp-content\/uploads\/2021\/05\/Apple_Via-Del-Corso-opens-in-Rome-exterior-team-members-walking_052721.jpg 1600w\" sizes=\"(max-width: 1024px) 100vw, 1024px\" \/><figcaption>Image: Apple Via del Corso Store<\/figcaption><\/figure>\n\n\n\n<p>The new Apple Store is located in a building originally built in 1873 by architect Salvatore Bianchi. It was famous for housing the Caff\u00c3\u00a8 Aragno, frequented by writers, artists and actors.<\/p>\n\n\n\n<h3 class=\"wp-block-heading\" id=\"h-apple-via-del-corso-der-17-apple-store-in-italien\">Apple Via del Corso: The 17th Apple Store in Italy<\/h3>\n\n\n\n\n\n\n\n<p>Apple has restored several works of art that were in Caff\u00c3\u00a8 Aragno and these are now on display in the new store. Contemporary ceiling paintings have also been revived in collaboration with local restorers, as has a marble staircase dating back to 1888. Apple Via del Corso is the 17th Apple Store in Italy and marks the first-ever &quot;Today at Apple Made in Rome&quot; program. <\/p>\n\n\n\n<figure class=\"wp-block-image size-large\"><img decoding=\"async\" width=\"1024\" height=\"679\" src=\"https:\/\/www.apfelpatient.de\/wp-content\/uploads\/2021\/05\/Apple_Via-Del-Corso-opens-in-Rome-interior-team-members_052721-1024x679.jpg\" alt=\"Apple Via del Corso Store\" class=\"wp-image-22892\" srcset=\"https:\/\/www.apfelpatient.de\/wp-content\/uploads\/2021\/05\/Apple_Via-Del-Corso-opens-in-Rome-interior-team-members_052721-1024x679.jpg 1024w, https:\/\/www.apfelpatient.de\/wp-content\/uploads\/2021\/05\/Apple_Via-Del-Corso-opens-in-Rome-interior-team-members_052721-300x199.jpg 300w, https:\/\/www.apfelpatient.de\/wp-content\/uploads\/2021\/05\/Apple_Via-Del-Corso-opens-in-Rome-interior-team-members_052721-768x509.jpg 768w, https:\/\/www.apfelpatient.de\/wp-content\/uploads\/2021\/05\/Apple_Via-Del-Corso-opens-in-Rome-interior-team-members_052721-1536x1019.jpg 1536w, https:\/\/www.apfelpatient.de\/wp-content\/uploads\/2021\/05\/Apple_Via-Del-Corso-opens-in-Rome-interior-team-members_052721-750x497.jpg 750w, https:\/\/www.apfelpatient.de\/wp-content\/uploads\/2021\/05\/Apple_Via-Del-Corso-opens-in-Rome-interior-team-members_052721-1140x756.jpg 1140w, https:\/\/www.apfelpatient.de\/wp-content\/uploads\/2021\/05\/Apple_Via-Del-Corso-opens-in-Rome-interior-team-members_052721.jpg 1600w\" sizes=\"(max-width: 1024px) 100vw, 1024px\" \/><figcaption>Image: Apple Via del Corso Store<\/figcaption><\/figure>\n\n\n\n<p>In collaboration with over 40 local artists, the sessions, initially held online, will cover topics such as music, art, design and more. The new store in Rome continues Apple&#039;s commitment to setting up Apple Stores in historic buildings that the company can then preserve. Previous examples include the Carnegie Library in Washington, which won an award for its architecture. Apple Via del Corso opens on Thursday, May 27, at 10 a.m. CEST. (Image: Apple)<\/p>\n\n\n\n<ul class=\"wp-block-list\"><li><a href=\"https:\/\/www.apfelpatient.de\/en\/news\/apple-awards-410-million-to-face-id-and-lidar-scanner-suppliers\">Apple awards $410 million to Face ID and LiDAR scanner suppliers<\/a><\/li><\/ul>\n\n\n\n<h6 class=\"wp-block-heading translation-block\" id=\"h-kennt-ihr-schon-unsere-amazon-storefront-dort-findet-ihr-eine-handverlesene-auswahl-von-diversen-produkten-f-r-euer-iphone-und-co-viel-spa-beim-st-bern\"><em>Have you already visited our Amazon Storefront? There you&#039;ll find a hand-picked selection of various products for your iPhone and other devices \u2013 <span class=\"has-inline-color has-vivid-red-color\"><a href=\"https:\/\/www.amazon.de\/shop\/apfelpatientofficial\" class=\"ek-link\" data-wpel-link=\"exclude\" rel=\"follow noopener\" target=\"_self\"><span style=\"text-decoration: underline\" class=\"ek-underline\">enjoy browsing<\/span><\/a> !<\/span><\/em><\/h6>\n\n\n\n<h6 class=\"wp-block-heading translation-block\" id=\"h-der-beitrag-enthalt-partnerlinks\">This post contains <a data-type=\"URL\" data-id=\"https:\/\/www.apfelpatient.de\/partnerprogramm\" href=\"https:\/\/www.apfelpatient.de\/en\/partner-program\" data-wpel-link=\"internal\" target=\"_self\">affiliate links<\/a>.<\/h6>","protected":false},"excerpt":{"rendered":"<p>Apple Via del Corso Store: Apple has redesigned the Palazzo Marignoli in Rome and made it the location of the 17th Apple Store in Italy.<\/p>","protected":false},"author":2,"featured_media":22887,"comment_status":"closed","ping_status":"closed","sticky":false,"template":"","format":"standard","meta":{"jnews-multi-image_gallery":[],"jnews_single_post":{"subtitle":"","format":"standard","video":"","gallery":"","source_name":"","source_url":"","via_name":"","via_url":"","override":[{"single_blog_custom":"","sidebar":"","second_sidebar":"","share_position":"","share_float_style":"","post_date_format":"","post_date_format_custom":"","post_reading_time_wpm":"","zoom_button_out_step":"1","zoom_button_in_step":"1","number_popup_post":"1"}],"image_override":[{"single_post_thumbnail_size":"","single_post_gallery_size":""}],"trending_post_position":"","trending_post_label":"","sponsored_post_label":"","sponsored_post_name":"","sponsored_post_url":"","sponsored_post_logo":"","sponsored_post_desc":""},"jnews_primary_category":{"id":"9"},"footnotes":""},"categories":[9],"tags":[13],"class_list":["post-22894","post","type-post","status-publish","format-standard","has-post-thumbnail","hentry","category-news","tag-techpatient"],"yoast_head":"<!-- This site is optimized with the Yoast SEO Premium plugin v27.5 (Yoast SEO v27.5) - https:\/\/yoast.com\/product\/yoast-seo-premium-wordpress\/ -->\n<title>In Rom: Apple k\u00fcndigt Er\u00f6ffnung des Apple Via del Corso Store an<\/title>\n<meta name=\"description\" content=\"Apple Via del Corso Store: Apple hat den Palazzo Marignoli in Rom umgestaltet und macht diesen zum Standort des 17. Apple Store in Italien.\" \/>\n<meta name=\"robots\" content=\"index, follow, max-snippet:-1, max-image-preview:large, max-video-preview:-1\" \/>\n<link rel=\"canonical\" href=\"https:\/\/www.apfelpatient.de\/en\/news\/in-rome-apple-announces-the-opening-of-the-apple-via-del-corso-store\" \/>\n<meta property=\"og:locale\" content=\"en_US\" \/>\n<meta property=\"og:type\" content=\"article\" \/>\n<meta property=\"og:title\" content=\"In Rom: Apple k\u00fcndigt Er\u00f6ffnung des Apple Via del Corso Store an\" \/>\n<meta property=\"og:description\" content=\"Apple Via del Corso Store: Apple hat den Palazzo Marignoli in Rom umgestaltet und macht diesen zum Standort des 17. Apple Store in Italien.\" \/>\n<meta property=\"og:url\" content=\"https:\/\/www.apfelpatient.de\/en\/news\/in-rome-apple-announces-the-opening-of-the-apple-via-del-corso-store\" \/>\n<meta property=\"og:site_name\" content=\"Apfelpatient\" \/>\n<meta property=\"article:publisher\" content=\"https:\/\/www.facebook.com\/apfelpatientOfficial\" \/>\n<meta property=\"article:author\" content=\"https:\/\/www.facebook.com\/apfelpatientOfficial\" \/>\n<meta property=\"article:published_time\" content=\"2021-05-26T12:52:18+00:00\" \/>\n<meta property=\"article:modified_time\" content=\"2021-05-26T12:52:19+00:00\" \/>\n<meta property=\"og:image\" content=\"https:\/\/www.apfelpatient.de\/wp-content\/uploads\/2021\/05\/Apple_Via-Del-Corso-opens-in-Rome-exterior-building_052721.jpg\" \/>\n\t<meta property=\"og:image:width\" content=\"1600\" \/>\n\t<meta property=\"og:image:height\" content=\"900\" \/>\n\t<meta property=\"og:image:type\" content=\"image\/jpeg\" \/>\n<meta name=\"author\" content=\"Milan\" \/>\n<meta name=\"twitter:card\" content=\"summary_large_image\" \/>\n<meta name=\"twitter:description\" content=\"Apple Via del Corso Store: Apple hat den Palazzo Marignoli in Rom umgestaltet und macht diesen zum Standort des 17. Apple Store in Italien.\" \/>\n<meta name=\"twitter:label1\" content=\"Written by\" \/>\n\t<meta name=\"twitter:data1\" content=\"Milan\" \/>\n\t<meta name=\"twitter:label2\" content=\"Est. reading time\" \/>\n\t<meta name=\"twitter:data2\" content=\"2 minutes\" \/>\n<script type=\"application\/ld+json\" class=\"yoast-schema-graph\">{\"@context\":\"https:\\\/\\\/schema.org\",\"@graph\":[{\"@type\":\"NewsArticle\",\"@id\":\"https:\\\/\\\/www.apfelpatient.de\\\/news\\\/in-rom-apple-kuendigt-eroeffnung-des-apple-via-del-corso-store-an#article\",\"isPartOf\":{\"@id\":\"https:\\\/\\\/www.apfelpatient.de\\\/news\\\/in-rom-apple-kuendigt-eroeffnung-des-apple-via-del-corso-store-an\"},\"author\":{\"@type\":\"Organization\",\"@id\":\"https:\\\/\\\/www.apfelpatient.de\\\/en\\\/#organization\",\"name\":\"Apfelpatient\",\"url\":\"https:\\\/\\\/www.apfelpatient.de\\\/en\\\/\"},\"headline\":\"In Rom: Apple k\u00fcndigt Er\u00f6ffnung des Apple Via del Corso Store an\",\"datePublished\":\"2021-05-26T12:52:18+00:00\",\"dateModified\":\"2021-05-26T12:52:19+00:00\",\"mainEntityOfPage\":{\"@id\":\"https:\\\/\\\/www.apfelpatient.de\\\/news\\\/in-rom-apple-kuendigt-eroeffnung-des-apple-via-del-corso-store-an\"},\"wordCount\":362,\"publisher\":{\"@type\":\"Organization\",\"@id\":\"https:\\\/\\\/www.apfelpatient.de\\\/en\\\/#organization\",\"name\":\"Apfelpatient\",\"url\":\"https:\\\/\\\/www.apfelpatient.de\\\/en\\\/\"},\"image\":{\"@id\":\"https:\\\/\\\/www.apfelpatient.de\\\/news\\\/in-rom-apple-kuendigt-eroeffnung-des-apple-via-del-corso-store-an#primaryimage\"},\"thumbnailUrl\":\"https:\\\/\\\/www.apfelpatient.de\\\/wp-content\\\/uploads\\\/2021\\\/05\\\/Apple_Via-Del-Corso-opens-in-Rome-exterior-building_052721.jpg\",\"keywords\":[\"TechPatient\"],\"articleSection\":\"News\",\"inLanguage\":\"en-US\",\"copyrightYear\":\"2021\",\"copyrightHolder\":{\"@id\":\"https:\\\/\\\/www.apfelpatient.de\\\/en\\\/#organization\"}},{\"@type\":\"WebPage\",\"@id\":\"https:\\\/\\\/www.apfelpatient.de\\\/news\\\/in-rom-apple-kuendigt-eroeffnung-des-apple-via-del-corso-store-an\",\"url\":\"https:\\\/\\\/www.apfelpatient.de\\\/news\\\/in-rom-apple-kuendigt-eroeffnung-des-apple-via-del-corso-store-an\",\"name\":\"In Rom: Apple k\u00fcndigt Er\u00f6ffnung des Apple Via del Corso Store an\",\"isPartOf\":{\"@id\":\"https:\\\/\\\/www.apfelpatient.de\\\/#website\"},\"primaryImageOfPage\":{\"@id\":\"https:\\\/\\\/www.apfelpatient.de\\\/news\\\/in-rom-apple-kuendigt-eroeffnung-des-apple-via-del-corso-store-an#primaryimage\"},\"image\":{\"@id\":\"https:\\\/\\\/www.apfelpatient.de\\\/news\\\/in-rom-apple-kuendigt-eroeffnung-des-apple-via-del-corso-store-an#primaryimage\"},\"thumbnailUrl\":\"https:\\\/\\\/www.apfelpatient.de\\\/wp-content\\\/uploads\\\/2021\\\/05\\\/Apple_Via-Del-Corso-opens-in-Rome-exterior-building_052721.jpg\",\"datePublished\":\"2021-05-26T12:52:18+00:00\",\"dateModified\":\"2021-05-26T12:52:19+00:00\",\"description\":\"Apple Via del Corso Store: Apple hat den Palazzo Marignoli in Rom umgestaltet und macht diesen zum Standort des 17. Apple Store in Italien.\",\"breadcrumb\":{\"@id\":\"https:\\\/\\\/www.apfelpatient.de\\\/news\\\/in-rom-apple-kuendigt-eroeffnung-des-apple-via-del-corso-store-an#breadcrumb\"},\"inLanguage\":\"en-US\",\"potentialAction\":[{\"@type\":\"ReadAction\",\"target\":[\"https:\\\/\\\/www.apfelpatient.de\\\/news\\\/in-rom-apple-kuendigt-eroeffnung-des-apple-via-del-corso-store-an\"]}]},{\"@type\":\"ImageObject\",\"inLanguage\":\"en-US\",\"@id\":\"https:\\\/\\\/www.apfelpatient.de\\\/news\\\/in-rom-apple-kuendigt-eroeffnung-des-apple-via-del-corso-store-an#primaryimage\",\"url\":\"https:\\\/\\\/www.apfelpatient.de\\\/wp-content\\\/uploads\\\/2021\\\/05\\\/Apple_Via-Del-Corso-opens-in-Rome-exterior-building_052721.jpg\",\"contentUrl\":\"https:\\\/\\\/www.apfelpatient.de\\\/wp-content\\\/uploads\\\/2021\\\/05\\\/Apple_Via-Del-Corso-opens-in-Rome-exterior-building_052721.jpg\",\"width\":1600,\"height\":900,\"caption\":\"Bild: Apple Via del Corso Store\"},{\"@type\":\"BreadcrumbList\",\"@id\":\"https:\\\/\\\/www.apfelpatient.de\\\/news\\\/in-rom-apple-kuendigt-eroeffnung-des-apple-via-del-corso-store-an#breadcrumb\",\"itemListElement\":[{\"@type\":\"ListItem\",\"position\":1,\"name\":\"Startseite\",\"item\":\"https:\\\/\\\/www.apfelpatient.de\\\/\"},{\"@type\":\"ListItem\",\"position\":2,\"name\":\"In Rom: Apple k\u00fcndigt Er\u00f6ffnung des Apple Via del Corso Store an\"}]},{\"@type\":\"WebSite\",\"@id\":\"https:\\\/\\\/www.apfelpatient.de\\\/#website\",\"url\":\"https:\\\/\\\/www.apfelpatient.de\\\/\",\"name\":\"Apfelpatient\",\"description\":\"Alles rund um Apple!\",\"publisher\":{\"@type\":\"Organization\",\"@id\":\"https:\\\/\\\/www.apfelpatient.de\\\/en\\\/#organization\",\"name\":\"Apfelpatient\",\"url\":\"https:\\\/\\\/www.apfelpatient.de\\\/en\\\/\"},\"alternateName\":\"Apfelpatient\",\"potentialAction\":[{\"@type\":\"SearchAction\",\"target\":{\"@type\":\"EntryPoint\",\"urlTemplate\":\"https:\\\/\\\/www.apfelpatient.de\\\/?s={search_term_string}\"},\"query-input\":{\"@type\":\"PropertyValueSpecification\",\"valueRequired\":true,\"valueName\":\"search_term_string\"}}],\"inLanguage\":\"en-US\"},{\"@type\":[\"Person\",\"Organization\"],\"@id\":\"https:\\\/\\\/www.apfelpatient.de\\\/#\\\/schema\\\/person\\\/7dc56ad6c8e9824b76d2c08d4c140e13\",\"name\":\"Milan\",\"logo\":{\"@id\":\"https:\\\/\\\/www.apfelpatient.de\\\/#\\\/schema\\\/person\\\/image\\\/\"},\"description\":\"Hallo und herzlich willkommen auf meinem Technik-Blog! Als gro\u00dfer Apple-Fan berichte ich hier \u00fcber alles, was mit Apple zu tun hat: von den neuesten News und spannenden Ger\u00fcchten \u00fcber hilfreiche Tipps und Tricks bis hin zu ausf\u00fchrlichen Produkttests. Wenn du genauso technikbegeistert bist wie ich, bist du hier genau richtig!\",\"sameAs\":[\"https:\\\/\\\/www.facebook.com\\\/apfelpatientOfficial\",\"https:\\\/\\\/www.linkedin.com\\\/in\\\/milan-jovicic-42aa0231b\"],\"url\":\"https:\\\/\\\/www.apfelpatient.de\\\/en\\\/author\\\/apfeladmin\"}]}<\/script>\n<!-- \/ Yoast SEO Premium plugin. -->","yoast_head_json":{"title":"In Rome: Apple announces opening of Apple Via del Corso Store","description":"Apple Via del Corso Store: Apple has redesigned the Palazzo Marignoli in Rome and made it the location of the 17th Apple Store in Italy.","robots":{"index":"index","follow":"follow","max-snippet":"max-snippet:-1","max-image-preview":"max-image-preview:large","max-video-preview":"max-video-preview:-1"},"canonical":"https:\/\/www.apfelpatient.de\/en\/news\/in-rome-apple-announces-the-opening-of-the-apple-via-del-corso-store","og_locale":"en_US","og_type":"article","og_title":"In Rom: Apple k\u00fcndigt Er\u00f6ffnung des Apple Via del Corso Store an","og_description":"Apple Via del Corso Store: Apple hat den Palazzo Marignoli in Rom umgestaltet und macht diesen zum Standort des 17. Apple Store in Italien.","og_url":"https:\/\/www.apfelpatient.de\/en\/news\/in-rome-apple-announces-the-opening-of-the-apple-via-del-corso-store","og_site_name":"Apfelpatient","article_publisher":"https:\/\/www.facebook.com\/apfelpatientOfficial","article_author":"https:\/\/www.facebook.com\/apfelpatientOfficial","article_published_time":"2021-05-26T12:52:18+00:00","article_modified_time":"2021-05-26T12:52:19+00:00","og_image":[{"width":1600,"height":900,"url":"https:\/\/www.apfelpatient.de\/wp-content\/uploads\/2021\/05\/Apple_Via-Del-Corso-opens-in-Rome-exterior-building_052721.jpg","type":"image\/jpeg"}],"author":"Milan","twitter_card":"summary_large_image","twitter_description":"Apple Via del Corso Store: Apple hat den Palazzo Marignoli in Rom umgestaltet und macht diesen zum Standort des 17. Apple Store in Italien.","twitter_misc":{"Written by":"Milan","Est. reading time":"2 minutes"},"schema":{"@context":"https:\/\/schema.org","@graph":[{"@type":"NewsArticle","@id":"https:\/\/www.apfelpatient.de\/news\/in-rom-apple-kuendigt-eroeffnung-des-apple-via-del-corso-store-an#article","isPartOf":{"@id":"https:\/\/www.apfelpatient.de\/news\/in-rom-apple-kuendigt-eroeffnung-des-apple-via-del-corso-store-an"},"author":{"@type":"Organization","@id":"https:\/\/www.apfelpatient.de\/en\/#organization","name":"Apfelpatient","url":"https:\/\/www.apfelpatient.de\/en\/"},"headline":"In Rom: Apple k\u00fcndigt Er\u00f6ffnung des Apple Via del Corso Store an","datePublished":"2021-05-26T12:52:18+00:00","dateModified":"2021-05-26T12:52:19+00:00","mainEntityOfPage":{"@id":"https:\/\/www.apfelpatient.de\/news\/in-rom-apple-kuendigt-eroeffnung-des-apple-via-del-corso-store-an"},"wordCount":362,"publisher":{"@type":"Organization","@id":"https:\/\/www.apfelpatient.de\/en\/#organization","name":"Apfelpatient","url":"https:\/\/www.apfelpatient.de\/en\/"},"image":{"@id":"https:\/\/www.apfelpatient.de\/news\/in-rom-apple-kuendigt-eroeffnung-des-apple-via-del-corso-store-an#primaryimage"},"thumbnailUrl":"https:\/\/www.apfelpatient.de\/wp-content\/uploads\/2021\/05\/Apple_Via-Del-Corso-opens-in-Rome-exterior-building_052721.jpg","keywords":["TechPatient"],"articleSection":"News","inLanguage":"en-US","copyrightYear":"2021","copyrightHolder":{"@id":"https:\/\/www.apfelpatient.de\/en\/#organization"}},{"@type":"WebPage","@id":"https:\/\/www.apfelpatient.de\/news\/in-rom-apple-kuendigt-eroeffnung-des-apple-via-del-corso-store-an","url":"https:\/\/www.apfelpatient.de\/news\/in-rom-apple-kuendigt-eroeffnung-des-apple-via-del-corso-store-an","name":"In Rome: Apple announces opening of Apple Via del Corso Store","isPartOf":{"@id":"https:\/\/www.apfelpatient.de\/#website"},"primaryImageOfPage":{"@id":"https:\/\/www.apfelpatient.de\/news\/in-rom-apple-kuendigt-eroeffnung-des-apple-via-del-corso-store-an#primaryimage"},"image":{"@id":"https:\/\/www.apfelpatient.de\/news\/in-rom-apple-kuendigt-eroeffnung-des-apple-via-del-corso-store-an#primaryimage"},"thumbnailUrl":"https:\/\/www.apfelpatient.de\/wp-content\/uploads\/2021\/05\/Apple_Via-Del-Corso-opens-in-Rome-exterior-building_052721.jpg","datePublished":"2021-05-26T12:52:18+00:00","dateModified":"2021-05-26T12:52:19+00:00","description":"Apple Via del Corso Store: Apple has redesigned the Palazzo Marignoli in Rome and made it the location of the 17th Apple Store in Italy.","breadcrumb":{"@id":"https:\/\/www.apfelpatient.de\/news\/in-rom-apple-kuendigt-eroeffnung-des-apple-via-del-corso-store-an#breadcrumb"},"inLanguage":"en-US","potentialAction":[{"@type":"ReadAction","target":["https:\/\/www.apfelpatient.de\/news\/in-rom-apple-kuendigt-eroeffnung-des-apple-via-del-corso-store-an"]}]},{"@type":"ImageObject","inLanguage":"en-US","@id":"https:\/\/www.apfelpatient.de\/news\/in-rom-apple-kuendigt-eroeffnung-des-apple-via-del-corso-store-an#primaryimage","url":"https:\/\/www.apfelpatient.de\/wp-content\/uploads\/2021\/05\/Apple_Via-Del-Corso-opens-in-Rome-exterior-building_052721.jpg","contentUrl":"https:\/\/www.apfelpatient.de\/wp-content\/uploads\/2021\/05\/Apple_Via-Del-Corso-opens-in-Rome-exterior-building_052721.jpg","width":1600,"height":900,"caption":"Bild: Apple Via del Corso Store"},{"@type":"BreadcrumbList","@id":"https:\/\/www.apfelpatient.de\/news\/in-rom-apple-kuendigt-eroeffnung-des-apple-via-del-corso-store-an#breadcrumb","itemListElement":[{"@type":"ListItem","position":1,"name":"Startseite","item":"https:\/\/www.apfelpatient.de\/"},{"@type":"ListItem","position":2,"name":"In Rom: Apple k\u00fcndigt Er\u00f6ffnung des Apple Via del Corso Store an"}]},{"@type":"WebSite","@id":"https:\/\/www.apfelpatient.de\/#website","url":"https:\/\/www.apfelpatient.de\/","name":"apple patient","description":"Everything about Apple!","publisher":{"@type":"Organization","@id":"https:\/\/www.apfelpatient.de\/en\/#organization","name":"Apfelpatient","url":"https:\/\/www.apfelpatient.de\/en\/"},"alternateName":"Apfelpatient","potentialAction":[{"@type":"SearchAction","target":{"@type":"EntryPoint","urlTemplate":"https:\/\/www.apfelpatient.de\/?s={search_term_string}"},"query-input":{"@type":"PropertyValueSpecification","valueRequired":true,"valueName":"search_term_string"}}],"inLanguage":"en-US"},{"@type":["Person","Organization"],"@id":"https:\/\/www.apfelpatient.de\/#\/schema\/person\/7dc56ad6c8e9824b76d2c08d4c140e13","name":"Milan","logo":{"@id":"https:\/\/www.apfelpatient.de\/#\/schema\/person\/image\/"},"description":"Hello and welcome to my technology blog! As a big Apple fan, I report on everything to do with Apple: from the latest news and exciting rumors to helpful tips and tricks and detailed product tests. If you are as enthusiastic about technology as I am, you have come to the right place!","sameAs":["https:\/\/www.facebook.com\/apfelpatientOfficial","https:\/\/www.linkedin.com\/in\/milan-jovicic-42aa0231b"],"url":"https:\/\/www.apfelpatient.de\/en\/author\/apfeladmin"}]}},"_links":{"self":[{"href":"https:\/\/www.apfelpatient.de\/en\/wp-json\/wp\/v2\/posts\/22894","targetHints":{"allow":["GET"]}}],"collection":[{"href":"https:\/\/www.apfelpatient.de\/en\/wp-json\/wp\/v2\/posts"}],"about":[{"href":"https:\/\/www.apfelpatient.de\/en\/wp-json\/wp\/v2\/types\/post"}],"author":[{"embeddable":true,"href":"https:\/\/www.apfelpatient.de\/en\/wp-json\/wp\/v2\/users\/2"}],"replies":[{"embeddable":true,"href":"https:\/\/www.apfelpatient.de\/en\/wp-json\/wp\/v2\/comments?post=22894"}],"version-history":[{"count":0,"href":"https:\/\/www.apfelpatient.de\/en\/wp-json\/wp\/v2\/posts\/22894\/revisions"}],"wp:featuredmedia":[{"embeddable":true,"href":"https:\/\/www.apfelpatient.de\/en\/wp-json\/wp\/v2\/media\/22887"}],"wp:attachment":[{"href":"https:\/\/www.apfelpatient.de\/en\/wp-json\/wp\/v2\/media?parent=22894"}],"wp:term":[{"taxonomy":"category","embeddable":true,"href":"https:\/\/www.apfelpatient.de\/en\/wp-json\/wp\/v2\/categories?post=22894"},{"taxonomy":"post_tag","embeddable":true,"href":"https:\/\/www.apfelpatient.de\/en\/wp-json\/wp\/v2\/tags?post=22894"}],"curies":[{"name":"wp","href":"https:\/\/api.w.org\/{rel}","templated":true}]}}