{"id":22867,"date":"2021-05-25T16:09:58","date_gmt":"2021-05-25T14:09:58","guid":{"rendered":"https:\/\/www.apfelpatient.de\/?p=22867"},"modified":"2021-05-25T16:10:00","modified_gmt":"2021-05-25T14:10:00","slug":"new-design-this-is-what-the-new-mac-mini-should-look-like","status":"publish","type":"post","link":"https:\/\/www.apfelpatient.de\/en\/rumors\/neues-design-so-soll-der-neue-mac-mini-aussehen","title":{"rendered":"New design: This is what the new Mac mini should look like"},"content":{"rendered":"<p class=\"has-drop-cap\"><strong>Rumors about new Mac devices have been documented for some time. Now images have been provided showing a Mac mini with a brand new design.<\/strong><\/p>\n\n\n\n<p>Rumour has it that Apple is planning a redesign of the Mac mini in addition to the iMac and MacBook series. Now Youtuber Jon Prosser has spoken out and posted pictures <a href=\"https:\/\/www.youtube.com\/watch?v=BhgtBxzroLI\" target=\"_blank\" rel=\"noreferrer noopener\">presented<\/a>, which are based on prototypes. In the past, this company has already revealed the design of the AirTags, AirPods Max and the new iMac 24&quot;. For this reason, the whole thing can of course be taken more seriously. According to the latest report, the next version of the Mac mini could have more than just an improvement in specifications. According to the renderings, the device could get a thinner case that uses the same magnetic power connector as the 24-inch iMac.<\/p>\n\n\n\n<figure class=\"wp-block-image size-large\"><img decoding=\"async\" width=\"1024\" height=\"576\" src=\"https:\/\/www.apfelpatient.de\/wp-content\/uploads\/2021\/05\/mac-mini-top-1024x576.jpg\" alt=\"Mac mini\" class=\"wp-image-22861\" srcset=\"https:\/\/www.apfelpatient.de\/wp-content\/uploads\/2021\/05\/mac-mini-top-1024x576.jpg 1024w, https:\/\/www.apfelpatient.de\/wp-content\/uploads\/2021\/05\/mac-mini-top-300x169.jpg 300w, https:\/\/www.apfelpatient.de\/wp-content\/uploads\/2021\/05\/mac-mini-top-768x432.jpg 768w, https:\/\/www.apfelpatient.de\/wp-content\/uploads\/2021\/05\/mac-mini-top-1536x864.jpg 1536w, https:\/\/www.apfelpatient.de\/wp-content\/uploads\/2021\/05\/mac-mini-top-750x422.jpg 750w, https:\/\/www.apfelpatient.de\/wp-content\/uploads\/2021\/05\/mac-mini-top-1140x641.jpg 1140w, https:\/\/www.apfelpatient.de\/wp-content\/uploads\/2021\/05\/mac-mini-top.jpg 1600w\" sizes=\"(max-width: 1024px) 100vw, 1024px\" \/><figcaption>Image: Jon Prosser x Rendersbyan \u2013 Mac mini<\/figcaption><\/figure>\n\n\n\n<h3 class=\"wp-block-heading\" id=\"h-m1x-chip-flacher-mit-magnetischem-stromanschluss\">M1X chip, flat &amp; with magnetic power connector<\/h3>\n\n\n\n\n\n\n\n<p>For the first version of the Mac mini, Apple decided to reuse its tried and tested and well-worn design for the Mac, but with new innards. For the next version, Apple could make some major changes to the compact computer and also use the &quot;M1X&quot; chip. According to the images, which are based on prototypes, Apple will take advantage of the small size of the internal components in the Mac mini to make the chassis thinner. The result is a flatter Mac mini that appears to have the same desk space requirements as previous models. On the back, Apple will apparently continue to offer a variety of ports, including four USB 4 Thunderbolt 3 ports, two USB-A ports, Gigabit Ethernet and HDMI. There is also the magnetic, round power connector, as used on the 24-inch iMac.<\/p>\n\n\n\n<figure class=\"wp-block-image size-large\"><img decoding=\"async\" width=\"1024\" height=\"576\" src=\"https:\/\/www.apfelpatient.de\/wp-content\/uploads\/2021\/05\/mac-mini-ports-1024x576.jpg\" alt=\"Mac mini\" class=\"wp-image-22863\" srcset=\"https:\/\/www.apfelpatient.de\/wp-content\/uploads\/2021\/05\/mac-mini-ports-1024x576.jpg 1024w, https:\/\/www.apfelpatient.de\/wp-content\/uploads\/2021\/05\/mac-mini-ports-300x169.jpg 300w, https:\/\/www.apfelpatient.de\/wp-content\/uploads\/2021\/05\/mac-mini-ports-768x432.jpg 768w, https:\/\/www.apfelpatient.de\/wp-content\/uploads\/2021\/05\/mac-mini-ports-1536x864.jpg 1536w, https:\/\/www.apfelpatient.de\/wp-content\/uploads\/2021\/05\/mac-mini-ports-750x422.jpg 750w, https:\/\/www.apfelpatient.de\/wp-content\/uploads\/2021\/05\/mac-mini-ports-1140x641.jpg 1140w, https:\/\/www.apfelpatient.de\/wp-content\/uploads\/2021\/05\/mac-mini-ports.jpg 1600w\" sizes=\"(max-width: 1024px) 100vw, 1024px\" \/><figcaption>Image: Jon Prosser x Rendersbyan \u2013 Mac mini<\/figcaption><\/figure>\n\n\n\n<h3 class=\"wp-block-heading\" id=\"h-wird-apple-den-mac-mini-in-verschiedenen-farben-anbieten\">Will Apple offer the Mac mini in different colors?<\/h3>\n\n\n\n<p>The use of the magnetic connector could also suggest that Apple is using an external power supply for the Mac mini rather than internalizing it. If this is true, Apple may have made a similar move to the iMac by putting the Gigabit Ethernet port on the power brick to save a bit more space on the back of the Mac mini itself. In addition to being thinner, the chassis will also feature a new design with aluminum sides but a &quot;plexiglass-like&quot; top. Color options could also come - but this is not certain. The usual round base of the Mac mini will reportedly be replaced by a pair of rubber strips. The air vent, which is usually located on the back near the ports, has been moved to the base. (Image: Jon Prosser x Rendersbyan)<\/p>\n\n\n\n<ul class=\"wp-block-list\"><li><a href=\"https:\/\/www.apfelpatient.de\/en\/rumors\/macbook-air-2022-will-be-colorful-this-is-what-it-could-look-like\">MacBook Air 2022 will be colorful: This is what it could look like<\/a><\/li><\/ul>\n\n\n\n<h6 class=\"wp-block-heading translation-block\" id=\"h-kennt-ihr-schon-unsere-amazon-storefront-dort-findet-ihr-eine-handverlesene-auswahl-von-diversen-produkten-f-r-euer-iphone-und-co-viel-spa-beim-st-bern\"><em>Have you already visited our Amazon Storefront? There you&#039;ll find a hand-picked selection of various products for your iPhone and other devices \u2013 <span class=\"has-inline-color has-vivid-red-color\"><a href=\"https:\/\/www.amazon.de\/shop\/apfelpatientofficial\" class=\"ek-link\" data-wpel-link=\"exclude\" rel=\"follow noopener\" target=\"_self\"><span style=\"text-decoration: underline\" class=\"ek-underline\">enjoy browsing<\/span><\/a> !<\/span><\/em><\/h6>\n\n\n\n<h6 class=\"wp-block-heading translation-block\" id=\"h-der-beitrag-enthalt-partnerlinks\">This post contains <a data-type=\"URL\" data-id=\"https:\/\/www.apfelpatient.de\/partnerprogramm\" href=\"https:\/\/www.apfelpatient.de\/en\/partner-program\" data-wpel-link=\"internal\" target=\"_self\">affiliate links<\/a>.<\/h6>","protected":false},"excerpt":{"rendered":"<p>Rumors about new Macs have been documented for some time. Now images have been provided showing the Mac mini in a new design.<\/p>","protected":false},"author":2,"featured_media":22861,"comment_status":"closed","ping_status":"closed","sticky":false,"template":"","format":"standard","meta":{"jnews-multi-image_gallery":[],"jnews_single_post":{"subtitle":"","format":"standard","video":"","gallery":"","source_name":"","source_url":"","via_name":"","via_url":"","override":[{"single_blog_custom":"","sidebar":"","second_sidebar":"","share_position":"","share_float_style":"","post_date_format":"","post_date_format_custom":"","post_reading_time_wpm":"","zoom_button_out_step":"1","zoom_button_in_step":"1","number_popup_post":"1"}],"image_override":[{"single_post_thumbnail_size":"","single_post_gallery_size":""}],"trending_post_position":"","trending_post_label":"","sponsored_post_label":"","sponsored_post_name":"","sponsored_post_url":"","sponsored_post_logo":"","sponsored_post_desc":""},"jnews_primary_category":{"id":"25"},"footnotes":""},"categories":[25],"tags":[40,73],"class_list":["post-22867","post","type-post","status-publish","format-standard","has-post-thumbnail","hentry","category-rumors","tag-mac","tag-mac-mini"],"yoast_head":"<!-- This site is optimized with the Yoast SEO Premium plugin v27.5 (Yoast SEO v27.5) - https:\/\/yoast.com\/product\/yoast-seo-premium-wordpress\/ -->\n<title>Neues Design: So soll der neue Mac mini aussehen Apfelpatient<\/title>\n<meta name=\"description\" content=\"Ger\u00fcchte rund um neue Macs werden seit geraumer Zeit dokumentiert. Nun wurden Bilder bereitgestellt, die den Mac mini in neuem Design zeigen.\" \/>\n<meta name=\"robots\" content=\"index, follow, max-snippet:-1, max-image-preview:large, max-video-preview:-1\" \/>\n<link rel=\"canonical\" href=\"https:\/\/www.apfelpatient.de\/en\/rumors\/new-design-this-is-what-the-new-mac-mini-should-look-like\" \/>\n<meta property=\"og:locale\" content=\"en_US\" \/>\n<meta property=\"og:type\" content=\"article\" \/>\n<meta property=\"og:title\" content=\"Neues Design: So soll der neue Mac mini aussehen\" \/>\n<meta property=\"og:description\" content=\"Ger\u00fcchte rund um neue Macs werden seit geraumer Zeit dokumentiert. Nun wurden Bilder bereitgestellt, die den Mac mini in neuem Design zeigen.\" \/>\n<meta property=\"og:url\" content=\"https:\/\/www.apfelpatient.de\/en\/rumors\/new-design-this-is-what-the-new-mac-mini-should-look-like\" \/>\n<meta property=\"og:site_name\" content=\"Apfelpatient\" \/>\n<meta property=\"article:publisher\" content=\"https:\/\/www.facebook.com\/apfelpatientOfficial\" \/>\n<meta property=\"article:author\" content=\"https:\/\/www.facebook.com\/apfelpatientOfficial\" \/>\n<meta property=\"article:published_time\" content=\"2021-05-25T14:09:58+00:00\" \/>\n<meta property=\"article:modified_time\" content=\"2021-05-25T14:10:00+00:00\" \/>\n<meta property=\"og:image\" content=\"https:\/\/www.apfelpatient.de\/wp-content\/uploads\/2021\/05\/mac-mini-top.jpg\" \/>\n\t<meta property=\"og:image:width\" content=\"1600\" \/>\n\t<meta property=\"og:image:height\" content=\"900\" \/>\n\t<meta property=\"og:image:type\" content=\"image\/jpeg\" \/>\n<meta name=\"author\" content=\"Milan\" \/>\n<meta name=\"twitter:card\" content=\"summary_large_image\" \/>\n<meta name=\"twitter:description\" content=\"Ger\u00fcchte rund um neue Macs werden seit geraumer Zeit dokumentiert. Nun wurden Bilder bereitgestellt, die den Mac mini in neuem Design zeigen.\" \/>\n<meta name=\"twitter:label1\" content=\"Written by\" \/>\n\t<meta name=\"twitter:data1\" content=\"Milan\" \/>\n\t<meta name=\"twitter:label2\" content=\"Est. reading time\" \/>\n\t<meta name=\"twitter:data2\" content=\"3 minutes\" \/>\n<script type=\"application\/ld+json\" class=\"yoast-schema-graph\">{\"@context\":\"https:\\\/\\\/schema.org\",\"@graph\":[{\"@type\":\"NewsArticle\",\"@id\":\"https:\\\/\\\/www.apfelpatient.de\\\/rumors\\\/neues-design-so-soll-der-neue-mac-mini-aussehen#article\",\"isPartOf\":{\"@id\":\"https:\\\/\\\/www.apfelpatient.de\\\/rumors\\\/neues-design-so-soll-der-neue-mac-mini-aussehen\"},\"author\":{\"@type\":\"Organization\",\"@id\":\"https:\\\/\\\/www.apfelpatient.de\\\/en\\\/#organization\",\"name\":\"Apfelpatient\",\"url\":\"https:\\\/\\\/www.apfelpatient.de\\\/en\\\/\"},\"headline\":\"Neues Design: So soll der neue Mac mini aussehen\",\"datePublished\":\"2021-05-25T14:09:58+00:00\",\"dateModified\":\"2021-05-25T14:10:00+00:00\",\"mainEntityOfPage\":{\"@id\":\"https:\\\/\\\/www.apfelpatient.de\\\/rumors\\\/neues-design-so-soll-der-neue-mac-mini-aussehen\"},\"wordCount\":464,\"publisher\":{\"@type\":\"Organization\",\"@id\":\"https:\\\/\\\/www.apfelpatient.de\\\/en\\\/#organization\",\"name\":\"Apfelpatient\",\"url\":\"https:\\\/\\\/www.apfelpatient.de\\\/en\\\/\"},\"image\":{\"@id\":\"https:\\\/\\\/www.apfelpatient.de\\\/rumors\\\/neues-design-so-soll-der-neue-mac-mini-aussehen#primaryimage\"},\"thumbnailUrl\":\"https:\\\/\\\/www.apfelpatient.de\\\/wp-content\\\/uploads\\\/2021\\\/05\\\/mac-mini-top.jpg\",\"keywords\":[\"Mac\",\"Mac mini\"],\"articleSection\":\"Rumors\",\"inLanguage\":\"en-US\",\"copyrightYear\":\"2021\",\"copyrightHolder\":{\"@id\":\"https:\\\/\\\/www.apfelpatient.de\\\/en\\\/#organization\"}},{\"@type\":\"WebPage\",\"@id\":\"https:\\\/\\\/www.apfelpatient.de\\\/rumors\\\/neues-design-so-soll-der-neue-mac-mini-aussehen\",\"url\":\"https:\\\/\\\/www.apfelpatient.de\\\/rumors\\\/neues-design-so-soll-der-neue-mac-mini-aussehen\",\"name\":\"Neues Design: So soll der neue Mac mini aussehen Apfelpatient\",\"isPartOf\":{\"@id\":\"https:\\\/\\\/www.apfelpatient.de\\\/#website\"},\"primaryImageOfPage\":{\"@id\":\"https:\\\/\\\/www.apfelpatient.de\\\/rumors\\\/neues-design-so-soll-der-neue-mac-mini-aussehen#primaryimage\"},\"image\":{\"@id\":\"https:\\\/\\\/www.apfelpatient.de\\\/rumors\\\/neues-design-so-soll-der-neue-mac-mini-aussehen#primaryimage\"},\"thumbnailUrl\":\"https:\\\/\\\/www.apfelpatient.de\\\/wp-content\\\/uploads\\\/2021\\\/05\\\/mac-mini-top.jpg\",\"datePublished\":\"2021-05-25T14:09:58+00:00\",\"dateModified\":\"2021-05-25T14:10:00+00:00\",\"description\":\"Ger\u00fcchte rund um neue Macs werden seit geraumer Zeit dokumentiert. Nun wurden Bilder bereitgestellt, die den Mac mini in neuem Design zeigen.\",\"breadcrumb\":{\"@id\":\"https:\\\/\\\/www.apfelpatient.de\\\/rumors\\\/neues-design-so-soll-der-neue-mac-mini-aussehen#breadcrumb\"},\"inLanguage\":\"en-US\",\"potentialAction\":[{\"@type\":\"ReadAction\",\"target\":[\"https:\\\/\\\/www.apfelpatient.de\\\/rumors\\\/neues-design-so-soll-der-neue-mac-mini-aussehen\"]}]},{\"@type\":\"ImageObject\",\"inLanguage\":\"en-US\",\"@id\":\"https:\\\/\\\/www.apfelpatient.de\\\/rumors\\\/neues-design-so-soll-der-neue-mac-mini-aussehen#primaryimage\",\"url\":\"https:\\\/\\\/www.apfelpatient.de\\\/wp-content\\\/uploads\\\/2021\\\/05\\\/mac-mini-top.jpg\",\"contentUrl\":\"https:\\\/\\\/www.apfelpatient.de\\\/wp-content\\\/uploads\\\/2021\\\/05\\\/mac-mini-top.jpg\",\"width\":1600,\"height\":900,\"caption\":\"Bild: Jon Prosser x Rendersbyan - Mac mini\"},{\"@type\":\"BreadcrumbList\",\"@id\":\"https:\\\/\\\/www.apfelpatient.de\\\/rumors\\\/neues-design-so-soll-der-neue-mac-mini-aussehen#breadcrumb\",\"itemListElement\":[{\"@type\":\"ListItem\",\"position\":1,\"name\":\"Startseite\",\"item\":\"https:\\\/\\\/www.apfelpatient.de\\\/\"},{\"@type\":\"ListItem\",\"position\":2,\"name\":\"Neues Design: So soll der neue Mac mini aussehen\"}]},{\"@type\":\"WebSite\",\"@id\":\"https:\\\/\\\/www.apfelpatient.de\\\/#website\",\"url\":\"https:\\\/\\\/www.apfelpatient.de\\\/\",\"name\":\"Apfelpatient\",\"description\":\"Alles rund um Apple!\",\"publisher\":{\"@type\":\"Organization\",\"@id\":\"https:\\\/\\\/www.apfelpatient.de\\\/en\\\/#organization\",\"name\":\"Apfelpatient\",\"url\":\"https:\\\/\\\/www.apfelpatient.de\\\/en\\\/\"},\"alternateName\":\"Apfelpatient\",\"potentialAction\":[{\"@type\":\"SearchAction\",\"target\":{\"@type\":\"EntryPoint\",\"urlTemplate\":\"https:\\\/\\\/www.apfelpatient.de\\\/?s={search_term_string}\"},\"query-input\":{\"@type\":\"PropertyValueSpecification\",\"valueRequired\":true,\"valueName\":\"search_term_string\"}}],\"inLanguage\":\"en-US\"},{\"@type\":[\"Person\",\"Organization\"],\"@id\":\"https:\\\/\\\/www.apfelpatient.de\\\/#\\\/schema\\\/person\\\/7dc56ad6c8e9824b76d2c08d4c140e13\",\"name\":\"Milan\",\"logo\":{\"@id\":\"https:\\\/\\\/www.apfelpatient.de\\\/#\\\/schema\\\/person\\\/image\\\/\"},\"description\":\"Hallo und herzlich willkommen auf meinem Technik-Blog! Als gro\u00dfer Apple-Fan berichte ich hier \u00fcber alles, was mit Apple zu tun hat: von den neuesten News und spannenden Ger\u00fcchten \u00fcber hilfreiche Tipps und Tricks bis hin zu ausf\u00fchrlichen Produkttests. Wenn du genauso technikbegeistert bist wie ich, bist du hier genau richtig!\",\"sameAs\":[\"https:\\\/\\\/www.facebook.com\\\/apfelpatientOfficial\",\"https:\\\/\\\/www.linkedin.com\\\/in\\\/milan-jovicic-42aa0231b\"],\"url\":\"https:\\\/\\\/www.apfelpatient.de\\\/en\\\/author\\\/apfeladmin\"}]}<\/script>\n<!-- \/ Yoast SEO Premium plugin. -->","yoast_head_json":{"title":"New design: This is what the new Mac mini should look like Apfelpatient","description":"Rumors about new Macs have been documented for some time. Now images have been provided showing the Mac mini in a new design.","robots":{"index":"index","follow":"follow","max-snippet":"max-snippet:-1","max-image-preview":"max-image-preview:large","max-video-preview":"max-video-preview:-1"},"canonical":"https:\/\/www.apfelpatient.de\/en\/rumors\/new-design-this-is-what-the-new-mac-mini-should-look-like","og_locale":"en_US","og_type":"article","og_title":"Neues Design: So soll der neue Mac mini aussehen","og_description":"Ger\u00fcchte rund um neue Macs werden seit geraumer Zeit dokumentiert. Nun wurden Bilder bereitgestellt, die den Mac mini in neuem Design zeigen.","og_url":"https:\/\/www.apfelpatient.de\/en\/rumors\/new-design-this-is-what-the-new-mac-mini-should-look-like","og_site_name":"Apfelpatient","article_publisher":"https:\/\/www.facebook.com\/apfelpatientOfficial","article_author":"https:\/\/www.facebook.com\/apfelpatientOfficial","article_published_time":"2021-05-25T14:09:58+00:00","article_modified_time":"2021-05-25T14:10:00+00:00","og_image":[{"width":1600,"height":900,"url":"https:\/\/www.apfelpatient.de\/wp-content\/uploads\/2021\/05\/mac-mini-top.jpg","type":"image\/jpeg"}],"author":"Milan","twitter_card":"summary_large_image","twitter_description":"Ger\u00fcchte rund um neue Macs werden seit geraumer Zeit dokumentiert. Nun wurden Bilder bereitgestellt, die den Mac mini in neuem Design zeigen.","twitter_misc":{"Written by":"Milan","Est. reading time":"3 minutes"},"schema":{"@context":"https:\/\/schema.org","@graph":[{"@type":"NewsArticle","@id":"https:\/\/www.apfelpatient.de\/rumors\/neues-design-so-soll-der-neue-mac-mini-aussehen#article","isPartOf":{"@id":"https:\/\/www.apfelpatient.de\/rumors\/neues-design-so-soll-der-neue-mac-mini-aussehen"},"author":{"@type":"Organization","@id":"https:\/\/www.apfelpatient.de\/en\/#organization","name":"Apfelpatient","url":"https:\/\/www.apfelpatient.de\/en\/"},"headline":"Neues Design: So soll der neue Mac mini aussehen","datePublished":"2021-05-25T14:09:58+00:00","dateModified":"2021-05-25T14:10:00+00:00","mainEntityOfPage":{"@id":"https:\/\/www.apfelpatient.de\/rumors\/neues-design-so-soll-der-neue-mac-mini-aussehen"},"wordCount":464,"publisher":{"@type":"Organization","@id":"https:\/\/www.apfelpatient.de\/en\/#organization","name":"Apfelpatient","url":"https:\/\/www.apfelpatient.de\/en\/"},"image":{"@id":"https:\/\/www.apfelpatient.de\/rumors\/neues-design-so-soll-der-neue-mac-mini-aussehen#primaryimage"},"thumbnailUrl":"https:\/\/www.apfelpatient.de\/wp-content\/uploads\/2021\/05\/mac-mini-top.jpg","keywords":["Mac","Mac mini"],"articleSection":"Rumors","inLanguage":"en-US","copyrightYear":"2021","copyrightHolder":{"@id":"https:\/\/www.apfelpatient.de\/en\/#organization"}},{"@type":"WebPage","@id":"https:\/\/www.apfelpatient.de\/rumors\/neues-design-so-soll-der-neue-mac-mini-aussehen","url":"https:\/\/www.apfelpatient.de\/rumors\/neues-design-so-soll-der-neue-mac-mini-aussehen","name":"New design: This is what the new Mac mini should look like Apfelpatient","isPartOf":{"@id":"https:\/\/www.apfelpatient.de\/#website"},"primaryImageOfPage":{"@id":"https:\/\/www.apfelpatient.de\/rumors\/neues-design-so-soll-der-neue-mac-mini-aussehen#primaryimage"},"image":{"@id":"https:\/\/www.apfelpatient.de\/rumors\/neues-design-so-soll-der-neue-mac-mini-aussehen#primaryimage"},"thumbnailUrl":"https:\/\/www.apfelpatient.de\/wp-content\/uploads\/2021\/05\/mac-mini-top.jpg","datePublished":"2021-05-25T14:09:58+00:00","dateModified":"2021-05-25T14:10:00+00:00","description":"Rumors about new Macs have been documented for some time. Now images have been provided showing the Mac mini in a new design.","breadcrumb":{"@id":"https:\/\/www.apfelpatient.de\/rumors\/neues-design-so-soll-der-neue-mac-mini-aussehen#breadcrumb"},"inLanguage":"en-US","potentialAction":[{"@type":"ReadAction","target":["https:\/\/www.apfelpatient.de\/rumors\/neues-design-so-soll-der-neue-mac-mini-aussehen"]}]},{"@type":"ImageObject","inLanguage":"en-US","@id":"https:\/\/www.apfelpatient.de\/rumors\/neues-design-so-soll-der-neue-mac-mini-aussehen#primaryimage","url":"https:\/\/www.apfelpatient.de\/wp-content\/uploads\/2021\/05\/mac-mini-top.jpg","contentUrl":"https:\/\/www.apfelpatient.de\/wp-content\/uploads\/2021\/05\/mac-mini-top.jpg","width":1600,"height":900,"caption":"Bild: Jon Prosser x Rendersbyan - Mac mini"},{"@type":"BreadcrumbList","@id":"https:\/\/www.apfelpatient.de\/rumors\/neues-design-so-soll-der-neue-mac-mini-aussehen#breadcrumb","itemListElement":[{"@type":"ListItem","position":1,"name":"Startseite","item":"https:\/\/www.apfelpatient.de\/"},{"@type":"ListItem","position":2,"name":"Neues Design: So soll der neue Mac mini aussehen"}]},{"@type":"WebSite","@id":"https:\/\/www.apfelpatient.de\/#website","url":"https:\/\/www.apfelpatient.de\/","name":"apple patient","description":"Everything about Apple!","publisher":{"@type":"Organization","@id":"https:\/\/www.apfelpatient.de\/en\/#organization","name":"Apfelpatient","url":"https:\/\/www.apfelpatient.de\/en\/"},"alternateName":"Apfelpatient","potentialAction":[{"@type":"SearchAction","target":{"@type":"EntryPoint","urlTemplate":"https:\/\/www.apfelpatient.de\/?s={search_term_string}"},"query-input":{"@type":"PropertyValueSpecification","valueRequired":true,"valueName":"search_term_string"}}],"inLanguage":"en-US"},{"@type":["Person","Organization"],"@id":"https:\/\/www.apfelpatient.de\/#\/schema\/person\/7dc56ad6c8e9824b76d2c08d4c140e13","name":"Milan","logo":{"@id":"https:\/\/www.apfelpatient.de\/#\/schema\/person\/image\/"},"description":"Hello and welcome to my technology blog! As a big Apple fan, I report on everything to do with Apple: from the latest news and exciting rumors to helpful tips and tricks and detailed product tests. If you are as enthusiastic about technology as I am, you have come to the right place!","sameAs":["https:\/\/www.facebook.com\/apfelpatientOfficial","https:\/\/www.linkedin.com\/in\/milan-jovicic-42aa0231b"],"url":"https:\/\/www.apfelpatient.de\/en\/author\/apfeladmin"}]}},"_links":{"self":[{"href":"https:\/\/www.apfelpatient.de\/en\/wp-json\/wp\/v2\/posts\/22867","targetHints":{"allow":["GET"]}}],"collection":[{"href":"https:\/\/www.apfelpatient.de\/en\/wp-json\/wp\/v2\/posts"}],"about":[{"href":"https:\/\/www.apfelpatient.de\/en\/wp-json\/wp\/v2\/types\/post"}],"author":[{"embeddable":true,"href":"https:\/\/www.apfelpatient.de\/en\/wp-json\/wp\/v2\/users\/2"}],"replies":[{"embeddable":true,"href":"https:\/\/www.apfelpatient.de\/en\/wp-json\/wp\/v2\/comments?post=22867"}],"version-history":[{"count":0,"href":"https:\/\/www.apfelpatient.de\/en\/wp-json\/wp\/v2\/posts\/22867\/revisions"}],"wp:featuredmedia":[{"embeddable":true,"href":"https:\/\/www.apfelpatient.de\/en\/wp-json\/wp\/v2\/media\/22861"}],"wp:attachment":[{"href":"https:\/\/www.apfelpatient.de\/en\/wp-json\/wp\/v2\/media?parent=22867"}],"wp:term":[{"taxonomy":"category","embeddable":true,"href":"https:\/\/www.apfelpatient.de\/en\/wp-json\/wp\/v2\/categories?post=22867"},{"taxonomy":"post_tag","embeddable":true,"href":"https:\/\/www.apfelpatient.de\/en\/wp-json\/wp\/v2\/tags?post=22867"}],"curies":[{"name":"wp","href":"https:\/\/api.w.org\/{rel}","templated":true}]}}