{"id":22835,"date":"2021-05-24T21:15:00","date_gmt":"2021-05-24T19:15:00","guid":{"rendered":"https:\/\/www.apfelpatient.de\/?p=22835"},"modified":"2021-05-24T22:55:43","modified_gmt":"2021-05-24T20:55:43","slug":"will-apple-introduce-new-macbook-pro-models-in-june","status":"publish","type":"post","link":"https:\/\/www.apfelpatient.de\/en\/rumors\/wird-apple-im-juni-neue-macbook-pro-modelle-vorstellen","title":{"rendered":"Will Apple introduce new MacBook Pro models in June?"},"content":{"rendered":"<p class=\"has-drop-cap\"><strong>Apple officially confirmed the WWDC 2021 schedule yesterday, stating that the week will begin with a special event keynote on June 7th.<\/strong><\/p>\n\n\n\n<p>Now leaker Jon Prosser has spoken out and <a href=\"https:\/\/twitter.com\/jon_prosser\/status\/1396915038154334214?s=21\" target=\"_blank\" rel=\"noreferrer noopener\">claimed<\/a>that new MacBook Pro models will be introduced during WWDC. Bloomberg previously denied rumors that the devices could be delayed and claimed that Apple will introduce brand new MacBook Pro models this summer. Prosser reacted to the WWDC 2021 artwork published by Apple. The image shows three Memojis with MacBook devices. This is to be understood as a reference to a new generation. Whether that will ultimately be the case remains to be seen, of course.<\/p>\n\n\n\n<figure class=\"wp-block-image size-large\"><img decoding=\"async\" width=\"1024\" height=\"576\" src=\"https:\/\/www.apfelpatient.de\/wp-content\/uploads\/2021\/05\/Apple_WWDC21-details-announcement_052421-1024x576.jpg\" alt=\"WWDC 2021\" class=\"wp-image-22812\" srcset=\"https:\/\/www.apfelpatient.de\/wp-content\/uploads\/2021\/05\/Apple_WWDC21-details-announcement_052421-1024x576.jpg 1024w, https:\/\/www.apfelpatient.de\/wp-content\/uploads\/2021\/05\/Apple_WWDC21-details-announcement_052421-300x169.jpg 300w, https:\/\/www.apfelpatient.de\/wp-content\/uploads\/2021\/05\/Apple_WWDC21-details-announcement_052421-768x432.jpg 768w, https:\/\/www.apfelpatient.de\/wp-content\/uploads\/2021\/05\/Apple_WWDC21-details-announcement_052421-1536x864.jpg 1536w, https:\/\/www.apfelpatient.de\/wp-content\/uploads\/2021\/05\/Apple_WWDC21-details-announcement_052421-750x422.jpg 750w, https:\/\/www.apfelpatient.de\/wp-content\/uploads\/2021\/05\/Apple_WWDC21-details-announcement_052421-1140x641.jpg 1140w, https:\/\/www.apfelpatient.de\/wp-content\/uploads\/2021\/05\/Apple_WWDC21-details-announcement_052421.jpg 1600w\" sizes=\"(max-width: 1024px) 100vw, 1024px\" \/><figcaption>Image: Apple<\/figcaption><\/figure>\n\n\n\n<h3 class=\"wp-block-heading\" id=\"h-neues-macbook-pro-soll-deutlich-mehr-anschl-sse-erhalten\">New MacBook Pro to receive significantly more ports<\/h3>\n\n\n\n\n\n\n\n<p>Apple&#039;s next MacBook Pro update is expected to bring a new design, Apple Silicon inside, and perhaps improved mini-LED display technology. The new design is expected to be flatter overall, similar to the iPad Pro, and will reportedly come in 14- and 16-inch display sizes. The &quot;MacBook Pro&quot; logo below the display is also rumored to be removed, while ports like HDMI and MagSafe are expected to return alongside an SD card slot. The Apple Silicon chip will likely be something similar to the &quot;M1X&quot; or even the &quot;M2.&quot; Bloomberg reports that it will have a 10-core design with eight high-performance cores and two efficiency cores. Apple will offer two variants of the chip, one with 16 GPU cores and another with 32 GPU cores.<\/p>\n\n\n\n<h3 class=\"wp-block-heading\" id=\"h-wwdc-2021-keynote-findet-am-07-juni-statt\">WWDC 2021: Keynote will take place on June 7th<\/h3>\n\n\n\n<p>While WWDC is typically a software-focused event, hardware announcements are not uncommon. Last year, at WWDC 2020, Apple did not announce any new hardware. But at WWDC 2019, Apple unveiled the Mac Pro and the accompanying Pro Display XDR. In general, Apple keeps product unveilings at WWDC limited to those aimed at developers. WWDC begins on Monday, June 7, with an Apple keynote at 7 p.m. in this country. WWDC 2021 will be completely virtual this year due to the COVID-19 pandemic, so the keynote will be streamed directly from Apple Park. (Photo by hadrian \/ Bigstockphoto)<\/p>\n\n\n\n<ul class=\"wp-block-list\"><li><a href=\"https:\/\/www.apfelpatient.de\/en\/rumors\/macbook-pro-2021-with-m1x-chip-and-without-front-logo\">MacBook Pro 2021: With M1X chip and no front logo?<\/a><\/li><\/ul>\n\n\n\n<h6 class=\"wp-block-heading translation-block\" id=\"h-kennt-ihr-schon-unsere-amazon-storefront-dort-findet-ihr-eine-handverlesene-auswahl-von-diversen-produkten-f-r-euer-iphone-und-co-viel-spa-beim-st-bern\"><em>Have you already visited our Amazon Storefront? There you&#039;ll find a hand-picked selection of various products for your iPhone and other devices \u2013 <span class=\"has-inline-color has-vivid-red-color\"><a href=\"https:\/\/www.amazon.de\/shop\/apfelpatientofficial\" class=\"ek-link\" data-wpel-link=\"exclude\" rel=\"follow noopener\" target=\"_self\"><span style=\"text-decoration: underline\" class=\"ek-underline\">enjoy browsing<\/span><\/a> !<\/span><\/em><\/h6>\n\n\n\n<h6 class=\"wp-block-heading translation-block\" id=\"h-der-beitrag-enthalt-partnerlinks\">This post contains <a data-type=\"URL\" data-id=\"https:\/\/www.apfelpatient.de\/partnerprogramm\" href=\"https:\/\/www.apfelpatient.de\/en\/partner-program\" data-wpel-link=\"internal\" target=\"_self\">affiliate links<\/a>.<\/h6>","protected":false},"excerpt":{"rendered":"<p>Now a leaker has come forward and claimed that new MacBook Pro models will be introduced during WWDC.<\/p>","protected":false},"author":2,"featured_media":22834,"comment_status":"closed","ping_status":"closed","sticky":false,"template":"","format":"standard","meta":{"jnews-multi-image_gallery":[],"jnews_single_post":{"subtitle":"","format":"standard","video":"","gallery":"","source_name":"","source_url":"","via_name":"","via_url":"","override":[{"single_blog_custom":"","sidebar":"","second_sidebar":"","share_position":"","share_float_style":"","post_date_format":"","post_date_format_custom":"","post_reading_time_wpm":"","zoom_button_out_step":"1","zoom_button_in_step":"1","number_popup_post":"1"}],"image_override":[{"single_post_thumbnail_size":"","single_post_gallery_size":""}],"trending_post_position":"","trending_post_label":"","sponsored_post_label":"","sponsored_post_name":"","sponsored_post_url":"","sponsored_post_logo":"","sponsored_post_desc":""},"jnews_primary_category":{"id":"25"},"footnotes":""},"categories":[25],"tags":[40,50,203,618],"class_list":["post-22835","post","type-post","status-publish","format-standard","has-post-thumbnail","hentry","category-rumors","tag-mac","tag-macbook-pro","tag-wwdc","tag-wwdc-2021"],"yoast_head":"<!-- This site is optimized with the Yoast SEO Premium plugin v27.5 (Yoast SEO v27.5) - https:\/\/yoast.com\/product\/yoast-seo-premium-wordpress\/ -->\n<title>Wird Apple im Juni neue MacBook Pro Modelle vorstellen? Apfelpatient<\/title>\n<meta name=\"description\" content=\"Nun hat sich ein Leaker zu Wort gemeldet und dabei behauptet, dass neue MacBook Pro Modelle w\u00e4hrend der WWDC vorgestellt werden.\" \/>\n<meta name=\"robots\" content=\"index, follow, max-snippet:-1, max-image-preview:large, max-video-preview:-1\" \/>\n<link rel=\"canonical\" href=\"https:\/\/www.apfelpatient.de\/en\/rumors\/will-apple-introduce-new-macbook-pro-models-in-june\" \/>\n<meta property=\"og:locale\" content=\"en_US\" \/>\n<meta property=\"og:type\" content=\"article\" \/>\n<meta property=\"og:title\" content=\"Wird Apple im Juni neue MacBook Pro Modelle vorstellen?\" \/>\n<meta property=\"og:description\" content=\"Nun hat sich ein Leaker zu Wort gemeldet und dabei behauptet, dass neue MacBook Pro Modelle w\u00e4hrend der WWDC vorgestellt werden.\" \/>\n<meta property=\"og:url\" content=\"https:\/\/www.apfelpatient.de\/en\/rumors\/will-apple-introduce-new-macbook-pro-models-in-june\" \/>\n<meta property=\"og:site_name\" content=\"Apfelpatient\" \/>\n<meta property=\"article:publisher\" content=\"https:\/\/www.facebook.com\/apfelpatientOfficial\" \/>\n<meta property=\"article:author\" content=\"https:\/\/www.facebook.com\/apfelpatientOfficial\" \/>\n<meta property=\"article:published_time\" content=\"2021-05-24T19:15:00+00:00\" \/>\n<meta property=\"article:modified_time\" content=\"2021-05-24T20:55:43+00:00\" \/>\n<meta property=\"og:image\" content=\"https:\/\/www.apfelpatient.de\/wp-content\/uploads\/2021\/05\/bigstock-London-United-Kingdom-Jan-420028942.jpg\" \/>\n\t<meta property=\"og:image:width\" content=\"1600\" \/>\n\t<meta property=\"og:image:height\" content=\"1067\" \/>\n\t<meta property=\"og:image:type\" content=\"image\/jpeg\" \/>\n<meta name=\"author\" content=\"Milan\" \/>\n<meta name=\"twitter:card\" content=\"summary_large_image\" \/>\n<meta name=\"twitter:description\" content=\"Nun hat sich ein Leaker zu Wort gemeldet und dabei behauptet, dass neue MacBook Pro Modelle w\u00e4hrend der WWDC vorgestellt werden.\" \/>\n<meta name=\"twitter:label1\" content=\"Written by\" \/>\n\t<meta name=\"twitter:data1\" content=\"Milan\" \/>\n\t<meta name=\"twitter:label2\" content=\"Est. reading time\" \/>\n\t<meta name=\"twitter:data2\" content=\"2 minutes\" \/>\n<script type=\"application\/ld+json\" class=\"yoast-schema-graph\">{\"@context\":\"https:\\\/\\\/schema.org\",\"@graph\":[{\"@type\":\"NewsArticle\",\"@id\":\"https:\\\/\\\/www.apfelpatient.de\\\/rumors\\\/wird-apple-im-juni-neue-macbook-pro-modelle-vorstellen#article\",\"isPartOf\":{\"@id\":\"https:\\\/\\\/www.apfelpatient.de\\\/rumors\\\/wird-apple-im-juni-neue-macbook-pro-modelle-vorstellen\"},\"author\":{\"@type\":\"Organization\",\"@id\":\"https:\\\/\\\/www.apfelpatient.de\\\/en\\\/#organization\",\"name\":\"Apfelpatient\",\"url\":\"https:\\\/\\\/www.apfelpatient.de\\\/en\\\/\"},\"headline\":\"Wird Apple im Juni neue MacBook Pro Modelle vorstellen?\",\"datePublished\":\"2021-05-24T19:15:00+00:00\",\"dateModified\":\"2021-05-24T20:55:43+00:00\",\"mainEntityOfPage\":{\"@id\":\"https:\\\/\\\/www.apfelpatient.de\\\/rumors\\\/wird-apple-im-juni-neue-macbook-pro-modelle-vorstellen\"},\"wordCount\":380,\"publisher\":{\"@type\":\"Organization\",\"@id\":\"https:\\\/\\\/www.apfelpatient.de\\\/en\\\/#organization\",\"name\":\"Apfelpatient\",\"url\":\"https:\\\/\\\/www.apfelpatient.de\\\/en\\\/\"},\"image\":{\"@id\":\"https:\\\/\\\/www.apfelpatient.de\\\/rumors\\\/wird-apple-im-juni-neue-macbook-pro-modelle-vorstellen#primaryimage\"},\"thumbnailUrl\":\"https:\\\/\\\/www.apfelpatient.de\\\/wp-content\\\/uploads\\\/2021\\\/05\\\/bigstock-London-United-Kingdom-Jan-420028942.jpg\",\"keywords\":[\"Mac\",\"MacBook Pro\",\"WWDC\",\"WWDC 2021\"],\"articleSection\":\"Rumors\",\"inLanguage\":\"en-US\",\"copyrightYear\":\"2021\",\"copyrightHolder\":{\"@id\":\"https:\\\/\\\/www.apfelpatient.de\\\/en\\\/#organization\"}},{\"@type\":\"WebPage\",\"@id\":\"https:\\\/\\\/www.apfelpatient.de\\\/rumors\\\/wird-apple-im-juni-neue-macbook-pro-modelle-vorstellen\",\"url\":\"https:\\\/\\\/www.apfelpatient.de\\\/rumors\\\/wird-apple-im-juni-neue-macbook-pro-modelle-vorstellen\",\"name\":\"Wird Apple im Juni neue MacBook Pro Modelle vorstellen? Apfelpatient\",\"isPartOf\":{\"@id\":\"https:\\\/\\\/www.apfelpatient.de\\\/#website\"},\"primaryImageOfPage\":{\"@id\":\"https:\\\/\\\/www.apfelpatient.de\\\/rumors\\\/wird-apple-im-juni-neue-macbook-pro-modelle-vorstellen#primaryimage\"},\"image\":{\"@id\":\"https:\\\/\\\/www.apfelpatient.de\\\/rumors\\\/wird-apple-im-juni-neue-macbook-pro-modelle-vorstellen#primaryimage\"},\"thumbnailUrl\":\"https:\\\/\\\/www.apfelpatient.de\\\/wp-content\\\/uploads\\\/2021\\\/05\\\/bigstock-London-United-Kingdom-Jan-420028942.jpg\",\"datePublished\":\"2021-05-24T19:15:00+00:00\",\"dateModified\":\"2021-05-24T20:55:43+00:00\",\"description\":\"Nun hat sich ein Leaker zu Wort gemeldet und dabei behauptet, dass neue MacBook Pro Modelle w\u00e4hrend der WWDC vorgestellt werden.\",\"breadcrumb\":{\"@id\":\"https:\\\/\\\/www.apfelpatient.de\\\/rumors\\\/wird-apple-im-juni-neue-macbook-pro-modelle-vorstellen#breadcrumb\"},\"inLanguage\":\"en-US\",\"potentialAction\":[{\"@type\":\"ReadAction\",\"target\":[\"https:\\\/\\\/www.apfelpatient.de\\\/rumors\\\/wird-apple-im-juni-neue-macbook-pro-modelle-vorstellen\"]}]},{\"@type\":\"ImageObject\",\"inLanguage\":\"en-US\",\"@id\":\"https:\\\/\\\/www.apfelpatient.de\\\/rumors\\\/wird-apple-im-juni-neue-macbook-pro-modelle-vorstellen#primaryimage\",\"url\":\"https:\\\/\\\/www.apfelpatient.de\\\/wp-content\\\/uploads\\\/2021\\\/05\\\/bigstock-London-United-Kingdom-Jan-420028942.jpg\",\"contentUrl\":\"https:\\\/\\\/www.apfelpatient.de\\\/wp-content\\\/uploads\\\/2021\\\/05\\\/bigstock-London-United-Kingdom-Jan-420028942.jpg\",\"width\":1600,\"height\":1067,\"caption\":\"London, United Kingdom - Jan 9, 2018: Two new professional Apple MacBook Pro 16 15 laptops on the same table comparing - one AZERTY another QWERTY - blue color cast\"},{\"@type\":\"BreadcrumbList\",\"@id\":\"https:\\\/\\\/www.apfelpatient.de\\\/rumors\\\/wird-apple-im-juni-neue-macbook-pro-modelle-vorstellen#breadcrumb\",\"itemListElement\":[{\"@type\":\"ListItem\",\"position\":1,\"name\":\"Startseite\",\"item\":\"https:\\\/\\\/www.apfelpatient.de\\\/\"},{\"@type\":\"ListItem\",\"position\":2,\"name\":\"Wird Apple im Juni neue MacBook Pro Modelle vorstellen?\"}]},{\"@type\":\"WebSite\",\"@id\":\"https:\\\/\\\/www.apfelpatient.de\\\/#website\",\"url\":\"https:\\\/\\\/www.apfelpatient.de\\\/\",\"name\":\"Apfelpatient\",\"description\":\"Alles rund um Apple!\",\"publisher\":{\"@type\":\"Organization\",\"@id\":\"https:\\\/\\\/www.apfelpatient.de\\\/en\\\/#organization\",\"name\":\"Apfelpatient\",\"url\":\"https:\\\/\\\/www.apfelpatient.de\\\/en\\\/\"},\"alternateName\":\"Apfelpatient\",\"potentialAction\":[{\"@type\":\"SearchAction\",\"target\":{\"@type\":\"EntryPoint\",\"urlTemplate\":\"https:\\\/\\\/www.apfelpatient.de\\\/?s={search_term_string}\"},\"query-input\":{\"@type\":\"PropertyValueSpecification\",\"valueRequired\":true,\"valueName\":\"search_term_string\"}}],\"inLanguage\":\"en-US\"},{\"@type\":[\"Person\",\"Organization\"],\"@id\":\"https:\\\/\\\/www.apfelpatient.de\\\/#\\\/schema\\\/person\\\/35b3ddba5832f2bfc7fff5206d4f6b7b\",\"name\":\"Milan\",\"logo\":{\"@id\":\"https:\\\/\\\/www.apfelpatient.de\\\/#\\\/schema\\\/person\\\/image\\\/\"},\"description\":\"Hallo und herzlich willkommen auf meinem Technik-Blog! Als gro\u00dfer Apple-Fan berichte ich hier \u00fcber alles, was mit Apple zu tun hat: von den neuesten News und spannenden Ger\u00fcchten \u00fcber hilfreiche Tipps und Tricks bis hin zu ausf\u00fchrlichen Produkttests. Wenn du genauso technikbegeistert bist wie ich, bist du hier genau richtig!\",\"sameAs\":[\"https:\\\/\\\/www.facebook.com\\\/apfelpatientOfficial\",\"https:\\\/\\\/www.linkedin.com\\\/in\\\/milan-jovicic-42aa0231b\"],\"url\":\"https:\\\/\\\/www.apfelpatient.de\\\/en\\\/author\\\/apfeladmin\"}]}<\/script>\n<!-- \/ Yoast SEO Premium plugin. -->","yoast_head_json":{"title":"Will Apple introduce new MacBook Pro models in June? Apfelpatient","description":"Now a leaker has come forward and claimed that new MacBook Pro models will be introduced during WWDC.","robots":{"index":"index","follow":"follow","max-snippet":"max-snippet:-1","max-image-preview":"max-image-preview:large","max-video-preview":"max-video-preview:-1"},"canonical":"https:\/\/www.apfelpatient.de\/en\/rumors\/will-apple-introduce-new-macbook-pro-models-in-june","og_locale":"en_US","og_type":"article","og_title":"Wird Apple im Juni neue MacBook Pro Modelle vorstellen?","og_description":"Nun hat sich ein Leaker zu Wort gemeldet und dabei behauptet, dass neue MacBook Pro Modelle w\u00e4hrend der WWDC vorgestellt werden.","og_url":"https:\/\/www.apfelpatient.de\/en\/rumors\/will-apple-introduce-new-macbook-pro-models-in-june","og_site_name":"Apfelpatient","article_publisher":"https:\/\/www.facebook.com\/apfelpatientOfficial","article_author":"https:\/\/www.facebook.com\/apfelpatientOfficial","article_published_time":"2021-05-24T19:15:00+00:00","article_modified_time":"2021-05-24T20:55:43+00:00","og_image":[{"width":1600,"height":1067,"url":"https:\/\/www.apfelpatient.de\/wp-content\/uploads\/2021\/05\/bigstock-London-United-Kingdom-Jan-420028942.jpg","type":"image\/jpeg"}],"author":"Milan","twitter_card":"summary_large_image","twitter_description":"Nun hat sich ein Leaker zu Wort gemeldet und dabei behauptet, dass neue MacBook Pro Modelle w\u00e4hrend der WWDC vorgestellt werden.","twitter_misc":{"Written by":"Milan","Est. reading time":"2 minutes"},"schema":{"@context":"https:\/\/schema.org","@graph":[{"@type":"NewsArticle","@id":"https:\/\/www.apfelpatient.de\/rumors\/wird-apple-im-juni-neue-macbook-pro-modelle-vorstellen#article","isPartOf":{"@id":"https:\/\/www.apfelpatient.de\/rumors\/wird-apple-im-juni-neue-macbook-pro-modelle-vorstellen"},"author":{"@type":"Organization","@id":"https:\/\/www.apfelpatient.de\/en\/#organization","name":"Apfelpatient","url":"https:\/\/www.apfelpatient.de\/en\/"},"headline":"Wird Apple im Juni neue MacBook Pro Modelle vorstellen?","datePublished":"2021-05-24T19:15:00+00:00","dateModified":"2021-05-24T20:55:43+00:00","mainEntityOfPage":{"@id":"https:\/\/www.apfelpatient.de\/rumors\/wird-apple-im-juni-neue-macbook-pro-modelle-vorstellen"},"wordCount":380,"publisher":{"@type":"Organization","@id":"https:\/\/www.apfelpatient.de\/en\/#organization","name":"Apfelpatient","url":"https:\/\/www.apfelpatient.de\/en\/"},"image":{"@id":"https:\/\/www.apfelpatient.de\/rumors\/wird-apple-im-juni-neue-macbook-pro-modelle-vorstellen#primaryimage"},"thumbnailUrl":"https:\/\/www.apfelpatient.de\/wp-content\/uploads\/2021\/05\/bigstock-London-United-Kingdom-Jan-420028942.jpg","keywords":["Mac","MacBook Pro","WWDC","WWDC 2021"],"articleSection":"Rumors","inLanguage":"en-US","copyrightYear":"2021","copyrightHolder":{"@id":"https:\/\/www.apfelpatient.de\/en\/#organization"}},{"@type":"WebPage","@id":"https:\/\/www.apfelpatient.de\/rumors\/wird-apple-im-juni-neue-macbook-pro-modelle-vorstellen","url":"https:\/\/www.apfelpatient.de\/rumors\/wird-apple-im-juni-neue-macbook-pro-modelle-vorstellen","name":"Will Apple introduce new MacBook Pro models in June? Apfelpatient","isPartOf":{"@id":"https:\/\/www.apfelpatient.de\/#website"},"primaryImageOfPage":{"@id":"https:\/\/www.apfelpatient.de\/rumors\/wird-apple-im-juni-neue-macbook-pro-modelle-vorstellen#primaryimage"},"image":{"@id":"https:\/\/www.apfelpatient.de\/rumors\/wird-apple-im-juni-neue-macbook-pro-modelle-vorstellen#primaryimage"},"thumbnailUrl":"https:\/\/www.apfelpatient.de\/wp-content\/uploads\/2021\/05\/bigstock-London-United-Kingdom-Jan-420028942.jpg","datePublished":"2021-05-24T19:15:00+00:00","dateModified":"2021-05-24T20:55:43+00:00","description":"Now a leaker has come forward and claimed that new MacBook Pro models will be introduced during WWDC.","breadcrumb":{"@id":"https:\/\/www.apfelpatient.de\/rumors\/wird-apple-im-juni-neue-macbook-pro-modelle-vorstellen#breadcrumb"},"inLanguage":"en-US","potentialAction":[{"@type":"ReadAction","target":["https:\/\/www.apfelpatient.de\/rumors\/wird-apple-im-juni-neue-macbook-pro-modelle-vorstellen"]}]},{"@type":"ImageObject","inLanguage":"en-US","@id":"https:\/\/www.apfelpatient.de\/rumors\/wird-apple-im-juni-neue-macbook-pro-modelle-vorstellen#primaryimage","url":"https:\/\/www.apfelpatient.de\/wp-content\/uploads\/2021\/05\/bigstock-London-United-Kingdom-Jan-420028942.jpg","contentUrl":"https:\/\/www.apfelpatient.de\/wp-content\/uploads\/2021\/05\/bigstock-London-United-Kingdom-Jan-420028942.jpg","width":1600,"height":1067,"caption":"London, United Kingdom - Jan 9, 2018: Two new professional Apple MacBook Pro 16 15 laptops on the same table comparing - one AZERTY another QWERTY - blue color cast"},{"@type":"BreadcrumbList","@id":"https:\/\/www.apfelpatient.de\/rumors\/wird-apple-im-juni-neue-macbook-pro-modelle-vorstellen#breadcrumb","itemListElement":[{"@type":"ListItem","position":1,"name":"Startseite","item":"https:\/\/www.apfelpatient.de\/"},{"@type":"ListItem","position":2,"name":"Wird Apple im Juni neue MacBook Pro Modelle vorstellen?"}]},{"@type":"WebSite","@id":"https:\/\/www.apfelpatient.de\/#website","url":"https:\/\/www.apfelpatient.de\/","name":"apple patient","description":"Everything about Apple!","publisher":{"@type":"Organization","@id":"https:\/\/www.apfelpatient.de\/en\/#organization","name":"Apfelpatient","url":"https:\/\/www.apfelpatient.de\/en\/"},"alternateName":"Apfelpatient","potentialAction":[{"@type":"SearchAction","target":{"@type":"EntryPoint","urlTemplate":"https:\/\/www.apfelpatient.de\/?s={search_term_string}"},"query-input":{"@type":"PropertyValueSpecification","valueRequired":true,"valueName":"search_term_string"}}],"inLanguage":"en-US"},{"@type":["Person","Organization"],"@id":"https:\/\/www.apfelpatient.de\/#\/schema\/person\/35b3ddba5832f2bfc7fff5206d4f6b7b","name":"Milan","logo":{"@id":"https:\/\/www.apfelpatient.de\/#\/schema\/person\/image\/"},"description":"Hello and welcome to my technology blog! As a big Apple fan, I report on everything to do with Apple: from the latest news and exciting rumors to helpful tips and tricks and detailed product tests. If you are as enthusiastic about technology as I am, you have come to the right place!","sameAs":["https:\/\/www.facebook.com\/apfelpatientOfficial","https:\/\/www.linkedin.com\/in\/milan-jovicic-42aa0231b"],"url":"https:\/\/www.apfelpatient.de\/en\/author\/apfeladmin"}]}},"_links":{"self":[{"href":"https:\/\/www.apfelpatient.de\/en\/wp-json\/wp\/v2\/posts\/22835","targetHints":{"allow":["GET"]}}],"collection":[{"href":"https:\/\/www.apfelpatient.de\/en\/wp-json\/wp\/v2\/posts"}],"about":[{"href":"https:\/\/www.apfelpatient.de\/en\/wp-json\/wp\/v2\/types\/post"}],"author":[{"embeddable":true,"href":"https:\/\/www.apfelpatient.de\/en\/wp-json\/wp\/v2\/users\/2"}],"replies":[{"embeddable":true,"href":"https:\/\/www.apfelpatient.de\/en\/wp-json\/wp\/v2\/comments?post=22835"}],"version-history":[{"count":0,"href":"https:\/\/www.apfelpatient.de\/en\/wp-json\/wp\/v2\/posts\/22835\/revisions"}],"wp:featuredmedia":[{"embeddable":true,"href":"https:\/\/www.apfelpatient.de\/en\/wp-json\/wp\/v2\/media\/22834"}],"wp:attachment":[{"href":"https:\/\/www.apfelpatient.de\/en\/wp-json\/wp\/v2\/media?parent=22835"}],"wp:term":[{"taxonomy":"category","embeddable":true,"href":"https:\/\/www.apfelpatient.de\/en\/wp-json\/wp\/v2\/categories?post=22835"},{"taxonomy":"post_tag","embeddable":true,"href":"https:\/\/www.apfelpatient.de\/en\/wp-json\/wp\/v2\/tags?post=22835"}],"curies":[{"name":"wp","href":"https:\/\/api.w.org\/{rel}","templated":true}]}}