{"id":22722,"date":"2021-05-21T21:58:00","date_gmt":"2021-05-21T19:58:00","guid":{"rendered":"https:\/\/www.apfelpatient.de\/?p=22722"},"modified":"2021-05-22T13:42:01","modified_gmt":"2021-05-22T11:42:01","slug":"epic-vs-apple-judge-takes-tim-cook-to-task","status":"publish","type":"post","link":"https:\/\/www.apfelpatient.de\/en\/news\/epic-vs-apple-richterin-nimmt-tim-cook-in-die-mangel","title":{"rendered":"Epic vs. Apple: Judge takes Tim Cook to task"},"content":{"rendered":"\n<p class=\"has-drop-cap\"><strong>Richterin Yvonne Gonzalez Rogers, die den Prozess Epic Games gegen Apple leitet, hat den Apple CEO Tim Cook am letzten Verhandlungstag fast 10 Minuten lang in einer direkten Befragung in die Mangel genommen.<\/strong><\/p>\n\n\n\n<p>Es war die l\u00e4ngste Befragung, die sie einem Zeugen w\u00e4hrend des laufenden Prozesses zumutete. Gonzalez Rogers befragte Cook rund um das Gesch\u00e4ftsmodell des App Stores und Apples Beziehung zu den Entwicklern. Die Fragerunde wurde zunehmend angespannter f\u00fcr Apple, als einige der Fragen anfingen, sich gegen das Unternehmen zu richten.<\/p>\n\n\n\n<blockquote class=\"wp-block-quote is-layout-flow wp-block-quote-is-layout-flow\"><p>Sie sagten, Sie wollen den Nutzern die Kontrolle geben, also wo ist das Problem, den Nutzern eine billigere Option f\u00fcr Inhalte zu erm\u00f6glichen?<\/p><\/blockquote>\n\n\n\n<h3 class=\"wp-block-heading\" id=\"h-tim-cook-wir-brauchen-eine-rendite-f-r-unsere-investition\">Tim Cook: &#8222;Wir brauchen eine Rendite f\u00fcr unsere Investition&#8220;<\/h3>\n\n\n\n\n\n\n\n<p>Cook stellte klar, dass er mit Kontrolle die Kontrolle \u00fcber Daten meinte und erkl\u00e4rte, die Nutzer h\u00e4tten die Wahl zwischen &#8222;vielen verschiedenen Android-Modellen und einem iPhone.&#8220; Daraufhin fragte die Richterin:<\/p>\n\n\n\n<blockquote class=\"wp-block-quote is-layout-flow wp-block-quote-is-layout-flow\"><p>Aber wenn sie einen billigeren Battle Pass und billigere V-Bucks haben wollen und nicht wissen, dass es diese Option gibt, wo ist das Problem, wenn Apple ihnen diese Option gibt?<\/p><\/blockquote>\n\n\n\n<p>Cook schien von der Art der Befragung \u00fcberrascht zu sein. Er sagte, dass Apple eine Rendite f\u00fcr seine Investitionen in geistiges Eigentum erhalten muss. Das ist der Grund, warum Apple eine 30-prozentige Provision auf App- und In-App-K\u00e4ufe erhebt. Weiter f\u00e4hrt er fort:<\/p>\n\n\n\n<blockquote class=\"wp-block-quote is-layout-flow wp-block-quote-is-layout-flow\"><p>Wenn wir Entwicklern erlauben w\u00fcrden, sich zu verlinken, dann w\u00fcrden wir unsere Monetarisierung aufgeben. Wir brauchen eine Rendite f\u00fcr unsere Investition. Wir haben 150.000 APIs zu erstellen und zu pflegen, zahlreiche Entwickler-Tools und Bearbeitungsgeb\u00fchren.<\/p><\/blockquote>\n\n\n\n<p>Richterin Gonzalez Rogers schien mit dieser Antwort nicht zufrieden zu sein. Sie sagte, dass Apple auf andere Weise eine Rendite erwirtschaften k\u00f6nnte und merkte an, dass es so scheint, als w\u00fcrde die Spieleindustrie andere Apps im App Store &#8222;subventionieren&#8220;.<\/p>\n\n\n\n<h3 class=\"wp-block-heading\" id=\"h-umfrage-39-der-app-entwickler-sind-mit-apple-unzufrieden\">Umfrage: 39% der App-Entwickler sind mit Apple unzufrieden<\/h3>\n\n\n\n<blockquote class=\"wp-block-quote is-layout-flow wp-block-quote-is-layout-flow\"><p>Die Spieleindustrie scheint eine unverh\u00e4ltnism\u00e4\u00dfig gro\u00dfe Menge an Geld zu generieren, im Verh\u00e4ltnis zu der Investition, die Sie ihnen und allen anderen gegeben haben. In der Tat ist es fast so, als w\u00fcrden sie alle anderen subventionieren.<\/p><\/blockquote>\n\n\n\n<p>Cook antwortete, indem er erkl\u00e4rte, dass K\u00e4ufe auf der Plattform get\u00e4tigt werden, also schulden Spieleentwickler Apple die Provision. Als Gonzalez Rogers erwiderte, dass &#8222;die Leute viele Dinge auf [Apples] <a href=\"https:\/\/www.apple.com\/de\/\" target=\"_blank\" rel=\"noreferrer noopener\">Plattform<\/a> machen&#8220;, sagte Cook, dass &#8222;es eindeutig andere Wege zur Monetarisierung gibt aber wir haben diesen gew\u00e4hlt, weil wir denken, dass es der bessere Weg ist.&#8220; Darauf hin schoss Rogers zur\u00fcck:<\/p>\n\n\n\n<blockquote class=\"wp-block-quote is-layout-flow wp-block-quote-is-layout-flow\"><p>Es ist auch ziemlich lukrativ.<\/p><\/blockquote>\n\n\n\n<p>An einem anderen Punkt ihres Verh\u00f6rs fragte Gonzalez Rogers Cook nach einer Umfrage, die besagt, dass 39% der App-Entwickler unzufrieden mit Apple seien. Er sagte, dass Apple &#8222;den Laden auf den Kopf stellt&#8220; f\u00fcr seine Entwickler, merkte aber an, dass es Reibungen gibt, weil Apple 40% der Apps ablehnt.<\/p>\n\n\n\n<h3 class=\"wp-block-heading\" id=\"h-epic-vs-apple-am-montag-werden-die-schlusspl-doyers-gehalten\">Epic vs. Apple: Am Montag werden die Schlusspl\u00e4doyers gehalten<\/h3>\n\n\n\n\n\n\n\n<p>Gegen Ende der Zeugenvernehmung fragte Gonzalez Rogers, ob Cook der Aussage zustimme, dass Wettbewerb gut sei. Cook antwortete mit der Aussage, Apple habe einen &#8222;harten Wettbewerb&#8220;. Die Richterin antwortete daraufhin, dass Apple beim Vertrieb von Spiele-Apps nicht konkurriere. Cook widersprach und erkl\u00e4rte, dass Apple mit Konsolen wie der Xbox oder der Switch konkurriert. Gonzalez Rogers zufolge ist das nur der Fall, wenn die Verbraucher \u00fcber diese Plattformen Bescheid wissen. Darauf hin konterte Cook, indem er behauptete, dass es an den Entwicklern liegt, zu kommunizieren. Mit anderen Worten, Richterin Gonzalez Rogers gesamte Befragung schien Skepsis \u00fcber Apples Gesch\u00e4ftsmodell zu vermitteln. Sie bezweifelte auch, dass das Programm des Unternehmens f\u00fcr kleine Unternehmen im App Store in erster Linie wegen COVID-19 gestartet wurde.<\/p>\n\n\n\n<blockquote class=\"wp-block-quote is-layout-flow wp-block-quote-is-layout-flow\"><p>Es scheint mir nicht so, als h\u00e4tten Sie Konkurrenz oder einen gro\u00dfen Anreiz, f\u00fcr Entwickler zu arbeiten.<\/p><\/blockquote>\n\n\n\n<p>Am 21. Mai fand der letzte Verhandlungstag im Prozess Epic Games vs. Apple statt. Beide Parteien werden am Montag, den 24. Mai, Schlusspl\u00e4doyers halten, die den Abschluss des Prozesses markieren werden. (Bild: Apple)<\/p>\n\n\n\n<ul class=\"wp-block-list\"><li><a href=\"https:\/\/www.apfelpatient.de\/news\/craig-federighi-mac-erfuellt-nicht-die-messlatte-fuer-kundenschutz\">Craig Federighi: Mac erf\u00fcllt nicht die Messlatte f\u00fcr Kundenschutz<\/a><\/li><\/ul>\n\n\n\n<h6 class=\"wp-block-heading\" id=\"h-kennt-ihr-schon-unsere-amazon-storefront-dort-findet-ihr-eine-handverlesene-auswahl-von-diversen-produkten-f-r-euer-iphone-und-co-viel-spa-beim-st-bern\"><em>Kennt ihr schon unsere Amazon Storefront? Dort findet ihr eine handverlesene Auswahl von diversen Produkten f\u00fcr euer iPhone und Co.  &#8211; <span class=\"has-inline-color has-vivid-red-color\"><a href=\"https:\/\/www.amazon.de\/shop\/apfelpatientofficial\" class=\"ek-link\"><span style=\"text-decoration: underline;\" class=\"ek-underline\">viel Spa\u00df beim St\u00f6bern<\/span><\/a>.<\/span><\/em><\/h6>\n\n\n\n<h6 class=\"wp-block-heading\" id=\"h-der-beitrag-enthalt-partnerlinks\">Der Beitrag enth\u00e4lt <a data-type=\"URL\" data-id=\"https:\/\/www.apfelpatient.de\/partnerprogramm\" href=\"https:\/\/www.apfelpatient.de\/partnerprogramm\">Partnerlinks<\/a>.<\/h6>\n","protected":false},"excerpt":{"rendered":"<p>Epic vs. Apple: Judge Yvonne Gonzalez Rogers grilled Apple CEO Tim Cook in a direct questioning on.<\/p>","protected":false},"author":2,"featured_media":22721,"comment_status":"closed","ping_status":"closed","sticky":false,"template":"","format":"standard","meta":{"jnews-multi-image_gallery":[],"jnews_single_post":{"subtitle":"","format":"standard","video":"","gallery":"","source_name":"","source_url":"","via_name":"","via_url":"","override":[{"single_blog_custom":"","sidebar":"","second_sidebar":"","share_position":"","share_float_style":"","post_date_format":"","post_date_format_custom":"","post_reading_time_wpm":"","zoom_button_out_step":"1","zoom_button_in_step":"1","number_popup_post":"1"}],"image_override":[{"single_post_thumbnail_size":"","single_post_gallery_size":""}],"trending_post_position":"","trending_post_label":"","sponsored_post_label":"","sponsored_post_name":"","sponsored_post_url":"","sponsored_post_logo":"","sponsored_post_desc":""},"jnews_primary_category":{"id":"9"},"footnotes":""},"categories":[9],"tags":[6,13],"class_list":["post-22722","post","type-post","status-publish","format-standard","has-post-thumbnail","hentry","category-news","tag-app-store","tag-techpatient"],"yoast_head":"<!-- This site is optimized with the Yoast SEO Premium plugin v27.5 (Yoast SEO v27.5) - https:\/\/yoast.com\/product\/yoast-seo-premium-wordpress\/ -->\n<title>Epic vs. Apple: Richterin nimmt Tim Cook in die Mangel Apfelpatient<\/title>\n<meta name=\"description\" content=\"Epic vs. Apple: Richterin Yvonne Gonzalez Rogers hat den Apple CEO Tim Cook am in einer direkten Befragung in die Mangel genommen.\" \/>\n<meta name=\"robots\" content=\"index, follow, max-snippet:-1, max-image-preview:large, max-video-preview:-1\" \/>\n<link rel=\"canonical\" href=\"https:\/\/www.apfelpatient.de\/en\/news\/epic-vs-apple-judge-takes-tim-cook-to-task\" \/>\n<meta property=\"og:locale\" content=\"en_US\" \/>\n<meta property=\"og:type\" content=\"article\" \/>\n<meta property=\"og:title\" content=\"Epic vs. Apple: Richterin nimmt Tim Cook in die Mangel\" \/>\n<meta property=\"og:description\" content=\"Epic vs. Apple: Richterin Yvonne Gonzalez Rogers hat den Apple CEO Tim Cook am in einer direkten Befragung in die Mangel genommen.\" \/>\n<meta property=\"og:url\" content=\"https:\/\/www.apfelpatient.de\/en\/news\/epic-vs-apple-judge-takes-tim-cook-to-task\" \/>\n<meta property=\"og:site_name\" content=\"Apfelpatient\" \/>\n<meta property=\"article:publisher\" content=\"https:\/\/www.facebook.com\/apfelpatientOfficial\" \/>\n<meta property=\"article:author\" content=\"https:\/\/www.facebook.com\/apfelpatientOfficial\" \/>\n<meta property=\"article:published_time\" content=\"2021-05-21T19:58:00+00:00\" \/>\n<meta property=\"article:modified_time\" content=\"2021-05-22T11:42:01+00:00\" \/>\n<meta property=\"og:image\" content=\"https:\/\/www.apfelpatient.de\/wp-content\/uploads\/2021\/05\/Apple_Chicago_wrapup_Tim_Cook_welcomes_Keynote_audience_to_Lane_Tech_College_Preparatory_High_School_03272018.jpg\" \/>\n\t<meta property=\"og:image:width\" content=\"1600\" \/>\n\t<meta property=\"og:image:height\" content=\"1067\" \/>\n\t<meta property=\"og:image:type\" content=\"image\/jpeg\" \/>\n<meta name=\"author\" content=\"Milan\" \/>\n<meta name=\"twitter:card\" content=\"summary_large_image\" \/>\n<meta name=\"twitter:description\" content=\"Epic vs. Apple: Richterin Yvonne Gonzalez Rogers hat den Apple CEO Tim Cook am in einer direkten Befragung in die Mangel genommen.\" \/>\n<meta name=\"twitter:label1\" content=\"Written by\" \/>\n\t<meta name=\"twitter:data1\" content=\"Milan\" \/>\n\t<meta name=\"twitter:label2\" content=\"Est. reading time\" \/>\n\t<meta name=\"twitter:data2\" content=\"3 minutes\" \/>\n<script type=\"application\/ld+json\" class=\"yoast-schema-graph\">{\"@context\":\"https:\\\/\\\/schema.org\",\"@graph\":[{\"@type\":\"NewsArticle\",\"@id\":\"https:\\\/\\\/www.apfelpatient.de\\\/news\\\/epic-vs-apple-richterin-nimmt-tim-cook-in-die-mangel#article\",\"isPartOf\":{\"@id\":\"https:\\\/\\\/www.apfelpatient.de\\\/news\\\/epic-vs-apple-richterin-nimmt-tim-cook-in-die-mangel\"},\"author\":{\"@type\":\"Organization\",\"@id\":\"https:\\\/\\\/www.apfelpatient.de\\\/en\\\/#organization\",\"name\":\"Apfelpatient\",\"url\":\"https:\\\/\\\/www.apfelpatient.de\\\/en\\\/\"},\"headline\":\"Epic vs. Apple: Richterin nimmt Tim Cook in die Mangel\",\"datePublished\":\"2021-05-21T19:58:00+00:00\",\"dateModified\":\"2021-05-22T11:42:01+00:00\",\"mainEntityOfPage\":{\"@id\":\"https:\\\/\\\/www.apfelpatient.de\\\/news\\\/epic-vs-apple-richterin-nimmt-tim-cook-in-die-mangel\"},\"wordCount\":683,\"publisher\":{\"@type\":\"Organization\",\"@id\":\"https:\\\/\\\/www.apfelpatient.de\\\/en\\\/#organization\",\"name\":\"Apfelpatient\",\"url\":\"https:\\\/\\\/www.apfelpatient.de\\\/en\\\/\"},\"image\":{\"@id\":\"https:\\\/\\\/www.apfelpatient.de\\\/news\\\/epic-vs-apple-richterin-nimmt-tim-cook-in-die-mangel#primaryimage\"},\"thumbnailUrl\":\"https:\\\/\\\/www.apfelpatient.de\\\/wp-content\\\/uploads\\\/2021\\\/05\\\/Apple_Chicago_wrapup_Tim_Cook_welcomes_Keynote_audience_to_Lane_Tech_College_Preparatory_High_School_03272018.jpg\",\"keywords\":[\"App Store\",\"TechPatient\"],\"articleSection\":\"News\",\"inLanguage\":\"en-US\",\"copyrightYear\":\"2021\",\"copyrightHolder\":{\"@id\":\"https:\\\/\\\/www.apfelpatient.de\\\/en\\\/#organization\"}},{\"@type\":\"WebPage\",\"@id\":\"https:\\\/\\\/www.apfelpatient.de\\\/news\\\/epic-vs-apple-richterin-nimmt-tim-cook-in-die-mangel\",\"url\":\"https:\\\/\\\/www.apfelpatient.de\\\/news\\\/epic-vs-apple-richterin-nimmt-tim-cook-in-die-mangel\",\"name\":\"Epic vs. Apple: Richterin nimmt Tim Cook in die Mangel Apfelpatient\",\"isPartOf\":{\"@id\":\"https:\\\/\\\/www.apfelpatient.de\\\/#website\"},\"primaryImageOfPage\":{\"@id\":\"https:\\\/\\\/www.apfelpatient.de\\\/news\\\/epic-vs-apple-richterin-nimmt-tim-cook-in-die-mangel#primaryimage\"},\"image\":{\"@id\":\"https:\\\/\\\/www.apfelpatient.de\\\/news\\\/epic-vs-apple-richterin-nimmt-tim-cook-in-die-mangel#primaryimage\"},\"thumbnailUrl\":\"https:\\\/\\\/www.apfelpatient.de\\\/wp-content\\\/uploads\\\/2021\\\/05\\\/Apple_Chicago_wrapup_Tim_Cook_welcomes_Keynote_audience_to_Lane_Tech_College_Preparatory_High_School_03272018.jpg\",\"datePublished\":\"2021-05-21T19:58:00+00:00\",\"dateModified\":\"2021-05-22T11:42:01+00:00\",\"description\":\"Epic vs. Apple: Richterin Yvonne Gonzalez Rogers hat den Apple CEO Tim Cook am in einer direkten Befragung in die Mangel genommen.\",\"breadcrumb\":{\"@id\":\"https:\\\/\\\/www.apfelpatient.de\\\/news\\\/epic-vs-apple-richterin-nimmt-tim-cook-in-die-mangel#breadcrumb\"},\"inLanguage\":\"en-US\",\"potentialAction\":[{\"@type\":\"ReadAction\",\"target\":[\"https:\\\/\\\/www.apfelpatient.de\\\/news\\\/epic-vs-apple-richterin-nimmt-tim-cook-in-die-mangel\"]}]},{\"@type\":\"ImageObject\",\"inLanguage\":\"en-US\",\"@id\":\"https:\\\/\\\/www.apfelpatient.de\\\/news\\\/epic-vs-apple-richterin-nimmt-tim-cook-in-die-mangel#primaryimage\",\"url\":\"https:\\\/\\\/www.apfelpatient.de\\\/wp-content\\\/uploads\\\/2021\\\/05\\\/Apple_Chicago_wrapup_Tim_Cook_welcomes_Keynote_audience_to_Lane_Tech_College_Preparatory_High_School_03272018.jpg\",\"contentUrl\":\"https:\\\/\\\/www.apfelpatient.de\\\/wp-content\\\/uploads\\\/2021\\\/05\\\/Apple_Chicago_wrapup_Tim_Cook_welcomes_Keynote_audience_to_Lane_Tech_College_Preparatory_High_School_03272018.jpg\",\"width\":1600,\"height\":1067,\"caption\":\"Bild: Apple - Tim Cook\"},{\"@type\":\"BreadcrumbList\",\"@id\":\"https:\\\/\\\/www.apfelpatient.de\\\/news\\\/epic-vs-apple-richterin-nimmt-tim-cook-in-die-mangel#breadcrumb\",\"itemListElement\":[{\"@type\":\"ListItem\",\"position\":1,\"name\":\"Startseite\",\"item\":\"https:\\\/\\\/www.apfelpatient.de\\\/\"},{\"@type\":\"ListItem\",\"position\":2,\"name\":\"Epic vs. Apple: Richterin nimmt Tim Cook in die Mangel\"}]},{\"@type\":\"WebSite\",\"@id\":\"https:\\\/\\\/www.apfelpatient.de\\\/#website\",\"url\":\"https:\\\/\\\/www.apfelpatient.de\\\/\",\"name\":\"Apfelpatient\",\"description\":\"Alles rund um Apple!\",\"publisher\":{\"@type\":\"Organization\",\"@id\":\"https:\\\/\\\/www.apfelpatient.de\\\/en\\\/#organization\",\"name\":\"Apfelpatient\",\"url\":\"https:\\\/\\\/www.apfelpatient.de\\\/en\\\/\"},\"alternateName\":\"Apfelpatient\",\"potentialAction\":[{\"@type\":\"SearchAction\",\"target\":{\"@type\":\"EntryPoint\",\"urlTemplate\":\"https:\\\/\\\/www.apfelpatient.de\\\/?s={search_term_string}\"},\"query-input\":{\"@type\":\"PropertyValueSpecification\",\"valueRequired\":true,\"valueName\":\"search_term_string\"}}],\"inLanguage\":\"en-US\"},{\"@type\":[\"Person\",\"Organization\"],\"@id\":\"https:\\\/\\\/www.apfelpatient.de\\\/#\\\/schema\\\/person\\\/7dc56ad6c8e9824b76d2c08d4c140e13\",\"name\":\"Milan\",\"logo\":{\"@id\":\"https:\\\/\\\/www.apfelpatient.de\\\/#\\\/schema\\\/person\\\/image\\\/\"},\"description\":\"Hallo und herzlich willkommen auf meinem Technik-Blog! Als gro\u00dfer Apple-Fan berichte ich hier \u00fcber alles, was mit Apple zu tun hat: von den neuesten News und spannenden Ger\u00fcchten \u00fcber hilfreiche Tipps und Tricks bis hin zu ausf\u00fchrlichen Produkttests. Wenn du genauso technikbegeistert bist wie ich, bist du hier genau richtig!\",\"sameAs\":[\"https:\\\/\\\/www.facebook.com\\\/apfelpatientOfficial\",\"https:\\\/\\\/www.linkedin.com\\\/in\\\/milan-jovicic-42aa0231b\"],\"url\":\"https:\\\/\\\/www.apfelpatient.de\\\/en\\\/author\\\/apfeladmin\"}]}<\/script>\n<!-- \/ Yoast SEO Premium plugin. -->","yoast_head_json":{"title":"Epic vs. Apple: Judge grills Tim Cook Apfelpatient","description":"Epic vs. Apple: Judge Yvonne Gonzalez Rogers grilled Apple CEO Tim Cook in a direct questioning on.","robots":{"index":"index","follow":"follow","max-snippet":"max-snippet:-1","max-image-preview":"max-image-preview:large","max-video-preview":"max-video-preview:-1"},"canonical":"https:\/\/www.apfelpatient.de\/en\/news\/epic-vs-apple-judge-takes-tim-cook-to-task","og_locale":"en_US","og_type":"article","og_title":"Epic vs. Apple: Richterin nimmt Tim Cook in die Mangel","og_description":"Epic vs. Apple: Richterin Yvonne Gonzalez Rogers hat den Apple CEO Tim Cook am in einer direkten Befragung in die Mangel genommen.","og_url":"https:\/\/www.apfelpatient.de\/en\/news\/epic-vs-apple-judge-takes-tim-cook-to-task","og_site_name":"Apfelpatient","article_publisher":"https:\/\/www.facebook.com\/apfelpatientOfficial","article_author":"https:\/\/www.facebook.com\/apfelpatientOfficial","article_published_time":"2021-05-21T19:58:00+00:00","article_modified_time":"2021-05-22T11:42:01+00:00","og_image":[{"width":1600,"height":1067,"url":"https:\/\/www.apfelpatient.de\/wp-content\/uploads\/2021\/05\/Apple_Chicago_wrapup_Tim_Cook_welcomes_Keynote_audience_to_Lane_Tech_College_Preparatory_High_School_03272018.jpg","type":"image\/jpeg"}],"author":"Milan","twitter_card":"summary_large_image","twitter_description":"Epic vs. Apple: Richterin Yvonne Gonzalez Rogers hat den Apple CEO Tim Cook am in einer direkten Befragung in die Mangel genommen.","twitter_misc":{"Written by":"Milan","Est. reading time":"3 minutes"},"schema":{"@context":"https:\/\/schema.org","@graph":[{"@type":"NewsArticle","@id":"https:\/\/www.apfelpatient.de\/news\/epic-vs-apple-richterin-nimmt-tim-cook-in-die-mangel#article","isPartOf":{"@id":"https:\/\/www.apfelpatient.de\/news\/epic-vs-apple-richterin-nimmt-tim-cook-in-die-mangel"},"author":{"@type":"Organization","@id":"https:\/\/www.apfelpatient.de\/en\/#organization","name":"Apfelpatient","url":"https:\/\/www.apfelpatient.de\/en\/"},"headline":"Epic vs. Apple: Richterin nimmt Tim Cook in die Mangel","datePublished":"2021-05-21T19:58:00+00:00","dateModified":"2021-05-22T11:42:01+00:00","mainEntityOfPage":{"@id":"https:\/\/www.apfelpatient.de\/news\/epic-vs-apple-richterin-nimmt-tim-cook-in-die-mangel"},"wordCount":683,"publisher":{"@type":"Organization","@id":"https:\/\/www.apfelpatient.de\/en\/#organization","name":"Apfelpatient","url":"https:\/\/www.apfelpatient.de\/en\/"},"image":{"@id":"https:\/\/www.apfelpatient.de\/news\/epic-vs-apple-richterin-nimmt-tim-cook-in-die-mangel#primaryimage"},"thumbnailUrl":"https:\/\/www.apfelpatient.de\/wp-content\/uploads\/2021\/05\/Apple_Chicago_wrapup_Tim_Cook_welcomes_Keynote_audience_to_Lane_Tech_College_Preparatory_High_School_03272018.jpg","keywords":["App Store","TechPatient"],"articleSection":"News","inLanguage":"en-US","copyrightYear":"2021","copyrightHolder":{"@id":"https:\/\/www.apfelpatient.de\/en\/#organization"}},{"@type":"WebPage","@id":"https:\/\/www.apfelpatient.de\/news\/epic-vs-apple-richterin-nimmt-tim-cook-in-die-mangel","url":"https:\/\/www.apfelpatient.de\/news\/epic-vs-apple-richterin-nimmt-tim-cook-in-die-mangel","name":"Epic vs. Apple: Judge grills Tim Cook Apfelpatient","isPartOf":{"@id":"https:\/\/www.apfelpatient.de\/#website"},"primaryImageOfPage":{"@id":"https:\/\/www.apfelpatient.de\/news\/epic-vs-apple-richterin-nimmt-tim-cook-in-die-mangel#primaryimage"},"image":{"@id":"https:\/\/www.apfelpatient.de\/news\/epic-vs-apple-richterin-nimmt-tim-cook-in-die-mangel#primaryimage"},"thumbnailUrl":"https:\/\/www.apfelpatient.de\/wp-content\/uploads\/2021\/05\/Apple_Chicago_wrapup_Tim_Cook_welcomes_Keynote_audience_to_Lane_Tech_College_Preparatory_High_School_03272018.jpg","datePublished":"2021-05-21T19:58:00+00:00","dateModified":"2021-05-22T11:42:01+00:00","description":"Epic vs. Apple: Judge Yvonne Gonzalez Rogers grilled Apple CEO Tim Cook in a direct questioning on.","breadcrumb":{"@id":"https:\/\/www.apfelpatient.de\/news\/epic-vs-apple-richterin-nimmt-tim-cook-in-die-mangel#breadcrumb"},"inLanguage":"en-US","potentialAction":[{"@type":"ReadAction","target":["https:\/\/www.apfelpatient.de\/news\/epic-vs-apple-richterin-nimmt-tim-cook-in-die-mangel"]}]},{"@type":"ImageObject","inLanguage":"en-US","@id":"https:\/\/www.apfelpatient.de\/news\/epic-vs-apple-richterin-nimmt-tim-cook-in-die-mangel#primaryimage","url":"https:\/\/www.apfelpatient.de\/wp-content\/uploads\/2021\/05\/Apple_Chicago_wrapup_Tim_Cook_welcomes_Keynote_audience_to_Lane_Tech_College_Preparatory_High_School_03272018.jpg","contentUrl":"https:\/\/www.apfelpatient.de\/wp-content\/uploads\/2021\/05\/Apple_Chicago_wrapup_Tim_Cook_welcomes_Keynote_audience_to_Lane_Tech_College_Preparatory_High_School_03272018.jpg","width":1600,"height":1067,"caption":"Bild: Apple - Tim Cook"},{"@type":"BreadcrumbList","@id":"https:\/\/www.apfelpatient.de\/news\/epic-vs-apple-richterin-nimmt-tim-cook-in-die-mangel#breadcrumb","itemListElement":[{"@type":"ListItem","position":1,"name":"Startseite","item":"https:\/\/www.apfelpatient.de\/"},{"@type":"ListItem","position":2,"name":"Epic vs. Apple: Richterin nimmt Tim Cook in die Mangel"}]},{"@type":"WebSite","@id":"https:\/\/www.apfelpatient.de\/#website","url":"https:\/\/www.apfelpatient.de\/","name":"apple patient","description":"Everything about Apple!","publisher":{"@type":"Organization","@id":"https:\/\/www.apfelpatient.de\/en\/#organization","name":"Apfelpatient","url":"https:\/\/www.apfelpatient.de\/en\/"},"alternateName":"Apfelpatient","potentialAction":[{"@type":"SearchAction","target":{"@type":"EntryPoint","urlTemplate":"https:\/\/www.apfelpatient.de\/?s={search_term_string}"},"query-input":{"@type":"PropertyValueSpecification","valueRequired":true,"valueName":"search_term_string"}}],"inLanguage":"en-US"},{"@type":["Person","Organization"],"@id":"https:\/\/www.apfelpatient.de\/#\/schema\/person\/7dc56ad6c8e9824b76d2c08d4c140e13","name":"Milan","logo":{"@id":"https:\/\/www.apfelpatient.de\/#\/schema\/person\/image\/"},"description":"Hello and welcome to my technology blog! As a big Apple fan, I report on everything to do with Apple: from the latest news and exciting rumors to helpful tips and tricks and detailed product tests. If you are as enthusiastic about technology as I am, you have come to the right place!","sameAs":["https:\/\/www.facebook.com\/apfelpatientOfficial","https:\/\/www.linkedin.com\/in\/milan-jovicic-42aa0231b"],"url":"https:\/\/www.apfelpatient.de\/en\/author\/apfeladmin"}]}},"_links":{"self":[{"href":"https:\/\/www.apfelpatient.de\/en\/wp-json\/wp\/v2\/posts\/22722","targetHints":{"allow":["GET"]}}],"collection":[{"href":"https:\/\/www.apfelpatient.de\/en\/wp-json\/wp\/v2\/posts"}],"about":[{"href":"https:\/\/www.apfelpatient.de\/en\/wp-json\/wp\/v2\/types\/post"}],"author":[{"embeddable":true,"href":"https:\/\/www.apfelpatient.de\/en\/wp-json\/wp\/v2\/users\/2"}],"replies":[{"embeddable":true,"href":"https:\/\/www.apfelpatient.de\/en\/wp-json\/wp\/v2\/comments?post=22722"}],"version-history":[{"count":0,"href":"https:\/\/www.apfelpatient.de\/en\/wp-json\/wp\/v2\/posts\/22722\/revisions"}],"wp:featuredmedia":[{"embeddable":true,"href":"https:\/\/www.apfelpatient.de\/en\/wp-json\/wp\/v2\/media\/22721"}],"wp:attachment":[{"href":"https:\/\/www.apfelpatient.de\/en\/wp-json\/wp\/v2\/media?parent=22722"}],"wp:term":[{"taxonomy":"category","embeddable":true,"href":"https:\/\/www.apfelpatient.de\/en\/wp-json\/wp\/v2\/categories?post=22722"},{"taxonomy":"post_tag","embeddable":true,"href":"https:\/\/www.apfelpatient.de\/en\/wp-json\/wp\/v2\/tags?post=22722"}],"curies":[{"name":"wp","href":"https:\/\/api.w.org\/{rel}","templated":true}]}}