{"id":22712,"date":"2021-05-21T20:02:01","date_gmt":"2021-05-21T18:02:01","guid":{"rendered":"https:\/\/www.apfelpatient.de\/?p=22712"},"modified":"2021-05-21T20:02:02","modified_gmt":"2021-05-21T18:02:02","slug":"apple-ipad-2-is-now-considered-obsolete-worldwide","status":"publish","type":"post","link":"https:\/\/www.apfelpatient.de\/en\/news\/apple-ipad-2-gilt-jetzt-weltweit-als-veraltet","title":{"rendered":"Apple: iPad 2 is now considered obsolete worldwide"},"content":{"rendered":"<p class=\"has-drop-cap\"><strong>The 2nd generation iPad, introduced by Steve Jobs in March 2011, is now officially listed as an obsolete product worldwide.<\/strong><\/p>\n\n\n\n<p>The second-generation iPad, released less than a year after the original iPad was introduced, marked a breakthrough for the product line and laid the foundation for years to come. Apple added the iPad 2 to its lineup in May 2019. <a href=\"https:\/\/support.apple.com\/en-us\/HT201624\" target=\"_blank\" rel=\"noreferrer noopener\">list<\/a> of &quot;old and obsolete&quot; products, which marked the iPad as an obsolete product in all countries except the US and Turkey, where local laws required Apple to continue to consider it an &quot;old&quot; product. Yesterday, however, Apple updated its list and added the new iPad to the official &quot;Obsolete&quot; list, classifying it as obsolete worldwide.<\/p>\n\n\n\n<h3 class=\"wp-block-heading\" id=\"h-ipad-2-mit-dual-core-a5-prozessor\">iPad 2 with dual-core A5 processor<\/h3>\n\n\n\n\n\n\n\n<p>The second-generation iPad featured an updated design that was 33 % thinner than the original iPad. The iPad also featured new features, including a front-facing camera for FaceTime calls, a gyroscope, and an updated dual-core A5 processor that was twice as fast as the original iPad and up to nine times faster in graphics. The iPad also came in white and black models. Apple classifies products that have been out of production for at least seven years as &quot;obsolete,&quot; meaning users cannot receive hardware service from Apple or its service providers. (Photo by Bloomicon \/ Bigstockphoto)<\/p>\n\n\n\n<ul class=\"wp-block-list\"><li><a href=\"https:\/\/www.apfelpatient.de\/en\/news\/ipad-pro-2021-thats-why-the-11-model-has-no-xdr-display\">iPad Pro 2021: Why the 11\u2033 model doesn't have an XDR display<\/a><\/li><\/ul>\n\n\n\n<h6 class=\"wp-block-heading translation-block\" id=\"h-kennt-ihr-schon-unsere-amazon-storefront-dort-findet-ihr-eine-handverlesene-auswahl-von-diversen-produkten-f-r-euer-iphone-und-co-viel-spa-beim-st-bern\"><em>Have you already visited our Amazon Storefront? There you&#039;ll find a hand-picked selection of various products for your iPhone and other devices \u2013 <span class=\"has-inline-color has-vivid-red-color\"><a href=\"https:\/\/www.amazon.de\/shop\/apfelpatientofficial\" class=\"ek-link\" data-wpel-link=\"exclude\" rel=\"follow noopener\" target=\"_self\"><span style=\"text-decoration: underline\" class=\"ek-underline\">enjoy browsing<\/span><\/a> !<\/span><\/em><\/h6>\n\n\n\n<h6 class=\"wp-block-heading translation-block\" id=\"h-der-beitrag-enthalt-partnerlinks\">This post contains <a data-type=\"URL\" data-id=\"https:\/\/www.apfelpatient.de\/partnerprogramm\" href=\"https:\/\/www.apfelpatient.de\/en\/partner-program\" data-wpel-link=\"internal\" target=\"_self\">affiliate links<\/a>.<\/h6>","protected":false},"excerpt":{"rendered":"<p>The 2nd generation iPad, introduced by Steve Jobs in March 2011, is now officially listed as an obsolete product worldwide.<\/p>","protected":false},"author":2,"featured_media":22711,"comment_status":"closed","ping_status":"closed","sticky":false,"template":"","format":"standard","meta":{"jnews-multi-image_gallery":[],"jnews_single_post":{"subtitle":"","format":"standard","video":"","gallery":"","source_name":"","source_url":"","via_name":"","via_url":"","override":[{"single_blog_custom":"","sidebar":"","second_sidebar":"","share_position":"","share_float_style":"","post_date_format":"","post_date_format_custom":"","post_reading_time_wpm":"","zoom_button_out_step":"1","zoom_button_in_step":"1","number_popup_post":"1"}],"image_override":[{"single_post_thumbnail_size":"","single_post_gallery_size":""}],"trending_post_position":"","trending_post_label":"","sponsored_post_label":"","sponsored_post_name":"","sponsored_post_url":"","sponsored_post_logo":"","sponsored_post_desc":""},"jnews_primary_category":{"id":"9"},"footnotes":""},"categories":[9],"tags":[18],"class_list":["post-22712","post","type-post","status-publish","format-standard","has-post-thumbnail","hentry","category-news","tag-ipad"],"yoast_head":"<!-- This site is optimized with the Yoast SEO Premium plugin v27.5 (Yoast SEO v27.5) - https:\/\/yoast.com\/product\/yoast-seo-premium-wordpress\/ -->\n<title>Apple: iPad 2 gilt jetzt weltweit als veraltet Apfelpatient<\/title>\n<meta name=\"description\" content=\"Das iPad der 2. Generation, das im M\u00e4rz 2011 von Steve Jobs vorgestellt wurde, wird nun offiziell weltweit als veraltetes Produkt gef\u00fchrt.\" \/>\n<meta name=\"robots\" content=\"index, follow, max-snippet:-1, max-image-preview:large, max-video-preview:-1\" \/>\n<link rel=\"canonical\" href=\"https:\/\/www.apfelpatient.de\/en\/news\/apple-ipad-2-is-now-considered-obsolete-worldwide\" \/>\n<meta property=\"og:locale\" content=\"en_US\" \/>\n<meta property=\"og:type\" content=\"article\" \/>\n<meta property=\"og:title\" content=\"Apple: iPad 2 gilt jetzt weltweit als veraltet\" \/>\n<meta property=\"og:description\" content=\"Das iPad der 2. Generation, das im M\u00e4rz 2011 von Steve Jobs vorgestellt wurde, wird nun offiziell weltweit als veraltetes Produkt gef\u00fchrt.\" \/>\n<meta property=\"og:url\" content=\"https:\/\/www.apfelpatient.de\/en\/news\/apple-ipad-2-is-now-considered-obsolete-worldwide\" \/>\n<meta property=\"og:site_name\" content=\"Apfelpatient\" \/>\n<meta property=\"article:publisher\" content=\"https:\/\/www.facebook.com\/apfelpatientOfficial\" \/>\n<meta property=\"article:author\" content=\"https:\/\/www.facebook.com\/apfelpatientOfficial\" \/>\n<meta property=\"article:published_time\" content=\"2021-05-21T18:02:01+00:00\" \/>\n<meta property=\"article:modified_time\" content=\"2021-05-21T18:02:02+00:00\" \/>\n<meta property=\"og:image\" content=\"https:\/\/www.apfelpatient.de\/wp-content\/uploads\/2021\/05\/bigstock-Rip-Steve-Jobs-24089315.jpg\" \/>\n\t<meta property=\"og:image:width\" content=\"1600\" \/>\n\t<meta property=\"og:image:height\" content=\"1067\" \/>\n\t<meta property=\"og:image:type\" content=\"image\/jpeg\" \/>\n<meta name=\"author\" content=\"Milan\" \/>\n<meta name=\"twitter:card\" content=\"summary_large_image\" \/>\n<meta name=\"twitter:description\" content=\"Das iPad der 2. Generation, das im M\u00e4rz 2011 von Steve Jobs vorgestellt wurde, wird nun offiziell weltweit als veraltetes Produkt gef\u00fchrt.\" \/>\n<meta name=\"twitter:label1\" content=\"Written by\" \/>\n\t<meta name=\"twitter:data1\" content=\"Milan\" \/>\n\t<meta name=\"twitter:label2\" content=\"Est. reading time\" \/>\n\t<meta name=\"twitter:data2\" content=\"2 minutes\" \/>\n<script type=\"application\/ld+json\" class=\"yoast-schema-graph\">{\"@context\":\"https:\\\/\\\/schema.org\",\"@graph\":[{\"@type\":\"NewsArticle\",\"@id\":\"https:\\\/\\\/www.apfelpatient.de\\\/news\\\/apple-ipad-2-gilt-jetzt-weltweit-als-veraltet#article\",\"isPartOf\":{\"@id\":\"https:\\\/\\\/www.apfelpatient.de\\\/news\\\/apple-ipad-2-gilt-jetzt-weltweit-als-veraltet\"},\"author\":{\"@type\":\"Organization\",\"@id\":\"https:\\\/\\\/www.apfelpatient.de\\\/en\\\/#organization\",\"name\":\"Apfelpatient\",\"url\":\"https:\\\/\\\/www.apfelpatient.de\\\/en\\\/\"},\"headline\":\"Apple: iPad 2 gilt jetzt weltweit als veraltet\",\"datePublished\":\"2021-05-21T18:02:01+00:00\",\"dateModified\":\"2021-05-21T18:02:02+00:00\",\"mainEntityOfPage\":{\"@id\":\"https:\\\/\\\/www.apfelpatient.de\\\/news\\\/apple-ipad-2-gilt-jetzt-weltweit-als-veraltet\"},\"wordCount\":256,\"publisher\":{\"@type\":\"Organization\",\"@id\":\"https:\\\/\\\/www.apfelpatient.de\\\/en\\\/#organization\",\"name\":\"Apfelpatient\",\"url\":\"https:\\\/\\\/www.apfelpatient.de\\\/en\\\/\"},\"image\":{\"@id\":\"https:\\\/\\\/www.apfelpatient.de\\\/news\\\/apple-ipad-2-gilt-jetzt-weltweit-als-veraltet#primaryimage\"},\"thumbnailUrl\":\"https:\\\/\\\/www.apfelpatient.de\\\/wp-content\\\/uploads\\\/2021\\\/05\\\/bigstock-Rip-Steve-Jobs-24089315.jpg\",\"keywords\":[\"iPad\"],\"articleSection\":\"News\",\"inLanguage\":\"en-US\",\"copyrightYear\":\"2021\",\"copyrightHolder\":{\"@id\":\"https:\\\/\\\/www.apfelpatient.de\\\/en\\\/#organization\"}},{\"@type\":\"WebPage\",\"@id\":\"https:\\\/\\\/www.apfelpatient.de\\\/news\\\/apple-ipad-2-gilt-jetzt-weltweit-als-veraltet\",\"url\":\"https:\\\/\\\/www.apfelpatient.de\\\/news\\\/apple-ipad-2-gilt-jetzt-weltweit-als-veraltet\",\"name\":\"Apple: iPad 2 gilt jetzt weltweit als veraltet Apfelpatient\",\"isPartOf\":{\"@id\":\"https:\\\/\\\/www.apfelpatient.de\\\/#website\"},\"primaryImageOfPage\":{\"@id\":\"https:\\\/\\\/www.apfelpatient.de\\\/news\\\/apple-ipad-2-gilt-jetzt-weltweit-als-veraltet#primaryimage\"},\"image\":{\"@id\":\"https:\\\/\\\/www.apfelpatient.de\\\/news\\\/apple-ipad-2-gilt-jetzt-weltweit-als-veraltet#primaryimage\"},\"thumbnailUrl\":\"https:\\\/\\\/www.apfelpatient.de\\\/wp-content\\\/uploads\\\/2021\\\/05\\\/bigstock-Rip-Steve-Jobs-24089315.jpg\",\"datePublished\":\"2021-05-21T18:02:01+00:00\",\"dateModified\":\"2021-05-21T18:02:02+00:00\",\"description\":\"Das iPad der 2. Generation, das im M\u00e4rz 2011 von Steve Jobs vorgestellt wurde, wird nun offiziell weltweit als veraltetes Produkt gef\u00fchrt.\",\"breadcrumb\":{\"@id\":\"https:\\\/\\\/www.apfelpatient.de\\\/news\\\/apple-ipad-2-gilt-jetzt-weltweit-als-veraltet#breadcrumb\"},\"inLanguage\":\"en-US\",\"potentialAction\":[{\"@type\":\"ReadAction\",\"target\":[\"https:\\\/\\\/www.apfelpatient.de\\\/news\\\/apple-ipad-2-gilt-jetzt-weltweit-als-veraltet\"]}]},{\"@type\":\"ImageObject\",\"inLanguage\":\"en-US\",\"@id\":\"https:\\\/\\\/www.apfelpatient.de\\\/news\\\/apple-ipad-2-gilt-jetzt-weltweit-als-veraltet#primaryimage\",\"url\":\"https:\\\/\\\/www.apfelpatient.de\\\/wp-content\\\/uploads\\\/2021\\\/05\\\/bigstock-Rip-Steve-Jobs-24089315.jpg\",\"contentUrl\":\"https:\\\/\\\/www.apfelpatient.de\\\/wp-content\\\/uploads\\\/2021\\\/05\\\/bigstock-Rip-Steve-Jobs-24089315.jpg\",\"width\":1600,\"height\":1067,\"caption\":\"Kiev Ukraine - October 06 2011: Steve Jobs founder of Apple Computers has died at the age of 56 years. Photo of the founder on the website apple.com shown on the Apple Ipad2 device. Processed in BW.\"},{\"@type\":\"BreadcrumbList\",\"@id\":\"https:\\\/\\\/www.apfelpatient.de\\\/news\\\/apple-ipad-2-gilt-jetzt-weltweit-als-veraltet#breadcrumb\",\"itemListElement\":[{\"@type\":\"ListItem\",\"position\":1,\"name\":\"Startseite\",\"item\":\"https:\\\/\\\/www.apfelpatient.de\\\/\"},{\"@type\":\"ListItem\",\"position\":2,\"name\":\"Apple: iPad 2 gilt jetzt weltweit als veraltet\"}]},{\"@type\":\"WebSite\",\"@id\":\"https:\\\/\\\/www.apfelpatient.de\\\/#website\",\"url\":\"https:\\\/\\\/www.apfelpatient.de\\\/\",\"name\":\"Apfelpatient\",\"description\":\"Alles rund um Apple!\",\"publisher\":{\"@type\":\"Organization\",\"@id\":\"https:\\\/\\\/www.apfelpatient.de\\\/en\\\/#organization\",\"name\":\"Apfelpatient\",\"url\":\"https:\\\/\\\/www.apfelpatient.de\\\/en\\\/\"},\"alternateName\":\"Apfelpatient\",\"potentialAction\":[{\"@type\":\"SearchAction\",\"target\":{\"@type\":\"EntryPoint\",\"urlTemplate\":\"https:\\\/\\\/www.apfelpatient.de\\\/?s={search_term_string}\"},\"query-input\":{\"@type\":\"PropertyValueSpecification\",\"valueRequired\":true,\"valueName\":\"search_term_string\"}}],\"inLanguage\":\"en-US\"},{\"@type\":[\"Person\",\"Organization\"],\"@id\":\"https:\\\/\\\/www.apfelpatient.de\\\/#\\\/schema\\\/person\\\/7dc56ad6c8e9824b76d2c08d4c140e13\",\"name\":\"Milan\",\"logo\":{\"@id\":\"https:\\\/\\\/www.apfelpatient.de\\\/#\\\/schema\\\/person\\\/image\\\/\"},\"description\":\"Hallo und herzlich willkommen auf meinem Technik-Blog! Als gro\u00dfer Apple-Fan berichte ich hier \u00fcber alles, was mit Apple zu tun hat: von den neuesten News und spannenden Ger\u00fcchten \u00fcber hilfreiche Tipps und Tricks bis hin zu ausf\u00fchrlichen Produkttests. Wenn du genauso technikbegeistert bist wie ich, bist du hier genau richtig!\",\"sameAs\":[\"https:\\\/\\\/www.facebook.com\\\/apfelpatientOfficial\",\"https:\\\/\\\/www.linkedin.com\\\/in\\\/milan-jovicic-42aa0231b\"],\"url\":\"https:\\\/\\\/www.apfelpatient.de\\\/en\\\/author\\\/apfeladmin\"}]}<\/script>\n<!-- \/ Yoast SEO Premium plugin. -->","yoast_head_json":{"title":"Apple: iPad 2 now considered obsolete worldwide Apfelpatient","description":"The 2nd generation iPad, introduced by Steve Jobs in March 2011, is now officially listed as an obsolete product worldwide.","robots":{"index":"index","follow":"follow","max-snippet":"max-snippet:-1","max-image-preview":"max-image-preview:large","max-video-preview":"max-video-preview:-1"},"canonical":"https:\/\/www.apfelpatient.de\/en\/news\/apple-ipad-2-is-now-considered-obsolete-worldwide","og_locale":"en_US","og_type":"article","og_title":"Apple: iPad 2 gilt jetzt weltweit als veraltet","og_description":"Das iPad der 2. Generation, das im M\u00e4rz 2011 von Steve Jobs vorgestellt wurde, wird nun offiziell weltweit als veraltetes Produkt gef\u00fchrt.","og_url":"https:\/\/www.apfelpatient.de\/en\/news\/apple-ipad-2-is-now-considered-obsolete-worldwide","og_site_name":"Apfelpatient","article_publisher":"https:\/\/www.facebook.com\/apfelpatientOfficial","article_author":"https:\/\/www.facebook.com\/apfelpatientOfficial","article_published_time":"2021-05-21T18:02:01+00:00","article_modified_time":"2021-05-21T18:02:02+00:00","og_image":[{"width":1600,"height":1067,"url":"https:\/\/www.apfelpatient.de\/wp-content\/uploads\/2021\/05\/bigstock-Rip-Steve-Jobs-24089315.jpg","type":"image\/jpeg"}],"author":"Milan","twitter_card":"summary_large_image","twitter_description":"Das iPad der 2. Generation, das im M\u00e4rz 2011 von Steve Jobs vorgestellt wurde, wird nun offiziell weltweit als veraltetes Produkt gef\u00fchrt.","twitter_misc":{"Written by":"Milan","Est. reading time":"2 minutes"},"schema":{"@context":"https:\/\/schema.org","@graph":[{"@type":"NewsArticle","@id":"https:\/\/www.apfelpatient.de\/news\/apple-ipad-2-gilt-jetzt-weltweit-als-veraltet#article","isPartOf":{"@id":"https:\/\/www.apfelpatient.de\/news\/apple-ipad-2-gilt-jetzt-weltweit-als-veraltet"},"author":{"@type":"Organization","@id":"https:\/\/www.apfelpatient.de\/en\/#organization","name":"Apfelpatient","url":"https:\/\/www.apfelpatient.de\/en\/"},"headline":"Apple: iPad 2 gilt jetzt weltweit als veraltet","datePublished":"2021-05-21T18:02:01+00:00","dateModified":"2021-05-21T18:02:02+00:00","mainEntityOfPage":{"@id":"https:\/\/www.apfelpatient.de\/news\/apple-ipad-2-gilt-jetzt-weltweit-als-veraltet"},"wordCount":256,"publisher":{"@type":"Organization","@id":"https:\/\/www.apfelpatient.de\/en\/#organization","name":"Apfelpatient","url":"https:\/\/www.apfelpatient.de\/en\/"},"image":{"@id":"https:\/\/www.apfelpatient.de\/news\/apple-ipad-2-gilt-jetzt-weltweit-als-veraltet#primaryimage"},"thumbnailUrl":"https:\/\/www.apfelpatient.de\/wp-content\/uploads\/2021\/05\/bigstock-Rip-Steve-Jobs-24089315.jpg","keywords":["iPad"],"articleSection":"News","inLanguage":"en-US","copyrightYear":"2021","copyrightHolder":{"@id":"https:\/\/www.apfelpatient.de\/en\/#organization"}},{"@type":"WebPage","@id":"https:\/\/www.apfelpatient.de\/news\/apple-ipad-2-gilt-jetzt-weltweit-als-veraltet","url":"https:\/\/www.apfelpatient.de\/news\/apple-ipad-2-gilt-jetzt-weltweit-als-veraltet","name":"Apple: iPad 2 now considered obsolete worldwide Apfelpatient","isPartOf":{"@id":"https:\/\/www.apfelpatient.de\/#website"},"primaryImageOfPage":{"@id":"https:\/\/www.apfelpatient.de\/news\/apple-ipad-2-gilt-jetzt-weltweit-als-veraltet#primaryimage"},"image":{"@id":"https:\/\/www.apfelpatient.de\/news\/apple-ipad-2-gilt-jetzt-weltweit-als-veraltet#primaryimage"},"thumbnailUrl":"https:\/\/www.apfelpatient.de\/wp-content\/uploads\/2021\/05\/bigstock-Rip-Steve-Jobs-24089315.jpg","datePublished":"2021-05-21T18:02:01+00:00","dateModified":"2021-05-21T18:02:02+00:00","description":"The 2nd generation iPad, introduced by Steve Jobs in March 2011, is now officially listed as an obsolete product worldwide.","breadcrumb":{"@id":"https:\/\/www.apfelpatient.de\/news\/apple-ipad-2-gilt-jetzt-weltweit-als-veraltet#breadcrumb"},"inLanguage":"en-US","potentialAction":[{"@type":"ReadAction","target":["https:\/\/www.apfelpatient.de\/news\/apple-ipad-2-gilt-jetzt-weltweit-als-veraltet"]}]},{"@type":"ImageObject","inLanguage":"en-US","@id":"https:\/\/www.apfelpatient.de\/news\/apple-ipad-2-gilt-jetzt-weltweit-als-veraltet#primaryimage","url":"https:\/\/www.apfelpatient.de\/wp-content\/uploads\/2021\/05\/bigstock-Rip-Steve-Jobs-24089315.jpg","contentUrl":"https:\/\/www.apfelpatient.de\/wp-content\/uploads\/2021\/05\/bigstock-Rip-Steve-Jobs-24089315.jpg","width":1600,"height":1067,"caption":"Kiev Ukraine - October 06 2011: Steve Jobs founder of Apple Computers has died at the age of 56 years. Photo of the founder on the website apple.com shown on the Apple Ipad2 device. Processed in BW."},{"@type":"BreadcrumbList","@id":"https:\/\/www.apfelpatient.de\/news\/apple-ipad-2-gilt-jetzt-weltweit-als-veraltet#breadcrumb","itemListElement":[{"@type":"ListItem","position":1,"name":"Startseite","item":"https:\/\/www.apfelpatient.de\/"},{"@type":"ListItem","position":2,"name":"Apple: iPad 2 gilt jetzt weltweit als veraltet"}]},{"@type":"WebSite","@id":"https:\/\/www.apfelpatient.de\/#website","url":"https:\/\/www.apfelpatient.de\/","name":"apple patient","description":"Everything about Apple!","publisher":{"@type":"Organization","@id":"https:\/\/www.apfelpatient.de\/en\/#organization","name":"Apfelpatient","url":"https:\/\/www.apfelpatient.de\/en\/"},"alternateName":"Apfelpatient","potentialAction":[{"@type":"SearchAction","target":{"@type":"EntryPoint","urlTemplate":"https:\/\/www.apfelpatient.de\/?s={search_term_string}"},"query-input":{"@type":"PropertyValueSpecification","valueRequired":true,"valueName":"search_term_string"}}],"inLanguage":"en-US"},{"@type":["Person","Organization"],"@id":"https:\/\/www.apfelpatient.de\/#\/schema\/person\/7dc56ad6c8e9824b76d2c08d4c140e13","name":"Milan","logo":{"@id":"https:\/\/www.apfelpatient.de\/#\/schema\/person\/image\/"},"description":"Hello and welcome to my technology blog! As a big Apple fan, I report on everything to do with Apple: from the latest news and exciting rumors to helpful tips and tricks and detailed product tests. If you are as enthusiastic about technology as I am, you have come to the right place!","sameAs":["https:\/\/www.facebook.com\/apfelpatientOfficial","https:\/\/www.linkedin.com\/in\/milan-jovicic-42aa0231b"],"url":"https:\/\/www.apfelpatient.de\/en\/author\/apfeladmin"}]}},"_links":{"self":[{"href":"https:\/\/www.apfelpatient.de\/en\/wp-json\/wp\/v2\/posts\/22712","targetHints":{"allow":["GET"]}}],"collection":[{"href":"https:\/\/www.apfelpatient.de\/en\/wp-json\/wp\/v2\/posts"}],"about":[{"href":"https:\/\/www.apfelpatient.de\/en\/wp-json\/wp\/v2\/types\/post"}],"author":[{"embeddable":true,"href":"https:\/\/www.apfelpatient.de\/en\/wp-json\/wp\/v2\/users\/2"}],"replies":[{"embeddable":true,"href":"https:\/\/www.apfelpatient.de\/en\/wp-json\/wp\/v2\/comments?post=22712"}],"version-history":[{"count":0,"href":"https:\/\/www.apfelpatient.de\/en\/wp-json\/wp\/v2\/posts\/22712\/revisions"}],"wp:featuredmedia":[{"embeddable":true,"href":"https:\/\/www.apfelpatient.de\/en\/wp-json\/wp\/v2\/media\/22711"}],"wp:attachment":[{"href":"https:\/\/www.apfelpatient.de\/en\/wp-json\/wp\/v2\/media?parent=22712"}],"wp:term":[{"taxonomy":"category","embeddable":true,"href":"https:\/\/www.apfelpatient.de\/en\/wp-json\/wp\/v2\/categories?post=22712"},{"taxonomy":"post_tag","embeddable":true,"href":"https:\/\/www.apfelpatient.de\/en\/wp-json\/wp\/v2\/tags?post=22712"}],"curies":[{"name":"wp","href":"https:\/\/api.w.org\/{rel}","templated":true}]}}