{"id":22701,"date":"2021-05-21T19:21:57","date_gmt":"2021-05-21T17:21:57","guid":{"rendered":"https:\/\/www.apfelpatient.de\/?p=22701"},"modified":"2021-05-21T19:21:58","modified_gmt":"2021-05-21T17:21:58","slug":"ipad-pro-2021-thats-why-the-11-model-has-no-xdr-display","status":"publish","type":"post","link":"https:\/\/www.apfelpatient.de\/en\/news\/ipad-pro-2021-darum-hat-das-11-modell-kein-xdr-display","title":{"rendered":"iPad Pro 2021: This is why the 11\u2033 model does not have an XDR display"},"content":{"rendered":"<p class=\"has-drop-cap\"><strong>Two Apple employees took time for an interview and talked about the decisions behind the iPad Pro with M1, the technical challenges of the device and why macOS is not coming to the iPad.<\/strong><\/p>\n\n\n\n<p>The new iPad Pro with M1 processor and Liquid Retina XDR display is available to customers today. The powerful processor has led to many questions about the future of Apple&#039;s tablet range and the state of the software on the platform. A member of the Apple Display Engineering team, Vincent Gu and Scott Broderick (iPad Product Marketing), sat down with Brian Tong for an interview in his <a href=\"https:\/\/www.youtube.com\/watch?v=4IiF8KnEG7U&amp;t=1s\" target=\"_blank\" rel=\"noreferrer noopener\">video podcast<\/a> The interview repeated many of the talking points and specifications of the iPad Pro. But there was also some new information about the product&#039;s development. When asked about the mini-LED display, Gu said it required a &quot;whole new level of engineering.&quot; Apple couldn&#039;t just shove a mini-LED backlight behind its LED display and expect it to work effortlessly.<\/p>\n\n\n\n<h3 class=\"wp-block-heading\" id=\"h-ipad-pro-12-9-zoll-mit-xdr-display-ist-0-5-mm-dicker\">iPad Pro 12.9-inch with XDR display is 0.5 mm thicker<\/h3>\n\n\n\n\n\n\n\n<p>Gu described it as a visual challenge; the technology to sync the mini-LED with the display didn&#039;t exist and had to be reinvented from scratch. These challenges are part of the reason the 11-inch iPad Pro didn&#039;t get the display. Broderick says that users of the 12.9-inch iPad Pro expect the best technology and display possible, so that product was chosen for the new display. The 12.9-inch iPad Pro has become half a millimeter thicker by incorporating the mini-LED display, Broderick pointed out. Users of the 11-inch iPad Pro were more concerned about the size and weight of the device, engineers said, and that had to be taken into account. Aside from other technological limitations and size constraints, it was paramount that the one-pound tablet stay the same size and shape.<\/p>\n\n\n\n<h3 class=\"wp-block-heading\" id=\"h-gibt-es-pl-ne-in-bezug-auf-zuk-nftige-software\">Are there any plans for future software?<\/h3>\n\n\n\n<p>Developing the iPad Pro with the M1 processor, Thunderbolt port, and software considerations was a complete hand-crafting effort. Getting the display to work was a collaborative effort between the display team, iPadOS team, and M1 team together. According to Broderick, both the display and the port play an important role in making the iPad Pro a powerful device for developing HDR content. Connecting peripherals like powerful external displays or fast Thunderbolt hard drives is part of the creative process, so the iPad Pro needed a powerful Thunderbolt port. Gu and Broderick could not comment on future software or other plans for the product. They pointed to the apps that take advantage of the iPad&#039;s unique technology, such as Adobe with Apple Pencil or Procreate with LiDAR for 3D rendering. Tong asked if there were any considerations to running Boot Camp or macOS on the iPad Pro since it has a Mac processor.<\/p>\n\n\n\n<h3 class=\"wp-block-heading\" id=\"h-apple-jede-plattform-ist-einzigartig\">Apple: \u201cEvery platform is unique\u201d<\/h3>\n\n\n\n\n\n\n\n<p>Broderick responded that every platform is unique and different and will remain so. The iPad is primarily designed for touch, has cameras, accessories and apps that take advantage of that. The Mac is designed so that the mouse and keyboard are the focus of interaction, and the apps reflect that. Broderick added that the iPad and Mac will remain different. But Apple also wants to emphasize how the products work together. With Continuity or features like SideCar, the devices become even more powerful in tandem. The new generation with 11-inch starts at 879 euros, while the 12.9-inch version is set at 1,199 euros. If you want the high-end version, you have to pay a whopping 2,579 euros. (Image: Apple)<\/p>\n\n\n\n<ul class=\"wp-block-list\"><li><a href=\"https:\/\/www.apfelpatient.de\/en\/news\/first-m1-ipad-pro-reviews-stunning-liquid-retina-xdr-display\">First M1 iPad Pro Reviews: Stunning Liquid Retina XDR Display<\/a><\/li><\/ul>\n\n\n\n<h6 class=\"wp-block-heading translation-block\" id=\"h-kennt-ihr-schon-unsere-amazon-storefront-dort-findet-ihr-eine-handverlesene-auswahl-von-diversen-produkten-f-r-euer-iphone-und-co-viel-spa-beim-st-bern\"><em>Have you already visited our Amazon Storefront? There you&#039;ll find a hand-picked selection of various products for your iPhone and other devices \u2013 <span class=\"has-inline-color has-vivid-red-color\"><a href=\"https:\/\/www.amazon.de\/shop\/apfelpatientofficial\" class=\"ek-link\" data-wpel-link=\"exclude\" rel=\"follow noopener\" target=\"_self\"><span style=\"text-decoration: underline\" class=\"ek-underline\">enjoy browsing<\/span><\/a> !<\/span><\/em><\/h6>\n\n\n\n<h6 class=\"wp-block-heading translation-block\" id=\"h-der-beitrag-enthalt-partnerlinks\">This post contains <a data-type=\"URL\" data-id=\"https:\/\/www.apfelpatient.de\/partnerprogramm\" href=\"https:\/\/www.apfelpatient.de\/en\/partner-program\" data-wpel-link=\"internal\" target=\"_self\">affiliate links<\/a>.<\/h6>","protected":false},"excerpt":{"rendered":"<p>Two Apple employees took time for an interview and talked about the decisions behind the iPad Pro with M1.<\/p>","protected":false},"author":2,"featured_media":22514,"comment_status":"closed","ping_status":"closed","sticky":false,"template":"","format":"standard","meta":{"jnews-multi-image_gallery":[],"jnews_single_post":{"subtitle":"","format":"standard","video":"","gallery":"","source_name":"","source_url":"","via_name":"","via_url":"","override":[{"single_blog_custom":"","sidebar":"","second_sidebar":"","share_position":"","share_float_style":"","post_date_format":"","post_date_format_custom":"","post_reading_time_wpm":"","zoom_button_out_step":"1","zoom_button_in_step":"1","number_popup_post":"1"}],"image_override":[{"single_post_thumbnail_size":"","single_post_gallery_size":""}],"trending_post_position":"","trending_post_label":"","sponsored_post_label":"","sponsored_post_name":"","sponsored_post_url":"","sponsored_post_logo":"","sponsored_post_desc":""},"jnews_primary_category":{"id":"9"},"footnotes":""},"categories":[9],"tags":[18,66],"class_list":["post-22701","post","type-post","status-publish","format-standard","has-post-thumbnail","hentry","category-news","tag-ipad","tag-ipad-pro"],"yoast_head":"<!-- This site is optimized with the Yoast SEO Premium plugin v27.5 (Yoast SEO v27.5) - https:\/\/yoast.com\/product\/yoast-seo-premium-wordpress\/ -->\n<title>iPad Pro 2021: Darum hat das 11&quot;-Modell kein XDR-Display Apfelpatient<\/title>\n<meta name=\"description\" content=\"Zwei Apple-Mitarbeiter haben sich f\u00fcr ein Interview Zeit genommen und \u00fcber die Entscheidungen hinter dem iPad Pro mit M1 gesprochen.\" \/>\n<meta name=\"robots\" content=\"index, follow, max-snippet:-1, max-image-preview:large, max-video-preview:-1\" \/>\n<link rel=\"canonical\" href=\"https:\/\/www.apfelpatient.de\/en\/news\/ipad-pro-2021-thats-why-the-11-model-has-no-xdr-display\" \/>\n<meta property=\"og:locale\" content=\"en_US\" \/>\n<meta property=\"og:type\" content=\"article\" \/>\n<meta property=\"og:title\" content=\"iPad Pro 2021: Darum hat das 11&quot;-Modell kein XDR-Display\" \/>\n<meta property=\"og:description\" content=\"Zwei Apple-Mitarbeiter haben sich f\u00fcr ein Interview Zeit genommen und \u00fcber die Entscheidungen hinter dem iPad Pro mit M1 gesprochen.\" \/>\n<meta property=\"og:url\" content=\"https:\/\/www.apfelpatient.de\/en\/news\/ipad-pro-2021-thats-why-the-11-model-has-no-xdr-display\" \/>\n<meta property=\"og:site_name\" content=\"Apfelpatient\" \/>\n<meta property=\"article:publisher\" content=\"https:\/\/www.facebook.com\/apfelpatientOfficial\" \/>\n<meta property=\"article:author\" content=\"https:\/\/www.facebook.com\/apfelpatientOfficial\" \/>\n<meta property=\"article:published_time\" content=\"2021-05-21T17:21:57+00:00\" \/>\n<meta property=\"article:modified_time\" content=\"2021-05-21T17:21:58+00:00\" \/>\n<meta property=\"og:image\" content=\"https:\/\/www.apfelpatient.de\/wp-content\/uploads\/2021\/05\/Apple_iPadPro-spring21-magic-keyboard-pencil-topdown-white_051721.jpg\" \/>\n\t<meta property=\"og:image:width\" content=\"1600\" \/>\n\t<meta property=\"og:image:height\" content=\"1229\" \/>\n\t<meta property=\"og:image:type\" content=\"image\/jpeg\" \/>\n<meta name=\"author\" content=\"Milan\" \/>\n<meta name=\"twitter:card\" content=\"summary_large_image\" \/>\n<meta name=\"twitter:description\" content=\"Zwei Apple-Mitarbeiter haben sich f\u00fcr ein Interview Zeit genommen und \u00fcber die Entscheidungen hinter dem iPad Pro mit M1 gesprochen.\" \/>\n<meta name=\"twitter:label1\" content=\"Written by\" \/>\n\t<meta name=\"twitter:data1\" content=\"Milan\" \/>\n\t<meta name=\"twitter:label2\" content=\"Est. reading time\" \/>\n\t<meta name=\"twitter:data2\" content=\"3 minutes\" \/>\n<script type=\"application\/ld+json\" class=\"yoast-schema-graph\">{\"@context\":\"https:\\\/\\\/schema.org\",\"@graph\":[{\"@type\":\"NewsArticle\",\"@id\":\"https:\\\/\\\/www.apfelpatient.de\\\/news\\\/ipad-pro-2021-darum-hat-das-11-modell-kein-xdr-display#article\",\"isPartOf\":{\"@id\":\"https:\\\/\\\/www.apfelpatient.de\\\/news\\\/ipad-pro-2021-darum-hat-das-11-modell-kein-xdr-display\"},\"author\":{\"@type\":\"Organization\",\"@id\":\"https:\\\/\\\/www.apfelpatient.de\\\/en\\\/#organization\",\"name\":\"Apfelpatient\",\"url\":\"https:\\\/\\\/www.apfelpatient.de\\\/en\\\/\"},\"headline\":\"iPad Pro 2021: Darum hat das 11&#8243;-Modell kein XDR-Display\",\"datePublished\":\"2021-05-21T17:21:57+00:00\",\"dateModified\":\"2021-05-21T17:21:58+00:00\",\"mainEntityOfPage\":{\"@id\":\"https:\\\/\\\/www.apfelpatient.de\\\/news\\\/ipad-pro-2021-darum-hat-das-11-modell-kein-xdr-display\"},\"wordCount\":641,\"publisher\":{\"@type\":\"Organization\",\"@id\":\"https:\\\/\\\/www.apfelpatient.de\\\/en\\\/#organization\",\"name\":\"Apfelpatient\",\"url\":\"https:\\\/\\\/www.apfelpatient.de\\\/en\\\/\"},\"image\":{\"@id\":\"https:\\\/\\\/www.apfelpatient.de\\\/news\\\/ipad-pro-2021-darum-hat-das-11-modell-kein-xdr-display#primaryimage\"},\"thumbnailUrl\":\"https:\\\/\\\/www.apfelpatient.de\\\/wp-content\\\/uploads\\\/2021\\\/05\\\/Apple_iPadPro-spring21-magic-keyboard-pencil-topdown-white_051721.jpg\",\"keywords\":[\"iPad\",\"iPad Pro\"],\"articleSection\":\"News\",\"inLanguage\":\"en-US\",\"copyrightYear\":\"2021\",\"copyrightHolder\":{\"@id\":\"https:\\\/\\\/www.apfelpatient.de\\\/en\\\/#organization\"}},{\"@type\":\"WebPage\",\"@id\":\"https:\\\/\\\/www.apfelpatient.de\\\/news\\\/ipad-pro-2021-darum-hat-das-11-modell-kein-xdr-display\",\"url\":\"https:\\\/\\\/www.apfelpatient.de\\\/news\\\/ipad-pro-2021-darum-hat-das-11-modell-kein-xdr-display\",\"name\":\"iPad Pro 2021: Darum hat das 11\\\"-Modell kein XDR-Display Apfelpatient\",\"isPartOf\":{\"@id\":\"https:\\\/\\\/www.apfelpatient.de\\\/#website\"},\"primaryImageOfPage\":{\"@id\":\"https:\\\/\\\/www.apfelpatient.de\\\/news\\\/ipad-pro-2021-darum-hat-das-11-modell-kein-xdr-display#primaryimage\"},\"image\":{\"@id\":\"https:\\\/\\\/www.apfelpatient.de\\\/news\\\/ipad-pro-2021-darum-hat-das-11-modell-kein-xdr-display#primaryimage\"},\"thumbnailUrl\":\"https:\\\/\\\/www.apfelpatient.de\\\/wp-content\\\/uploads\\\/2021\\\/05\\\/Apple_iPadPro-spring21-magic-keyboard-pencil-topdown-white_051721.jpg\",\"datePublished\":\"2021-05-21T17:21:57+00:00\",\"dateModified\":\"2021-05-21T17:21:58+00:00\",\"description\":\"Zwei Apple-Mitarbeiter haben sich f\u00fcr ein Interview Zeit genommen und \u00fcber die Entscheidungen hinter dem iPad Pro mit M1 gesprochen.\",\"breadcrumb\":{\"@id\":\"https:\\\/\\\/www.apfelpatient.de\\\/news\\\/ipad-pro-2021-darum-hat-das-11-modell-kein-xdr-display#breadcrumb\"},\"inLanguage\":\"en-US\",\"potentialAction\":[{\"@type\":\"ReadAction\",\"target\":[\"https:\\\/\\\/www.apfelpatient.de\\\/news\\\/ipad-pro-2021-darum-hat-das-11-modell-kein-xdr-display\"]}]},{\"@type\":\"ImageObject\",\"inLanguage\":\"en-US\",\"@id\":\"https:\\\/\\\/www.apfelpatient.de\\\/news\\\/ipad-pro-2021-darum-hat-das-11-modell-kein-xdr-display#primaryimage\",\"url\":\"https:\\\/\\\/www.apfelpatient.de\\\/wp-content\\\/uploads\\\/2021\\\/05\\\/Apple_iPadPro-spring21-magic-keyboard-pencil-topdown-white_051721.jpg\",\"contentUrl\":\"https:\\\/\\\/www.apfelpatient.de\\\/wp-content\\\/uploads\\\/2021\\\/05\\\/Apple_iPadPro-spring21-magic-keyboard-pencil-topdown-white_051721.jpg\",\"width\":1600,\"height\":1229,\"caption\":\"Bild: Apple\"},{\"@type\":\"BreadcrumbList\",\"@id\":\"https:\\\/\\\/www.apfelpatient.de\\\/news\\\/ipad-pro-2021-darum-hat-das-11-modell-kein-xdr-display#breadcrumb\",\"itemListElement\":[{\"@type\":\"ListItem\",\"position\":1,\"name\":\"Startseite\",\"item\":\"https:\\\/\\\/www.apfelpatient.de\\\/\"},{\"@type\":\"ListItem\",\"position\":2,\"name\":\"iPad Pro 2021: Darum hat das 11&#8243;-Modell kein XDR-Display\"}]},{\"@type\":\"WebSite\",\"@id\":\"https:\\\/\\\/www.apfelpatient.de\\\/#website\",\"url\":\"https:\\\/\\\/www.apfelpatient.de\\\/\",\"name\":\"Apfelpatient\",\"description\":\"Alles rund um Apple!\",\"publisher\":{\"@type\":\"Organization\",\"@id\":\"https:\\\/\\\/www.apfelpatient.de\\\/en\\\/#organization\",\"name\":\"Apfelpatient\",\"url\":\"https:\\\/\\\/www.apfelpatient.de\\\/en\\\/\"},\"alternateName\":\"Apfelpatient\",\"potentialAction\":[{\"@type\":\"SearchAction\",\"target\":{\"@type\":\"EntryPoint\",\"urlTemplate\":\"https:\\\/\\\/www.apfelpatient.de\\\/?s={search_term_string}\"},\"query-input\":{\"@type\":\"PropertyValueSpecification\",\"valueRequired\":true,\"valueName\":\"search_term_string\"}}],\"inLanguage\":\"en-US\"},{\"@type\":[\"Person\",\"Organization\"],\"@id\":\"https:\\\/\\\/www.apfelpatient.de\\\/#\\\/schema\\\/person\\\/7dc56ad6c8e9824b76d2c08d4c140e13\",\"name\":\"Milan\",\"logo\":{\"@id\":\"https:\\\/\\\/www.apfelpatient.de\\\/#\\\/schema\\\/person\\\/image\\\/\"},\"description\":\"Hallo und herzlich willkommen auf meinem Technik-Blog! Als gro\u00dfer Apple-Fan berichte ich hier \u00fcber alles, was mit Apple zu tun hat: von den neuesten News und spannenden Ger\u00fcchten \u00fcber hilfreiche Tipps und Tricks bis hin zu ausf\u00fchrlichen Produkttests. Wenn du genauso technikbegeistert bist wie ich, bist du hier genau richtig!\",\"sameAs\":[\"https:\\\/\\\/www.facebook.com\\\/apfelpatientOfficial\",\"https:\\\/\\\/www.linkedin.com\\\/in\\\/milan-jovicic-42aa0231b\"],\"url\":\"https:\\\/\\\/www.apfelpatient.de\\\/en\\\/author\\\/apfeladmin\"}]}<\/script>\n<!-- \/ Yoast SEO Premium plugin. -->","yoast_head_json":{"title":"iPad Pro 2021: This is why the 11&quot; model does not have an XDR display Apfelpatient","description":"Two Apple employees took time for an interview and talked about the decisions behind the iPad Pro with M1.","robots":{"index":"index","follow":"follow","max-snippet":"max-snippet:-1","max-image-preview":"max-image-preview:large","max-video-preview":"max-video-preview:-1"},"canonical":"https:\/\/www.apfelpatient.de\/en\/news\/ipad-pro-2021-thats-why-the-11-model-has-no-xdr-display","og_locale":"en_US","og_type":"article","og_title":"iPad Pro 2021: Darum hat das 11\"-Modell kein XDR-Display","og_description":"Zwei Apple-Mitarbeiter haben sich f\u00fcr ein Interview Zeit genommen und \u00fcber die Entscheidungen hinter dem iPad Pro mit M1 gesprochen.","og_url":"https:\/\/www.apfelpatient.de\/en\/news\/ipad-pro-2021-thats-why-the-11-model-has-no-xdr-display","og_site_name":"Apfelpatient","article_publisher":"https:\/\/www.facebook.com\/apfelpatientOfficial","article_author":"https:\/\/www.facebook.com\/apfelpatientOfficial","article_published_time":"2021-05-21T17:21:57+00:00","article_modified_time":"2021-05-21T17:21:58+00:00","og_image":[{"width":1600,"height":1229,"url":"https:\/\/www.apfelpatient.de\/wp-content\/uploads\/2021\/05\/Apple_iPadPro-spring21-magic-keyboard-pencil-topdown-white_051721.jpg","type":"image\/jpeg"}],"author":"Milan","twitter_card":"summary_large_image","twitter_description":"Zwei Apple-Mitarbeiter haben sich f\u00fcr ein Interview Zeit genommen und \u00fcber die Entscheidungen hinter dem iPad Pro mit M1 gesprochen.","twitter_misc":{"Written by":"Milan","Est. reading time":"3 minutes"},"schema":{"@context":"https:\/\/schema.org","@graph":[{"@type":"NewsArticle","@id":"https:\/\/www.apfelpatient.de\/news\/ipad-pro-2021-darum-hat-das-11-modell-kein-xdr-display#article","isPartOf":{"@id":"https:\/\/www.apfelpatient.de\/news\/ipad-pro-2021-darum-hat-das-11-modell-kein-xdr-display"},"author":{"@type":"Organization","@id":"https:\/\/www.apfelpatient.de\/en\/#organization","name":"Apfelpatient","url":"https:\/\/www.apfelpatient.de\/en\/"},"headline":"iPad Pro 2021: Darum hat das 11&#8243;-Modell kein XDR-Display","datePublished":"2021-05-21T17:21:57+00:00","dateModified":"2021-05-21T17:21:58+00:00","mainEntityOfPage":{"@id":"https:\/\/www.apfelpatient.de\/news\/ipad-pro-2021-darum-hat-das-11-modell-kein-xdr-display"},"wordCount":641,"publisher":{"@type":"Organization","@id":"https:\/\/www.apfelpatient.de\/en\/#organization","name":"Apfelpatient","url":"https:\/\/www.apfelpatient.de\/en\/"},"image":{"@id":"https:\/\/www.apfelpatient.de\/news\/ipad-pro-2021-darum-hat-das-11-modell-kein-xdr-display#primaryimage"},"thumbnailUrl":"https:\/\/www.apfelpatient.de\/wp-content\/uploads\/2021\/05\/Apple_iPadPro-spring21-magic-keyboard-pencil-topdown-white_051721.jpg","keywords":["iPad","iPad Pro"],"articleSection":"News","inLanguage":"en-US","copyrightYear":"2021","copyrightHolder":{"@id":"https:\/\/www.apfelpatient.de\/en\/#organization"}},{"@type":"WebPage","@id":"https:\/\/www.apfelpatient.de\/news\/ipad-pro-2021-darum-hat-das-11-modell-kein-xdr-display","url":"https:\/\/www.apfelpatient.de\/news\/ipad-pro-2021-darum-hat-das-11-modell-kein-xdr-display","name":"iPad Pro 2021: This is why the 11&quot; model does not have an XDR display Apfelpatient","isPartOf":{"@id":"https:\/\/www.apfelpatient.de\/#website"},"primaryImageOfPage":{"@id":"https:\/\/www.apfelpatient.de\/news\/ipad-pro-2021-darum-hat-das-11-modell-kein-xdr-display#primaryimage"},"image":{"@id":"https:\/\/www.apfelpatient.de\/news\/ipad-pro-2021-darum-hat-das-11-modell-kein-xdr-display#primaryimage"},"thumbnailUrl":"https:\/\/www.apfelpatient.de\/wp-content\/uploads\/2021\/05\/Apple_iPadPro-spring21-magic-keyboard-pencil-topdown-white_051721.jpg","datePublished":"2021-05-21T17:21:57+00:00","dateModified":"2021-05-21T17:21:58+00:00","description":"Two Apple employees took time for an interview and talked about the decisions behind the iPad Pro with M1.","breadcrumb":{"@id":"https:\/\/www.apfelpatient.de\/news\/ipad-pro-2021-darum-hat-das-11-modell-kein-xdr-display#breadcrumb"},"inLanguage":"en-US","potentialAction":[{"@type":"ReadAction","target":["https:\/\/www.apfelpatient.de\/news\/ipad-pro-2021-darum-hat-das-11-modell-kein-xdr-display"]}]},{"@type":"ImageObject","inLanguage":"en-US","@id":"https:\/\/www.apfelpatient.de\/news\/ipad-pro-2021-darum-hat-das-11-modell-kein-xdr-display#primaryimage","url":"https:\/\/www.apfelpatient.de\/wp-content\/uploads\/2021\/05\/Apple_iPadPro-spring21-magic-keyboard-pencil-topdown-white_051721.jpg","contentUrl":"https:\/\/www.apfelpatient.de\/wp-content\/uploads\/2021\/05\/Apple_iPadPro-spring21-magic-keyboard-pencil-topdown-white_051721.jpg","width":1600,"height":1229,"caption":"Bild: Apple"},{"@type":"BreadcrumbList","@id":"https:\/\/www.apfelpatient.de\/news\/ipad-pro-2021-darum-hat-das-11-modell-kein-xdr-display#breadcrumb","itemListElement":[{"@type":"ListItem","position":1,"name":"Startseite","item":"https:\/\/www.apfelpatient.de\/"},{"@type":"ListItem","position":2,"name":"iPad Pro 2021: Darum hat das 11&#8243;-Modell kein XDR-Display"}]},{"@type":"WebSite","@id":"https:\/\/www.apfelpatient.de\/#website","url":"https:\/\/www.apfelpatient.de\/","name":"apple patient","description":"Everything about Apple!","publisher":{"@type":"Organization","@id":"https:\/\/www.apfelpatient.de\/en\/#organization","name":"Apfelpatient","url":"https:\/\/www.apfelpatient.de\/en\/"},"alternateName":"Apfelpatient","potentialAction":[{"@type":"SearchAction","target":{"@type":"EntryPoint","urlTemplate":"https:\/\/www.apfelpatient.de\/?s={search_term_string}"},"query-input":{"@type":"PropertyValueSpecification","valueRequired":true,"valueName":"search_term_string"}}],"inLanguage":"en-US"},{"@type":["Person","Organization"],"@id":"https:\/\/www.apfelpatient.de\/#\/schema\/person\/7dc56ad6c8e9824b76d2c08d4c140e13","name":"Milan","logo":{"@id":"https:\/\/www.apfelpatient.de\/#\/schema\/person\/image\/"},"description":"Hello and welcome to my technology blog! As a big Apple fan, I report on everything to do with Apple: from the latest news and exciting rumors to helpful tips and tricks and detailed product tests. If you are as enthusiastic about technology as I am, you have come to the right place!","sameAs":["https:\/\/www.facebook.com\/apfelpatientOfficial","https:\/\/www.linkedin.com\/in\/milan-jovicic-42aa0231b"],"url":"https:\/\/www.apfelpatient.de\/en\/author\/apfeladmin"}]}},"_links":{"self":[{"href":"https:\/\/www.apfelpatient.de\/en\/wp-json\/wp\/v2\/posts\/22701","targetHints":{"allow":["GET"]}}],"collection":[{"href":"https:\/\/www.apfelpatient.de\/en\/wp-json\/wp\/v2\/posts"}],"about":[{"href":"https:\/\/www.apfelpatient.de\/en\/wp-json\/wp\/v2\/types\/post"}],"author":[{"embeddable":true,"href":"https:\/\/www.apfelpatient.de\/en\/wp-json\/wp\/v2\/users\/2"}],"replies":[{"embeddable":true,"href":"https:\/\/www.apfelpatient.de\/en\/wp-json\/wp\/v2\/comments?post=22701"}],"version-history":[{"count":0,"href":"https:\/\/www.apfelpatient.de\/en\/wp-json\/wp\/v2\/posts\/22701\/revisions"}],"wp:featuredmedia":[{"embeddable":true,"href":"https:\/\/www.apfelpatient.de\/en\/wp-json\/wp\/v2\/media\/22514"}],"wp:attachment":[{"href":"https:\/\/www.apfelpatient.de\/en\/wp-json\/wp\/v2\/media?parent=22701"}],"wp:term":[{"taxonomy":"category","embeddable":true,"href":"https:\/\/www.apfelpatient.de\/en\/wp-json\/wp\/v2\/categories?post=22701"},{"taxonomy":"post_tag","embeddable":true,"href":"https:\/\/www.apfelpatient.de\/en\/wp-json\/wp\/v2\/tags?post=22701"}],"curies":[{"name":"wp","href":"https:\/\/api.w.org\/{rel}","templated":true}]}}