{"id":22691,"date":"2021-05-21T19:10:04","date_gmt":"2021-05-21T17:10:04","guid":{"rendered":"https:\/\/www.apfelpatient.de\/?p=22691"},"modified":"2021-05-21T19:10:04","modified_gmt":"2021-05-21T17:10:04","slug":"macbook-pro-2021-with-m1x-chip-and-without-front-logo","status":"publish","type":"post","link":"https:\/\/www.apfelpatient.de\/en\/rumors\/macbook-pro-2021-mit-m1x-chip-und-ohne-frontlogo","title":{"rendered":"MacBook Pro 2021: With M1X chip and no front logo?"},"content":{"rendered":"<p class=\"has-drop-cap\"><strong>A questionable report claims that Apple&#039;s next-generation MacBook Pro models will feature an &quot;M1X&quot; chip and the &quot;MacBook Pro&quot; logo below the display will be removed.<\/strong><\/p>\n\n\n\n<p>The <a href=\"https:\/\/9to5mac.com\/2021\/05\/21\/2021-macbook-pro-models-m1x-no-logo\/\" target=\"_blank\" rel=\"noreferrer noopener\">report<\/a> from 9to5Mac states that &quot;a source with a decent track record&quot; made these claims. According to the source, &quot;Apple&#039;s planned name for the MacBook Pro chips&quot; is the &quot;M1X.&quot;<\/p>\n\n\n\n<blockquote class=\"wp-block-quote is-layout-flow wp-block-quote-is-layout-flow\"><p>The M1X is an extension of the M1 that will include more Thunderbolt channels, CPU cores, GPU cores, support for multiple external monitors, and higher power consumption. These devices will both have a 1080p webcam, an SD card reader, three Thunderbolt USB-C ports, an updated MagSafe connector, and an HDMI port.<\/p><\/blockquote>\n\n\n\n<h3 class=\"wp-block-heading\" id=\"h-macbook-pro-2021-gurman-lie-chip-branding-offen\">MacBook Pro 2021: Gurman left chip branding open<\/h3>\n\n\n\n\n\n\n\n<p>9to5Mac explains that this rumor from their source matches the recent report from reliable Bloomberg journalist Mark Gurman about the new MacBook Pro models. But that doesn&#039;t seem to be the case upon closer inspection. Earlier this week, Gurman explained that the upcoming 14- and 16-inch MacBook Pro models will feature a new Apple Silicon chip that includes a 10-core CPU with eight high-performance cores and two energy-efficient cores, 16-core or 32-core GPU options, support for up to 64GB of memory, and support for additional Thunderbolt ports. Gurman hasn&#039;t commented on how the MacBook Pro&#039;s new chip will be branded, but given what he explained in the report, it seems very unlikely that it will be an &quot;M1X.&quot;<\/p>\n\n\n\n<h3 class=\"wp-block-heading\" id=\"h-gurman-neue-chips-unterscheiden-sich-vom-design-des-m1\">Gurman: \u201cNew chips differ from the design of the M1\u201d<\/h3>\n\n\n\n<p>The key detail Gurman mentioned was that the 13.3-inch MacBook Pro and a high-end version of the MacBook Air will also get a new Apple Silicon chip. This chip &quot;will contain the same number of processing cores as the M1 but will run faster. In addition, the number of graphics cores will increase from seven or eight to nine or 10.&quot; This means that two next-generation Apple Silicon chips are in the works for MacBooks, one for the 13.3-inch MacBook Pro and high-end MacBook Air, and one for the redesigned 14- and 16-inch MacBook Pro models. According to Gurman, the high-end chip for the 14- and 16-inch MacBook Pro models is significantly different from the M1, which is why it doesn&#039;t seem right that it would be an &quot;M1X.&quot; Gurman himself finally said that the &quot;new chips are different from the design of the M1.&quot; The report is further questioned by speculation about the \u201cM2\u201d chip:<\/p>\n\n\n\n<blockquote class=\"wp-block-quote is-layout-flow wp-block-quote-is-layout-flow\"><p>Apple is said to have reserved the M2 name for next year&#039;s chips and that it will likely debut in a new MacBook Air.<\/p><\/blockquote>\n\n\n\n<h3 class=\"wp-block-heading\" id=\"h-das-ganze-sollte-sehr-skeptisch-betrachtet-werden\">The whole thing should be viewed very skeptically<\/h3>\n\n\n\n\n\n\n\n<p>It seems unlikely that Apple would refer to its high-end chip, which differs from the M1&#039;s design, as the &quot;M1X&quot; while another chip, which is less powerful, a direct successor to the M1 and based on its design, would be called the &quot;M2.&quot; Given these two questionable claims, the seriousness of the rest of the report is called into question. The claim that the MacBook Pro will drop the logo on the front has been circulating on Twitter for the past few days, including a hint from leaker Jon Prosser, so it may simply be an echo of that speculation. All other claims about the processor and the redesigned MacBook Pro devices in the report, such as additional Thunderbolt ports, SD card reader, and HDMI port, have been made before by reliable sources like Gurman and Apple analyst Ming-Chi Kuo. Accordingly, the current report should definitely be viewed with great skepticism. (Photo by Ekaterina79 \/ Bigstockphoto)<\/p>\n\n\n\n<ul class=\"wp-block-list\"><li><a href=\"https:\/\/www.apfelpatient.de\/en\/rumors\/apple-ipad-mac-chip-shortage-reaches-danger-zone\">Apple iPad &amp; Mac: Chip shortage reaches &quot;danger zone&quot;<\/a><\/li><\/ul>\n\n\n\n<h6 class=\"wp-block-heading translation-block\" id=\"h-kennt-ihr-schon-unsere-amazon-storefront-dort-findet-ihr-eine-handverlesene-auswahl-von-diversen-produkten-f-r-euer-iphone-und-co-viel-spa-beim-st-bern\"><em>Have you already visited our Amazon Storefront? There you&#039;ll find a hand-picked selection of various products for your iPhone and other devices \u2013 <span class=\"has-inline-color has-vivid-red-color\"><a href=\"https:\/\/www.amazon.de\/shop\/apfelpatientofficial\" class=\"ek-link\" data-wpel-link=\"exclude\" rel=\"follow noopener\" target=\"_self\"><span style=\"text-decoration: underline\" class=\"ek-underline\">enjoy browsing<\/span><\/a> !<\/span><\/em><\/h6>\n\n\n\n<h6 class=\"wp-block-heading translation-block\" id=\"h-der-beitrag-enthalt-partnerlinks\">This post contains <a data-type=\"URL\" data-id=\"https:\/\/www.apfelpatient.de\/partnerprogramm\" href=\"https:\/\/www.apfelpatient.de\/en\/partner-program\" data-wpel-link=\"internal\" target=\"_self\">affiliate links<\/a>.<\/h6>","protected":false},"excerpt":{"rendered":"<p>A dubious report claims that Apple&#039;s next-generation MacBook Pro models will be equipped with an &quot;M1X&quot; chip.<\/p>","protected":false},"author":2,"featured_media":22692,"comment_status":"closed","ping_status":"closed","sticky":false,"template":"","format":"standard","meta":{"jnews-multi-image_gallery":[],"jnews_single_post":{"subtitle":"","format":"standard","video":"","gallery":"","source_name":"","source_url":"","via_name":"","via_url":"","override":[{"single_blog_custom":"","sidebar":"","second_sidebar":"","share_position":"","share_float_style":"","post_date_format":"","post_date_format_custom":"","post_reading_time_wpm":"","zoom_button_out_step":"1","zoom_button_in_step":"1","number_popup_post":"1"}],"image_override":[{"single_post_thumbnail_size":"","single_post_gallery_size":""}],"trending_post_position":"","trending_post_label":"","sponsored_post_label":"","sponsored_post_name":"","sponsored_post_url":"","sponsored_post_logo":"","sponsored_post_desc":""},"jnews_primary_category":{"id":"25"},"footnotes":""},"categories":[25],"tags":[40,50],"class_list":["post-22691","post","type-post","status-publish","format-standard","has-post-thumbnail","hentry","category-rumors","tag-mac","tag-macbook-pro"],"yoast_head":"<!-- This site is optimized with the Yoast SEO Premium plugin v27.5 (Yoast SEO v27.5) - https:\/\/yoast.com\/product\/yoast-seo-premium-wordpress\/ -->\n<title>MacBook Pro 2021: Mit M1X-Chip und ohne Frontlogo? Apfelpatient<\/title>\n<meta name=\"description\" content=\"Ein fragw\u00fcrdiger Bericht behauptet, dass Apples MacBook Pro Modelle der n\u00e4chsten Generation mit einem &quot;M1X&quot;-Chip ausgestattet sein werden.\" \/>\n<meta name=\"robots\" content=\"index, follow, max-snippet:-1, max-image-preview:large, max-video-preview:-1\" \/>\n<link rel=\"canonical\" href=\"https:\/\/www.apfelpatient.de\/en\/rumors\/macbook-pro-2021-with-m1x-chip-and-without-front-logo\" \/>\n<meta property=\"og:locale\" content=\"en_US\" \/>\n<meta property=\"og:type\" content=\"article\" \/>\n<meta property=\"og:title\" content=\"MacBook Pro 2021: Mit M1X-Chip und ohne Frontlogo?\" \/>\n<meta property=\"og:description\" content=\"Ein fragw\u00fcrdiger Bericht behauptet, dass Apples MacBook Pro Modelle der n\u00e4chsten Generation mit einem &quot;M1X&quot;-Chip ausgestattet sein werden.\" \/>\n<meta property=\"og:url\" content=\"https:\/\/www.apfelpatient.de\/en\/rumors\/macbook-pro-2021-with-m1x-chip-and-without-front-logo\" \/>\n<meta property=\"og:site_name\" content=\"Apfelpatient\" \/>\n<meta property=\"article:publisher\" content=\"https:\/\/www.facebook.com\/apfelpatientOfficial\" \/>\n<meta property=\"article:author\" content=\"https:\/\/www.facebook.com\/apfelpatientOfficial\" \/>\n<meta property=\"article:published_time\" content=\"2021-05-21T17:10:04+00:00\" \/>\n<meta property=\"og:image\" content=\"https:\/\/www.apfelpatient.de\/wp-content\/uploads\/2021\/05\/bigstock-Tambov-Russian-Federation-J-392672816.jpg\" \/>\n\t<meta property=\"og:image:width\" content=\"1600\" \/>\n\t<meta property=\"og:image:height\" content=\"1067\" \/>\n\t<meta property=\"og:image:type\" content=\"image\/jpeg\" \/>\n<meta name=\"author\" content=\"Milan\" \/>\n<meta name=\"twitter:card\" content=\"summary_large_image\" \/>\n<meta name=\"twitter:description\" content=\"Ein fragw\u00fcrdiger Bericht behauptet, dass Apples MacBook Pro Modelle der n\u00e4chsten Generation mit einem &quot;M1X&quot;-Chip ausgestattet sein werden.\" \/>\n<meta name=\"twitter:label1\" content=\"Written by\" \/>\n\t<meta name=\"twitter:data1\" content=\"Milan\" \/>\n\t<meta name=\"twitter:label2\" content=\"Est. reading time\" \/>\n\t<meta name=\"twitter:data2\" content=\"3 minutes\" \/>\n<script type=\"application\/ld+json\" class=\"yoast-schema-graph\">{\"@context\":\"https:\\\/\\\/schema.org\",\"@graph\":[{\"@type\":\"NewsArticle\",\"@id\":\"https:\\\/\\\/www.apfelpatient.de\\\/rumors\\\/macbook-pro-2021-mit-m1x-chip-und-ohne-frontlogo#article\",\"isPartOf\":{\"@id\":\"https:\\\/\\\/www.apfelpatient.de\\\/rumors\\\/macbook-pro-2021-mit-m1x-chip-und-ohne-frontlogo\"},\"author\":{\"@type\":\"Organization\",\"@id\":\"https:\\\/\\\/www.apfelpatient.de\\\/en\\\/#organization\",\"name\":\"Apfelpatient\",\"url\":\"https:\\\/\\\/www.apfelpatient.de\\\/en\\\/\"},\"headline\":\"MacBook Pro 2021: Mit M1X-Chip und ohne Frontlogo?\",\"datePublished\":\"2021-05-21T17:10:04+00:00\",\"mainEntityOfPage\":{\"@id\":\"https:\\\/\\\/www.apfelpatient.de\\\/rumors\\\/macbook-pro-2021-mit-m1x-chip-und-ohne-frontlogo\"},\"wordCount\":627,\"publisher\":{\"@type\":\"Organization\",\"@id\":\"https:\\\/\\\/www.apfelpatient.de\\\/en\\\/#organization\",\"name\":\"Apfelpatient\",\"url\":\"https:\\\/\\\/www.apfelpatient.de\\\/en\\\/\"},\"image\":{\"@id\":\"https:\\\/\\\/www.apfelpatient.de\\\/rumors\\\/macbook-pro-2021-mit-m1x-chip-und-ohne-frontlogo#primaryimage\"},\"thumbnailUrl\":\"https:\\\/\\\/www.apfelpatient.de\\\/wp-content\\\/uploads\\\/2021\\\/05\\\/bigstock-Tambov-Russian-Federation-J-392672816.jpg\",\"keywords\":[\"Mac\",\"MacBook Pro\"],\"articleSection\":\"Rumors\",\"inLanguage\":\"en-US\",\"copyrightYear\":\"2021\",\"copyrightHolder\":{\"@id\":\"https:\\\/\\\/www.apfelpatient.de\\\/en\\\/#organization\"}},{\"@type\":\"WebPage\",\"@id\":\"https:\\\/\\\/www.apfelpatient.de\\\/rumors\\\/macbook-pro-2021-mit-m1x-chip-und-ohne-frontlogo\",\"url\":\"https:\\\/\\\/www.apfelpatient.de\\\/rumors\\\/macbook-pro-2021-mit-m1x-chip-und-ohne-frontlogo\",\"name\":\"MacBook Pro 2021: Mit M1X-Chip und ohne Frontlogo? Apfelpatient\",\"isPartOf\":{\"@id\":\"https:\\\/\\\/www.apfelpatient.de\\\/#website\"},\"primaryImageOfPage\":{\"@id\":\"https:\\\/\\\/www.apfelpatient.de\\\/rumors\\\/macbook-pro-2021-mit-m1x-chip-und-ohne-frontlogo#primaryimage\"},\"image\":{\"@id\":\"https:\\\/\\\/www.apfelpatient.de\\\/rumors\\\/macbook-pro-2021-mit-m1x-chip-und-ohne-frontlogo#primaryimage\"},\"thumbnailUrl\":\"https:\\\/\\\/www.apfelpatient.de\\\/wp-content\\\/uploads\\\/2021\\\/05\\\/bigstock-Tambov-Russian-Federation-J-392672816.jpg\",\"datePublished\":\"2021-05-21T17:10:04+00:00\",\"description\":\"Ein fragw\u00fcrdiger Bericht behauptet, dass Apples MacBook Pro Modelle der n\u00e4chsten Generation mit einem \\\"M1X\\\"-Chip ausgestattet sein werden.\",\"breadcrumb\":{\"@id\":\"https:\\\/\\\/www.apfelpatient.de\\\/rumors\\\/macbook-pro-2021-mit-m1x-chip-und-ohne-frontlogo#breadcrumb\"},\"inLanguage\":\"en-US\",\"potentialAction\":[{\"@type\":\"ReadAction\",\"target\":[\"https:\\\/\\\/www.apfelpatient.de\\\/rumors\\\/macbook-pro-2021-mit-m1x-chip-und-ohne-frontlogo\"]}]},{\"@type\":\"ImageObject\",\"inLanguage\":\"en-US\",\"@id\":\"https:\\\/\\\/www.apfelpatient.de\\\/rumors\\\/macbook-pro-2021-mit-m1x-chip-und-ohne-frontlogo#primaryimage\",\"url\":\"https:\\\/\\\/www.apfelpatient.de\\\/wp-content\\\/uploads\\\/2021\\\/05\\\/bigstock-Tambov-Russian-Federation-J-392672816.jpg\",\"contentUrl\":\"https:\\\/\\\/www.apfelpatient.de\\\/wp-content\\\/uploads\\\/2021\\\/05\\\/bigstock-Tambov-Russian-Federation-J-392672816.jpg\",\"width\":1600,\"height\":1067,\"caption\":\"Tambov, Russian Federation - July 09, 2020 Unboxing new MacBook Pro.\"},{\"@type\":\"BreadcrumbList\",\"@id\":\"https:\\\/\\\/www.apfelpatient.de\\\/rumors\\\/macbook-pro-2021-mit-m1x-chip-und-ohne-frontlogo#breadcrumb\",\"itemListElement\":[{\"@type\":\"ListItem\",\"position\":1,\"name\":\"Startseite\",\"item\":\"https:\\\/\\\/www.apfelpatient.de\\\/\"},{\"@type\":\"ListItem\",\"position\":2,\"name\":\"MacBook Pro 2021: Mit M1X-Chip und ohne Frontlogo?\"}]},{\"@type\":\"WebSite\",\"@id\":\"https:\\\/\\\/www.apfelpatient.de\\\/#website\",\"url\":\"https:\\\/\\\/www.apfelpatient.de\\\/\",\"name\":\"Apfelpatient\",\"description\":\"Alles rund um Apple!\",\"publisher\":{\"@type\":\"Organization\",\"@id\":\"https:\\\/\\\/www.apfelpatient.de\\\/en\\\/#organization\",\"name\":\"Apfelpatient\",\"url\":\"https:\\\/\\\/www.apfelpatient.de\\\/en\\\/\"},\"alternateName\":\"Apfelpatient\",\"potentialAction\":[{\"@type\":\"SearchAction\",\"target\":{\"@type\":\"EntryPoint\",\"urlTemplate\":\"https:\\\/\\\/www.apfelpatient.de\\\/?s={search_term_string}\"},\"query-input\":{\"@type\":\"PropertyValueSpecification\",\"valueRequired\":true,\"valueName\":\"search_term_string\"}}],\"inLanguage\":\"en-US\"},{\"@type\":[\"Person\",\"Organization\"],\"@id\":\"https:\\\/\\\/www.apfelpatient.de\\\/#\\\/schema\\\/person\\\/35b3ddba5832f2bfc7fff5206d4f6b7b\",\"name\":\"Milan\",\"logo\":{\"@id\":\"https:\\\/\\\/www.apfelpatient.de\\\/#\\\/schema\\\/person\\\/image\\\/\"},\"description\":\"Hallo und herzlich willkommen auf meinem Technik-Blog! Als gro\u00dfer Apple-Fan berichte ich hier \u00fcber alles, was mit Apple zu tun hat: von den neuesten News und spannenden Ger\u00fcchten \u00fcber hilfreiche Tipps und Tricks bis hin zu ausf\u00fchrlichen Produkttests. Wenn du genauso technikbegeistert bist wie ich, bist du hier genau richtig!\",\"sameAs\":[\"https:\\\/\\\/www.facebook.com\\\/apfelpatientOfficial\",\"https:\\\/\\\/www.linkedin.com\\\/in\\\/milan-jovicic-42aa0231b\"],\"url\":\"https:\\\/\\\/www.apfelpatient.de\\\/en\\\/author\\\/apfeladmin\"}]}<\/script>\n<!-- \/ Yoast SEO Premium plugin. -->","yoast_head_json":{"title":"MacBook Pro 2021: With M1X chip and no front logo? Apfelpatient","description":"A questionable report claims that Apple&#039;s next-generation MacBook Pro models will feature an &quot;M1X&quot; chip.","robots":{"index":"index","follow":"follow","max-snippet":"max-snippet:-1","max-image-preview":"max-image-preview:large","max-video-preview":"max-video-preview:-1"},"canonical":"https:\/\/www.apfelpatient.de\/en\/rumors\/macbook-pro-2021-with-m1x-chip-and-without-front-logo","og_locale":"en_US","og_type":"article","og_title":"MacBook Pro 2021: Mit M1X-Chip und ohne Frontlogo?","og_description":"Ein fragw\u00fcrdiger Bericht behauptet, dass Apples MacBook Pro Modelle der n\u00e4chsten Generation mit einem \"M1X\"-Chip ausgestattet sein werden.","og_url":"https:\/\/www.apfelpatient.de\/en\/rumors\/macbook-pro-2021-with-m1x-chip-and-without-front-logo","og_site_name":"Apfelpatient","article_publisher":"https:\/\/www.facebook.com\/apfelpatientOfficial","article_author":"https:\/\/www.facebook.com\/apfelpatientOfficial","article_published_time":"2021-05-21T17:10:04+00:00","og_image":[{"width":1600,"height":1067,"url":"https:\/\/www.apfelpatient.de\/wp-content\/uploads\/2021\/05\/bigstock-Tambov-Russian-Federation-J-392672816.jpg","type":"image\/jpeg"}],"author":"Milan","twitter_card":"summary_large_image","twitter_description":"Ein fragw\u00fcrdiger Bericht behauptet, dass Apples MacBook Pro Modelle der n\u00e4chsten Generation mit einem \"M1X\"-Chip ausgestattet sein werden.","twitter_misc":{"Written by":"Milan","Est. reading time":"3 minutes"},"schema":{"@context":"https:\/\/schema.org","@graph":[{"@type":"NewsArticle","@id":"https:\/\/www.apfelpatient.de\/rumors\/macbook-pro-2021-mit-m1x-chip-und-ohne-frontlogo#article","isPartOf":{"@id":"https:\/\/www.apfelpatient.de\/rumors\/macbook-pro-2021-mit-m1x-chip-und-ohne-frontlogo"},"author":{"@type":"Organization","@id":"https:\/\/www.apfelpatient.de\/en\/#organization","name":"Apfelpatient","url":"https:\/\/www.apfelpatient.de\/en\/"},"headline":"MacBook Pro 2021: Mit M1X-Chip und ohne Frontlogo?","datePublished":"2021-05-21T17:10:04+00:00","mainEntityOfPage":{"@id":"https:\/\/www.apfelpatient.de\/rumors\/macbook-pro-2021-mit-m1x-chip-und-ohne-frontlogo"},"wordCount":627,"publisher":{"@type":"Organization","@id":"https:\/\/www.apfelpatient.de\/en\/#organization","name":"Apfelpatient","url":"https:\/\/www.apfelpatient.de\/en\/"},"image":{"@id":"https:\/\/www.apfelpatient.de\/rumors\/macbook-pro-2021-mit-m1x-chip-und-ohne-frontlogo#primaryimage"},"thumbnailUrl":"https:\/\/www.apfelpatient.de\/wp-content\/uploads\/2021\/05\/bigstock-Tambov-Russian-Federation-J-392672816.jpg","keywords":["Mac","MacBook Pro"],"articleSection":"Rumors","inLanguage":"en-US","copyrightYear":"2021","copyrightHolder":{"@id":"https:\/\/www.apfelpatient.de\/en\/#organization"}},{"@type":"WebPage","@id":"https:\/\/www.apfelpatient.de\/rumors\/macbook-pro-2021-mit-m1x-chip-und-ohne-frontlogo","url":"https:\/\/www.apfelpatient.de\/rumors\/macbook-pro-2021-mit-m1x-chip-und-ohne-frontlogo","name":"MacBook Pro 2021: With M1X chip and no front logo? Apfelpatient","isPartOf":{"@id":"https:\/\/www.apfelpatient.de\/#website"},"primaryImageOfPage":{"@id":"https:\/\/www.apfelpatient.de\/rumors\/macbook-pro-2021-mit-m1x-chip-und-ohne-frontlogo#primaryimage"},"image":{"@id":"https:\/\/www.apfelpatient.de\/rumors\/macbook-pro-2021-mit-m1x-chip-und-ohne-frontlogo#primaryimage"},"thumbnailUrl":"https:\/\/www.apfelpatient.de\/wp-content\/uploads\/2021\/05\/bigstock-Tambov-Russian-Federation-J-392672816.jpg","datePublished":"2021-05-21T17:10:04+00:00","description":"A questionable report claims that Apple&#039;s next-generation MacBook Pro models will feature an &quot;M1X&quot; chip.","breadcrumb":{"@id":"https:\/\/www.apfelpatient.de\/rumors\/macbook-pro-2021-mit-m1x-chip-und-ohne-frontlogo#breadcrumb"},"inLanguage":"en-US","potentialAction":[{"@type":"ReadAction","target":["https:\/\/www.apfelpatient.de\/rumors\/macbook-pro-2021-mit-m1x-chip-und-ohne-frontlogo"]}]},{"@type":"ImageObject","inLanguage":"en-US","@id":"https:\/\/www.apfelpatient.de\/rumors\/macbook-pro-2021-mit-m1x-chip-und-ohne-frontlogo#primaryimage","url":"https:\/\/www.apfelpatient.de\/wp-content\/uploads\/2021\/05\/bigstock-Tambov-Russian-Federation-J-392672816.jpg","contentUrl":"https:\/\/www.apfelpatient.de\/wp-content\/uploads\/2021\/05\/bigstock-Tambov-Russian-Federation-J-392672816.jpg","width":1600,"height":1067,"caption":"Tambov, Russian Federation - July 09, 2020 Unboxing new MacBook Pro."},{"@type":"BreadcrumbList","@id":"https:\/\/www.apfelpatient.de\/rumors\/macbook-pro-2021-mit-m1x-chip-und-ohne-frontlogo#breadcrumb","itemListElement":[{"@type":"ListItem","position":1,"name":"Startseite","item":"https:\/\/www.apfelpatient.de\/"},{"@type":"ListItem","position":2,"name":"MacBook Pro 2021: Mit M1X-Chip und ohne Frontlogo?"}]},{"@type":"WebSite","@id":"https:\/\/www.apfelpatient.de\/#website","url":"https:\/\/www.apfelpatient.de\/","name":"apple patient","description":"Everything about Apple!","publisher":{"@type":"Organization","@id":"https:\/\/www.apfelpatient.de\/en\/#organization","name":"Apfelpatient","url":"https:\/\/www.apfelpatient.de\/en\/"},"alternateName":"Apfelpatient","potentialAction":[{"@type":"SearchAction","target":{"@type":"EntryPoint","urlTemplate":"https:\/\/www.apfelpatient.de\/?s={search_term_string}"},"query-input":{"@type":"PropertyValueSpecification","valueRequired":true,"valueName":"search_term_string"}}],"inLanguage":"en-US"},{"@type":["Person","Organization"],"@id":"https:\/\/www.apfelpatient.de\/#\/schema\/person\/35b3ddba5832f2bfc7fff5206d4f6b7b","name":"Milan","logo":{"@id":"https:\/\/www.apfelpatient.de\/#\/schema\/person\/image\/"},"description":"Hello and welcome to my technology blog! As a big Apple fan, I report on everything to do with Apple: from the latest news and exciting rumors to helpful tips and tricks and detailed product tests. If you are as enthusiastic about technology as I am, you have come to the right place!","sameAs":["https:\/\/www.facebook.com\/apfelpatientOfficial","https:\/\/www.linkedin.com\/in\/milan-jovicic-42aa0231b"],"url":"https:\/\/www.apfelpatient.de\/en\/author\/apfeladmin"}]}},"_links":{"self":[{"href":"https:\/\/www.apfelpatient.de\/en\/wp-json\/wp\/v2\/posts\/22691","targetHints":{"allow":["GET"]}}],"collection":[{"href":"https:\/\/www.apfelpatient.de\/en\/wp-json\/wp\/v2\/posts"}],"about":[{"href":"https:\/\/www.apfelpatient.de\/en\/wp-json\/wp\/v2\/types\/post"}],"author":[{"embeddable":true,"href":"https:\/\/www.apfelpatient.de\/en\/wp-json\/wp\/v2\/users\/2"}],"replies":[{"embeddable":true,"href":"https:\/\/www.apfelpatient.de\/en\/wp-json\/wp\/v2\/comments?post=22691"}],"version-history":[{"count":0,"href":"https:\/\/www.apfelpatient.de\/en\/wp-json\/wp\/v2\/posts\/22691\/revisions"}],"wp:featuredmedia":[{"embeddable":true,"href":"https:\/\/www.apfelpatient.de\/en\/wp-json\/wp\/v2\/media\/22692"}],"wp:attachment":[{"href":"https:\/\/www.apfelpatient.de\/en\/wp-json\/wp\/v2\/media?parent=22691"}],"wp:term":[{"taxonomy":"category","embeddable":true,"href":"https:\/\/www.apfelpatient.de\/en\/wp-json\/wp\/v2\/categories?post=22691"},{"taxonomy":"post_tag","embeddable":true,"href":"https:\/\/www.apfelpatient.de\/en\/wp-json\/wp\/v2\/tags?post=22691"}],"curies":[{"name":"wp","href":"https:\/\/api.w.org\/{rel}","templated":true}]}}