{"id":2257,"date":"2018-10-09T14:30:01","date_gmt":"2018-10-09T12:30:01","guid":{"rendered":"https:\/\/www.apfelpatient.de\/?p=2257"},"modified":"2024-05-22T14:49:33","modified_gmt":"2024-05-22T12:49:33","slug":"2018-ipad-pro-new-details-surfaced","status":"publish","type":"post","link":"https:\/\/www.apfelpatient.de\/en\/rumors\/2018-ipad-pro-neue-details-aufgetaucht","title":{"rendered":"2018 iPad Pro: New details emerge"},"content":{"rendered":"<p><strong>In all probability, Apple will present us two new iPad models this year. The biggest innovation: the introduction of Face ID. A presentation is conceivable this month, as iOS 12.1 also provides clear indications of new devices.<\/strong><\/p>\n\n<p>Specifically, 12.9\u201d and 10.5\u201d devices are to be released. Both will for the first time dispense with Touch ID and be equipped with Face ID. Although the device will only have a very narrow edge, there will be no notch for the TrueDepth camera. This is made possible by the new LCD of the upcoming iPad Pro model. In addition, facial recognition should also work in landscape format.<\/p>\n<p><strong>Information from developer circles<\/strong><\/p>\n<p>The website 9to5mac claims to have learned this information from developer circles. The model codes of the iPad Pro with WiFi are &quot;iPad8,1&quot;, &quot;iPad8,2&quot;, &quot;iPad8,5&quot; and &quot;iPad8,6&quot;. The cellular models are called &quot;iPad8,3&quot;, &quot;iPad8,4&quot;, &quot;iPad8,7&quot; and &quot;iPad8,8&quot;. This confirms once again that Apple will present two different sizes of the iPad Pro.<\/p>\n\n<p>Both come in two storage variants and optionally as an LTE version. The dimensions have also been mentioned in the past. The 12.9&quot; model is said to measure 280 mm x 215 mm x 6.4 mm and the 10.5&quot; model is said to be 247.5 mm x 178.7 mm x 6 mm.<\/p>\n<p><strong>Connections<\/strong><\/p>\n<p>According to the report, Apple could install a USB-C port for the first time and thus say goodbye to the Lightning input. The USB-C port should enable video output in 4K HDR on an external display. The user should be able to choose between various options in the settings. The elimination of the 3.5 mm headphone jack is also conceivable.<\/p>\n<p><strong>New accessories<\/strong><\/p>\n\n<p>To match the new iPad Pro, Apple is said to be planning to introduce a new Apple Pencil and a new Smart Keyboard. There are also new features here. In the future, the Apple Pencil will be able to be paired without a Lightning connector. If the pencil is near the device, it will connect automatically - similar to the principle of the AirPods. It remains to be seen whether the new Apple Pencil will be backwards compatible. The compatibility of the old Apple Stylus with the new iPad also remains questionable.<\/p>","protected":false},"excerpt":{"rendered":"<p>Mit aller Wahrscheinlichkeit wird uns Apple dieses Jahr noch zwei neue iPad Modelle pr\u00e4sentieren. Die gr\u00f6\u00dfte Neuerung: Die Einf\u00fchrung von Face ID. Eine Vorstellung ist noch in diesem Monat denkbar, da auch iOS 12.1 eindeutige Hinweise auf neue Ger\u00e4te liefert. Konkret sollen 12.9\u201d und 10.5\u201d Ger\u00e4te erscheinen. Beide werden erstmals auf Touch ID verzichten und [&hellip;]<\/p>\n","protected":false},"author":2,"featured_media":1879,"comment_status":"open","ping_status":"open","sticky":false,"template":"","format":"standard","meta":{"jnews-multi-image_gallery":[],"jnews_single_post":{"subtitle":"","format":"standard","video":"","gallery":"","source_name":"","source_url":"","via_name":"","via_url":"","override_template":"0","override":[{"template":"4","single_blog_custom":"","parallax":"1","fullscreen":"1","layout":"right-sidebar","sidebar":"default-sidebar","second_sidebar":"default-sidebar","sticky_sidebar":"1","share_position":"top","share_float_style":"share-monocrhome","show_share_counter":"0","show_view_counter":"0","show_featured":"1","show_post_meta":"1","show_post_author":"1","show_post_author_image":"1","show_post_date":"1","post_date_format":"default","post_date_format_custom":"Y\/m\/d","show_post_category":"1","show_post_reading_time":"0","post_reading_time_wpm":"300","show_zoom_button":"0","zoom_button_out_step":"2","zoom_button_in_step":"3","show_post_tag":"1","show_prev_next_post":"1","show_popup_post":"1","number_popup_post":"1","show_author_box":"0","show_post_related":"0","show_inline_post_related":"0"}],"override_image_size":"0","image_override":[{"single_post_thumbnail_size":"crop-500","single_post_gallery_size":"crop-500"}],"trending_post":"0","trending_post_position":"meta","trending_post_label":"Trending","sponsored_post":"0","sponsored_post_label":"Sponsored by","sponsored_post_name":"","sponsored_post_url":"","sponsored_post_logo_enable":"0","sponsored_post_logo":"","sponsored_post_desc":"","disable_ad":"0"},"jnews_primary_category":{"id":"","hide":""},"footnotes":""},"categories":[25],"tags":[168,37,18,66,125,169],"class_list":["post-2257","post","type-post","status-publish","format-standard","has-post-thumbnail","hentry","category-rumors","tag-apple-pencil-2","tag-face-id","tag-ipad","tag-ipad-pro","tag-ipad-pro-2018","tag-smart-keyboard"],"yoast_head":"<!-- This site is optimized with the Yoast SEO Premium plugin v27.4 (Yoast SEO v27.4) - https:\/\/yoast.com\/product\/yoast-seo-premium-wordpress\/ -->\n<title>2018 iPad Pro: Neue Details aufgetaucht Apfelpatient<\/title>\n<meta name=\"description\" content=\"Das 2018 iPad Pro soll Face ID und schmalere R\u00e4nder haben. Es k\u00f6nnte auch erstmals einen USB-C Anschluss und ein neues Zubeh\u00f6r wie den Apple Pencil 2 bieten.\" \/>\n<meta name=\"robots\" content=\"index, follow, max-snippet:-1, max-image-preview:large, max-video-preview:-1\" \/>\n<link rel=\"canonical\" href=\"https:\/\/www.apfelpatient.de\/en\/rumors\/2018-ipad-pro-new-details-surfaced\" \/>\n<meta property=\"og:locale\" content=\"en_US\" \/>\n<meta property=\"og:type\" content=\"article\" \/>\n<meta property=\"og:title\" content=\"2018 iPad Pro: Neue Details aufgetaucht\" \/>\n<meta property=\"og:description\" content=\"Das 2018 iPad Pro soll Face ID und schmalere R\u00e4nder haben. Es k\u00f6nnte auch erstmals einen USB-C Anschluss und ein neues Zubeh\u00f6r wie den Apple Pencil 2 bieten.\" \/>\n<meta property=\"og:url\" content=\"https:\/\/www.apfelpatient.de\/en\/rumors\/2018-ipad-pro-new-details-surfaced\" \/>\n<meta property=\"og:site_name\" content=\"Apfelpatient\" \/>\n<meta property=\"article:publisher\" content=\"https:\/\/www.facebook.com\/apfelpatientOfficial\" \/>\n<meta property=\"article:author\" content=\"https:\/\/www.facebook.com\/apfelpatientOfficial\" \/>\n<meta property=\"article:published_time\" content=\"2018-10-09T12:30:01+00:00\" \/>\n<meta property=\"article:modified_time\" content=\"2024-05-22T12:49:33+00:00\" \/>\n<meta property=\"og:image\" content=\"https:\/\/www.apfelpatient.de\/wp-content\/uploads\/2018\/09\/image-106833-3208473.jpg\" \/>\n\t<meta property=\"og:image:width\" content=\"690\" \/>\n\t<meta property=\"og:image:height\" content=\"518\" \/>\n\t<meta property=\"og:image:type\" content=\"image\/jpeg\" \/>\n<meta name=\"author\" content=\"Milan\" \/>\n<meta name=\"twitter:card\" content=\"summary_large_image\" \/>\n<meta name=\"twitter:label1\" content=\"Written by\" \/>\n\t<meta name=\"twitter:data1\" content=\"Milan\" \/>\n\t<meta name=\"twitter:label2\" content=\"Est. reading time\" \/>\n\t<meta name=\"twitter:data2\" content=\"3 minutes\" \/>\n<script type=\"application\/ld+json\" class=\"yoast-schema-graph\">{\"@context\":\"https:\\\/\\\/schema.org\",\"@graph\":[{\"@type\":\"NewsArticle\",\"@id\":\"https:\\\/\\\/www.apfelpatient.de\\\/rumors\\\/2018-ipad-pro-neue-details-aufgetaucht#article\",\"isPartOf\":{\"@id\":\"https:\\\/\\\/www.apfelpatient.de\\\/rumors\\\/2018-ipad-pro-neue-details-aufgetaucht\"},\"author\":{\"@type\":\"Organization\",\"@id\":\"https:\\\/\\\/www.apfelpatient.de\\\/en\\\/#organization\",\"name\":\"Apfelpatient\",\"url\":\"https:\\\/\\\/www.apfelpatient.de\\\/en\\\/\"},\"headline\":\"2018 iPad Pro: Neue Details aufgetaucht\",\"datePublished\":\"2018-10-09T12:30:01+00:00\",\"dateModified\":\"2024-05-22T12:49:33+00:00\",\"mainEntityOfPage\":{\"@id\":\"https:\\\/\\\/www.apfelpatient.de\\\/rumors\\\/2018-ipad-pro-neue-details-aufgetaucht\"},\"wordCount\":351,\"commentCount\":0,\"publisher\":{\"@type\":\"Organization\",\"@id\":\"https:\\\/\\\/www.apfelpatient.de\\\/en\\\/#organization\",\"name\":\"Apfelpatient\",\"url\":\"https:\\\/\\\/www.apfelpatient.de\\\/en\\\/\"},\"image\":{\"@id\":\"https:\\\/\\\/www.apfelpatient.de\\\/rumors\\\/2018-ipad-pro-neue-details-aufgetaucht#primaryimage\"},\"thumbnailUrl\":\"https:\\\/\\\/www.apfelpatient.de\\\/wp-content\\\/uploads\\\/2018\\\/09\\\/image-106833-3208473.jpg\",\"keywords\":[\"Apple Pencil 2\",\"Face ID\",\"iPad\",\"iPad Pro\",\"iPad Pro 2018\",\"Smart Keyboard\"],\"articleSection\":\"Rumors\",\"inLanguage\":\"en-US\",\"potentialAction\":[{\"@type\":\"CommentAction\",\"name\":\"Comment\",\"target\":[\"https:\\\/\\\/www.apfelpatient.de\\\/rumors\\\/2018-ipad-pro-neue-details-aufgetaucht#respond\"]}],\"copyrightYear\":\"2018\",\"copyrightHolder\":{\"@id\":\"https:\\\/\\\/www.apfelpatient.de\\\/en\\\/#organization\"}},{\"@type\":\"WebPage\",\"@id\":\"https:\\\/\\\/www.apfelpatient.de\\\/rumors\\\/2018-ipad-pro-neue-details-aufgetaucht\",\"url\":\"https:\\\/\\\/www.apfelpatient.de\\\/rumors\\\/2018-ipad-pro-neue-details-aufgetaucht\",\"name\":\"2018 iPad Pro: Neue Details aufgetaucht Apfelpatient\",\"isPartOf\":{\"@id\":\"https:\\\/\\\/www.apfelpatient.de\\\/#website\"},\"primaryImageOfPage\":{\"@id\":\"https:\\\/\\\/www.apfelpatient.de\\\/rumors\\\/2018-ipad-pro-neue-details-aufgetaucht#primaryimage\"},\"image\":{\"@id\":\"https:\\\/\\\/www.apfelpatient.de\\\/rumors\\\/2018-ipad-pro-neue-details-aufgetaucht#primaryimage\"},\"thumbnailUrl\":\"https:\\\/\\\/www.apfelpatient.de\\\/wp-content\\\/uploads\\\/2018\\\/09\\\/image-106833-3208473.jpg\",\"datePublished\":\"2018-10-09T12:30:01+00:00\",\"dateModified\":\"2024-05-22T12:49:33+00:00\",\"description\":\"Das 2018 iPad Pro soll Face ID und schmalere R\u00e4nder haben. Es k\u00f6nnte auch erstmals einen USB-C Anschluss und ein neues Zubeh\u00f6r wie den Apple Pencil 2 bieten.\",\"breadcrumb\":{\"@id\":\"https:\\\/\\\/www.apfelpatient.de\\\/rumors\\\/2018-ipad-pro-neue-details-aufgetaucht#breadcrumb\"},\"inLanguage\":\"en-US\",\"potentialAction\":[{\"@type\":\"ReadAction\",\"target\":[\"https:\\\/\\\/www.apfelpatient.de\\\/rumors\\\/2018-ipad-pro-neue-details-aufgetaucht\"]}]},{\"@type\":\"ImageObject\",\"inLanguage\":\"en-US\",\"@id\":\"https:\\\/\\\/www.apfelpatient.de\\\/rumors\\\/2018-ipad-pro-neue-details-aufgetaucht#primaryimage\",\"url\":\"https:\\\/\\\/www.apfelpatient.de\\\/wp-content\\\/uploads\\\/2018\\\/09\\\/image-106833-3208473.jpg\",\"contentUrl\":\"https:\\\/\\\/www.apfelpatient.de\\\/wp-content\\\/uploads\\\/2018\\\/09\\\/image-106833-3208473.jpg\",\"width\":690,\"height\":518,\"caption\":\"Bild: OnLeaks \\\/ MySmartPrice\"},{\"@type\":\"BreadcrumbList\",\"@id\":\"https:\\\/\\\/www.apfelpatient.de\\\/rumors\\\/2018-ipad-pro-neue-details-aufgetaucht#breadcrumb\",\"itemListElement\":[{\"@type\":\"ListItem\",\"position\":1,\"name\":\"Startseite\",\"item\":\"https:\\\/\\\/www.apfelpatient.de\\\/\"},{\"@type\":\"ListItem\",\"position\":2,\"name\":\"2018 iPad Pro: Neue Details aufgetaucht\"}]},{\"@type\":\"WebSite\",\"@id\":\"https:\\\/\\\/www.apfelpatient.de\\\/#website\",\"url\":\"https:\\\/\\\/www.apfelpatient.de\\\/\",\"name\":\"Apfelpatient\",\"description\":\"Alles rund um Apple!\",\"publisher\":{\"@type\":\"Organization\",\"@id\":\"https:\\\/\\\/www.apfelpatient.de\\\/en\\\/#organization\",\"name\":\"Apfelpatient\",\"url\":\"https:\\\/\\\/www.apfelpatient.de\\\/en\\\/\"},\"alternateName\":\"Apfelpatient\",\"potentialAction\":[{\"@type\":\"SearchAction\",\"target\":{\"@type\":\"EntryPoint\",\"urlTemplate\":\"https:\\\/\\\/www.apfelpatient.de\\\/?s={search_term_string}\"},\"query-input\":{\"@type\":\"PropertyValueSpecification\",\"valueRequired\":true,\"valueName\":\"search_term_string\"}}],\"inLanguage\":\"en-US\"},{\"@type\":[\"Person\",\"Organization\"],\"@id\":\"https:\\\/\\\/www.apfelpatient.de\\\/#\\\/schema\\\/person\\\/7dc56ad6c8e9824b76d2c08d4c140e13\",\"name\":\"Milan\",\"logo\":{\"@id\":\"https:\\\/\\\/www.apfelpatient.de\\\/#\\\/schema\\\/person\\\/image\\\/\"},\"description\":\"Hallo und herzlich willkommen auf meinem Technik-Blog! Als gro\u00dfer Apple-Fan berichte ich hier \u00fcber alles, was mit Apple zu tun hat: von den neuesten News und spannenden Ger\u00fcchten \u00fcber hilfreiche Tipps und Tricks bis hin zu ausf\u00fchrlichen Produkttests. Wenn du genauso technikbegeistert bist wie ich, bist du hier genau richtig!\",\"sameAs\":[\"https:\\\/\\\/www.facebook.com\\\/apfelpatientOfficial\",\"https:\\\/\\\/www.linkedin.com\\\/in\\\/milan-jovicic-42aa0231b\"],\"url\":\"https:\\\/\\\/www.apfelpatient.de\\\/en\\\/author\\\/apfeladmin\"}]}<\/script>\n<!-- \/ Yoast SEO Premium plugin. -->","yoast_head_json":{"title":"2018 iPad Pro: New details surfaced Apfelpatient","description":"The 2018 iPad Pro is expected to have Face ID and narrower bezels. It could also offer a USB-C port for the first time and new accessories such as the Apple Pencil 2.","robots":{"index":"index","follow":"follow","max-snippet":"max-snippet:-1","max-image-preview":"max-image-preview:large","max-video-preview":"max-video-preview:-1"},"canonical":"https:\/\/www.apfelpatient.de\/en\/rumors\/2018-ipad-pro-new-details-surfaced","og_locale":"en_US","og_type":"article","og_title":"2018 iPad Pro: Neue Details aufgetaucht","og_description":"Das 2018 iPad Pro soll Face ID und schmalere R\u00e4nder haben. Es k\u00f6nnte auch erstmals einen USB-C Anschluss und ein neues Zubeh\u00f6r wie den Apple Pencil 2 bieten.","og_url":"https:\/\/www.apfelpatient.de\/en\/rumors\/2018-ipad-pro-new-details-surfaced","og_site_name":"Apfelpatient","article_publisher":"https:\/\/www.facebook.com\/apfelpatientOfficial","article_author":"https:\/\/www.facebook.com\/apfelpatientOfficial","article_published_time":"2018-10-09T12:30:01+00:00","article_modified_time":"2024-05-22T12:49:33+00:00","og_image":[{"width":690,"height":518,"url":"https:\/\/www.apfelpatient.de\/wp-content\/uploads\/2018\/09\/image-106833-3208473.jpg","type":"image\/jpeg"}],"author":"Milan","twitter_card":"summary_large_image","twitter_misc":{"Written by":"Milan","Est. reading time":"3 minutes"},"schema":{"@context":"https:\/\/schema.org","@graph":[{"@type":"NewsArticle","@id":"https:\/\/www.apfelpatient.de\/rumors\/2018-ipad-pro-neue-details-aufgetaucht#article","isPartOf":{"@id":"https:\/\/www.apfelpatient.de\/rumors\/2018-ipad-pro-neue-details-aufgetaucht"},"author":{"@type":"Organization","@id":"https:\/\/www.apfelpatient.de\/en\/#organization","name":"Apfelpatient","url":"https:\/\/www.apfelpatient.de\/en\/"},"headline":"2018 iPad Pro: Neue Details aufgetaucht","datePublished":"2018-10-09T12:30:01+00:00","dateModified":"2024-05-22T12:49:33+00:00","mainEntityOfPage":{"@id":"https:\/\/www.apfelpatient.de\/rumors\/2018-ipad-pro-neue-details-aufgetaucht"},"wordCount":351,"commentCount":0,"publisher":{"@type":"Organization","@id":"https:\/\/www.apfelpatient.de\/en\/#organization","name":"Apfelpatient","url":"https:\/\/www.apfelpatient.de\/en\/"},"image":{"@id":"https:\/\/www.apfelpatient.de\/rumors\/2018-ipad-pro-neue-details-aufgetaucht#primaryimage"},"thumbnailUrl":"https:\/\/www.apfelpatient.de\/wp-content\/uploads\/2018\/09\/image-106833-3208473.jpg","keywords":["Apple Pencil 2","Face ID","iPad","iPad Pro","iPad Pro 2018","Smart Keyboard"],"articleSection":"Rumors","inLanguage":"en-US","potentialAction":[{"@type":"CommentAction","name":"Comment","target":["https:\/\/www.apfelpatient.de\/rumors\/2018-ipad-pro-neue-details-aufgetaucht#respond"]}],"copyrightYear":"2018","copyrightHolder":{"@id":"https:\/\/www.apfelpatient.de\/en\/#organization"}},{"@type":"WebPage","@id":"https:\/\/www.apfelpatient.de\/rumors\/2018-ipad-pro-neue-details-aufgetaucht","url":"https:\/\/www.apfelpatient.de\/rumors\/2018-ipad-pro-neue-details-aufgetaucht","name":"2018 iPad Pro: New details surfaced Apfelpatient","isPartOf":{"@id":"https:\/\/www.apfelpatient.de\/#website"},"primaryImageOfPage":{"@id":"https:\/\/www.apfelpatient.de\/rumors\/2018-ipad-pro-neue-details-aufgetaucht#primaryimage"},"image":{"@id":"https:\/\/www.apfelpatient.de\/rumors\/2018-ipad-pro-neue-details-aufgetaucht#primaryimage"},"thumbnailUrl":"https:\/\/www.apfelpatient.de\/wp-content\/uploads\/2018\/09\/image-106833-3208473.jpg","datePublished":"2018-10-09T12:30:01+00:00","dateModified":"2024-05-22T12:49:33+00:00","description":"The 2018 iPad Pro is expected to have Face ID and narrower bezels. It could also offer a USB-C port for the first time and new accessories such as the Apple Pencil 2.","breadcrumb":{"@id":"https:\/\/www.apfelpatient.de\/rumors\/2018-ipad-pro-neue-details-aufgetaucht#breadcrumb"},"inLanguage":"en-US","potentialAction":[{"@type":"ReadAction","target":["https:\/\/www.apfelpatient.de\/rumors\/2018-ipad-pro-neue-details-aufgetaucht"]}]},{"@type":"ImageObject","inLanguage":"en-US","@id":"https:\/\/www.apfelpatient.de\/rumors\/2018-ipad-pro-neue-details-aufgetaucht#primaryimage","url":"https:\/\/www.apfelpatient.de\/wp-content\/uploads\/2018\/09\/image-106833-3208473.jpg","contentUrl":"https:\/\/www.apfelpatient.de\/wp-content\/uploads\/2018\/09\/image-106833-3208473.jpg","width":690,"height":518,"caption":"Bild: OnLeaks \/ MySmartPrice"},{"@type":"BreadcrumbList","@id":"https:\/\/www.apfelpatient.de\/rumors\/2018-ipad-pro-neue-details-aufgetaucht#breadcrumb","itemListElement":[{"@type":"ListItem","position":1,"name":"Startseite","item":"https:\/\/www.apfelpatient.de\/"},{"@type":"ListItem","position":2,"name":"2018 iPad Pro: Neue Details aufgetaucht"}]},{"@type":"WebSite","@id":"https:\/\/www.apfelpatient.de\/#website","url":"https:\/\/www.apfelpatient.de\/","name":"apple patient","description":"Everything about Apple!","publisher":{"@type":"Organization","@id":"https:\/\/www.apfelpatient.de\/en\/#organization","name":"Apfelpatient","url":"https:\/\/www.apfelpatient.de\/en\/"},"alternateName":"Apfelpatient","potentialAction":[{"@type":"SearchAction","target":{"@type":"EntryPoint","urlTemplate":"https:\/\/www.apfelpatient.de\/?s={search_term_string}"},"query-input":{"@type":"PropertyValueSpecification","valueRequired":true,"valueName":"search_term_string"}}],"inLanguage":"en-US"},{"@type":["Person","Organization"],"@id":"https:\/\/www.apfelpatient.de\/#\/schema\/person\/7dc56ad6c8e9824b76d2c08d4c140e13","name":"Milan","logo":{"@id":"https:\/\/www.apfelpatient.de\/#\/schema\/person\/image\/"},"description":"Hello and welcome to my technology blog! As a big Apple fan, I report on everything to do with Apple: from the latest news and exciting rumors to helpful tips and tricks and detailed product tests. If you are as enthusiastic about technology as I am, you have come to the right place!","sameAs":["https:\/\/www.facebook.com\/apfelpatientOfficial","https:\/\/www.linkedin.com\/in\/milan-jovicic-42aa0231b"],"url":"https:\/\/www.apfelpatient.de\/en\/author\/apfeladmin"}]}},"_links":{"self":[{"href":"https:\/\/www.apfelpatient.de\/en\/wp-json\/wp\/v2\/posts\/2257","targetHints":{"allow":["GET"]}}],"collection":[{"href":"https:\/\/www.apfelpatient.de\/en\/wp-json\/wp\/v2\/posts"}],"about":[{"href":"https:\/\/www.apfelpatient.de\/en\/wp-json\/wp\/v2\/types\/post"}],"author":[{"embeddable":true,"href":"https:\/\/www.apfelpatient.de\/en\/wp-json\/wp\/v2\/users\/2"}],"replies":[{"embeddable":true,"href":"https:\/\/www.apfelpatient.de\/en\/wp-json\/wp\/v2\/comments?post=2257"}],"version-history":[{"count":0,"href":"https:\/\/www.apfelpatient.de\/en\/wp-json\/wp\/v2\/posts\/2257\/revisions"}],"wp:featuredmedia":[{"embeddable":true,"href":"https:\/\/www.apfelpatient.de\/en\/wp-json\/wp\/v2\/media\/1879"}],"wp:attachment":[{"href":"https:\/\/www.apfelpatient.de\/en\/wp-json\/wp\/v2\/media?parent=2257"}],"wp:term":[{"taxonomy":"category","embeddable":true,"href":"https:\/\/www.apfelpatient.de\/en\/wp-json\/wp\/v2\/categories?post=2257"},{"taxonomy":"post_tag","embeddable":true,"href":"https:\/\/www.apfelpatient.de\/en\/wp-json\/wp\/v2\/tags?post=2257"}],"curies":[{"name":"wp","href":"https:\/\/api.w.org\/{rel}","templated":true}]}}