{"id":22515,"date":"2021-05-18T14:49:22","date_gmt":"2021-05-18T12:49:22","guid":{"rendered":"https:\/\/www.apfelpatient.de\/?p=22515"},"modified":"2021-05-18T14:49:23","modified_gmt":"2021-05-18T12:49:23","slug":"imac-ipad-pro-apple-tv-4k-apple-confirms-launch-on-friday","status":"publish","type":"post","link":"https:\/\/www.apfelpatient.de\/en\/news\/imac-ipad-pro-apple-tv-4k-apple-bestaetigt-start-am-freitag","title":{"rendered":"iMac, iPad Pro &amp; Apple TV 4K: Apple confirms launch on Friday"},"content":{"rendered":"<p class=\"has-drop-cap\"><strong>Ahead of the first orders arriving to customers on Friday, Apple today released a new press release highlighting the new iMac, iPad Pro and Apple TV 4K. The company also confirmed that the three new products will appear in Apple Stores on the same day.<\/strong><\/p>\n\n\n\n<p>In addition, Apple has repeatedly <a href=\"https:\/\/www.apple.com\/newsroom\/2021\/05\/imac-ipad-pro-and-apple-tv-4k-in-stores-friday\/\" target=\"_blank\" rel=\"noreferrer noopener\">confirmed<\/a>that only select colors of the iMac will be available in Apple Stores. At the same time, however, all seven models will be on display. As a reminder, Apple stated last month that only select colors of the M1 iMac will be available in Apple Stores, which led some to wonder if this meant that only certain colors would be on display. The company has now finally confirmed that while only the green, pink, blue and silver iMac models will be available in Apple Stores, all seven colors will be on display in most Apple Stores.<\/p>\n\n\n\n<figure class=\"wp-block-image size-large\"><img decoding=\"async\" width=\"1024\" height=\"875\" src=\"https:\/\/www.apfelpatient.de\/wp-content\/uploads\/2021\/05\/Apple_iMac-iPadPro-AppleTV4K-in-stores-Friday_051721-1024x875.jpg\" alt=\"iMac\" class=\"wp-image-22512\" srcset=\"https:\/\/www.apfelpatient.de\/wp-content\/uploads\/2021\/05\/Apple_iMac-iPadPro-AppleTV4K-in-stores-Friday_051721-1024x875.jpg 1024w, https:\/\/www.apfelpatient.de\/wp-content\/uploads\/2021\/05\/Apple_iMac-iPadPro-AppleTV4K-in-stores-Friday_051721-300x256.jpg 300w, https:\/\/www.apfelpatient.de\/wp-content\/uploads\/2021\/05\/Apple_iMac-iPadPro-AppleTV4K-in-stores-Friday_051721-768x656.jpg 768w, https:\/\/www.apfelpatient.de\/wp-content\/uploads\/2021\/05\/Apple_iMac-iPadPro-AppleTV4K-in-stores-Friday_051721-1536x1312.jpg 1536w, https:\/\/www.apfelpatient.de\/wp-content\/uploads\/2021\/05\/Apple_iMac-iPadPro-AppleTV4K-in-stores-Friday_051721-750x641.jpg 750w, https:\/\/www.apfelpatient.de\/wp-content\/uploads\/2021\/05\/Apple_iMac-iPadPro-AppleTV4K-in-stores-Friday_051721-1140x974.jpg 1140w, https:\/\/www.apfelpatient.de\/wp-content\/uploads\/2021\/05\/Apple_iMac-iPadPro-AppleTV4K-in-stores-Friday_051721.jpg 1600w\" sizes=\"(max-width: 1024px) 100vw, 1024px\" \/><figcaption>Image: Apple<\/figcaption><\/figure>\n\n\n\n<h3 class=\"wp-block-heading\" id=\"h-imac-ipad-pro-apple-tv-4k-auch-bei-autorisierten-h-ndlern-erh-ltlich\">iMac, iPad Pro &amp; Apple TV 4K: Also available from authorized dealers<\/h3>\n\n\n\n\n\n\n\n<p>In addition to the iMac itself, which will be available in seven colors, all of Apple&#039;s iMac accessories will also be color-coordinated. This means that the Magic Keyboard, Magic Mouse and Magic Trackpad that come with an iMac purchase will match the color of the accompanying iMac.<\/p>\n\n\n\n<blockquote class=\"wp-block-quote is-layout-flow wp-block-quote-is-layout-flow\"><p>Starting May 21, customers will be able to take delivery of the all-new iMac, M1-powered iPad Pro and the next generation of Apple TV 4K at Apple Stores and authorized resellers around the world. Customers who have already ordered their new products will receive their deliveries starting Friday. 99 percent of Apple Stores worldwide will be open starting Friday, giving visitors the opportunity to experience the full range of new products in person with the help of an Apple specialist. (Image: Apple)<\/p><\/blockquote>\n\n\n\n<ul class=\"wp-block-list\"><li><a href=\"https:\/\/www.apfelpatient.de\/en\/news\/random-serial-numbers-apple-launches-purple-iphone-12\">Random serial numbers: Apple launches purple iPhone 12<\/a><\/li><\/ul>\n\n\n\n<h6 class=\"wp-block-heading translation-block\" id=\"h-kennt-ihr-schon-unsere-amazon-storefront-dort-findet-ihr-eine-handverlesene-auswahl-von-diversen-produkten-f-r-euer-iphone-und-co-viel-spa-beim-st-bern\"><em>Have you already visited our Amazon Storefront? There you&#039;ll find a hand-picked selection of various products for your iPhone and other devices \u2013 <span class=\"has-inline-color has-vivid-red-color\"><a href=\"https:\/\/www.amazon.de\/shop\/apfelpatientofficial\" class=\"ek-link\" data-wpel-link=\"exclude\" rel=\"follow noopener\" target=\"_self\"><span style=\"text-decoration: underline\" class=\"ek-underline\">enjoy browsing<\/span><\/a> !<\/span><\/em><\/h6>\n\n\n\n<h6 class=\"wp-block-heading translation-block\" id=\"h-der-beitrag-enthalt-partnerlinks\">This post contains <a data-type=\"URL\" data-id=\"https:\/\/www.apfelpatient.de\/partnerprogramm\" href=\"https:\/\/www.apfelpatient.de\/en\/partner-program\" data-wpel-link=\"internal\" target=\"_self\">affiliate links<\/a>.<\/h6>","protected":false},"excerpt":{"rendered":"<p>iMac, iPad Pro &amp; Apple TV 4K: In advance of the first orders arriving on Friday, Apple released a new announcement today.<\/p>","protected":false},"author":2,"featured_media":22514,"comment_status":"closed","ping_status":"closed","sticky":false,"template":"","format":"standard","meta":{"jnews-multi-image_gallery":[],"jnews_single_post":{"subtitle":"","format":"standard","video":"","gallery":"","source_name":"","source_url":"","via_name":"","via_url":"","override":[{"single_blog_custom":"","sidebar":"","second_sidebar":"","share_position":"","share_float_style":"","post_date_format":"","post_date_format_custom":"","post_reading_time_wpm":"","zoom_button_out_step":"1","zoom_button_in_step":"1","number_popup_post":"1"}],"image_override":[{"single_post_thumbnail_size":"","single_post_gallery_size":""}],"trending_post_position":"","trending_post_label":"","sponsored_post_label":"","sponsored_post_name":"","sponsored_post_url":"","sponsored_post_logo":"","sponsored_post_desc":""},"jnews_primary_category":{"id":"9"},"footnotes":""},"categories":[9],"tags":[156,18,40],"class_list":["post-22515","post","type-post","status-publish","format-standard","has-post-thumbnail","hentry","category-news","tag-apple-tv","tag-ipad","tag-mac"],"yoast_head":"<!-- This site is optimized with the Yoast SEO Premium plugin v27.5 (Yoast SEO v27.5) - https:\/\/yoast.com\/product\/yoast-seo-premium-wordpress\/ -->\n<title>iMac, iPad Pro &amp; Apple TV 4K: Apple best\u00e4tigt Start am Freitag<\/title>\n<meta name=\"description\" content=\"iMac, iPad Pro &amp; Apple TV 4K: Im Vorfeld der ersten Bestellungen, die am Freitag eintreffen, hat Apple heute eine neue Mitteilung ver\u00f6ffentlicht.\" \/>\n<meta name=\"robots\" content=\"index, follow, max-snippet:-1, max-image-preview:large, max-video-preview:-1\" \/>\n<link rel=\"canonical\" href=\"https:\/\/www.apfelpatient.de\/en\/news\/imac-ipad-pro-apple-tv-4k-apple-confirms-launch-on-friday\" \/>\n<meta property=\"og:locale\" content=\"en_US\" \/>\n<meta property=\"og:type\" content=\"article\" \/>\n<meta property=\"og:title\" content=\"iMac, iPad Pro &amp; Apple TV 4K: Apple best\u00e4tigt Start am Freitag\" \/>\n<meta property=\"og:description\" content=\"iMac, iPad Pro &amp; Apple TV 4K: Im Vorfeld der ersten Bestellungen, die am Freitag eintreffen, hat Apple heute eine neue Mitteilung ver\u00f6ffentlicht.\" \/>\n<meta property=\"og:url\" content=\"https:\/\/www.apfelpatient.de\/en\/news\/imac-ipad-pro-apple-tv-4k-apple-confirms-launch-on-friday\" \/>\n<meta property=\"og:site_name\" content=\"Apfelpatient\" \/>\n<meta property=\"article:publisher\" content=\"https:\/\/www.facebook.com\/apfelpatientOfficial\" \/>\n<meta property=\"article:author\" content=\"https:\/\/www.facebook.com\/apfelpatientOfficial\" \/>\n<meta property=\"article:published_time\" content=\"2021-05-18T12:49:22+00:00\" \/>\n<meta property=\"article:modified_time\" content=\"2021-05-18T12:49:23+00:00\" \/>\n<meta property=\"og:image\" content=\"https:\/\/www.apfelpatient.de\/wp-content\/uploads\/2021\/05\/Apple_iPadPro-spring21-magic-keyboard-pencil-topdown-white_051721.jpg\" \/>\n\t<meta property=\"og:image:width\" content=\"1600\" \/>\n\t<meta property=\"og:image:height\" content=\"1229\" \/>\n\t<meta property=\"og:image:type\" content=\"image\/jpeg\" \/>\n<meta name=\"author\" content=\"Milan\" \/>\n<meta name=\"twitter:card\" content=\"summary_large_image\" \/>\n<meta name=\"twitter:description\" content=\"iMac, iPad Pro &amp; Apple TV 4K: Im Vorfeld der ersten Bestellungen, die am Freitag eintreffen, hat Apple heute eine neue Mitteilung ver\u00f6ffentlicht.\" \/>\n<meta name=\"twitter:label1\" content=\"Written by\" \/>\n\t<meta name=\"twitter:data1\" content=\"Milan\" \/>\n\t<meta name=\"twitter:label2\" content=\"Est. reading time\" \/>\n\t<meta name=\"twitter:data2\" content=\"2 minutes\" \/>\n<script type=\"application\/ld+json\" class=\"yoast-schema-graph\">{\"@context\":\"https:\\\/\\\/schema.org\",\"@graph\":[{\"@type\":\"NewsArticle\",\"@id\":\"https:\\\/\\\/www.apfelpatient.de\\\/news\\\/imac-ipad-pro-apple-tv-4k-apple-bestaetigt-start-am-freitag#article\",\"isPartOf\":{\"@id\":\"https:\\\/\\\/www.apfelpatient.de\\\/news\\\/imac-ipad-pro-apple-tv-4k-apple-bestaetigt-start-am-freitag\"},\"author\":{\"@type\":\"Organization\",\"@id\":\"https:\\\/\\\/www.apfelpatient.de\\\/en\\\/#organization\",\"name\":\"Apfelpatient\",\"url\":\"https:\\\/\\\/www.apfelpatient.de\\\/en\\\/\"},\"headline\":\"iMac, iPad Pro &#038; Apple TV 4K: Apple best\u00e4tigt Start am Freitag\",\"datePublished\":\"2021-05-18T12:49:22+00:00\",\"dateModified\":\"2021-05-18T12:49:23+00:00\",\"mainEntityOfPage\":{\"@id\":\"https:\\\/\\\/www.apfelpatient.de\\\/news\\\/imac-ipad-pro-apple-tv-4k-apple-bestaetigt-start-am-freitag\"},\"wordCount\":338,\"publisher\":{\"@type\":\"Organization\",\"@id\":\"https:\\\/\\\/www.apfelpatient.de\\\/en\\\/#organization\",\"name\":\"Apfelpatient\",\"url\":\"https:\\\/\\\/www.apfelpatient.de\\\/en\\\/\"},\"image\":{\"@id\":\"https:\\\/\\\/www.apfelpatient.de\\\/news\\\/imac-ipad-pro-apple-tv-4k-apple-bestaetigt-start-am-freitag#primaryimage\"},\"thumbnailUrl\":\"https:\\\/\\\/www.apfelpatient.de\\\/wp-content\\\/uploads\\\/2021\\\/05\\\/Apple_iPadPro-spring21-magic-keyboard-pencil-topdown-white_051721.jpg\",\"keywords\":[\"Apple TV\",\"iPad\",\"Mac\"],\"articleSection\":\"News\",\"inLanguage\":\"en-US\",\"copyrightYear\":\"2021\",\"copyrightHolder\":{\"@id\":\"https:\\\/\\\/www.apfelpatient.de\\\/en\\\/#organization\"}},{\"@type\":\"WebPage\",\"@id\":\"https:\\\/\\\/www.apfelpatient.de\\\/news\\\/imac-ipad-pro-apple-tv-4k-apple-bestaetigt-start-am-freitag\",\"url\":\"https:\\\/\\\/www.apfelpatient.de\\\/news\\\/imac-ipad-pro-apple-tv-4k-apple-bestaetigt-start-am-freitag\",\"name\":\"iMac, iPad Pro & Apple TV 4K: Apple best\u00e4tigt Start am Freitag\",\"isPartOf\":{\"@id\":\"https:\\\/\\\/www.apfelpatient.de\\\/#website\"},\"primaryImageOfPage\":{\"@id\":\"https:\\\/\\\/www.apfelpatient.de\\\/news\\\/imac-ipad-pro-apple-tv-4k-apple-bestaetigt-start-am-freitag#primaryimage\"},\"image\":{\"@id\":\"https:\\\/\\\/www.apfelpatient.de\\\/news\\\/imac-ipad-pro-apple-tv-4k-apple-bestaetigt-start-am-freitag#primaryimage\"},\"thumbnailUrl\":\"https:\\\/\\\/www.apfelpatient.de\\\/wp-content\\\/uploads\\\/2021\\\/05\\\/Apple_iPadPro-spring21-magic-keyboard-pencil-topdown-white_051721.jpg\",\"datePublished\":\"2021-05-18T12:49:22+00:00\",\"dateModified\":\"2021-05-18T12:49:23+00:00\",\"description\":\"iMac, iPad Pro & Apple TV 4K: Im Vorfeld der ersten Bestellungen, die am Freitag eintreffen, hat Apple heute eine neue Mitteilung ver\u00f6ffentlicht.\",\"breadcrumb\":{\"@id\":\"https:\\\/\\\/www.apfelpatient.de\\\/news\\\/imac-ipad-pro-apple-tv-4k-apple-bestaetigt-start-am-freitag#breadcrumb\"},\"inLanguage\":\"en-US\",\"potentialAction\":[{\"@type\":\"ReadAction\",\"target\":[\"https:\\\/\\\/www.apfelpatient.de\\\/news\\\/imac-ipad-pro-apple-tv-4k-apple-bestaetigt-start-am-freitag\"]}]},{\"@type\":\"ImageObject\",\"inLanguage\":\"en-US\",\"@id\":\"https:\\\/\\\/www.apfelpatient.de\\\/news\\\/imac-ipad-pro-apple-tv-4k-apple-bestaetigt-start-am-freitag#primaryimage\",\"url\":\"https:\\\/\\\/www.apfelpatient.de\\\/wp-content\\\/uploads\\\/2021\\\/05\\\/Apple_iPadPro-spring21-magic-keyboard-pencil-topdown-white_051721.jpg\",\"contentUrl\":\"https:\\\/\\\/www.apfelpatient.de\\\/wp-content\\\/uploads\\\/2021\\\/05\\\/Apple_iPadPro-spring21-magic-keyboard-pencil-topdown-white_051721.jpg\",\"width\":1600,\"height\":1229,\"caption\":\"Bild: Apple\"},{\"@type\":\"BreadcrumbList\",\"@id\":\"https:\\\/\\\/www.apfelpatient.de\\\/news\\\/imac-ipad-pro-apple-tv-4k-apple-bestaetigt-start-am-freitag#breadcrumb\",\"itemListElement\":[{\"@type\":\"ListItem\",\"position\":1,\"name\":\"Startseite\",\"item\":\"https:\\\/\\\/www.apfelpatient.de\\\/\"},{\"@type\":\"ListItem\",\"position\":2,\"name\":\"iMac, iPad Pro &#038; Apple TV 4K: Apple best\u00e4tigt Start am Freitag\"}]},{\"@type\":\"WebSite\",\"@id\":\"https:\\\/\\\/www.apfelpatient.de\\\/#website\",\"url\":\"https:\\\/\\\/www.apfelpatient.de\\\/\",\"name\":\"Apfelpatient\",\"description\":\"Alles rund um Apple!\",\"publisher\":{\"@type\":\"Organization\",\"@id\":\"https:\\\/\\\/www.apfelpatient.de\\\/en\\\/#organization\",\"name\":\"Apfelpatient\",\"url\":\"https:\\\/\\\/www.apfelpatient.de\\\/en\\\/\"},\"alternateName\":\"Apfelpatient\",\"potentialAction\":[{\"@type\":\"SearchAction\",\"target\":{\"@type\":\"EntryPoint\",\"urlTemplate\":\"https:\\\/\\\/www.apfelpatient.de\\\/?s={search_term_string}\"},\"query-input\":{\"@type\":\"PropertyValueSpecification\",\"valueRequired\":true,\"valueName\":\"search_term_string\"}}],\"inLanguage\":\"en-US\"},{\"@type\":[\"Person\",\"Organization\"],\"@id\":\"https:\\\/\\\/www.apfelpatient.de\\\/#\\\/schema\\\/person\\\/35b3ddba5832f2bfc7fff5206d4f6b7b\",\"name\":\"Milan\",\"logo\":{\"@id\":\"https:\\\/\\\/www.apfelpatient.de\\\/#\\\/schema\\\/person\\\/image\\\/\"},\"description\":\"Hallo und herzlich willkommen auf meinem Technik-Blog! Als gro\u00dfer Apple-Fan berichte ich hier \u00fcber alles, was mit Apple zu tun hat: von den neuesten News und spannenden Ger\u00fcchten \u00fcber hilfreiche Tipps und Tricks bis hin zu ausf\u00fchrlichen Produkttests. Wenn du genauso technikbegeistert bist wie ich, bist du hier genau richtig!\",\"sameAs\":[\"https:\\\/\\\/www.facebook.com\\\/apfelpatientOfficial\",\"https:\\\/\\\/www.linkedin.com\\\/in\\\/milan-jovicic-42aa0231b\"],\"url\":\"https:\\\/\\\/www.apfelpatient.de\\\/en\\\/author\\\/apfeladmin\"}]}<\/script>\n<!-- \/ Yoast SEO Premium plugin. -->","yoast_head_json":{"title":"iMac, iPad Pro &amp; Apple TV 4K: Apple confirms launch on Friday","description":"iMac, iPad Pro &amp; Apple TV 4K: In advance of the first orders arriving on Friday, Apple released a new announcement today.","robots":{"index":"index","follow":"follow","max-snippet":"max-snippet:-1","max-image-preview":"max-image-preview:large","max-video-preview":"max-video-preview:-1"},"canonical":"https:\/\/www.apfelpatient.de\/en\/news\/imac-ipad-pro-apple-tv-4k-apple-confirms-launch-on-friday","og_locale":"en_US","og_type":"article","og_title":"iMac, iPad Pro & Apple TV 4K: Apple best\u00e4tigt Start am Freitag","og_description":"iMac, iPad Pro & Apple TV 4K: Im Vorfeld der ersten Bestellungen, die am Freitag eintreffen, hat Apple heute eine neue Mitteilung ver\u00f6ffentlicht.","og_url":"https:\/\/www.apfelpatient.de\/en\/news\/imac-ipad-pro-apple-tv-4k-apple-confirms-launch-on-friday","og_site_name":"Apfelpatient","article_publisher":"https:\/\/www.facebook.com\/apfelpatientOfficial","article_author":"https:\/\/www.facebook.com\/apfelpatientOfficial","article_published_time":"2021-05-18T12:49:22+00:00","article_modified_time":"2021-05-18T12:49:23+00:00","og_image":[{"width":1600,"height":1229,"url":"https:\/\/www.apfelpatient.de\/wp-content\/uploads\/2021\/05\/Apple_iPadPro-spring21-magic-keyboard-pencil-topdown-white_051721.jpg","type":"image\/jpeg"}],"author":"Milan","twitter_card":"summary_large_image","twitter_description":"iMac, iPad Pro & Apple TV 4K: Im Vorfeld der ersten Bestellungen, die am Freitag eintreffen, hat Apple heute eine neue Mitteilung ver\u00f6ffentlicht.","twitter_misc":{"Written by":"Milan","Est. reading time":"2 minutes"},"schema":{"@context":"https:\/\/schema.org","@graph":[{"@type":"NewsArticle","@id":"https:\/\/www.apfelpatient.de\/news\/imac-ipad-pro-apple-tv-4k-apple-bestaetigt-start-am-freitag#article","isPartOf":{"@id":"https:\/\/www.apfelpatient.de\/news\/imac-ipad-pro-apple-tv-4k-apple-bestaetigt-start-am-freitag"},"author":{"@type":"Organization","@id":"https:\/\/www.apfelpatient.de\/en\/#organization","name":"Apfelpatient","url":"https:\/\/www.apfelpatient.de\/en\/"},"headline":"iMac, iPad Pro &#038; Apple TV 4K: Apple best\u00e4tigt Start am Freitag","datePublished":"2021-05-18T12:49:22+00:00","dateModified":"2021-05-18T12:49:23+00:00","mainEntityOfPage":{"@id":"https:\/\/www.apfelpatient.de\/news\/imac-ipad-pro-apple-tv-4k-apple-bestaetigt-start-am-freitag"},"wordCount":338,"publisher":{"@type":"Organization","@id":"https:\/\/www.apfelpatient.de\/en\/#organization","name":"Apfelpatient","url":"https:\/\/www.apfelpatient.de\/en\/"},"image":{"@id":"https:\/\/www.apfelpatient.de\/news\/imac-ipad-pro-apple-tv-4k-apple-bestaetigt-start-am-freitag#primaryimage"},"thumbnailUrl":"https:\/\/www.apfelpatient.de\/wp-content\/uploads\/2021\/05\/Apple_iPadPro-spring21-magic-keyboard-pencil-topdown-white_051721.jpg","keywords":["Apple TV","iPad","Mac"],"articleSection":"News","inLanguage":"en-US","copyrightYear":"2021","copyrightHolder":{"@id":"https:\/\/www.apfelpatient.de\/en\/#organization"}},{"@type":"WebPage","@id":"https:\/\/www.apfelpatient.de\/news\/imac-ipad-pro-apple-tv-4k-apple-bestaetigt-start-am-freitag","url":"https:\/\/www.apfelpatient.de\/news\/imac-ipad-pro-apple-tv-4k-apple-bestaetigt-start-am-freitag","name":"iMac, iPad Pro &amp; Apple TV 4K: Apple confirms launch on Friday","isPartOf":{"@id":"https:\/\/www.apfelpatient.de\/#website"},"primaryImageOfPage":{"@id":"https:\/\/www.apfelpatient.de\/news\/imac-ipad-pro-apple-tv-4k-apple-bestaetigt-start-am-freitag#primaryimage"},"image":{"@id":"https:\/\/www.apfelpatient.de\/news\/imac-ipad-pro-apple-tv-4k-apple-bestaetigt-start-am-freitag#primaryimage"},"thumbnailUrl":"https:\/\/www.apfelpatient.de\/wp-content\/uploads\/2021\/05\/Apple_iPadPro-spring21-magic-keyboard-pencil-topdown-white_051721.jpg","datePublished":"2021-05-18T12:49:22+00:00","dateModified":"2021-05-18T12:49:23+00:00","description":"iMac, iPad Pro &amp; Apple TV 4K: In advance of the first orders arriving on Friday, Apple released a new announcement today.","breadcrumb":{"@id":"https:\/\/www.apfelpatient.de\/news\/imac-ipad-pro-apple-tv-4k-apple-bestaetigt-start-am-freitag#breadcrumb"},"inLanguage":"en-US","potentialAction":[{"@type":"ReadAction","target":["https:\/\/www.apfelpatient.de\/news\/imac-ipad-pro-apple-tv-4k-apple-bestaetigt-start-am-freitag"]}]},{"@type":"ImageObject","inLanguage":"en-US","@id":"https:\/\/www.apfelpatient.de\/news\/imac-ipad-pro-apple-tv-4k-apple-bestaetigt-start-am-freitag#primaryimage","url":"https:\/\/www.apfelpatient.de\/wp-content\/uploads\/2021\/05\/Apple_iPadPro-spring21-magic-keyboard-pencil-topdown-white_051721.jpg","contentUrl":"https:\/\/www.apfelpatient.de\/wp-content\/uploads\/2021\/05\/Apple_iPadPro-spring21-magic-keyboard-pencil-topdown-white_051721.jpg","width":1600,"height":1229,"caption":"Bild: Apple"},{"@type":"BreadcrumbList","@id":"https:\/\/www.apfelpatient.de\/news\/imac-ipad-pro-apple-tv-4k-apple-bestaetigt-start-am-freitag#breadcrumb","itemListElement":[{"@type":"ListItem","position":1,"name":"Startseite","item":"https:\/\/www.apfelpatient.de\/"},{"@type":"ListItem","position":2,"name":"iMac, iPad Pro &#038; Apple TV 4K: Apple best\u00e4tigt Start am Freitag"}]},{"@type":"WebSite","@id":"https:\/\/www.apfelpatient.de\/#website","url":"https:\/\/www.apfelpatient.de\/","name":"apple patient","description":"Everything about Apple!","publisher":{"@type":"Organization","@id":"https:\/\/www.apfelpatient.de\/en\/#organization","name":"Apfelpatient","url":"https:\/\/www.apfelpatient.de\/en\/"},"alternateName":"Apfelpatient","potentialAction":[{"@type":"SearchAction","target":{"@type":"EntryPoint","urlTemplate":"https:\/\/www.apfelpatient.de\/?s={search_term_string}"},"query-input":{"@type":"PropertyValueSpecification","valueRequired":true,"valueName":"search_term_string"}}],"inLanguage":"en-US"},{"@type":["Person","Organization"],"@id":"https:\/\/www.apfelpatient.de\/#\/schema\/person\/35b3ddba5832f2bfc7fff5206d4f6b7b","name":"Milan","logo":{"@id":"https:\/\/www.apfelpatient.de\/#\/schema\/person\/image\/"},"description":"Hello and welcome to my technology blog! As a big Apple fan, I report on everything to do with Apple: from the latest news and exciting rumors to helpful tips and tricks and detailed product tests. If you are as enthusiastic about technology as I am, you have come to the right place!","sameAs":["https:\/\/www.facebook.com\/apfelpatientOfficial","https:\/\/www.linkedin.com\/in\/milan-jovicic-42aa0231b"],"url":"https:\/\/www.apfelpatient.de\/en\/author\/apfeladmin"}]}},"_links":{"self":[{"href":"https:\/\/www.apfelpatient.de\/en\/wp-json\/wp\/v2\/posts\/22515","targetHints":{"allow":["GET"]}}],"collection":[{"href":"https:\/\/www.apfelpatient.de\/en\/wp-json\/wp\/v2\/posts"}],"about":[{"href":"https:\/\/www.apfelpatient.de\/en\/wp-json\/wp\/v2\/types\/post"}],"author":[{"embeddable":true,"href":"https:\/\/www.apfelpatient.de\/en\/wp-json\/wp\/v2\/users\/2"}],"replies":[{"embeddable":true,"href":"https:\/\/www.apfelpatient.de\/en\/wp-json\/wp\/v2\/comments?post=22515"}],"version-history":[{"count":0,"href":"https:\/\/www.apfelpatient.de\/en\/wp-json\/wp\/v2\/posts\/22515\/revisions"}],"wp:featuredmedia":[{"embeddable":true,"href":"https:\/\/www.apfelpatient.de\/en\/wp-json\/wp\/v2\/media\/22514"}],"wp:attachment":[{"href":"https:\/\/www.apfelpatient.de\/en\/wp-json\/wp\/v2\/media?parent=22515"}],"wp:term":[{"taxonomy":"category","embeddable":true,"href":"https:\/\/www.apfelpatient.de\/en\/wp-json\/wp\/v2\/categories?post=22515"},{"taxonomy":"post_tag","embeddable":true,"href":"https:\/\/www.apfelpatient.de\/en\/wp-json\/wp\/v2\/tags?post=22515"}],"curies":[{"name":"wp","href":"https:\/\/api.w.org\/{rel}","templated":true}]}}