{"id":22504,"date":"2021-05-18T13:37:02","date_gmt":"2021-05-18T11:37:02","guid":{"rendered":"https:\/\/www.apfelpatient.de\/?p=22504"},"modified":"2021-05-18T13:37:02","modified_gmt":"2021-05-18T11:37:02","slug":"ipad-pro-apple-continues-to-struggle-with-mini-led-production-difficulties","status":"publish","type":"post","link":"https:\/\/www.apfelpatient.de\/en\/rumors\/ipad-pro-apple-kaempft-weiterhin-mit-schwierigkeiten-bei-der-mini-led-produktion","title":{"rendered":"iPad Pro: Apple continues to struggle with mini-LED production difficulties"},"content":{"rendered":"<p class=\"has-drop-cap\"><strong>Apple&#039;s manufacturing partners are reportedly having difficulty producing key components for the top models of the recently announced iPad Pro line, pushing the flagship tablet&#039;s availability back to July.<\/strong><\/p>\n\n\n\n<p>The new iPad Pro, which was unveiled at a virtual event in April, includes the 12.9-inch iPad Pro with Liquid Retina XDR display. The production of the screen, which features mini-LED technology, is reportedly causing unexpected delivery delays. Citing sources familiar with the matter, <a href=\"https:\/\/www.bloomberg.com\/news\/articles\/2021-05-18\/apple-is-said-to-face-continued-delays-in-delivering-ipad-pros\" target=\"_blank\" rel=\"noreferrer noopener\">reported<\/a> Bloomberg that Apple&#039;s partners are struggling to produce the complicated 12.9-inch screen in large quantities. Unlike traditional LCD screens, the Liquid Retina XDR groups 10,000 mini-LEDs in 2,500 different dimming zones to achieve an extremely high contrast ratio.<\/p>\n\n\n\n<h3 class=\"wp-block-heading\" id=\"h-ipad-mac-apple-hat-bereits-vor-verz-gerungen-gewarnt\">iPad &amp; Mac: Apple has already warned of delays<\/h3>\n\n\n\n\n\n\n\n<p>The reported display problems, coupled with a larger global chip shortage, have pushed the availability of the 12.9-inch iPad Pro into July - according to the Apple Online Store. The delays could be exacerbated by further restrictions. Reports in April first suggested that Apple suppliers were struggling with problems producing mini-LEDs, although the exact impact of the shortage was not known at the time. Apple itself warned of iPad and Mac delivery problems well into the second half of 2021. Apple CEO Tim Cook explained on the last conference call:<\/p>\n\n\n\n<blockquote class=\"wp-block-quote is-layout-flow wp-block-quote-is-layout-flow\"><p>We assume that we depend on supply, not demand.<\/p><\/blockquote>\n\n\n\n<p>Apple&#039;s 11-inch iPad Pro, which has a traditional LCD display, is also in short supply, although the restrictions are attributed to high interest at launch time rather than production bottlenecks. (Image: Apple)<\/p>\n\n\n\n<ul class=\"wp-block-list\"><li><a href=\"https:\/\/www.apfelpatient.de\/en\/news\/first-m1-ipad-pro-model-has-already-been-delivered\">First M1 iPad Pro model has already been delivered<\/a><\/li><\/ul>\n\n\n\n<h6 class=\"wp-block-heading translation-block\" id=\"h-kennt-ihr-schon-unsere-amazon-storefront-dort-findet-ihr-eine-handverlesene-auswahl-von-diversen-produkten-f-r-euer-iphone-und-co-viel-spa-beim-st-bern\"><em>Have you already visited our Amazon Storefront? There you&#039;ll find a hand-picked selection of various products for your iPhone and other devices \u2013 <span class=\"has-inline-color has-vivid-red-color\"><a href=\"https:\/\/www.amazon.de\/shop\/apfelpatientofficial\" class=\"ek-link\" data-wpel-link=\"exclude\" rel=\"follow noopener\" target=\"_self\"><span style=\"text-decoration: underline\" class=\"ek-underline\">enjoy browsing<\/span><\/a> !<\/span><\/em><\/h6>\n\n\n\n<h6 class=\"wp-block-heading translation-block\" id=\"h-der-beitrag-enthalt-partnerlinks\">This post contains <a data-type=\"URL\" data-id=\"https:\/\/www.apfelpatient.de\/partnerprogramm\" href=\"https:\/\/www.apfelpatient.de\/en\/partner-program\" data-wpel-link=\"internal\" target=\"_self\">affiliate links<\/a>.<\/h6>","protected":false},"excerpt":{"rendered":"<p>The new iPad Pro, introduced in April, includes the 12.9-inch iPad Pro with Liquid Retina XDR display.<\/p>","protected":false},"author":2,"featured_media":21578,"comment_status":"closed","ping_status":"closed","sticky":false,"template":"","format":"standard","meta":{"jnews-multi-image_gallery":[],"jnews_single_post":{"subtitle":"","format":"standard","video":"","gallery":"","source_name":"","source_url":"","via_name":"","via_url":"","override":[{"single_blog_custom":"","sidebar":"","second_sidebar":"","share_position":"","share_float_style":"","post_date_format":"","post_date_format_custom":"","post_reading_time_wpm":"","zoom_button_out_step":"1","zoom_button_in_step":"1","number_popup_post":"1"}],"image_override":[{"single_post_thumbnail_size":"","single_post_gallery_size":""}],"trending_post_position":"","trending_post_label":"","sponsored_post_label":"","sponsored_post_name":"","sponsored_post_url":"","sponsored_post_logo":"","sponsored_post_desc":""},"jnews_primary_category":{"id":"25"},"footnotes":""},"categories":[25],"tags":[18,66],"class_list":["post-22504","post","type-post","status-publish","format-standard","has-post-thumbnail","hentry","category-rumors","tag-ipad","tag-ipad-pro"],"yoast_head":"<!-- This site is optimized with the Yoast SEO Premium plugin v27.5 (Yoast SEO v27.5) - https:\/\/yoast.com\/product\/yoast-seo-premium-wordpress\/ -->\n<title>iPad Pro: Apple k\u00e4mpft weiterhin mit Schwierigkeiten bei der Mini-LED-Produktion<\/title>\n<meta name=\"description\" content=\"Das neue iPad Pro, das im April vorgestellt wurde, beinhaltet das 12.9-Zoll iPad Pro mit Liquid Retina XDR Display.\" \/>\n<meta name=\"robots\" content=\"index, follow, max-snippet:-1, max-image-preview:large, max-video-preview:-1\" \/>\n<link rel=\"canonical\" href=\"https:\/\/www.apfelpatient.de\/en\/rumors\/ipad-pro-apple-continues-to-struggle-with-mini-led-production-difficulties\" \/>\n<meta property=\"og:locale\" content=\"en_US\" \/>\n<meta property=\"og:type\" content=\"article\" \/>\n<meta property=\"og:title\" content=\"iPad Pro: Apple k\u00e4mpft weiterhin mit Schwierigkeiten bei der Mini-LED-Produktion\" \/>\n<meta property=\"og:description\" content=\"Das neue iPad Pro, das im April vorgestellt wurde, beinhaltet das 12.9-Zoll iPad Pro mit Liquid Retina XDR Display.\" \/>\n<meta property=\"og:url\" content=\"https:\/\/www.apfelpatient.de\/en\/rumors\/ipad-pro-apple-continues-to-struggle-with-mini-led-production-difficulties\" \/>\n<meta property=\"og:site_name\" content=\"Apfelpatient\" \/>\n<meta property=\"article:publisher\" content=\"https:\/\/www.facebook.com\/apfelpatientOfficial\" \/>\n<meta property=\"article:author\" content=\"https:\/\/www.facebook.com\/apfelpatientOfficial\" \/>\n<meta property=\"article:published_time\" content=\"2021-05-18T11:37:02+00:00\" \/>\n<meta property=\"og:image\" content=\"https:\/\/www.apfelpatient.de\/wp-content\/uploads\/2021\/04\/1B867E14-C7AA-45BF-A37D-F6353701021B.png\" \/>\n\t<meta property=\"og:image:width\" content=\"1200\" \/>\n\t<meta property=\"og:image:height\" content=\"675\" \/>\n\t<meta property=\"og:image:type\" content=\"image\/png\" \/>\n<meta name=\"author\" content=\"Milan\" \/>\n<meta name=\"twitter:card\" content=\"summary_large_image\" \/>\n<meta name=\"twitter:description\" content=\"Das neue iPad Pro, das im April vorgestellt wurde, beinhaltet das 12.9-Zoll iPad Pro mit Liquid Retina XDR Display.\" \/>\n<meta name=\"twitter:label1\" content=\"Written by\" \/>\n\t<meta name=\"twitter:data1\" content=\"Milan\" \/>\n\t<meta name=\"twitter:label2\" content=\"Est. reading time\" \/>\n\t<meta name=\"twitter:data2\" content=\"2 minutes\" \/>\n<script type=\"application\/ld+json\" class=\"yoast-schema-graph\">{\"@context\":\"https:\\\/\\\/schema.org\",\"@graph\":[{\"@type\":\"NewsArticle\",\"@id\":\"https:\\\/\\\/www.apfelpatient.de\\\/rumors\\\/ipad-pro-apple-kaempft-weiterhin-mit-schwierigkeiten-bei-der-mini-led-produktion#article\",\"isPartOf\":{\"@id\":\"https:\\\/\\\/www.apfelpatient.de\\\/rumors\\\/ipad-pro-apple-kaempft-weiterhin-mit-schwierigkeiten-bei-der-mini-led-produktion\"},\"author\":{\"@type\":\"Organization\",\"@id\":\"https:\\\/\\\/www.apfelpatient.de\\\/en\\\/#organization\",\"name\":\"Apfelpatient\",\"url\":\"https:\\\/\\\/www.apfelpatient.de\\\/en\\\/\"},\"headline\":\"iPad Pro: Apple k\u00e4mpft weiterhin mit Schwierigkeiten bei der Mini-LED-Produktion\",\"datePublished\":\"2021-05-18T11:37:02+00:00\",\"mainEntityOfPage\":{\"@id\":\"https:\\\/\\\/www.apfelpatient.de\\\/rumors\\\/ipad-pro-apple-kaempft-weiterhin-mit-schwierigkeiten-bei-der-mini-led-produktion\"},\"wordCount\":297,\"publisher\":{\"@type\":\"Organization\",\"@id\":\"https:\\\/\\\/www.apfelpatient.de\\\/en\\\/#organization\",\"name\":\"Apfelpatient\",\"url\":\"https:\\\/\\\/www.apfelpatient.de\\\/en\\\/\"},\"image\":{\"@id\":\"https:\\\/\\\/www.apfelpatient.de\\\/rumors\\\/ipad-pro-apple-kaempft-weiterhin-mit-schwierigkeiten-bei-der-mini-led-produktion#primaryimage\"},\"thumbnailUrl\":\"https:\\\/\\\/www.apfelpatient.de\\\/wp-content\\\/uploads\\\/2021\\\/04\\\/1B867E14-C7AA-45BF-A37D-F6353701021B.png\",\"keywords\":[\"iPad\",\"iPad Pro\"],\"articleSection\":\"Rumors\",\"inLanguage\":\"en-US\",\"copyrightYear\":\"2021\",\"copyrightHolder\":{\"@id\":\"https:\\\/\\\/www.apfelpatient.de\\\/en\\\/#organization\"}},{\"@type\":\"WebPage\",\"@id\":\"https:\\\/\\\/www.apfelpatient.de\\\/rumors\\\/ipad-pro-apple-kaempft-weiterhin-mit-schwierigkeiten-bei-der-mini-led-produktion\",\"url\":\"https:\\\/\\\/www.apfelpatient.de\\\/rumors\\\/ipad-pro-apple-kaempft-weiterhin-mit-schwierigkeiten-bei-der-mini-led-produktion\",\"name\":\"iPad Pro: Apple k\u00e4mpft weiterhin mit Schwierigkeiten bei der Mini-LED-Produktion\",\"isPartOf\":{\"@id\":\"https:\\\/\\\/www.apfelpatient.de\\\/#website\"},\"primaryImageOfPage\":{\"@id\":\"https:\\\/\\\/www.apfelpatient.de\\\/rumors\\\/ipad-pro-apple-kaempft-weiterhin-mit-schwierigkeiten-bei-der-mini-led-produktion#primaryimage\"},\"image\":{\"@id\":\"https:\\\/\\\/www.apfelpatient.de\\\/rumors\\\/ipad-pro-apple-kaempft-weiterhin-mit-schwierigkeiten-bei-der-mini-led-produktion#primaryimage\"},\"thumbnailUrl\":\"https:\\\/\\\/www.apfelpatient.de\\\/wp-content\\\/uploads\\\/2021\\\/04\\\/1B867E14-C7AA-45BF-A37D-F6353701021B.png\",\"datePublished\":\"2021-05-18T11:37:02+00:00\",\"description\":\"Das neue iPad Pro, das im April vorgestellt wurde, beinhaltet das 12.9-Zoll iPad Pro mit Liquid Retina XDR Display.\",\"breadcrumb\":{\"@id\":\"https:\\\/\\\/www.apfelpatient.de\\\/rumors\\\/ipad-pro-apple-kaempft-weiterhin-mit-schwierigkeiten-bei-der-mini-led-produktion#breadcrumb\"},\"inLanguage\":\"en-US\",\"potentialAction\":[{\"@type\":\"ReadAction\",\"target\":[\"https:\\\/\\\/www.apfelpatient.de\\\/rumors\\\/ipad-pro-apple-kaempft-weiterhin-mit-schwierigkeiten-bei-der-mini-led-produktion\"]}]},{\"@type\":\"ImageObject\",\"inLanguage\":\"en-US\",\"@id\":\"https:\\\/\\\/www.apfelpatient.de\\\/rumors\\\/ipad-pro-apple-kaempft-weiterhin-mit-schwierigkeiten-bei-der-mini-led-produktion#primaryimage\",\"url\":\"https:\\\/\\\/www.apfelpatient.de\\\/wp-content\\\/uploads\\\/2021\\\/04\\\/1B867E14-C7AA-45BF-A37D-F6353701021B.png\",\"contentUrl\":\"https:\\\/\\\/www.apfelpatient.de\\\/wp-content\\\/uploads\\\/2021\\\/04\\\/1B867E14-C7AA-45BF-A37D-F6353701021B.png\",\"width\":1200,\"height\":675,\"caption\":\"Bild: Apple\"},{\"@type\":\"BreadcrumbList\",\"@id\":\"https:\\\/\\\/www.apfelpatient.de\\\/rumors\\\/ipad-pro-apple-kaempft-weiterhin-mit-schwierigkeiten-bei-der-mini-led-produktion#breadcrumb\",\"itemListElement\":[{\"@type\":\"ListItem\",\"position\":1,\"name\":\"Startseite\",\"item\":\"https:\\\/\\\/www.apfelpatient.de\\\/\"},{\"@type\":\"ListItem\",\"position\":2,\"name\":\"iPad Pro: Apple k\u00e4mpft weiterhin mit Schwierigkeiten bei der Mini-LED-Produktion\"}]},{\"@type\":\"WebSite\",\"@id\":\"https:\\\/\\\/www.apfelpatient.de\\\/#website\",\"url\":\"https:\\\/\\\/www.apfelpatient.de\\\/\",\"name\":\"Apfelpatient\",\"description\":\"Alles rund um Apple!\",\"publisher\":{\"@type\":\"Organization\",\"@id\":\"https:\\\/\\\/www.apfelpatient.de\\\/en\\\/#organization\",\"name\":\"Apfelpatient\",\"url\":\"https:\\\/\\\/www.apfelpatient.de\\\/en\\\/\"},\"alternateName\":\"Apfelpatient\",\"potentialAction\":[{\"@type\":\"SearchAction\",\"target\":{\"@type\":\"EntryPoint\",\"urlTemplate\":\"https:\\\/\\\/www.apfelpatient.de\\\/?s={search_term_string}\"},\"query-input\":{\"@type\":\"PropertyValueSpecification\",\"valueRequired\":true,\"valueName\":\"search_term_string\"}}],\"inLanguage\":\"en-US\"},{\"@type\":[\"Person\",\"Organization\"],\"@id\":\"https:\\\/\\\/www.apfelpatient.de\\\/#\\\/schema\\\/person\\\/35b3ddba5832f2bfc7fff5206d4f6b7b\",\"name\":\"Milan\",\"logo\":{\"@id\":\"https:\\\/\\\/www.apfelpatient.de\\\/#\\\/schema\\\/person\\\/image\\\/\"},\"description\":\"Hallo und herzlich willkommen auf meinem Technik-Blog! Als gro\u00dfer Apple-Fan berichte ich hier \u00fcber alles, was mit Apple zu tun hat: von den neuesten News und spannenden Ger\u00fcchten \u00fcber hilfreiche Tipps und Tricks bis hin zu ausf\u00fchrlichen Produkttests. Wenn du genauso technikbegeistert bist wie ich, bist du hier genau richtig!\",\"sameAs\":[\"https:\\\/\\\/www.facebook.com\\\/apfelpatientOfficial\",\"https:\\\/\\\/www.linkedin.com\\\/in\\\/milan-jovicic-42aa0231b\"],\"url\":\"https:\\\/\\\/www.apfelpatient.de\\\/en\\\/author\\\/apfeladmin\"}]}<\/script>\n<!-- \/ Yoast SEO Premium plugin. -->","yoast_head_json":{"title":"iPad Pro: Apple continues to struggle with mini-LED production difficulties","description":"The new iPad Pro, introduced in April, includes the 12.9-inch iPad Pro with Liquid Retina XDR display.","robots":{"index":"index","follow":"follow","max-snippet":"max-snippet:-1","max-image-preview":"max-image-preview:large","max-video-preview":"max-video-preview:-1"},"canonical":"https:\/\/www.apfelpatient.de\/en\/rumors\/ipad-pro-apple-continues-to-struggle-with-mini-led-production-difficulties","og_locale":"en_US","og_type":"article","og_title":"iPad Pro: Apple k\u00e4mpft weiterhin mit Schwierigkeiten bei der Mini-LED-Produktion","og_description":"Das neue iPad Pro, das im April vorgestellt wurde, beinhaltet das 12.9-Zoll iPad Pro mit Liquid Retina XDR Display.","og_url":"https:\/\/www.apfelpatient.de\/en\/rumors\/ipad-pro-apple-continues-to-struggle-with-mini-led-production-difficulties","og_site_name":"Apfelpatient","article_publisher":"https:\/\/www.facebook.com\/apfelpatientOfficial","article_author":"https:\/\/www.facebook.com\/apfelpatientOfficial","article_published_time":"2021-05-18T11:37:02+00:00","og_image":[{"width":1200,"height":675,"url":"https:\/\/www.apfelpatient.de\/wp-content\/uploads\/2021\/04\/1B867E14-C7AA-45BF-A37D-F6353701021B.png","type":"image\/png"}],"author":"Milan","twitter_card":"summary_large_image","twitter_description":"Das neue iPad Pro, das im April vorgestellt wurde, beinhaltet das 12.9-Zoll iPad Pro mit Liquid Retina XDR Display.","twitter_misc":{"Written by":"Milan","Est. reading time":"2 minutes"},"schema":{"@context":"https:\/\/schema.org","@graph":[{"@type":"NewsArticle","@id":"https:\/\/www.apfelpatient.de\/rumors\/ipad-pro-apple-kaempft-weiterhin-mit-schwierigkeiten-bei-der-mini-led-produktion#article","isPartOf":{"@id":"https:\/\/www.apfelpatient.de\/rumors\/ipad-pro-apple-kaempft-weiterhin-mit-schwierigkeiten-bei-der-mini-led-produktion"},"author":{"@type":"Organization","@id":"https:\/\/www.apfelpatient.de\/en\/#organization","name":"Apfelpatient","url":"https:\/\/www.apfelpatient.de\/en\/"},"headline":"iPad Pro: Apple k\u00e4mpft weiterhin mit Schwierigkeiten bei der Mini-LED-Produktion","datePublished":"2021-05-18T11:37:02+00:00","mainEntityOfPage":{"@id":"https:\/\/www.apfelpatient.de\/rumors\/ipad-pro-apple-kaempft-weiterhin-mit-schwierigkeiten-bei-der-mini-led-produktion"},"wordCount":297,"publisher":{"@type":"Organization","@id":"https:\/\/www.apfelpatient.de\/en\/#organization","name":"Apfelpatient","url":"https:\/\/www.apfelpatient.de\/en\/"},"image":{"@id":"https:\/\/www.apfelpatient.de\/rumors\/ipad-pro-apple-kaempft-weiterhin-mit-schwierigkeiten-bei-der-mini-led-produktion#primaryimage"},"thumbnailUrl":"https:\/\/www.apfelpatient.de\/wp-content\/uploads\/2021\/04\/1B867E14-C7AA-45BF-A37D-F6353701021B.png","keywords":["iPad","iPad Pro"],"articleSection":"Rumors","inLanguage":"en-US","copyrightYear":"2021","copyrightHolder":{"@id":"https:\/\/www.apfelpatient.de\/en\/#organization"}},{"@type":"WebPage","@id":"https:\/\/www.apfelpatient.de\/rumors\/ipad-pro-apple-kaempft-weiterhin-mit-schwierigkeiten-bei-der-mini-led-produktion","url":"https:\/\/www.apfelpatient.de\/rumors\/ipad-pro-apple-kaempft-weiterhin-mit-schwierigkeiten-bei-der-mini-led-produktion","name":"iPad Pro: Apple continues to struggle with mini-LED production difficulties","isPartOf":{"@id":"https:\/\/www.apfelpatient.de\/#website"},"primaryImageOfPage":{"@id":"https:\/\/www.apfelpatient.de\/rumors\/ipad-pro-apple-kaempft-weiterhin-mit-schwierigkeiten-bei-der-mini-led-produktion#primaryimage"},"image":{"@id":"https:\/\/www.apfelpatient.de\/rumors\/ipad-pro-apple-kaempft-weiterhin-mit-schwierigkeiten-bei-der-mini-led-produktion#primaryimage"},"thumbnailUrl":"https:\/\/www.apfelpatient.de\/wp-content\/uploads\/2021\/04\/1B867E14-C7AA-45BF-A37D-F6353701021B.png","datePublished":"2021-05-18T11:37:02+00:00","description":"The new iPad Pro, introduced in April, includes the 12.9-inch iPad Pro with Liquid Retina XDR display.","breadcrumb":{"@id":"https:\/\/www.apfelpatient.de\/rumors\/ipad-pro-apple-kaempft-weiterhin-mit-schwierigkeiten-bei-der-mini-led-produktion#breadcrumb"},"inLanguage":"en-US","potentialAction":[{"@type":"ReadAction","target":["https:\/\/www.apfelpatient.de\/rumors\/ipad-pro-apple-kaempft-weiterhin-mit-schwierigkeiten-bei-der-mini-led-produktion"]}]},{"@type":"ImageObject","inLanguage":"en-US","@id":"https:\/\/www.apfelpatient.de\/rumors\/ipad-pro-apple-kaempft-weiterhin-mit-schwierigkeiten-bei-der-mini-led-produktion#primaryimage","url":"https:\/\/www.apfelpatient.de\/wp-content\/uploads\/2021\/04\/1B867E14-C7AA-45BF-A37D-F6353701021B.png","contentUrl":"https:\/\/www.apfelpatient.de\/wp-content\/uploads\/2021\/04\/1B867E14-C7AA-45BF-A37D-F6353701021B.png","width":1200,"height":675,"caption":"Bild: Apple"},{"@type":"BreadcrumbList","@id":"https:\/\/www.apfelpatient.de\/rumors\/ipad-pro-apple-kaempft-weiterhin-mit-schwierigkeiten-bei-der-mini-led-produktion#breadcrumb","itemListElement":[{"@type":"ListItem","position":1,"name":"Startseite","item":"https:\/\/www.apfelpatient.de\/"},{"@type":"ListItem","position":2,"name":"iPad Pro: Apple k\u00e4mpft weiterhin mit Schwierigkeiten bei der Mini-LED-Produktion"}]},{"@type":"WebSite","@id":"https:\/\/www.apfelpatient.de\/#website","url":"https:\/\/www.apfelpatient.de\/","name":"apple patient","description":"Everything about Apple!","publisher":{"@type":"Organization","@id":"https:\/\/www.apfelpatient.de\/en\/#organization","name":"Apfelpatient","url":"https:\/\/www.apfelpatient.de\/en\/"},"alternateName":"Apfelpatient","potentialAction":[{"@type":"SearchAction","target":{"@type":"EntryPoint","urlTemplate":"https:\/\/www.apfelpatient.de\/?s={search_term_string}"},"query-input":{"@type":"PropertyValueSpecification","valueRequired":true,"valueName":"search_term_string"}}],"inLanguage":"en-US"},{"@type":["Person","Organization"],"@id":"https:\/\/www.apfelpatient.de\/#\/schema\/person\/35b3ddba5832f2bfc7fff5206d4f6b7b","name":"Milan","logo":{"@id":"https:\/\/www.apfelpatient.de\/#\/schema\/person\/image\/"},"description":"Hello and welcome to my technology blog! As a big Apple fan, I report on everything to do with Apple: from the latest news and exciting rumors to helpful tips and tricks and detailed product tests. If you are as enthusiastic about technology as I am, you have come to the right place!","sameAs":["https:\/\/www.facebook.com\/apfelpatientOfficial","https:\/\/www.linkedin.com\/in\/milan-jovicic-42aa0231b"],"url":"https:\/\/www.apfelpatient.de\/en\/author\/apfeladmin"}]}},"_links":{"self":[{"href":"https:\/\/www.apfelpatient.de\/en\/wp-json\/wp\/v2\/posts\/22504","targetHints":{"allow":["GET"]}}],"collection":[{"href":"https:\/\/www.apfelpatient.de\/en\/wp-json\/wp\/v2\/posts"}],"about":[{"href":"https:\/\/www.apfelpatient.de\/en\/wp-json\/wp\/v2\/types\/post"}],"author":[{"embeddable":true,"href":"https:\/\/www.apfelpatient.de\/en\/wp-json\/wp\/v2\/users\/2"}],"replies":[{"embeddable":true,"href":"https:\/\/www.apfelpatient.de\/en\/wp-json\/wp\/v2\/comments?post=22504"}],"version-history":[{"count":0,"href":"https:\/\/www.apfelpatient.de\/en\/wp-json\/wp\/v2\/posts\/22504\/revisions"}],"wp:featuredmedia":[{"embeddable":true,"href":"https:\/\/www.apfelpatient.de\/en\/wp-json\/wp\/v2\/media\/21578"}],"wp:attachment":[{"href":"https:\/\/www.apfelpatient.de\/en\/wp-json\/wp\/v2\/media?parent=22504"}],"wp:term":[{"taxonomy":"category","embeddable":true,"href":"https:\/\/www.apfelpatient.de\/en\/wp-json\/wp\/v2\/categories?post=22504"},{"taxonomy":"post_tag","embeddable":true,"href":"https:\/\/www.apfelpatient.de\/en\/wp-json\/wp\/v2\/tags?post=22504"}],"curies":[{"name":"wp","href":"https:\/\/api.w.org\/{rel}","templated":true}]}}