{"id":22441,"date":"2021-05-17T16:59:22","date_gmt":"2021-05-17T14:59:22","guid":{"rendered":"https:\/\/www.apfelpatient.de\/?p=22441"},"modified":"2021-05-17T16:59:22","modified_gmt":"2021-05-17T14:59:22","slug":"macbooks-with-mini-led-display-could-be-delayed","status":"publish","type":"post","link":"https:\/\/www.apfelpatient.de\/en\/rumors\/macbooks-mit-mini-led-display-koennten-sich-verspaeten","title":{"rendered":"MacBooks with mini-LED displays could be delayed"},"content":{"rendered":"<p class=\"has-drop-cap\"><strong>Apple is rumored to be planning to introduce redesigned 14- and 16-inch MacBook Pro models with mini-LED displays, but the notebooks may arrive later than expected.<\/strong><\/p>\n\n\n\n<p>While several sources, including the incisive analyst Ming-Chi Kuo, have suggested that Apple plans to launch the new MacBook Pro models in the second half of 2021, Taiwanese supply chain news website DigiTimes now claims that the launch of MacBooks with mini-LED displays could possibly be delayed until \u201csometime in 2022.\u201d The full report has not yet been published. But the paid <a href=\"https:\/\/www.digitimes.com\/backgrounders\/features\/snapshots.asp#s6\" target=\"_blank\" rel=\"noreferrer noopener\">preview<\/a> the following emerges:<\/p>\n\n\n\n<blockquote class=\"wp-block-quote is-layout-flow wp-block-quote-is-layout-flow\"><p>Launch of MacBooks with mini-LED backlighting could be delayed. The launch of Apple&#039;s MacBook series with mini-LED backlighting could be delayed until 2022, according to industry sources.<\/p><\/blockquote>\n\n\n\n<h3 class=\"wp-block-heading\" id=\"h-m-glicher-grund-f-r-die-verz-gerung-chipknappheit-oder-probleme-mit-mini-leds\">Possible reason for the delay: chip shortage or problems with mini-LEDs<\/h3>\n\n\n\n\n\n\n\n<p>No further details are available at this time, but the full report should be published by tomorrow. If there is anything else worth mentioning, we will update the article or publish a separate post - depending on the amount of detail. In early March, the Japanese <a href=\"https:\/\/www.apfelpatient.de\/en\/rumors\/macbook-pro-2021-mass-production-to-be-postponed\">publication<\/a> Nikkei Asia reported that Apple has pushed back mass production of two new MacBook models from May or June to the second half of the year, which could be a factor in the potential launch delay. The ongoing global chip shortage could have something to do with it. The new MacBook Pro models are expected to be powered by an improved iteration of Apple&#039;s own M1 chip. In case Apple has problems producing notebook-sized mini-LED displays, Apple could certainly update the existing MacBook Pro with Apple silicon this year as a stopgap measure. It remains unclear whether the company would take that step. (Photo by Dorieugene \/ Bigstockphoto)<\/p>\n\n\n\n<ul class=\"wp-block-list\"><li><a href=\"https:\/\/www.apfelpatient.de\/en\/news\/while-stocks-last-magic-accessories-in-space-gray-will-be-discontinued\">While supplies last: Magic accessories in space gray will be discontinued<\/a><\/li><\/ul>\n\n\n\n<h6 class=\"wp-block-heading translation-block\" id=\"h-kennt-ihr-schon-unsere-amazon-storefront-dort-findet-ihr-eine-handverlesene-auswahl-von-diversen-produkten-f-r-euer-iphone-und-co-viel-spa-beim-st-bern\"><em>Have you already visited our Amazon Storefront? There you&#039;ll find a hand-picked selection of various products for your iPhone and other devices \u2013 <span class=\"has-inline-color has-vivid-red-color\"><a href=\"https:\/\/www.amazon.de\/shop\/apfelpatientofficial\" class=\"ek-link\" data-wpel-link=\"exclude\" rel=\"follow noopener\" target=\"_self\"><span style=\"text-decoration: underline\" class=\"ek-underline\">enjoy browsing<\/span><\/a> !<\/span><\/em><\/h6>\n\n\n\n<h6 class=\"wp-block-heading translation-block\" id=\"h-der-beitrag-enthalt-partnerlinks\">This post contains <a data-type=\"URL\" data-id=\"https:\/\/www.apfelpatient.de\/partnerprogramm\" href=\"https:\/\/www.apfelpatient.de\/en\/partner-program\" data-wpel-link=\"internal\" target=\"_self\">affiliate links<\/a>.<\/h6>","protected":false},"excerpt":{"rendered":"<p>Later than expected? Apple is rumored to be planning to introduce redesigned 14- and 16-inch MacBook Pro models with mini-LED displays.<\/p>","protected":false},"author":2,"featured_media":22440,"comment_status":"closed","ping_status":"closed","sticky":false,"template":"","format":"standard","meta":{"jnews-multi-image_gallery":[],"jnews_single_post":{"subtitle":"","format":"standard","video":"","gallery":"","source_name":"","source_url":"","via_name":"","via_url":"","override":[{"single_blog_custom":"","sidebar":"","second_sidebar":"","share_position":"","share_float_style":"","post_date_format":"","post_date_format_custom":"","post_reading_time_wpm":"","zoom_button_out_step":"1","zoom_button_in_step":"1","number_popup_post":"1"}],"image_override":[{"single_post_thumbnail_size":"","single_post_gallery_size":""}],"trending_post_position":"","trending_post_label":"","sponsored_post_label":"","sponsored_post_name":"","sponsored_post_url":"","sponsored_post_logo":"","sponsored_post_desc":""},"jnews_primary_category":{"id":"25"},"footnotes":""},"categories":[25],"tags":[40],"class_list":["post-22441","post","type-post","status-publish","format-standard","has-post-thumbnail","hentry","category-rumors","tag-mac"],"yoast_head":"<!-- This site is optimized with the Yoast SEO Premium plugin v27.5 (Yoast SEO v27.5) - https:\/\/yoast.com\/product\/yoast-seo-premium-wordpress\/ -->\n<title>MacBooks mit Mini-LED-Display k\u00f6nnten sich versp\u00e4ten Apfelpatient<\/title>\n<meta name=\"description\" content=\"Sp\u00e4ter als erwartet? Apple plant Ger\u00fcchten zufolge neu gestaltete 14- und 16-Zoll-MacBook Pro-Modelle mit Mini-LED-Displays vorzustellen.\" \/>\n<meta name=\"robots\" content=\"index, follow, max-snippet:-1, max-image-preview:large, max-video-preview:-1\" \/>\n<link rel=\"canonical\" href=\"https:\/\/www.apfelpatient.de\/en\/rumors\/macbooks-with-mini-led-display-could-be-delayed\" \/>\n<meta property=\"og:locale\" content=\"en_US\" \/>\n<meta property=\"og:type\" content=\"article\" \/>\n<meta property=\"og:title\" content=\"MacBooks mit Mini-LED-Display k\u00f6nnten sich versp\u00e4ten\" \/>\n<meta property=\"og:description\" content=\"Sp\u00e4ter als erwartet? Apple plant Ger\u00fcchten zufolge neu gestaltete 14- und 16-Zoll-MacBook Pro-Modelle mit Mini-LED-Displays vorzustellen.\" \/>\n<meta property=\"og:url\" content=\"https:\/\/www.apfelpatient.de\/en\/rumors\/macbooks-with-mini-led-display-could-be-delayed\" \/>\n<meta property=\"og:site_name\" content=\"Apfelpatient\" \/>\n<meta property=\"article:publisher\" content=\"https:\/\/www.facebook.com\/apfelpatientOfficial\" \/>\n<meta property=\"article:author\" content=\"https:\/\/www.facebook.com\/apfelpatientOfficial\" \/>\n<meta property=\"article:published_time\" content=\"2021-05-17T14:59:22+00:00\" \/>\n<meta property=\"og:image\" content=\"https:\/\/www.apfelpatient.de\/wp-content\/uploads\/2021\/05\/bigstock-Saint-petersburg-Russia-411026761.jpg\" \/>\n\t<meta property=\"og:image:width\" content=\"1600\" \/>\n\t<meta property=\"og:image:height\" content=\"1067\" \/>\n\t<meta property=\"og:image:type\" content=\"image\/jpeg\" \/>\n<meta name=\"author\" content=\"Milan\" \/>\n<meta name=\"twitter:card\" content=\"summary_large_image\" \/>\n<meta name=\"twitter:description\" content=\"Sp\u00e4ter als erwartet? Apple plant Ger\u00fcchten zufolge neu gestaltete 14- und 16-Zoll-MacBook Pro-Modelle mit Mini-LED-Displays vorzustellen.\" \/>\n<meta name=\"twitter:label1\" content=\"Written by\" \/>\n\t<meta name=\"twitter:data1\" content=\"Milan\" \/>\n\t<meta name=\"twitter:label2\" content=\"Est. reading time\" \/>\n\t<meta name=\"twitter:data2\" content=\"2 minutes\" \/>\n<script type=\"application\/ld+json\" class=\"yoast-schema-graph\">{\"@context\":\"https:\\\/\\\/schema.org\",\"@graph\":[{\"@type\":\"NewsArticle\",\"@id\":\"https:\\\/\\\/www.apfelpatient.de\\\/rumors\\\/macbooks-mit-mini-led-display-koennten-sich-verspaeten#article\",\"isPartOf\":{\"@id\":\"https:\\\/\\\/www.apfelpatient.de\\\/rumors\\\/macbooks-mit-mini-led-display-koennten-sich-verspaeten\"},\"author\":{\"@type\":\"Organization\",\"@id\":\"https:\\\/\\\/www.apfelpatient.de\\\/en\\\/#organization\",\"name\":\"Apfelpatient\",\"url\":\"https:\\\/\\\/www.apfelpatient.de\\\/en\\\/\"},\"headline\":\"MacBooks mit Mini-LED-Display k\u00f6nnten sich versp\u00e4ten\",\"datePublished\":\"2021-05-17T14:59:22+00:00\",\"mainEntityOfPage\":{\"@id\":\"https:\\\/\\\/www.apfelpatient.de\\\/rumors\\\/macbooks-mit-mini-led-display-koennten-sich-verspaeten\"},\"wordCount\":317,\"publisher\":{\"@type\":\"Organization\",\"@id\":\"https:\\\/\\\/www.apfelpatient.de\\\/en\\\/#organization\",\"name\":\"Apfelpatient\",\"url\":\"https:\\\/\\\/www.apfelpatient.de\\\/en\\\/\"},\"image\":{\"@id\":\"https:\\\/\\\/www.apfelpatient.de\\\/rumors\\\/macbooks-mit-mini-led-display-koennten-sich-verspaeten#primaryimage\"},\"thumbnailUrl\":\"https:\\\/\\\/www.apfelpatient.de\\\/wp-content\\\/uploads\\\/2021\\\/05\\\/bigstock-Saint-petersburg-Russia-411026761.jpg\",\"keywords\":[\"Mac\"],\"articleSection\":\"Rumors\",\"inLanguage\":\"en-US\",\"copyrightYear\":\"2021\",\"copyrightHolder\":{\"@id\":\"https:\\\/\\\/www.apfelpatient.de\\\/en\\\/#organization\"}},{\"@type\":\"WebPage\",\"@id\":\"https:\\\/\\\/www.apfelpatient.de\\\/rumors\\\/macbooks-mit-mini-led-display-koennten-sich-verspaeten\",\"url\":\"https:\\\/\\\/www.apfelpatient.de\\\/rumors\\\/macbooks-mit-mini-led-display-koennten-sich-verspaeten\",\"name\":\"MacBooks mit Mini-LED-Display k\u00f6nnten sich versp\u00e4ten Apfelpatient\",\"isPartOf\":{\"@id\":\"https:\\\/\\\/www.apfelpatient.de\\\/#website\"},\"primaryImageOfPage\":{\"@id\":\"https:\\\/\\\/www.apfelpatient.de\\\/rumors\\\/macbooks-mit-mini-led-display-koennten-sich-verspaeten#primaryimage\"},\"image\":{\"@id\":\"https:\\\/\\\/www.apfelpatient.de\\\/rumors\\\/macbooks-mit-mini-led-display-koennten-sich-verspaeten#primaryimage\"},\"thumbnailUrl\":\"https:\\\/\\\/www.apfelpatient.de\\\/wp-content\\\/uploads\\\/2021\\\/05\\\/bigstock-Saint-petersburg-Russia-411026761.jpg\",\"datePublished\":\"2021-05-17T14:59:22+00:00\",\"description\":\"Sp\u00e4ter als erwartet? Apple plant Ger\u00fcchten zufolge neu gestaltete 14- und 16-Zoll-MacBook Pro-Modelle mit Mini-LED-Displays vorzustellen.\",\"breadcrumb\":{\"@id\":\"https:\\\/\\\/www.apfelpatient.de\\\/rumors\\\/macbooks-mit-mini-led-display-koennten-sich-verspaeten#breadcrumb\"},\"inLanguage\":\"en-US\",\"potentialAction\":[{\"@type\":\"ReadAction\",\"target\":[\"https:\\\/\\\/www.apfelpatient.de\\\/rumors\\\/macbooks-mit-mini-led-display-koennten-sich-verspaeten\"]}]},{\"@type\":\"ImageObject\",\"inLanguage\":\"en-US\",\"@id\":\"https:\\\/\\\/www.apfelpatient.de\\\/rumors\\\/macbooks-mit-mini-led-display-koennten-sich-verspaeten#primaryimage\",\"url\":\"https:\\\/\\\/www.apfelpatient.de\\\/wp-content\\\/uploads\\\/2021\\\/05\\\/bigstock-Saint-petersburg-Russia-411026761.jpg\",\"contentUrl\":\"https:\\\/\\\/www.apfelpatient.de\\\/wp-content\\\/uploads\\\/2021\\\/05\\\/bigstock-Saint-petersburg-Russia-411026761.jpg\",\"width\":1600,\"height\":1067,\"caption\":\"Saint-Petersburg, Russia - 03.03.2021: Beautiful girl, young woman freelancer is working on her laptop computer Apple MacBook Pro or Air, typing on keyboard. Freelance distant job, work concept.\"},{\"@type\":\"BreadcrumbList\",\"@id\":\"https:\\\/\\\/www.apfelpatient.de\\\/rumors\\\/macbooks-mit-mini-led-display-koennten-sich-verspaeten#breadcrumb\",\"itemListElement\":[{\"@type\":\"ListItem\",\"position\":1,\"name\":\"Startseite\",\"item\":\"https:\\\/\\\/www.apfelpatient.de\\\/\"},{\"@type\":\"ListItem\",\"position\":2,\"name\":\"MacBooks mit Mini-LED-Display k\u00f6nnten sich versp\u00e4ten\"}]},{\"@type\":\"WebSite\",\"@id\":\"https:\\\/\\\/www.apfelpatient.de\\\/#website\",\"url\":\"https:\\\/\\\/www.apfelpatient.de\\\/\",\"name\":\"Apfelpatient\",\"description\":\"Alles rund um Apple!\",\"publisher\":{\"@type\":\"Organization\",\"@id\":\"https:\\\/\\\/www.apfelpatient.de\\\/en\\\/#organization\",\"name\":\"Apfelpatient\",\"url\":\"https:\\\/\\\/www.apfelpatient.de\\\/en\\\/\"},\"alternateName\":\"Apfelpatient\",\"potentialAction\":[{\"@type\":\"SearchAction\",\"target\":{\"@type\":\"EntryPoint\",\"urlTemplate\":\"https:\\\/\\\/www.apfelpatient.de\\\/?s={search_term_string}\"},\"query-input\":{\"@type\":\"PropertyValueSpecification\",\"valueRequired\":true,\"valueName\":\"search_term_string\"}}],\"inLanguage\":\"en-US\"},{\"@type\":[\"Person\",\"Organization\"],\"@id\":\"https:\\\/\\\/www.apfelpatient.de\\\/#\\\/schema\\\/person\\\/7dc56ad6c8e9824b76d2c08d4c140e13\",\"name\":\"Milan\",\"logo\":{\"@id\":\"https:\\\/\\\/www.apfelpatient.de\\\/#\\\/schema\\\/person\\\/image\\\/\"},\"description\":\"Hallo und herzlich willkommen auf meinem Technik-Blog! Als gro\u00dfer Apple-Fan berichte ich hier \u00fcber alles, was mit Apple zu tun hat: von den neuesten News und spannenden Ger\u00fcchten \u00fcber hilfreiche Tipps und Tricks bis hin zu ausf\u00fchrlichen Produkttests. Wenn du genauso technikbegeistert bist wie ich, bist du hier genau richtig!\",\"sameAs\":[\"https:\\\/\\\/www.facebook.com\\\/apfelpatientOfficial\",\"https:\\\/\\\/www.linkedin.com\\\/in\\\/milan-jovicic-42aa0231b\"],\"url\":\"https:\\\/\\\/www.apfelpatient.de\\\/en\\\/author\\\/apfeladmin\"}]}<\/script>\n<!-- \/ Yoast SEO Premium plugin. -->","yoast_head_json":{"title":"MacBooks with mini-LED display could be delayed Apfelpatient","description":"Later than expected? Apple is rumored to be planning to introduce redesigned 14- and 16-inch MacBook Pro models with mini-LED displays.","robots":{"index":"index","follow":"follow","max-snippet":"max-snippet:-1","max-image-preview":"max-image-preview:large","max-video-preview":"max-video-preview:-1"},"canonical":"https:\/\/www.apfelpatient.de\/en\/rumors\/macbooks-with-mini-led-display-could-be-delayed","og_locale":"en_US","og_type":"article","og_title":"MacBooks mit Mini-LED-Display k\u00f6nnten sich versp\u00e4ten","og_description":"Sp\u00e4ter als erwartet? Apple plant Ger\u00fcchten zufolge neu gestaltete 14- und 16-Zoll-MacBook Pro-Modelle mit Mini-LED-Displays vorzustellen.","og_url":"https:\/\/www.apfelpatient.de\/en\/rumors\/macbooks-with-mini-led-display-could-be-delayed","og_site_name":"Apfelpatient","article_publisher":"https:\/\/www.facebook.com\/apfelpatientOfficial","article_author":"https:\/\/www.facebook.com\/apfelpatientOfficial","article_published_time":"2021-05-17T14:59:22+00:00","og_image":[{"width":1600,"height":1067,"url":"https:\/\/www.apfelpatient.de\/wp-content\/uploads\/2021\/05\/bigstock-Saint-petersburg-Russia-411026761.jpg","type":"image\/jpeg"}],"author":"Milan","twitter_card":"summary_large_image","twitter_description":"Sp\u00e4ter als erwartet? Apple plant Ger\u00fcchten zufolge neu gestaltete 14- und 16-Zoll-MacBook Pro-Modelle mit Mini-LED-Displays vorzustellen.","twitter_misc":{"Written by":"Milan","Est. reading time":"2 minutes"},"schema":{"@context":"https:\/\/schema.org","@graph":[{"@type":"NewsArticle","@id":"https:\/\/www.apfelpatient.de\/rumors\/macbooks-mit-mini-led-display-koennten-sich-verspaeten#article","isPartOf":{"@id":"https:\/\/www.apfelpatient.de\/rumors\/macbooks-mit-mini-led-display-koennten-sich-verspaeten"},"author":{"@type":"Organization","@id":"https:\/\/www.apfelpatient.de\/en\/#organization","name":"Apfelpatient","url":"https:\/\/www.apfelpatient.de\/en\/"},"headline":"MacBooks mit Mini-LED-Display k\u00f6nnten sich versp\u00e4ten","datePublished":"2021-05-17T14:59:22+00:00","mainEntityOfPage":{"@id":"https:\/\/www.apfelpatient.de\/rumors\/macbooks-mit-mini-led-display-koennten-sich-verspaeten"},"wordCount":317,"publisher":{"@type":"Organization","@id":"https:\/\/www.apfelpatient.de\/en\/#organization","name":"Apfelpatient","url":"https:\/\/www.apfelpatient.de\/en\/"},"image":{"@id":"https:\/\/www.apfelpatient.de\/rumors\/macbooks-mit-mini-led-display-koennten-sich-verspaeten#primaryimage"},"thumbnailUrl":"https:\/\/www.apfelpatient.de\/wp-content\/uploads\/2021\/05\/bigstock-Saint-petersburg-Russia-411026761.jpg","keywords":["Mac"],"articleSection":"Rumors","inLanguage":"en-US","copyrightYear":"2021","copyrightHolder":{"@id":"https:\/\/www.apfelpatient.de\/en\/#organization"}},{"@type":"WebPage","@id":"https:\/\/www.apfelpatient.de\/rumors\/macbooks-mit-mini-led-display-koennten-sich-verspaeten","url":"https:\/\/www.apfelpatient.de\/rumors\/macbooks-mit-mini-led-display-koennten-sich-verspaeten","name":"MacBooks with mini-LED display could be delayed Apfelpatient","isPartOf":{"@id":"https:\/\/www.apfelpatient.de\/#website"},"primaryImageOfPage":{"@id":"https:\/\/www.apfelpatient.de\/rumors\/macbooks-mit-mini-led-display-koennten-sich-verspaeten#primaryimage"},"image":{"@id":"https:\/\/www.apfelpatient.de\/rumors\/macbooks-mit-mini-led-display-koennten-sich-verspaeten#primaryimage"},"thumbnailUrl":"https:\/\/www.apfelpatient.de\/wp-content\/uploads\/2021\/05\/bigstock-Saint-petersburg-Russia-411026761.jpg","datePublished":"2021-05-17T14:59:22+00:00","description":"Later than expected? Apple is rumored to be planning to introduce redesigned 14- and 16-inch MacBook Pro models with mini-LED displays.","breadcrumb":{"@id":"https:\/\/www.apfelpatient.de\/rumors\/macbooks-mit-mini-led-display-koennten-sich-verspaeten#breadcrumb"},"inLanguage":"en-US","potentialAction":[{"@type":"ReadAction","target":["https:\/\/www.apfelpatient.de\/rumors\/macbooks-mit-mini-led-display-koennten-sich-verspaeten"]}]},{"@type":"ImageObject","inLanguage":"en-US","@id":"https:\/\/www.apfelpatient.de\/rumors\/macbooks-mit-mini-led-display-koennten-sich-verspaeten#primaryimage","url":"https:\/\/www.apfelpatient.de\/wp-content\/uploads\/2021\/05\/bigstock-Saint-petersburg-Russia-411026761.jpg","contentUrl":"https:\/\/www.apfelpatient.de\/wp-content\/uploads\/2021\/05\/bigstock-Saint-petersburg-Russia-411026761.jpg","width":1600,"height":1067,"caption":"Saint-Petersburg, Russia - 03.03.2021: Beautiful girl, young woman freelancer is working on her laptop computer Apple MacBook Pro or Air, typing on keyboard. Freelance distant job, work concept."},{"@type":"BreadcrumbList","@id":"https:\/\/www.apfelpatient.de\/rumors\/macbooks-mit-mini-led-display-koennten-sich-verspaeten#breadcrumb","itemListElement":[{"@type":"ListItem","position":1,"name":"Startseite","item":"https:\/\/www.apfelpatient.de\/"},{"@type":"ListItem","position":2,"name":"MacBooks mit Mini-LED-Display k\u00f6nnten sich versp\u00e4ten"}]},{"@type":"WebSite","@id":"https:\/\/www.apfelpatient.de\/#website","url":"https:\/\/www.apfelpatient.de\/","name":"apple patient","description":"Everything about Apple!","publisher":{"@type":"Organization","@id":"https:\/\/www.apfelpatient.de\/en\/#organization","name":"Apfelpatient","url":"https:\/\/www.apfelpatient.de\/en\/"},"alternateName":"Apfelpatient","potentialAction":[{"@type":"SearchAction","target":{"@type":"EntryPoint","urlTemplate":"https:\/\/www.apfelpatient.de\/?s={search_term_string}"},"query-input":{"@type":"PropertyValueSpecification","valueRequired":true,"valueName":"search_term_string"}}],"inLanguage":"en-US"},{"@type":["Person","Organization"],"@id":"https:\/\/www.apfelpatient.de\/#\/schema\/person\/7dc56ad6c8e9824b76d2c08d4c140e13","name":"Milan","logo":{"@id":"https:\/\/www.apfelpatient.de\/#\/schema\/person\/image\/"},"description":"Hello and welcome to my technology blog! As a big Apple fan, I report on everything to do with Apple: from the latest news and exciting rumors to helpful tips and tricks and detailed product tests. If you are as enthusiastic about technology as I am, you have come to the right place!","sameAs":["https:\/\/www.facebook.com\/apfelpatientOfficial","https:\/\/www.linkedin.com\/in\/milan-jovicic-42aa0231b"],"url":"https:\/\/www.apfelpatient.de\/en\/author\/apfeladmin"}]}},"_links":{"self":[{"href":"https:\/\/www.apfelpatient.de\/en\/wp-json\/wp\/v2\/posts\/22441","targetHints":{"allow":["GET"]}}],"collection":[{"href":"https:\/\/www.apfelpatient.de\/en\/wp-json\/wp\/v2\/posts"}],"about":[{"href":"https:\/\/www.apfelpatient.de\/en\/wp-json\/wp\/v2\/types\/post"}],"author":[{"embeddable":true,"href":"https:\/\/www.apfelpatient.de\/en\/wp-json\/wp\/v2\/users\/2"}],"replies":[{"embeddable":true,"href":"https:\/\/www.apfelpatient.de\/en\/wp-json\/wp\/v2\/comments?post=22441"}],"version-history":[{"count":0,"href":"https:\/\/www.apfelpatient.de\/en\/wp-json\/wp\/v2\/posts\/22441\/revisions"}],"wp:featuredmedia":[{"embeddable":true,"href":"https:\/\/www.apfelpatient.de\/en\/wp-json\/wp\/v2\/media\/22440"}],"wp:attachment":[{"href":"https:\/\/www.apfelpatient.de\/en\/wp-json\/wp\/v2\/media?parent=22441"}],"wp:term":[{"taxonomy":"category","embeddable":true,"href":"https:\/\/www.apfelpatient.de\/en\/wp-json\/wp\/v2\/categories?post=22441"},{"taxonomy":"post_tag","embeddable":true,"href":"https:\/\/www.apfelpatient.de\/en\/wp-json\/wp\/v2\/tags?post=22441"}],"curies":[{"name":"wp","href":"https:\/\/api.w.org\/{rel}","templated":true}]}}