{"id":22411,"date":"2021-05-17T14:43:14","date_gmt":"2021-05-17T12:43:14","guid":{"rendered":"https:\/\/www.apfelpatient.de\/?p=22411"},"modified":"2024-05-22T20:01:43","modified_gmt":"2024-05-22T18:01:43","slug":"apple-vs-epic-tim-cook-practices-with-former-prosecutors","status":"publish","type":"post","link":"https:\/\/www.apfelpatient.de\/en\/rumors\/apple-vs-epic-tim-cook-uebt-mit-ehemaligen-staatsanwaelten","title":{"rendered":"Apple vs. Epic: Tim Cook practices with former prosecutors"},"content":{"rendered":"<p class=\"has-drop-cap\"><strong>As Epic Games&#039; trial against Apple enters its third and final week, Apple CEO Tim Cook is reportedly spending hours a day practicing his testimony with former prosecutors.<\/strong><\/p>\n\n\n\n<p>In the final stages of Epic Games&#039; trial against Apple, both sides will likely bring out their best witnesses and arguments in an effort to reach a strong conclusion. In Apple&#039;s case, that effort will likely include an appearance by Tim Cook. As Apple&#039;s figurehead, Cook will likely have to answer tough questions and claims from Epic&#039;s lawyers as he tries to convince the court that Apple is not operating a monopoly with its App Store. Although he is well-versed in public appearances and has testified before Congress, Cook has apparently done some homework before appearing in court.<\/p>\n\n\n\n<h3 class=\"wp-block-heading\" id=\"h-tim-cook-zeugenstand-wird-simuliert\">Tim Cook: Witness stand is simulated<\/h3>\n\n\n\n\n\n\n\n<p>The Apple CEO is said to <a href=\"https:\/\/www.wsj.com\/articles\/apple-set-to-call-tim-cook-soon-to-witness-stand-to-fight-monopoly-claims-11621245604\" target=\"_blank\" rel=\"noreferrer noopener nofollow\">loud<\/a> Sources told the Wall Street Journal that he has prepared for his appearance by taking practice rounds with former prosecutors selected by his legal team to simulate the expected experience on the witness stand. Apple has already told the court that Cook will speak about the company&#039;s core values, as well as other topics about competition and how it operates. Cook is also expected to speak about the economic benefits of the App Store&#039;s existence for developers and that Epic&#039;s lawsuit is an attempt to get a better deal for itself from Apple rather than for altruistic goals. (Image: Apple)<\/p>\n\n\n\n<ul class=\"wp-block-list\"><li><a href=\"https:\/\/www.apfelpatient.de\/en\/news\/apple-vs-epic-lawsuit-reveals-details-of-app-store-review-process\">Apple vs. Epic: Case reveals details of App Store review process<\/a><\/li><\/ul>\n\n\n\n<h6 class=\"wp-block-heading translation-block\" id=\"h-kennt-ihr-schon-unsere-amazon-storefront-dort-findet-ihr-eine-handverlesene-auswahl-von-diversen-produkten-f-r-euer-iphone-und-co-viel-spa-beim-st-bern\"><em>Have you already visited our Amazon Storefront? There you&#039;ll find a hand-picked selection of various products for your iPhone and other devices \u2013 <span class=\"has-inline-color has-vivid-red-color\"><a href=\"https:\/\/www.amazon.de\/shop\/apfelpatientofficial\" class=\"ek-link\" data-wpel-link=\"exclude\" rel=\"follow noopener\" target=\"_self\"><span style=\"text-decoration: underline\" class=\"ek-underline\">enjoy browsing<\/span><\/a> !<\/span><\/em><\/h6>\n\n\n\n<h6 class=\"wp-block-heading translation-block\" id=\"h-der-beitrag-enthalt-partnerlinks\">This post contains <a data-type=\"URL\" data-id=\"https:\/\/www.apfelpatient.de\/partnerprogramm\" href=\"https:\/\/www.apfelpatient.de\/en\/partner-program\" data-wpel-link=\"internal\" target=\"_self\">affiliate links<\/a>.<\/h6>","protected":false},"excerpt":{"rendered":"<p>According to a source, Tim Cook prepared for his appearance by doing practice rounds with former prosecutors.<\/p>","protected":false},"author":2,"featured_media":22410,"comment_status":"closed","ping_status":"closed","sticky":false,"template":"","format":"standard","meta":{"jnews-multi-image_gallery":[],"jnews_single_post":{"subtitle":"","format":"standard","video":"","gallery":"","source_name":"","source_url":"","via_name":"","via_url":"","override_template":"0","override":[{"template":"4","single_blog_custom":"","parallax":"1","fullscreen":"1","layout":"right-sidebar","sidebar":"","second_sidebar":"","sticky_sidebar":"1","share_position":"","share_float_style":"","show_share_counter":"0","show_view_counter":"0","show_featured":"1","show_post_meta":"1","show_post_author":"1","show_post_author_image":"1","show_post_date":"1","post_date_format":"","post_date_format_custom":"","show_post_category":"1","show_post_reading_time":"0","post_reading_time_wpm":"","show_zoom_button":"0","zoom_button_out_step":"1","zoom_button_in_step":"1","show_post_tag":"1","show_prev_next_post":"1","show_popup_post":"1","number_popup_post":"1","show_author_box":"0","show_post_related":"0","show_inline_post_related":"0"}],"override_image_size":"0","image_override":[{"single_post_thumbnail_size":"","single_post_gallery_size":""}],"trending_post":"0","trending_post_position":"","trending_post_label":"","sponsored_post":"0","sponsored_post_label":"","sponsored_post_name":"","sponsored_post_url":"","sponsored_post_logo_enable":"0","sponsored_post_logo":"","sponsored_post_desc":"","disable_ad":"0"},"jnews_primary_category":{"id":"25","hide":""},"footnotes":""},"categories":[25],"tags":[6,13],"class_list":["post-22411","post","type-post","status-publish","format-standard","has-post-thumbnail","hentry","category-rumors","tag-app-store","tag-techpatient"],"yoast_head":"<!-- This site is optimized with the Yoast SEO Premium plugin v27.5 (Yoast SEO v27.5) - https:\/\/yoast.com\/product\/yoast-seo-premium-wordpress\/ -->\n<title>Apple vs. Epic: Tim Cook \u00fcbt mit ehemaligen Staatsanw\u00e4lten Apfelpatient<\/title>\n<meta name=\"description\" content=\"Tim Cook soll sich laut einer Quelle auf seinen Auftritt vorbereitet haben, indem er \u00dcbungsrunden mit ehemaligen Staatsanw\u00e4lten unternahm.\" \/>\n<meta name=\"robots\" content=\"index, follow, max-snippet:-1, max-image-preview:large, max-video-preview:-1\" \/>\n<link rel=\"canonical\" href=\"https:\/\/www.apfelpatient.de\/en\/rumors\/apple-vs-epic-tim-cook-practices-with-former-prosecutors\" \/>\n<meta property=\"og:locale\" content=\"en_US\" \/>\n<meta property=\"og:type\" content=\"article\" \/>\n<meta property=\"og:title\" content=\"Apple vs. Epic: Tim Cook \u00fcbt mit ehemaligen Staatsanw\u00e4lten\" \/>\n<meta property=\"og:description\" content=\"Tim Cook soll sich laut einer Quelle auf seinen Auftritt vorbereitet haben, indem er \u00dcbungsrunden mit ehemaligen Staatsanw\u00e4lten unternahm.\" \/>\n<meta property=\"og:url\" content=\"https:\/\/www.apfelpatient.de\/en\/rumors\/apple-vs-epic-tim-cook-practices-with-former-prosecutors\" \/>\n<meta property=\"og:site_name\" content=\"Apfelpatient\" \/>\n<meta property=\"article:publisher\" content=\"https:\/\/www.facebook.com\/apfelpatientOfficial\" \/>\n<meta property=\"article:author\" content=\"https:\/\/www.facebook.com\/apfelpatientOfficial\" \/>\n<meta property=\"article:published_time\" content=\"2021-05-17T12:43:14+00:00\" \/>\n<meta property=\"article:modified_time\" content=\"2024-05-22T18:01:43+00:00\" \/>\n<meta property=\"og:image\" content=\"https:\/\/www.apfelpatient.de\/wp-content\/uploads\/2021\/05\/Apple_Keynote-Event_Tim-Cook_091019.jpg\" \/>\n\t<meta property=\"og:image:width\" content=\"1600\" \/>\n\t<meta property=\"og:image:height\" content=\"1032\" \/>\n\t<meta property=\"og:image:type\" content=\"image\/jpeg\" \/>\n<meta name=\"author\" content=\"Milan\" \/>\n<meta name=\"twitter:card\" content=\"summary_large_image\" \/>\n<meta name=\"twitter:description\" content=\"Tim Cook soll sich laut einer Quelle auf seinen Auftritt vorbereitet haben, indem er \u00dcbungsrunden mit ehemaligen Staatsanw\u00e4lten unternahm.\" \/>\n<meta name=\"twitter:label1\" content=\"Written by\" \/>\n\t<meta name=\"twitter:data1\" content=\"Milan\" \/>\n\t<meta name=\"twitter:label2\" content=\"Est. reading time\" \/>\n\t<meta name=\"twitter:data2\" content=\"5 minutes\" \/>\n<script type=\"application\/ld+json\" class=\"yoast-schema-graph\">{\"@context\":\"https:\\\/\\\/schema.org\",\"@graph\":[{\"@type\":\"NewsArticle\",\"@id\":\"https:\\\/\\\/www.apfelpatient.de\\\/rumors\\\/apple-vs-epic-tim-cook-uebt-mit-ehemaligen-staatsanwaelten#article\",\"isPartOf\":{\"@id\":\"https:\\\/\\\/www.apfelpatient.de\\\/rumors\\\/apple-vs-epic-tim-cook-uebt-mit-ehemaligen-staatsanwaelten\"},\"author\":{\"@type\":\"Organization\",\"@id\":\"https:\\\/\\\/www.apfelpatient.de\\\/en\\\/#organization\",\"name\":\"Apfelpatient\",\"url\":\"https:\\\/\\\/www.apfelpatient.de\\\/en\\\/\"},\"headline\":\"Apple vs. Epic: Tim Cook \u00fcbt mit ehemaligen Staatsanw\u00e4lten\",\"datePublished\":\"2021-05-17T12:43:14+00:00\",\"dateModified\":\"2024-05-22T18:01:43+00:00\",\"mainEntityOfPage\":{\"@id\":\"https:\\\/\\\/www.apfelpatient.de\\\/rumors\\\/apple-vs-epic-tim-cook-uebt-mit-ehemaligen-staatsanwaelten\"},\"wordCount\":277,\"publisher\":{\"@type\":\"Organization\",\"@id\":\"https:\\\/\\\/www.apfelpatient.de\\\/en\\\/#organization\",\"name\":\"Apfelpatient\",\"url\":\"https:\\\/\\\/www.apfelpatient.de\\\/en\\\/\"},\"image\":{\"@id\":\"https:\\\/\\\/www.apfelpatient.de\\\/rumors\\\/apple-vs-epic-tim-cook-uebt-mit-ehemaligen-staatsanwaelten#primaryimage\"},\"thumbnailUrl\":\"https:\\\/\\\/www.apfelpatient.de\\\/wp-content\\\/uploads\\\/2021\\\/05\\\/Apple_Keynote-Event_Tim-Cook_091019.jpg\",\"keywords\":[\"App Store\",\"TechPatient\"],\"articleSection\":\"Rumors\",\"inLanguage\":\"en-US\",\"copyrightYear\":\"2021\",\"copyrightHolder\":{\"@id\":\"https:\\\/\\\/www.apfelpatient.de\\\/en\\\/#organization\"}},{\"@type\":\"WebPage\",\"@id\":\"https:\\\/\\\/www.apfelpatient.de\\\/rumors\\\/apple-vs-epic-tim-cook-uebt-mit-ehemaligen-staatsanwaelten\",\"url\":\"https:\\\/\\\/www.apfelpatient.de\\\/rumors\\\/apple-vs-epic-tim-cook-uebt-mit-ehemaligen-staatsanwaelten\",\"name\":\"Apple vs. Epic: Tim Cook \u00fcbt mit ehemaligen Staatsanw\u00e4lten Apfelpatient\",\"isPartOf\":{\"@id\":\"https:\\\/\\\/www.apfelpatient.de\\\/#website\"},\"primaryImageOfPage\":{\"@id\":\"https:\\\/\\\/www.apfelpatient.de\\\/rumors\\\/apple-vs-epic-tim-cook-uebt-mit-ehemaligen-staatsanwaelten#primaryimage\"},\"image\":{\"@id\":\"https:\\\/\\\/www.apfelpatient.de\\\/rumors\\\/apple-vs-epic-tim-cook-uebt-mit-ehemaligen-staatsanwaelten#primaryimage\"},\"thumbnailUrl\":\"https:\\\/\\\/www.apfelpatient.de\\\/wp-content\\\/uploads\\\/2021\\\/05\\\/Apple_Keynote-Event_Tim-Cook_091019.jpg\",\"datePublished\":\"2021-05-17T12:43:14+00:00\",\"dateModified\":\"2024-05-22T18:01:43+00:00\",\"description\":\"Tim Cook soll sich laut einer Quelle auf seinen Auftritt vorbereitet haben, indem er \u00dcbungsrunden mit ehemaligen Staatsanw\u00e4lten unternahm.\",\"breadcrumb\":{\"@id\":\"https:\\\/\\\/www.apfelpatient.de\\\/rumors\\\/apple-vs-epic-tim-cook-uebt-mit-ehemaligen-staatsanwaelten#breadcrumb\"},\"inLanguage\":\"en-US\",\"potentialAction\":[{\"@type\":\"ReadAction\",\"target\":[\"https:\\\/\\\/www.apfelpatient.de\\\/rumors\\\/apple-vs-epic-tim-cook-uebt-mit-ehemaligen-staatsanwaelten\"]}]},{\"@type\":\"ImageObject\",\"inLanguage\":\"en-US\",\"@id\":\"https:\\\/\\\/www.apfelpatient.de\\\/rumors\\\/apple-vs-epic-tim-cook-uebt-mit-ehemaligen-staatsanwaelten#primaryimage\",\"url\":\"https:\\\/\\\/www.apfelpatient.de\\\/wp-content\\\/uploads\\\/2021\\\/05\\\/Apple_Keynote-Event_Tim-Cook_091019.jpg\",\"contentUrl\":\"https:\\\/\\\/www.apfelpatient.de\\\/wp-content\\\/uploads\\\/2021\\\/05\\\/Apple_Keynote-Event_Tim-Cook_091019.jpg\",\"width\":1600,\"height\":1032,\"caption\":\"Bild: Apple\"},{\"@type\":\"BreadcrumbList\",\"@id\":\"https:\\\/\\\/www.apfelpatient.de\\\/rumors\\\/apple-vs-epic-tim-cook-uebt-mit-ehemaligen-staatsanwaelten#breadcrumb\",\"itemListElement\":[{\"@type\":\"ListItem\",\"position\":1,\"name\":\"Startseite\",\"item\":\"https:\\\/\\\/www.apfelpatient.de\\\/\"},{\"@type\":\"ListItem\",\"position\":2,\"name\":\"Apple vs. Epic: Tim Cook \u00fcbt mit ehemaligen Staatsanw\u00e4lten\"}]},{\"@type\":\"WebSite\",\"@id\":\"https:\\\/\\\/www.apfelpatient.de\\\/#website\",\"url\":\"https:\\\/\\\/www.apfelpatient.de\\\/\",\"name\":\"Apfelpatient\",\"description\":\"Alles rund um Apple!\",\"publisher\":{\"@type\":\"Organization\",\"@id\":\"https:\\\/\\\/www.apfelpatient.de\\\/en\\\/#organization\",\"name\":\"Apfelpatient\",\"url\":\"https:\\\/\\\/www.apfelpatient.de\\\/en\\\/\"},\"alternateName\":\"Apfelpatient\",\"potentialAction\":[{\"@type\":\"SearchAction\",\"target\":{\"@type\":\"EntryPoint\",\"urlTemplate\":\"https:\\\/\\\/www.apfelpatient.de\\\/?s={search_term_string}\"},\"query-input\":{\"@type\":\"PropertyValueSpecification\",\"valueRequired\":true,\"valueName\":\"search_term_string\"}}],\"inLanguage\":\"en-US\"},{\"@type\":[\"Person\",\"Organization\"],\"@id\":\"https:\\\/\\\/www.apfelpatient.de\\\/#\\\/schema\\\/person\\\/35b3ddba5832f2bfc7fff5206d4f6b7b\",\"name\":\"Milan\",\"logo\":{\"@id\":\"https:\\\/\\\/www.apfelpatient.de\\\/#\\\/schema\\\/person\\\/image\\\/\"},\"description\":\"Hallo und herzlich willkommen auf meinem Technik-Blog! Als gro\u00dfer Apple-Fan berichte ich hier \u00fcber alles, was mit Apple zu tun hat: von den neuesten News und spannenden Ger\u00fcchten \u00fcber hilfreiche Tipps und Tricks bis hin zu ausf\u00fchrlichen Produkttests. Wenn du genauso technikbegeistert bist wie ich, bist du hier genau richtig!\",\"sameAs\":[\"https:\\\/\\\/www.facebook.com\\\/apfelpatientOfficial\",\"https:\\\/\\\/www.linkedin.com\\\/in\\\/milan-jovicic-42aa0231b\"],\"url\":\"https:\\\/\\\/www.apfelpatient.de\\\/en\\\/author\\\/apfeladmin\"}]}<\/script>\n<!-- \/ Yoast SEO Premium plugin. -->","yoast_head_json":{"title":"Apple vs. Epic: Tim Cook practices with former prosecutors Apfelpatient","description":"According to a source, Tim Cook prepared for his appearance by doing practice rounds with former prosecutors.","robots":{"index":"index","follow":"follow","max-snippet":"max-snippet:-1","max-image-preview":"max-image-preview:large","max-video-preview":"max-video-preview:-1"},"canonical":"https:\/\/www.apfelpatient.de\/en\/rumors\/apple-vs-epic-tim-cook-practices-with-former-prosecutors","og_locale":"en_US","og_type":"article","og_title":"Apple vs. Epic: Tim Cook \u00fcbt mit ehemaligen Staatsanw\u00e4lten","og_description":"Tim Cook soll sich laut einer Quelle auf seinen Auftritt vorbereitet haben, indem er \u00dcbungsrunden mit ehemaligen Staatsanw\u00e4lten unternahm.","og_url":"https:\/\/www.apfelpatient.de\/en\/rumors\/apple-vs-epic-tim-cook-practices-with-former-prosecutors","og_site_name":"Apfelpatient","article_publisher":"https:\/\/www.facebook.com\/apfelpatientOfficial","article_author":"https:\/\/www.facebook.com\/apfelpatientOfficial","article_published_time":"2021-05-17T12:43:14+00:00","article_modified_time":"2024-05-22T18:01:43+00:00","og_image":[{"width":1600,"height":1032,"url":"https:\/\/www.apfelpatient.de\/wp-content\/uploads\/2021\/05\/Apple_Keynote-Event_Tim-Cook_091019.jpg","type":"image\/jpeg"}],"author":"Milan","twitter_card":"summary_large_image","twitter_description":"Tim Cook soll sich laut einer Quelle auf seinen Auftritt vorbereitet haben, indem er \u00dcbungsrunden mit ehemaligen Staatsanw\u00e4lten unternahm.","twitter_misc":{"Written by":"Milan","Est. reading time":"5 minutes"},"schema":{"@context":"https:\/\/schema.org","@graph":[{"@type":"NewsArticle","@id":"https:\/\/www.apfelpatient.de\/rumors\/apple-vs-epic-tim-cook-uebt-mit-ehemaligen-staatsanwaelten#article","isPartOf":{"@id":"https:\/\/www.apfelpatient.de\/rumors\/apple-vs-epic-tim-cook-uebt-mit-ehemaligen-staatsanwaelten"},"author":{"@type":"Organization","@id":"https:\/\/www.apfelpatient.de\/en\/#organization","name":"Apfelpatient","url":"https:\/\/www.apfelpatient.de\/en\/"},"headline":"Apple vs. Epic: Tim Cook \u00fcbt mit ehemaligen Staatsanw\u00e4lten","datePublished":"2021-05-17T12:43:14+00:00","dateModified":"2024-05-22T18:01:43+00:00","mainEntityOfPage":{"@id":"https:\/\/www.apfelpatient.de\/rumors\/apple-vs-epic-tim-cook-uebt-mit-ehemaligen-staatsanwaelten"},"wordCount":277,"publisher":{"@type":"Organization","@id":"https:\/\/www.apfelpatient.de\/en\/#organization","name":"Apfelpatient","url":"https:\/\/www.apfelpatient.de\/en\/"},"image":{"@id":"https:\/\/www.apfelpatient.de\/rumors\/apple-vs-epic-tim-cook-uebt-mit-ehemaligen-staatsanwaelten#primaryimage"},"thumbnailUrl":"https:\/\/www.apfelpatient.de\/wp-content\/uploads\/2021\/05\/Apple_Keynote-Event_Tim-Cook_091019.jpg","keywords":["App Store","TechPatient"],"articleSection":"Rumors","inLanguage":"en-US","copyrightYear":"2021","copyrightHolder":{"@id":"https:\/\/www.apfelpatient.de\/en\/#organization"}},{"@type":"WebPage","@id":"https:\/\/www.apfelpatient.de\/rumors\/apple-vs-epic-tim-cook-uebt-mit-ehemaligen-staatsanwaelten","url":"https:\/\/www.apfelpatient.de\/rumors\/apple-vs-epic-tim-cook-uebt-mit-ehemaligen-staatsanwaelten","name":"Apple vs. Epic: Tim Cook practices with former prosecutors Apfelpatient","isPartOf":{"@id":"https:\/\/www.apfelpatient.de\/#website"},"primaryImageOfPage":{"@id":"https:\/\/www.apfelpatient.de\/rumors\/apple-vs-epic-tim-cook-uebt-mit-ehemaligen-staatsanwaelten#primaryimage"},"image":{"@id":"https:\/\/www.apfelpatient.de\/rumors\/apple-vs-epic-tim-cook-uebt-mit-ehemaligen-staatsanwaelten#primaryimage"},"thumbnailUrl":"https:\/\/www.apfelpatient.de\/wp-content\/uploads\/2021\/05\/Apple_Keynote-Event_Tim-Cook_091019.jpg","datePublished":"2021-05-17T12:43:14+00:00","dateModified":"2024-05-22T18:01:43+00:00","description":"According to a source, Tim Cook prepared for his appearance by doing practice rounds with former prosecutors.","breadcrumb":{"@id":"https:\/\/www.apfelpatient.de\/rumors\/apple-vs-epic-tim-cook-uebt-mit-ehemaligen-staatsanwaelten#breadcrumb"},"inLanguage":"en-US","potentialAction":[{"@type":"ReadAction","target":["https:\/\/www.apfelpatient.de\/rumors\/apple-vs-epic-tim-cook-uebt-mit-ehemaligen-staatsanwaelten"]}]},{"@type":"ImageObject","inLanguage":"en-US","@id":"https:\/\/www.apfelpatient.de\/rumors\/apple-vs-epic-tim-cook-uebt-mit-ehemaligen-staatsanwaelten#primaryimage","url":"https:\/\/www.apfelpatient.de\/wp-content\/uploads\/2021\/05\/Apple_Keynote-Event_Tim-Cook_091019.jpg","contentUrl":"https:\/\/www.apfelpatient.de\/wp-content\/uploads\/2021\/05\/Apple_Keynote-Event_Tim-Cook_091019.jpg","width":1600,"height":1032,"caption":"Bild: Apple"},{"@type":"BreadcrumbList","@id":"https:\/\/www.apfelpatient.de\/rumors\/apple-vs-epic-tim-cook-uebt-mit-ehemaligen-staatsanwaelten#breadcrumb","itemListElement":[{"@type":"ListItem","position":1,"name":"Startseite","item":"https:\/\/www.apfelpatient.de\/"},{"@type":"ListItem","position":2,"name":"Apple vs. Epic: Tim Cook \u00fcbt mit ehemaligen Staatsanw\u00e4lten"}]},{"@type":"WebSite","@id":"https:\/\/www.apfelpatient.de\/#website","url":"https:\/\/www.apfelpatient.de\/","name":"apple patient","description":"Everything about Apple!","publisher":{"@type":"Organization","@id":"https:\/\/www.apfelpatient.de\/en\/#organization","name":"Apfelpatient","url":"https:\/\/www.apfelpatient.de\/en\/"},"alternateName":"Apfelpatient","potentialAction":[{"@type":"SearchAction","target":{"@type":"EntryPoint","urlTemplate":"https:\/\/www.apfelpatient.de\/?s={search_term_string}"},"query-input":{"@type":"PropertyValueSpecification","valueRequired":true,"valueName":"search_term_string"}}],"inLanguage":"en-US"},{"@type":["Person","Organization"],"@id":"https:\/\/www.apfelpatient.de\/#\/schema\/person\/35b3ddba5832f2bfc7fff5206d4f6b7b","name":"Milan","logo":{"@id":"https:\/\/www.apfelpatient.de\/#\/schema\/person\/image\/"},"description":"Hello and welcome to my technology blog! As a big Apple fan, I report on everything to do with Apple: from the latest news and exciting rumors to helpful tips and tricks and detailed product tests. If you are as enthusiastic about technology as I am, you have come to the right place!","sameAs":["https:\/\/www.facebook.com\/apfelpatientOfficial","https:\/\/www.linkedin.com\/in\/milan-jovicic-42aa0231b"],"url":"https:\/\/www.apfelpatient.de\/en\/author\/apfeladmin"}]}},"_links":{"self":[{"href":"https:\/\/www.apfelpatient.de\/en\/wp-json\/wp\/v2\/posts\/22411","targetHints":{"allow":["GET"]}}],"collection":[{"href":"https:\/\/www.apfelpatient.de\/en\/wp-json\/wp\/v2\/posts"}],"about":[{"href":"https:\/\/www.apfelpatient.de\/en\/wp-json\/wp\/v2\/types\/post"}],"author":[{"embeddable":true,"href":"https:\/\/www.apfelpatient.de\/en\/wp-json\/wp\/v2\/users\/2"}],"replies":[{"embeddable":true,"href":"https:\/\/www.apfelpatient.de\/en\/wp-json\/wp\/v2\/comments?post=22411"}],"version-history":[{"count":0,"href":"https:\/\/www.apfelpatient.de\/en\/wp-json\/wp\/v2\/posts\/22411\/revisions"}],"wp:featuredmedia":[{"embeddable":true,"href":"https:\/\/www.apfelpatient.de\/en\/wp-json\/wp\/v2\/media\/22410"}],"wp:attachment":[{"href":"https:\/\/www.apfelpatient.de\/en\/wp-json\/wp\/v2\/media?parent=22411"}],"wp:term":[{"taxonomy":"category","embeddable":true,"href":"https:\/\/www.apfelpatient.de\/en\/wp-json\/wp\/v2\/categories?post=22411"},{"taxonomy":"post_tag","embeddable":true,"href":"https:\/\/www.apfelpatient.de\/en\/wp-json\/wp\/v2\/tags?post=22411"}],"curies":[{"name":"wp","href":"https:\/\/api.w.org\/{rel}","templated":true}]}}