{"id":22374,"date":"2021-05-16T17:11:37","date_gmt":"2021-05-16T15:11:37","guid":{"rendered":"https:\/\/www.apfelpatient.de\/?p=22374"},"modified":"2021-05-16T17:11:37","modified_gmt":"2021-05-16T15:11:37","slug":"first-m1-ipad-pro-model-has-already-been-delivered","status":"publish","type":"post","link":"https:\/\/www.apfelpatient.de\/en\/news\/erstes-m1-ipad-pro-modell-wurde-bereits-ausgeliefert","title":{"rendered":"First M1 iPad Pro model has already been delivered"},"content":{"rendered":"<p class=\"has-drop-cap\"><strong>Some Apple customers may receive their orders for the M1-equipped iPad Pro earlier than expected, as at least one person has already received the 12.9-inch 5th generation model a week before the expected launch date.<\/strong><\/p>\n\n\n\n<p>The updated iPad Pro was announced as part of Apple&#039;s &quot;Spring Loaded&quot; special event, with widespread availability expected from May 21. However, one customer received his order a full week before the scheduled launch. In a post on Reddit&#039;s r\/iPad on Saturday, user &quot;PeterDragon50&quot; posted pictures of an iPad Pro he had picked up from a store. In the <a href=\"https:\/\/www.reddit.com\/r\/ipad\/comments\/nd76x3\/look_what_came_early_score_one_for_nfm\/\" target=\"_blank\" rel=\"noreferrer noopener\">Thread<\/a>, first reported by MacRumors <a href=\"https:\/\/www.macrumors.com\/2021\/05\/16\/m1-ipad-pro-arrives-early-for-customer\/\" target=\"_blank\" rel=\"noreferrer noopener\">discovered<\/a> It is alleged that the person was informed by retailer Nebraska Furniture Mart that their iPad Pro was ready for pickup. It is very likely that the order was mistakenly delivered much sooner than Apple desired.<\/p>\n\n\n\n<figure class=\"wp-block-image size-large\"><img decoding=\"async\" width=\"1024\" height=\"576\" src=\"https:\/\/www.apfelpatient.de\/wp-content\/uploads\/2021\/05\/deuppy9cbcz61-1024x576.jpg\" alt=\"M1 iPad Pro\" class=\"wp-image-22376\" srcset=\"https:\/\/www.apfelpatient.de\/wp-content\/uploads\/2021\/05\/deuppy9cbcz61-1024x576.jpg 1024w, https:\/\/www.apfelpatient.de\/wp-content\/uploads\/2021\/05\/deuppy9cbcz61-300x169.jpg 300w, https:\/\/www.apfelpatient.de\/wp-content\/uploads\/2021\/05\/deuppy9cbcz61-768x432.jpg 768w, https:\/\/www.apfelpatient.de\/wp-content\/uploads\/2021\/05\/deuppy9cbcz61-1536x864.jpg 1536w, https:\/\/www.apfelpatient.de\/wp-content\/uploads\/2021\/05\/deuppy9cbcz61-2048x1152.jpg 2048w, https:\/\/www.apfelpatient.de\/wp-content\/uploads\/2021\/05\/deuppy9cbcz61-750x422.jpg 750w, https:\/\/www.apfelpatient.de\/wp-content\/uploads\/2021\/05\/deuppy9cbcz61-1140x641.jpg 1140w\" sizes=\"(max-width: 1024px) 100vw, 1024px\" \/><figcaption>Image: PeterDragon50 via Reddit<\/figcaption><\/figure>\n\n\n\n<h3 class=\"wp-block-heading\" id=\"h-m1-ipad-pro-5g-unterst-tzung-und-thunderbolt-konnektivit-t\">M1 iPad Pro: 5G support and Thunderbolt connectivity<\/h3>\n\n\n\n\n\n\n\n<p>However, Apple has not given a firm release date other than the &quot;second half of May,&quot; with leaks on Apple&#039;s website metadata pointing to an intended launch on May 21. Still, it could now be the case that other people besides the Reddit user will receive their order earlier. Apple&#039;s new iPad Pro introduces a mini-LED backlight for the 12.9-inch model, with both this and the 11-inch version also getting 5G support and Thunderbolt connectivity. The model also deviates from the usual use of A-series chips. Instead, Apple uses the same M1 chip that is used in Apple Silicon Macs. (Image: Apple)<\/p>\n\n\n\n<ul class=\"wp-block-list\"><li><a href=\"https:\/\/www.apfelpatient.de\/en\/news\/benchmark-surfaced-how-fast-is-the-m1-ipad-pro\">Benchmark surfaced: This is how fast the M1 iPad Pro is<\/a><\/li><\/ul>\n\n\n\n<h6 class=\"wp-block-heading translation-block\" id=\"h-kennt-ihr-schon-unsere-amazon-storefront-dort-findet-ihr-eine-handverlesene-auswahl-von-diversen-produkten-f-r-euer-iphone-und-co-viel-spa-beim-st-bern\"><em>Have you already visited our Amazon Storefront? There you&#039;ll find a hand-picked selection of various products for your iPhone and other devices \u2013 <span class=\"has-inline-color has-vivid-red-color\"><a href=\"https:\/\/www.amazon.de\/shop\/apfelpatientofficial\" class=\"ek-link\" data-wpel-link=\"exclude\" rel=\"follow noopener\" target=\"_self\"><span style=\"text-decoration: underline\" class=\"ek-underline\">enjoy browsing<\/span><\/a> !<\/span><\/em><\/h6>\n\n\n\n<h6 class=\"wp-block-heading translation-block\" id=\"h-der-beitrag-enthalt-partnerlinks\">This post contains <a data-type=\"URL\" data-id=\"https:\/\/www.apfelpatient.de\/partnerprogramm\" href=\"https:\/\/www.apfelpatient.de\/en\/partner-program\" data-wpel-link=\"internal\" target=\"_self\">affiliate links<\/a>.<\/h6>","protected":false},"excerpt":{"rendered":"<p>When will it go on sale? Some Apple customers may receive their orders for the M1-equipped iPad Pro sooner than expected.<\/p>","protected":false},"author":2,"featured_media":21578,"comment_status":"closed","ping_status":"closed","sticky":false,"template":"","format":"standard","meta":{"jnews-multi-image_gallery":[],"jnews_single_post":{"subtitle":"","format":"standard","video":"","gallery":"","source_name":"","source_url":"","via_name":"","via_url":"","override":[{"single_blog_custom":"","sidebar":"","second_sidebar":"","share_position":"","share_float_style":"","post_date_format":"","post_date_format_custom":"","post_reading_time_wpm":"","zoom_button_out_step":"1","zoom_button_in_step":"1","number_popup_post":"1"}],"image_override":[{"single_post_thumbnail_size":"","single_post_gallery_size":""}],"trending_post_position":"","trending_post_label":"","sponsored_post_label":"","sponsored_post_name":"","sponsored_post_url":"","sponsored_post_logo":"","sponsored_post_desc":""},"jnews_primary_category":{"id":"9"},"footnotes":""},"categories":[9],"tags":[18,66],"class_list":["post-22374","post","type-post","status-publish","format-standard","has-post-thumbnail","hentry","category-news","tag-ipad","tag-ipad-pro"],"yoast_head":"<!-- This site is optimized with the Yoast SEO Premium plugin v27.5 (Yoast SEO v27.5) - https:\/\/yoast.com\/product\/yoast-seo-premium-wordpress\/ -->\n<title>Erstes M1 iPad Pro Modell wurde bereits ausgeliefert Apfelpatient<\/title>\n<meta name=\"description\" content=\"Wann ist der Verkaufsstart? Einige Apple-Kunden k\u00f6nnten ihre Bestellungen des mit M1 ausgestatteten iPad Pro fr\u00fcher als erwartet erhalten.\" \/>\n<meta name=\"robots\" content=\"index, follow, max-snippet:-1, max-image-preview:large, max-video-preview:-1\" \/>\n<link rel=\"canonical\" href=\"https:\/\/www.apfelpatient.de\/en\/news\/first-m1-ipad-pro-model-has-already-been-delivered\" \/>\n<meta property=\"og:locale\" content=\"en_US\" \/>\n<meta property=\"og:type\" content=\"article\" \/>\n<meta property=\"og:title\" content=\"Erstes M1 iPad Pro Modell wurde bereits ausgeliefert\" \/>\n<meta property=\"og:description\" content=\"Wann ist der Verkaufsstart? Einige Apple-Kunden k\u00f6nnten ihre Bestellungen des mit M1 ausgestatteten iPad Pro fr\u00fcher als erwartet erhalten.\" \/>\n<meta property=\"og:url\" content=\"https:\/\/www.apfelpatient.de\/en\/news\/first-m1-ipad-pro-model-has-already-been-delivered\" \/>\n<meta property=\"og:site_name\" content=\"Apfelpatient\" \/>\n<meta property=\"article:publisher\" content=\"https:\/\/www.facebook.com\/apfelpatientOfficial\" \/>\n<meta property=\"article:author\" content=\"https:\/\/www.facebook.com\/apfelpatientOfficial\" \/>\n<meta property=\"article:published_time\" content=\"2021-05-16T15:11:37+00:00\" \/>\n<meta property=\"og:image\" content=\"https:\/\/www.apfelpatient.de\/wp-content\/uploads\/2021\/04\/1B867E14-C7AA-45BF-A37D-F6353701021B.png\" \/>\n\t<meta property=\"og:image:width\" content=\"1200\" \/>\n\t<meta property=\"og:image:height\" content=\"675\" \/>\n\t<meta property=\"og:image:type\" content=\"image\/png\" \/>\n<meta name=\"author\" content=\"Milan\" \/>\n<meta name=\"twitter:card\" content=\"summary_large_image\" \/>\n<meta name=\"twitter:description\" content=\"Wann ist der Verkaufsstart? Einige Apple-Kunden k\u00f6nnten ihre Bestellungen des mit M1 ausgestatteten iPad Pro fr\u00fcher als erwartet erhalten.\" \/>\n<meta name=\"twitter:label1\" content=\"Written by\" \/>\n\t<meta name=\"twitter:data1\" content=\"Milan\" \/>\n\t<meta name=\"twitter:label2\" content=\"Est. reading time\" \/>\n\t<meta name=\"twitter:data2\" content=\"2 minutes\" \/>\n<script type=\"application\/ld+json\" class=\"yoast-schema-graph\">{\"@context\":\"https:\\\/\\\/schema.org\",\"@graph\":[{\"@type\":\"NewsArticle\",\"@id\":\"https:\\\/\\\/www.apfelpatient.de\\\/news\\\/erstes-m1-ipad-pro-modell-wurde-bereits-ausgeliefert#article\",\"isPartOf\":{\"@id\":\"https:\\\/\\\/www.apfelpatient.de\\\/news\\\/erstes-m1-ipad-pro-modell-wurde-bereits-ausgeliefert\"},\"author\":{\"@type\":\"Organization\",\"@id\":\"https:\\\/\\\/www.apfelpatient.de\\\/en\\\/#organization\",\"name\":\"Apfelpatient\",\"url\":\"https:\\\/\\\/www.apfelpatient.de\\\/en\\\/\"},\"headline\":\"Erstes M1 iPad Pro Modell wurde bereits ausgeliefert\",\"datePublished\":\"2021-05-16T15:11:37+00:00\",\"mainEntityOfPage\":{\"@id\":\"https:\\\/\\\/www.apfelpatient.de\\\/news\\\/erstes-m1-ipad-pro-modell-wurde-bereits-ausgeliefert\"},\"wordCount\":282,\"publisher\":{\"@type\":\"Organization\",\"@id\":\"https:\\\/\\\/www.apfelpatient.de\\\/en\\\/#organization\",\"name\":\"Apfelpatient\",\"url\":\"https:\\\/\\\/www.apfelpatient.de\\\/en\\\/\"},\"image\":{\"@id\":\"https:\\\/\\\/www.apfelpatient.de\\\/news\\\/erstes-m1-ipad-pro-modell-wurde-bereits-ausgeliefert#primaryimage\"},\"thumbnailUrl\":\"https:\\\/\\\/www.apfelpatient.de\\\/wp-content\\\/uploads\\\/2021\\\/04\\\/1B867E14-C7AA-45BF-A37D-F6353701021B.png\",\"keywords\":[\"iPad\",\"iPad Pro\"],\"articleSection\":\"News\",\"inLanguage\":\"en-US\",\"copyrightYear\":\"2021\",\"copyrightHolder\":{\"@id\":\"https:\\\/\\\/www.apfelpatient.de\\\/en\\\/#organization\"}},{\"@type\":\"WebPage\",\"@id\":\"https:\\\/\\\/www.apfelpatient.de\\\/news\\\/erstes-m1-ipad-pro-modell-wurde-bereits-ausgeliefert\",\"url\":\"https:\\\/\\\/www.apfelpatient.de\\\/news\\\/erstes-m1-ipad-pro-modell-wurde-bereits-ausgeliefert\",\"name\":\"Erstes M1 iPad Pro Modell wurde bereits ausgeliefert Apfelpatient\",\"isPartOf\":{\"@id\":\"https:\\\/\\\/www.apfelpatient.de\\\/#website\"},\"primaryImageOfPage\":{\"@id\":\"https:\\\/\\\/www.apfelpatient.de\\\/news\\\/erstes-m1-ipad-pro-modell-wurde-bereits-ausgeliefert#primaryimage\"},\"image\":{\"@id\":\"https:\\\/\\\/www.apfelpatient.de\\\/news\\\/erstes-m1-ipad-pro-modell-wurde-bereits-ausgeliefert#primaryimage\"},\"thumbnailUrl\":\"https:\\\/\\\/www.apfelpatient.de\\\/wp-content\\\/uploads\\\/2021\\\/04\\\/1B867E14-C7AA-45BF-A37D-F6353701021B.png\",\"datePublished\":\"2021-05-16T15:11:37+00:00\",\"description\":\"Wann ist der Verkaufsstart? Einige Apple-Kunden k\u00f6nnten ihre Bestellungen des mit M1 ausgestatteten iPad Pro fr\u00fcher als erwartet erhalten.\",\"breadcrumb\":{\"@id\":\"https:\\\/\\\/www.apfelpatient.de\\\/news\\\/erstes-m1-ipad-pro-modell-wurde-bereits-ausgeliefert#breadcrumb\"},\"inLanguage\":\"en-US\",\"potentialAction\":[{\"@type\":\"ReadAction\",\"target\":[\"https:\\\/\\\/www.apfelpatient.de\\\/news\\\/erstes-m1-ipad-pro-modell-wurde-bereits-ausgeliefert\"]}]},{\"@type\":\"ImageObject\",\"inLanguage\":\"en-US\",\"@id\":\"https:\\\/\\\/www.apfelpatient.de\\\/news\\\/erstes-m1-ipad-pro-modell-wurde-bereits-ausgeliefert#primaryimage\",\"url\":\"https:\\\/\\\/www.apfelpatient.de\\\/wp-content\\\/uploads\\\/2021\\\/04\\\/1B867E14-C7AA-45BF-A37D-F6353701021B.png\",\"contentUrl\":\"https:\\\/\\\/www.apfelpatient.de\\\/wp-content\\\/uploads\\\/2021\\\/04\\\/1B867E14-C7AA-45BF-A37D-F6353701021B.png\",\"width\":1200,\"height\":675,\"caption\":\"Bild: Apple\"},{\"@type\":\"BreadcrumbList\",\"@id\":\"https:\\\/\\\/www.apfelpatient.de\\\/news\\\/erstes-m1-ipad-pro-modell-wurde-bereits-ausgeliefert#breadcrumb\",\"itemListElement\":[{\"@type\":\"ListItem\",\"position\":1,\"name\":\"Startseite\",\"item\":\"https:\\\/\\\/www.apfelpatient.de\\\/\"},{\"@type\":\"ListItem\",\"position\":2,\"name\":\"Erstes M1 iPad Pro Modell wurde bereits ausgeliefert\"}]},{\"@type\":\"WebSite\",\"@id\":\"https:\\\/\\\/www.apfelpatient.de\\\/#website\",\"url\":\"https:\\\/\\\/www.apfelpatient.de\\\/\",\"name\":\"Apfelpatient\",\"description\":\"Alles rund um Apple!\",\"publisher\":{\"@type\":\"Organization\",\"@id\":\"https:\\\/\\\/www.apfelpatient.de\\\/en\\\/#organization\",\"name\":\"Apfelpatient\",\"url\":\"https:\\\/\\\/www.apfelpatient.de\\\/en\\\/\"},\"alternateName\":\"Apfelpatient\",\"potentialAction\":[{\"@type\":\"SearchAction\",\"target\":{\"@type\":\"EntryPoint\",\"urlTemplate\":\"https:\\\/\\\/www.apfelpatient.de\\\/?s={search_term_string}\"},\"query-input\":{\"@type\":\"PropertyValueSpecification\",\"valueRequired\":true,\"valueName\":\"search_term_string\"}}],\"inLanguage\":\"en-US\"},{\"@type\":[\"Person\",\"Organization\"],\"@id\":\"https:\\\/\\\/www.apfelpatient.de\\\/#\\\/schema\\\/person\\\/35b3ddba5832f2bfc7fff5206d4f6b7b\",\"name\":\"Milan\",\"logo\":{\"@id\":\"https:\\\/\\\/www.apfelpatient.de\\\/#\\\/schema\\\/person\\\/image\\\/\"},\"description\":\"Hallo und herzlich willkommen auf meinem Technik-Blog! Als gro\u00dfer Apple-Fan berichte ich hier \u00fcber alles, was mit Apple zu tun hat: von den neuesten News und spannenden Ger\u00fcchten \u00fcber hilfreiche Tipps und Tricks bis hin zu ausf\u00fchrlichen Produkttests. Wenn du genauso technikbegeistert bist wie ich, bist du hier genau richtig!\",\"sameAs\":[\"https:\\\/\\\/www.facebook.com\\\/apfelpatientOfficial\",\"https:\\\/\\\/www.linkedin.com\\\/in\\\/milan-jovicic-42aa0231b\"],\"url\":\"https:\\\/\\\/www.apfelpatient.de\\\/en\\\/author\\\/apfeladmin\"}]}<\/script>\n<!-- \/ Yoast SEO Premium plugin. -->","yoast_head_json":{"title":"First M1 iPad Pro model has already been delivered Apfelpatient","description":"When will it go on sale? Some Apple customers may receive their orders for the M1-equipped iPad Pro sooner than expected.","robots":{"index":"index","follow":"follow","max-snippet":"max-snippet:-1","max-image-preview":"max-image-preview:large","max-video-preview":"max-video-preview:-1"},"canonical":"https:\/\/www.apfelpatient.de\/en\/news\/first-m1-ipad-pro-model-has-already-been-delivered","og_locale":"en_US","og_type":"article","og_title":"Erstes M1 iPad Pro Modell wurde bereits ausgeliefert","og_description":"Wann ist der Verkaufsstart? Einige Apple-Kunden k\u00f6nnten ihre Bestellungen des mit M1 ausgestatteten iPad Pro fr\u00fcher als erwartet erhalten.","og_url":"https:\/\/www.apfelpatient.de\/en\/news\/first-m1-ipad-pro-model-has-already-been-delivered","og_site_name":"Apfelpatient","article_publisher":"https:\/\/www.facebook.com\/apfelpatientOfficial","article_author":"https:\/\/www.facebook.com\/apfelpatientOfficial","article_published_time":"2021-05-16T15:11:37+00:00","og_image":[{"width":1200,"height":675,"url":"https:\/\/www.apfelpatient.de\/wp-content\/uploads\/2021\/04\/1B867E14-C7AA-45BF-A37D-F6353701021B.png","type":"image\/png"}],"author":"Milan","twitter_card":"summary_large_image","twitter_description":"Wann ist der Verkaufsstart? Einige Apple-Kunden k\u00f6nnten ihre Bestellungen des mit M1 ausgestatteten iPad Pro fr\u00fcher als erwartet erhalten.","twitter_misc":{"Written by":"Milan","Est. reading time":"2 minutes"},"schema":{"@context":"https:\/\/schema.org","@graph":[{"@type":"NewsArticle","@id":"https:\/\/www.apfelpatient.de\/news\/erstes-m1-ipad-pro-modell-wurde-bereits-ausgeliefert#article","isPartOf":{"@id":"https:\/\/www.apfelpatient.de\/news\/erstes-m1-ipad-pro-modell-wurde-bereits-ausgeliefert"},"author":{"@type":"Organization","@id":"https:\/\/www.apfelpatient.de\/en\/#organization","name":"Apfelpatient","url":"https:\/\/www.apfelpatient.de\/en\/"},"headline":"Erstes M1 iPad Pro Modell wurde bereits ausgeliefert","datePublished":"2021-05-16T15:11:37+00:00","mainEntityOfPage":{"@id":"https:\/\/www.apfelpatient.de\/news\/erstes-m1-ipad-pro-modell-wurde-bereits-ausgeliefert"},"wordCount":282,"publisher":{"@type":"Organization","@id":"https:\/\/www.apfelpatient.de\/en\/#organization","name":"Apfelpatient","url":"https:\/\/www.apfelpatient.de\/en\/"},"image":{"@id":"https:\/\/www.apfelpatient.de\/news\/erstes-m1-ipad-pro-modell-wurde-bereits-ausgeliefert#primaryimage"},"thumbnailUrl":"https:\/\/www.apfelpatient.de\/wp-content\/uploads\/2021\/04\/1B867E14-C7AA-45BF-A37D-F6353701021B.png","keywords":["iPad","iPad Pro"],"articleSection":"News","inLanguage":"en-US","copyrightYear":"2021","copyrightHolder":{"@id":"https:\/\/www.apfelpatient.de\/en\/#organization"}},{"@type":"WebPage","@id":"https:\/\/www.apfelpatient.de\/news\/erstes-m1-ipad-pro-modell-wurde-bereits-ausgeliefert","url":"https:\/\/www.apfelpatient.de\/news\/erstes-m1-ipad-pro-modell-wurde-bereits-ausgeliefert","name":"First M1 iPad Pro model has already been delivered Apfelpatient","isPartOf":{"@id":"https:\/\/www.apfelpatient.de\/#website"},"primaryImageOfPage":{"@id":"https:\/\/www.apfelpatient.de\/news\/erstes-m1-ipad-pro-modell-wurde-bereits-ausgeliefert#primaryimage"},"image":{"@id":"https:\/\/www.apfelpatient.de\/news\/erstes-m1-ipad-pro-modell-wurde-bereits-ausgeliefert#primaryimage"},"thumbnailUrl":"https:\/\/www.apfelpatient.de\/wp-content\/uploads\/2021\/04\/1B867E14-C7AA-45BF-A37D-F6353701021B.png","datePublished":"2021-05-16T15:11:37+00:00","description":"When will it go on sale? Some Apple customers may receive their orders for the M1-equipped iPad Pro sooner than expected.","breadcrumb":{"@id":"https:\/\/www.apfelpatient.de\/news\/erstes-m1-ipad-pro-modell-wurde-bereits-ausgeliefert#breadcrumb"},"inLanguage":"en-US","potentialAction":[{"@type":"ReadAction","target":["https:\/\/www.apfelpatient.de\/news\/erstes-m1-ipad-pro-modell-wurde-bereits-ausgeliefert"]}]},{"@type":"ImageObject","inLanguage":"en-US","@id":"https:\/\/www.apfelpatient.de\/news\/erstes-m1-ipad-pro-modell-wurde-bereits-ausgeliefert#primaryimage","url":"https:\/\/www.apfelpatient.de\/wp-content\/uploads\/2021\/04\/1B867E14-C7AA-45BF-A37D-F6353701021B.png","contentUrl":"https:\/\/www.apfelpatient.de\/wp-content\/uploads\/2021\/04\/1B867E14-C7AA-45BF-A37D-F6353701021B.png","width":1200,"height":675,"caption":"Bild: Apple"},{"@type":"BreadcrumbList","@id":"https:\/\/www.apfelpatient.de\/news\/erstes-m1-ipad-pro-modell-wurde-bereits-ausgeliefert#breadcrumb","itemListElement":[{"@type":"ListItem","position":1,"name":"Startseite","item":"https:\/\/www.apfelpatient.de\/"},{"@type":"ListItem","position":2,"name":"Erstes M1 iPad Pro Modell wurde bereits ausgeliefert"}]},{"@type":"WebSite","@id":"https:\/\/www.apfelpatient.de\/#website","url":"https:\/\/www.apfelpatient.de\/","name":"apple patient","description":"Everything about Apple!","publisher":{"@type":"Organization","@id":"https:\/\/www.apfelpatient.de\/en\/#organization","name":"Apfelpatient","url":"https:\/\/www.apfelpatient.de\/en\/"},"alternateName":"Apfelpatient","potentialAction":[{"@type":"SearchAction","target":{"@type":"EntryPoint","urlTemplate":"https:\/\/www.apfelpatient.de\/?s={search_term_string}"},"query-input":{"@type":"PropertyValueSpecification","valueRequired":true,"valueName":"search_term_string"}}],"inLanguage":"en-US"},{"@type":["Person","Organization"],"@id":"https:\/\/www.apfelpatient.de\/#\/schema\/person\/35b3ddba5832f2bfc7fff5206d4f6b7b","name":"Milan","logo":{"@id":"https:\/\/www.apfelpatient.de\/#\/schema\/person\/image\/"},"description":"Hello and welcome to my technology blog! As a big Apple fan, I report on everything to do with Apple: from the latest news and exciting rumors to helpful tips and tricks and detailed product tests. If you are as enthusiastic about technology as I am, you have come to the right place!","sameAs":["https:\/\/www.facebook.com\/apfelpatientOfficial","https:\/\/www.linkedin.com\/in\/milan-jovicic-42aa0231b"],"url":"https:\/\/www.apfelpatient.de\/en\/author\/apfeladmin"}]}},"_links":{"self":[{"href":"https:\/\/www.apfelpatient.de\/en\/wp-json\/wp\/v2\/posts\/22374","targetHints":{"allow":["GET"]}}],"collection":[{"href":"https:\/\/www.apfelpatient.de\/en\/wp-json\/wp\/v2\/posts"}],"about":[{"href":"https:\/\/www.apfelpatient.de\/en\/wp-json\/wp\/v2\/types\/post"}],"author":[{"embeddable":true,"href":"https:\/\/www.apfelpatient.de\/en\/wp-json\/wp\/v2\/users\/2"}],"replies":[{"embeddable":true,"href":"https:\/\/www.apfelpatient.de\/en\/wp-json\/wp\/v2\/comments?post=22374"}],"version-history":[{"count":0,"href":"https:\/\/www.apfelpatient.de\/en\/wp-json\/wp\/v2\/posts\/22374\/revisions"}],"wp:featuredmedia":[{"embeddable":true,"href":"https:\/\/www.apfelpatient.de\/en\/wp-json\/wp\/v2\/media\/21578"}],"wp:attachment":[{"href":"https:\/\/www.apfelpatient.de\/en\/wp-json\/wp\/v2\/media?parent=22374"}],"wp:term":[{"taxonomy":"category","embeddable":true,"href":"https:\/\/www.apfelpatient.de\/en\/wp-json\/wp\/v2\/categories?post=22374"},{"taxonomy":"post_tag","embeddable":true,"href":"https:\/\/www.apfelpatient.de\/en\/wp-json\/wp\/v2\/tags?post=22374"}],"curies":[{"name":"wp","href":"https:\/\/api.w.org\/{rel}","templated":true}]}}