{"id":22297,"date":"2021-05-11T19:24:20","date_gmt":"2021-05-11T17:24:20","guid":{"rendered":"https:\/\/www.apfelpatient.de\/?p=22297"},"modified":"2021-05-11T19:24:21","modified_gmt":"2021-05-11T17:24:21","slug":"m1-ipad-pro-first-pre-orders-should-be-delivered-soon","status":"publish","type":"post","link":"https:\/\/www.apfelpatient.de\/en\/news\/m1-ipad-pro-erste-vorbestellungen-sollen-demnaechst-ausgeliefert-werden","title":{"rendered":"M1 iPad Pro: First pre-orders to be delivered soon"},"content":{"rendered":"<p class=\"has-drop-cap\"><strong>Apple will soon begin shipping the 11- and 12.9-inch M1 iPad Pro models, several Twitter users report.<\/strong><\/p>\n\n\n\n<p>We have not yet received any shipping notifications. Apple has also not given an exact delivery date for those who have pre-ordered a new M1 iPad Pro. However, the tablets are expected to ship from May 21st. Many users who pre-ordered in time received estimated delivery dates between May 21st and 28th. Now <a href=\"https:\/\/twitter.com\" target=\"_blank\" rel=\"noreferrer noopener\">report<\/a> various pre-orderers, after which the status of the order was changed to &quot;Preparing for shipment&quot;. Accordingly, the first orders should actually be delivered on May 21st. The M1 iMac models and the second-generation Apple TV 4K orders that were placed at the same time could also soon change to the &quot;Preparing for shipment&quot; status. However, there have been no reports of this so far.<\/p>\n\n\n\n<h3 class=\"wp-block-heading\" id=\"h-m1-ipad-pro-bereits-ab-879-euro-erh-ltlich\">M1 iPad Pro: Available from 879 euros<\/h3>\n\n\n\n\n\n\n\n<p>Stocks of the 12.9-inch iPad Pro are very limited. Anyone who pre-orders such a device now must expect an estimated waiting time of around five to six weeks. The 11-inch models, on the other hand, are easier to get. The M1 iPad Pro models are identical in design to the previous generation iPad Pro models. But inside they are equipped with the same M1 chip that is also used in the MacBook Air, MacBook Pro and Mac mini. They also support Thunderbolt connectivity. The 12.9-inch iPad Pro also has a mini-LED &quot;Liquid Retina XDR&quot; display, which makes the device slightly thicker. The 11-inch iPad Pro is available from just 879 euros, while the 12.9-inch model costs at least 1,199 euros. Depending on the device and features, the whole thing can cost up to 2,579 euros. (Image: Apple)<\/p>\n\n\n\n<ul class=\"wp-block-list\"><li><a href=\"https:\/\/www.apfelpatient.de\/en\/news\/ipad-pro-2021-center-stage-will-support-third-party-apps\">iPad Pro 2021: \u201cCenter Stage\u201d will support third-party apps<\/a><\/li><\/ul>\n\n\n\n<h6 class=\"wp-block-heading translation-block\" id=\"h-kennt-ihr-schon-unsere-amazon-storefront-dort-findet-ihr-eine-handverlesene-auswahl-von-diversen-produkten-f-r-euer-iphone-und-co-viel-spa-beim-st-bern\"><em>Have you already visited our Amazon Storefront? There you&#039;ll find a hand-picked selection of various products for your iPhone and other devices \u2013 <span class=\"has-inline-color has-vivid-red-color\"><a href=\"https:\/\/www.amazon.de\/shop\/apfelpatientofficial\" class=\"ek-link\" data-wpel-link=\"exclude\" rel=\"follow noopener\" target=\"_self\"><span style=\"text-decoration: underline\" class=\"ek-underline\">enjoy browsing<\/span><\/a> !<\/span><\/em><\/h6>\n\n\n\n<h6 class=\"wp-block-heading translation-block\" id=\"h-der-beitrag-enthalt-partnerlinks\">This post contains <a data-type=\"URL\" data-id=\"https:\/\/www.apfelpatient.de\/partnerprogramm\" href=\"https:\/\/www.apfelpatient.de\/en\/partner-program\" data-wpel-link=\"internal\" target=\"_self\">affiliate links<\/a>.<\/h6>","protected":false},"excerpt":{"rendered":"<p>Apple will soon begin shipping the 11- and 12.9-inch M1 iPad Pro models, several Twitter users report.<\/p>","protected":false},"author":2,"featured_media":21578,"comment_status":"closed","ping_status":"closed","sticky":false,"template":"","format":"standard","meta":{"jnews-multi-image_gallery":[],"jnews_single_post":{"subtitle":"","format":"standard","video":"","gallery":"","source_name":"","source_url":"","via_name":"","via_url":"","override":[{"single_blog_custom":"","sidebar":"","second_sidebar":"","share_position":"","share_float_style":"","post_date_format":"","post_date_format_custom":"","post_reading_time_wpm":"","zoom_button_out_step":"1","zoom_button_in_step":"1","number_popup_post":"1"}],"image_override":[{"single_post_thumbnail_size":"","single_post_gallery_size":""}],"trending_post_position":"","trending_post_label":"","sponsored_post_label":"","sponsored_post_name":"","sponsored_post_url":"","sponsored_post_logo":"","sponsored_post_desc":""},"jnews_primary_category":{"id":"9"},"footnotes":""},"categories":[9],"tags":[18,66],"class_list":["post-22297","post","type-post","status-publish","format-standard","has-post-thumbnail","hentry","category-news","tag-ipad","tag-ipad-pro"],"yoast_head":"<!-- This site is optimized with the Yoast SEO Premium plugin v27.5 (Yoast SEO v27.5) - https:\/\/yoast.com\/product\/yoast-seo-premium-wordpress\/ -->\n<title>M1 iPad Pro: Erste Vorbestellungen sollen demn\u00e4chst ausgeliefert werden<\/title>\n<meta name=\"description\" content=\"Apple wird demn\u00e4chst die 11- und 12.9-Zoll M1 iPad Pro-Modelle ausliefern, wie mehrere Twitter-Nutzer berichten.\" \/>\n<meta name=\"robots\" content=\"index, follow, max-snippet:-1, max-image-preview:large, max-video-preview:-1\" \/>\n<link rel=\"canonical\" href=\"https:\/\/www.apfelpatient.de\/en\/news\/m1-ipad-pro-first-pre-orders-should-be-delivered-soon\" \/>\n<meta property=\"og:locale\" content=\"en_US\" \/>\n<meta property=\"og:type\" content=\"article\" \/>\n<meta property=\"og:title\" content=\"M1 iPad Pro: Erste Vorbestellungen sollen demn\u00e4chst ausgeliefert werden\" \/>\n<meta property=\"og:description\" content=\"Apple wird demn\u00e4chst die 11- und 12.9-Zoll M1 iPad Pro-Modelle ausliefern, wie mehrere Twitter-Nutzer berichten.\" \/>\n<meta property=\"og:url\" content=\"https:\/\/www.apfelpatient.de\/en\/news\/m1-ipad-pro-first-pre-orders-should-be-delivered-soon\" \/>\n<meta property=\"og:site_name\" content=\"Apfelpatient\" \/>\n<meta property=\"article:publisher\" content=\"https:\/\/www.facebook.com\/apfelpatientOfficial\" \/>\n<meta property=\"article:author\" content=\"https:\/\/www.facebook.com\/apfelpatientOfficial\" \/>\n<meta property=\"article:published_time\" content=\"2021-05-11T17:24:20+00:00\" \/>\n<meta property=\"article:modified_time\" content=\"2021-05-11T17:24:21+00:00\" \/>\n<meta property=\"og:image\" content=\"https:\/\/www.apfelpatient.de\/wp-content\/uploads\/2021\/04\/1B867E14-C7AA-45BF-A37D-F6353701021B.png\" \/>\n\t<meta property=\"og:image:width\" content=\"1200\" \/>\n\t<meta property=\"og:image:height\" content=\"675\" \/>\n\t<meta property=\"og:image:type\" content=\"image\/png\" \/>\n<meta name=\"author\" content=\"Milan\" \/>\n<meta name=\"twitter:card\" content=\"summary_large_image\" \/>\n<meta name=\"twitter:description\" content=\"Apple wird demn\u00e4chst die 11- und 12.9-Zoll M1 iPad Pro-Modelle ausliefern, wie mehrere Twitter-Nutzer berichten.\" \/>\n<meta name=\"twitter:label1\" content=\"Written by\" \/>\n\t<meta name=\"twitter:data1\" content=\"Milan\" \/>\n\t<meta name=\"twitter:label2\" content=\"Est. reading time\" \/>\n\t<meta name=\"twitter:data2\" content=\"2 minutes\" \/>\n<script type=\"application\/ld+json\" class=\"yoast-schema-graph\">{\"@context\":\"https:\\\/\\\/schema.org\",\"@graph\":[{\"@type\":\"NewsArticle\",\"@id\":\"https:\\\/\\\/www.apfelpatient.de\\\/news\\\/m1-ipad-pro-erste-vorbestellungen-sollen-demnaechst-ausgeliefert-werden#article\",\"isPartOf\":{\"@id\":\"https:\\\/\\\/www.apfelpatient.de\\\/news\\\/m1-ipad-pro-erste-vorbestellungen-sollen-demnaechst-ausgeliefert-werden\"},\"author\":{\"@type\":\"Organization\",\"@id\":\"https:\\\/\\\/www.apfelpatient.de\\\/en\\\/#organization\",\"name\":\"Apfelpatient\",\"url\":\"https:\\\/\\\/www.apfelpatient.de\\\/en\\\/\"},\"headline\":\"M1 iPad Pro: Erste Vorbestellungen sollen demn\u00e4chst ausgeliefert werden\",\"datePublished\":\"2021-05-11T17:24:20+00:00\",\"dateModified\":\"2021-05-11T17:24:21+00:00\",\"mainEntityOfPage\":{\"@id\":\"https:\\\/\\\/www.apfelpatient.de\\\/news\\\/m1-ipad-pro-erste-vorbestellungen-sollen-demnaechst-ausgeliefert-werden\"},\"wordCount\":298,\"publisher\":{\"@type\":\"Organization\",\"@id\":\"https:\\\/\\\/www.apfelpatient.de\\\/en\\\/#organization\",\"name\":\"Apfelpatient\",\"url\":\"https:\\\/\\\/www.apfelpatient.de\\\/en\\\/\"},\"image\":{\"@id\":\"https:\\\/\\\/www.apfelpatient.de\\\/news\\\/m1-ipad-pro-erste-vorbestellungen-sollen-demnaechst-ausgeliefert-werden#primaryimage\"},\"thumbnailUrl\":\"https:\\\/\\\/www.apfelpatient.de\\\/wp-content\\\/uploads\\\/2021\\\/04\\\/1B867E14-C7AA-45BF-A37D-F6353701021B.png\",\"keywords\":[\"iPad\",\"iPad Pro\"],\"articleSection\":\"News\",\"inLanguage\":\"en-US\",\"copyrightYear\":\"2021\",\"copyrightHolder\":{\"@id\":\"https:\\\/\\\/www.apfelpatient.de\\\/en\\\/#organization\"}},{\"@type\":\"WebPage\",\"@id\":\"https:\\\/\\\/www.apfelpatient.de\\\/news\\\/m1-ipad-pro-erste-vorbestellungen-sollen-demnaechst-ausgeliefert-werden\",\"url\":\"https:\\\/\\\/www.apfelpatient.de\\\/news\\\/m1-ipad-pro-erste-vorbestellungen-sollen-demnaechst-ausgeliefert-werden\",\"name\":\"M1 iPad Pro: Erste Vorbestellungen sollen demn\u00e4chst ausgeliefert werden\",\"isPartOf\":{\"@id\":\"https:\\\/\\\/www.apfelpatient.de\\\/#website\"},\"primaryImageOfPage\":{\"@id\":\"https:\\\/\\\/www.apfelpatient.de\\\/news\\\/m1-ipad-pro-erste-vorbestellungen-sollen-demnaechst-ausgeliefert-werden#primaryimage\"},\"image\":{\"@id\":\"https:\\\/\\\/www.apfelpatient.de\\\/news\\\/m1-ipad-pro-erste-vorbestellungen-sollen-demnaechst-ausgeliefert-werden#primaryimage\"},\"thumbnailUrl\":\"https:\\\/\\\/www.apfelpatient.de\\\/wp-content\\\/uploads\\\/2021\\\/04\\\/1B867E14-C7AA-45BF-A37D-F6353701021B.png\",\"datePublished\":\"2021-05-11T17:24:20+00:00\",\"dateModified\":\"2021-05-11T17:24:21+00:00\",\"description\":\"Apple wird demn\u00e4chst die 11- und 12.9-Zoll M1 iPad Pro-Modelle ausliefern, wie mehrere Twitter-Nutzer berichten.\",\"breadcrumb\":{\"@id\":\"https:\\\/\\\/www.apfelpatient.de\\\/news\\\/m1-ipad-pro-erste-vorbestellungen-sollen-demnaechst-ausgeliefert-werden#breadcrumb\"},\"inLanguage\":\"en-US\",\"potentialAction\":[{\"@type\":\"ReadAction\",\"target\":[\"https:\\\/\\\/www.apfelpatient.de\\\/news\\\/m1-ipad-pro-erste-vorbestellungen-sollen-demnaechst-ausgeliefert-werden\"]}]},{\"@type\":\"ImageObject\",\"inLanguage\":\"en-US\",\"@id\":\"https:\\\/\\\/www.apfelpatient.de\\\/news\\\/m1-ipad-pro-erste-vorbestellungen-sollen-demnaechst-ausgeliefert-werden#primaryimage\",\"url\":\"https:\\\/\\\/www.apfelpatient.de\\\/wp-content\\\/uploads\\\/2021\\\/04\\\/1B867E14-C7AA-45BF-A37D-F6353701021B.png\",\"contentUrl\":\"https:\\\/\\\/www.apfelpatient.de\\\/wp-content\\\/uploads\\\/2021\\\/04\\\/1B867E14-C7AA-45BF-A37D-F6353701021B.png\",\"width\":1200,\"height\":675,\"caption\":\"Bild: Apple\"},{\"@type\":\"BreadcrumbList\",\"@id\":\"https:\\\/\\\/www.apfelpatient.de\\\/news\\\/m1-ipad-pro-erste-vorbestellungen-sollen-demnaechst-ausgeliefert-werden#breadcrumb\",\"itemListElement\":[{\"@type\":\"ListItem\",\"position\":1,\"name\":\"Startseite\",\"item\":\"https:\\\/\\\/www.apfelpatient.de\\\/\"},{\"@type\":\"ListItem\",\"position\":2,\"name\":\"M1 iPad Pro: Erste Vorbestellungen sollen demn\u00e4chst ausgeliefert werden\"}]},{\"@type\":\"WebSite\",\"@id\":\"https:\\\/\\\/www.apfelpatient.de\\\/#website\",\"url\":\"https:\\\/\\\/www.apfelpatient.de\\\/\",\"name\":\"Apfelpatient\",\"description\":\"Alles rund um Apple!\",\"publisher\":{\"@type\":\"Organization\",\"@id\":\"https:\\\/\\\/www.apfelpatient.de\\\/en\\\/#organization\",\"name\":\"Apfelpatient\",\"url\":\"https:\\\/\\\/www.apfelpatient.de\\\/en\\\/\"},\"alternateName\":\"Apfelpatient\",\"potentialAction\":[{\"@type\":\"SearchAction\",\"target\":{\"@type\":\"EntryPoint\",\"urlTemplate\":\"https:\\\/\\\/www.apfelpatient.de\\\/?s={search_term_string}\"},\"query-input\":{\"@type\":\"PropertyValueSpecification\",\"valueRequired\":true,\"valueName\":\"search_term_string\"}}],\"inLanguage\":\"en-US\"},{\"@type\":[\"Person\",\"Organization\"],\"@id\":\"https:\\\/\\\/www.apfelpatient.de\\\/#\\\/schema\\\/person\\\/35b3ddba5832f2bfc7fff5206d4f6b7b\",\"name\":\"Milan\",\"logo\":{\"@id\":\"https:\\\/\\\/www.apfelpatient.de\\\/#\\\/schema\\\/person\\\/image\\\/\"},\"description\":\"Hallo und herzlich willkommen auf meinem Technik-Blog! Als gro\u00dfer Apple-Fan berichte ich hier \u00fcber alles, was mit Apple zu tun hat: von den neuesten News und spannenden Ger\u00fcchten \u00fcber hilfreiche Tipps und Tricks bis hin zu ausf\u00fchrlichen Produkttests. Wenn du genauso technikbegeistert bist wie ich, bist du hier genau richtig!\",\"sameAs\":[\"https:\\\/\\\/www.facebook.com\\\/apfelpatientOfficial\",\"https:\\\/\\\/www.linkedin.com\\\/in\\\/milan-jovicic-42aa0231b\"],\"url\":\"https:\\\/\\\/www.apfelpatient.de\\\/en\\\/author\\\/apfeladmin\"}]}<\/script>\n<!-- \/ Yoast SEO Premium plugin. -->","yoast_head_json":{"title":"M1 iPad Pro: First pre-orders to be delivered soon","description":"Apple will soon begin shipping the 11- and 12.9-inch M1 iPad Pro models, several Twitter users report.","robots":{"index":"index","follow":"follow","max-snippet":"max-snippet:-1","max-image-preview":"max-image-preview:large","max-video-preview":"max-video-preview:-1"},"canonical":"https:\/\/www.apfelpatient.de\/en\/news\/m1-ipad-pro-first-pre-orders-should-be-delivered-soon","og_locale":"en_US","og_type":"article","og_title":"M1 iPad Pro: Erste Vorbestellungen sollen demn\u00e4chst ausgeliefert werden","og_description":"Apple wird demn\u00e4chst die 11- und 12.9-Zoll M1 iPad Pro-Modelle ausliefern, wie mehrere Twitter-Nutzer berichten.","og_url":"https:\/\/www.apfelpatient.de\/en\/news\/m1-ipad-pro-first-pre-orders-should-be-delivered-soon","og_site_name":"Apfelpatient","article_publisher":"https:\/\/www.facebook.com\/apfelpatientOfficial","article_author":"https:\/\/www.facebook.com\/apfelpatientOfficial","article_published_time":"2021-05-11T17:24:20+00:00","article_modified_time":"2021-05-11T17:24:21+00:00","og_image":[{"width":1200,"height":675,"url":"https:\/\/www.apfelpatient.de\/wp-content\/uploads\/2021\/04\/1B867E14-C7AA-45BF-A37D-F6353701021B.png","type":"image\/png"}],"author":"Milan","twitter_card":"summary_large_image","twitter_description":"Apple wird demn\u00e4chst die 11- und 12.9-Zoll M1 iPad Pro-Modelle ausliefern, wie mehrere Twitter-Nutzer berichten.","twitter_misc":{"Written by":"Milan","Est. reading time":"2 minutes"},"schema":{"@context":"https:\/\/schema.org","@graph":[{"@type":"NewsArticle","@id":"https:\/\/www.apfelpatient.de\/news\/m1-ipad-pro-erste-vorbestellungen-sollen-demnaechst-ausgeliefert-werden#article","isPartOf":{"@id":"https:\/\/www.apfelpatient.de\/news\/m1-ipad-pro-erste-vorbestellungen-sollen-demnaechst-ausgeliefert-werden"},"author":{"@type":"Organization","@id":"https:\/\/www.apfelpatient.de\/en\/#organization","name":"Apfelpatient","url":"https:\/\/www.apfelpatient.de\/en\/"},"headline":"M1 iPad Pro: Erste Vorbestellungen sollen demn\u00e4chst ausgeliefert werden","datePublished":"2021-05-11T17:24:20+00:00","dateModified":"2021-05-11T17:24:21+00:00","mainEntityOfPage":{"@id":"https:\/\/www.apfelpatient.de\/news\/m1-ipad-pro-erste-vorbestellungen-sollen-demnaechst-ausgeliefert-werden"},"wordCount":298,"publisher":{"@type":"Organization","@id":"https:\/\/www.apfelpatient.de\/en\/#organization","name":"Apfelpatient","url":"https:\/\/www.apfelpatient.de\/en\/"},"image":{"@id":"https:\/\/www.apfelpatient.de\/news\/m1-ipad-pro-erste-vorbestellungen-sollen-demnaechst-ausgeliefert-werden#primaryimage"},"thumbnailUrl":"https:\/\/www.apfelpatient.de\/wp-content\/uploads\/2021\/04\/1B867E14-C7AA-45BF-A37D-F6353701021B.png","keywords":["iPad","iPad Pro"],"articleSection":"News","inLanguage":"en-US","copyrightYear":"2021","copyrightHolder":{"@id":"https:\/\/www.apfelpatient.de\/en\/#organization"}},{"@type":"WebPage","@id":"https:\/\/www.apfelpatient.de\/news\/m1-ipad-pro-erste-vorbestellungen-sollen-demnaechst-ausgeliefert-werden","url":"https:\/\/www.apfelpatient.de\/news\/m1-ipad-pro-erste-vorbestellungen-sollen-demnaechst-ausgeliefert-werden","name":"M1 iPad Pro: First pre-orders to be delivered soon","isPartOf":{"@id":"https:\/\/www.apfelpatient.de\/#website"},"primaryImageOfPage":{"@id":"https:\/\/www.apfelpatient.de\/news\/m1-ipad-pro-erste-vorbestellungen-sollen-demnaechst-ausgeliefert-werden#primaryimage"},"image":{"@id":"https:\/\/www.apfelpatient.de\/news\/m1-ipad-pro-erste-vorbestellungen-sollen-demnaechst-ausgeliefert-werden#primaryimage"},"thumbnailUrl":"https:\/\/www.apfelpatient.de\/wp-content\/uploads\/2021\/04\/1B867E14-C7AA-45BF-A37D-F6353701021B.png","datePublished":"2021-05-11T17:24:20+00:00","dateModified":"2021-05-11T17:24:21+00:00","description":"Apple will soon begin shipping the 11- and 12.9-inch M1 iPad Pro models, several Twitter users report.","breadcrumb":{"@id":"https:\/\/www.apfelpatient.de\/news\/m1-ipad-pro-erste-vorbestellungen-sollen-demnaechst-ausgeliefert-werden#breadcrumb"},"inLanguage":"en-US","potentialAction":[{"@type":"ReadAction","target":["https:\/\/www.apfelpatient.de\/news\/m1-ipad-pro-erste-vorbestellungen-sollen-demnaechst-ausgeliefert-werden"]}]},{"@type":"ImageObject","inLanguage":"en-US","@id":"https:\/\/www.apfelpatient.de\/news\/m1-ipad-pro-erste-vorbestellungen-sollen-demnaechst-ausgeliefert-werden#primaryimage","url":"https:\/\/www.apfelpatient.de\/wp-content\/uploads\/2021\/04\/1B867E14-C7AA-45BF-A37D-F6353701021B.png","contentUrl":"https:\/\/www.apfelpatient.de\/wp-content\/uploads\/2021\/04\/1B867E14-C7AA-45BF-A37D-F6353701021B.png","width":1200,"height":675,"caption":"Bild: Apple"},{"@type":"BreadcrumbList","@id":"https:\/\/www.apfelpatient.de\/news\/m1-ipad-pro-erste-vorbestellungen-sollen-demnaechst-ausgeliefert-werden#breadcrumb","itemListElement":[{"@type":"ListItem","position":1,"name":"Startseite","item":"https:\/\/www.apfelpatient.de\/"},{"@type":"ListItem","position":2,"name":"M1 iPad Pro: Erste Vorbestellungen sollen demn\u00e4chst ausgeliefert werden"}]},{"@type":"WebSite","@id":"https:\/\/www.apfelpatient.de\/#website","url":"https:\/\/www.apfelpatient.de\/","name":"apple patient","description":"Everything about Apple!","publisher":{"@type":"Organization","@id":"https:\/\/www.apfelpatient.de\/en\/#organization","name":"Apfelpatient","url":"https:\/\/www.apfelpatient.de\/en\/"},"alternateName":"Apfelpatient","potentialAction":[{"@type":"SearchAction","target":{"@type":"EntryPoint","urlTemplate":"https:\/\/www.apfelpatient.de\/?s={search_term_string}"},"query-input":{"@type":"PropertyValueSpecification","valueRequired":true,"valueName":"search_term_string"}}],"inLanguage":"en-US"},{"@type":["Person","Organization"],"@id":"https:\/\/www.apfelpatient.de\/#\/schema\/person\/35b3ddba5832f2bfc7fff5206d4f6b7b","name":"Milan","logo":{"@id":"https:\/\/www.apfelpatient.de\/#\/schema\/person\/image\/"},"description":"Hello and welcome to my technology blog! As a big Apple fan, I report on everything to do with Apple: from the latest news and exciting rumors to helpful tips and tricks and detailed product tests. If you are as enthusiastic about technology as I am, you have come to the right place!","sameAs":["https:\/\/www.facebook.com\/apfelpatientOfficial","https:\/\/www.linkedin.com\/in\/milan-jovicic-42aa0231b"],"url":"https:\/\/www.apfelpatient.de\/en\/author\/apfeladmin"}]}},"_links":{"self":[{"href":"https:\/\/www.apfelpatient.de\/en\/wp-json\/wp\/v2\/posts\/22297","targetHints":{"allow":["GET"]}}],"collection":[{"href":"https:\/\/www.apfelpatient.de\/en\/wp-json\/wp\/v2\/posts"}],"about":[{"href":"https:\/\/www.apfelpatient.de\/en\/wp-json\/wp\/v2\/types\/post"}],"author":[{"embeddable":true,"href":"https:\/\/www.apfelpatient.de\/en\/wp-json\/wp\/v2\/users\/2"}],"replies":[{"embeddable":true,"href":"https:\/\/www.apfelpatient.de\/en\/wp-json\/wp\/v2\/comments?post=22297"}],"version-history":[{"count":0,"href":"https:\/\/www.apfelpatient.de\/en\/wp-json\/wp\/v2\/posts\/22297\/revisions"}],"wp:featuredmedia":[{"embeddable":true,"href":"https:\/\/www.apfelpatient.de\/en\/wp-json\/wp\/v2\/media\/21578"}],"wp:attachment":[{"href":"https:\/\/www.apfelpatient.de\/en\/wp-json\/wp\/v2\/media?parent=22297"}],"wp:term":[{"taxonomy":"category","embeddable":true,"href":"https:\/\/www.apfelpatient.de\/en\/wp-json\/wp\/v2\/categories?post=22297"},{"taxonomy":"post_tag","embeddable":true,"href":"https:\/\/www.apfelpatient.de\/en\/wp-json\/wp\/v2\/tags?post=22297"}],"curies":[{"name":"wp","href":"https:\/\/api.w.org\/{rel}","templated":true}]}}