{"id":22253,"date":"2021-05-10T18:46:18","date_gmt":"2021-05-10T16:46:18","guid":{"rendered":"https:\/\/www.apfelpatient.de\/?p=22253"},"modified":"2021-05-10T18:46:19","modified_gmt":"2021-05-10T16:46:19","slug":"macbook-air-2022-will-be-colorful-this-is-what-it-could-look-like","status":"publish","type":"post","link":"https:\/\/www.apfelpatient.de\/en\/rumors\/macbook-air-2022-wird-farbenfroh-so-koennte-es-aussehen","title":{"rendered":"MacBook Air 2022 will be colorful: This is what it could look like"},"content":{"rendered":"<p class=\"has-drop-cap\"><strong>Rumor has it that Apple is planning to redesign the MacBook Air either late this year or next year. Now, images have been shared that show the new device in multiple colors.<\/strong><\/p>\n\n\n\n<p>Bloomberg reported earlier this year that Apple is working on a thinner and lighter MacBook Air. The device is expected to be unveiled in the second half of 2021 or sometime in 2022 at the earliest. If Bloomberg&#039;s information is correct, it will feature MagSafe charging technology and a new generation of the company&#039;s own Mac processors - Apple Silicon Chip. It is also claimed that Apple wants to make the bezel smaller so that the device can retain its 13-inch display diagonal but be smaller overall.<\/p>\n\n\n\n<figure class=\"wp-block-image size-large\"><img decoding=\"async\" width=\"1024\" height=\"576\" src=\"https:\/\/www.apfelpatient.de\/wp-content\/uploads\/2021\/05\/colors-stacked-1024x576.jpg\" alt=\"MacBook Air 2022\" class=\"wp-image-22249\" srcset=\"https:\/\/www.apfelpatient.de\/wp-content\/uploads\/2021\/05\/colors-stacked-1024x576.jpg 1024w, https:\/\/www.apfelpatient.de\/wp-content\/uploads\/2021\/05\/colors-stacked-300x169.jpg 300w, https:\/\/www.apfelpatient.de\/wp-content\/uploads\/2021\/05\/colors-stacked-768x432.jpg 768w, https:\/\/www.apfelpatient.de\/wp-content\/uploads\/2021\/05\/colors-stacked-1536x864.jpg 1536w, https:\/\/www.apfelpatient.de\/wp-content\/uploads\/2021\/05\/colors-stacked-750x422.jpg 750w, https:\/\/www.apfelpatient.de\/wp-content\/uploads\/2021\/05\/colors-stacked-1140x641.jpg 1140w, https:\/\/www.apfelpatient.de\/wp-content\/uploads\/2021\/05\/colors-stacked.jpg 1600w\" sizes=\"(max-width: 1024px) 100vw, 1024px\" \/><figcaption>Image: Jon Prosser x Rendersbyan<\/figcaption><\/figure>\n\n\n\n<h3 class=\"wp-block-heading\" id=\"h-wird-das-neue-macbook-air-in-sieben-farboptionen-erh-ltlich-sein\">Will the new MacBook Air be available in seven color options?<\/h3>\n\n\n\n\n\n\n\n<p>According to the report at the time, the new 13-inch model will also get a pair of USB 4 ports. The current MacBook Air, which was upgraded with Apple Silicon in November, is expected to remain in the lineup as an entry-level model. <\/p>\n\n\n\n<figure class=\"wp-block-image size-large\"><img decoding=\"async\" width=\"1024\" height=\"576\" src=\"https:\/\/www.apfelpatient.de\/wp-content\/uploads\/2021\/05\/green-1-1024x576.jpg\" alt=\"MacBook Air 2022\" class=\"wp-image-22250\" srcset=\"https:\/\/www.apfelpatient.de\/wp-content\/uploads\/2021\/05\/green-1-1024x576.jpg 1024w, https:\/\/www.apfelpatient.de\/wp-content\/uploads\/2021\/05\/green-1-300x169.jpg 300w, https:\/\/www.apfelpatient.de\/wp-content\/uploads\/2021\/05\/green-1-768x432.jpg 768w, https:\/\/www.apfelpatient.de\/wp-content\/uploads\/2021\/05\/green-1-1536x864.jpg 1536w, https:\/\/www.apfelpatient.de\/wp-content\/uploads\/2021\/05\/green-1-750x422.jpg 750w, https:\/\/www.apfelpatient.de\/wp-content\/uploads\/2021\/05\/green-1-1140x641.jpg 1140w, https:\/\/www.apfelpatient.de\/wp-content\/uploads\/2021\/05\/green-1.jpg 1600w\" sizes=\"(max-width: 1024px) 100vw, 1024px\" \/><figcaption>Image: Jon Prosser x Rendersbyan<\/figcaption><\/figure>\n\n\n\n<p>Apple analyst Ming-Chi Kuo has also largely supported Bloomberg&#039;s statement. Now the well-known YouTuber and leaker Jon Prosser has published pictures (via <a href=\"https:\/\/www.youtube.com\/watch?v=KValV-drXw0&amp;t=548s\" target=\"_blank\" rel=\"noreferrer noopener\">YouTube<\/a>), which are based on prototypes. According to his sources, the MacBook Air will also be available in several color options like the brand new iMac. What it will all look like can now be seen in his latest video. <\/p>\n\n\n\n<figure class=\"wp-block-image size-large\"><img decoding=\"async\" width=\"1024\" height=\"576\" src=\"https:\/\/www.apfelpatient.de\/wp-content\/uploads\/2021\/05\/keyboard-1024x576.jpg\" alt=\"MacBook Air 2022\" class=\"wp-image-22251\" srcset=\"https:\/\/www.apfelpatient.de\/wp-content\/uploads\/2021\/05\/keyboard-1024x576.jpg 1024w, https:\/\/www.apfelpatient.de\/wp-content\/uploads\/2021\/05\/keyboard-300x169.jpg 300w, https:\/\/www.apfelpatient.de\/wp-content\/uploads\/2021\/05\/keyboard-768x432.jpg 768w, https:\/\/www.apfelpatient.de\/wp-content\/uploads\/2021\/05\/keyboard-1536x864.jpg 1536w, https:\/\/www.apfelpatient.de\/wp-content\/uploads\/2021\/05\/keyboard-750x422.jpg 750w, https:\/\/www.apfelpatient.de\/wp-content\/uploads\/2021\/05\/keyboard-1140x641.jpg 1140w, https:\/\/www.apfelpatient.de\/wp-content\/uploads\/2021\/05\/keyboard.jpg 1600w\" sizes=\"(max-width: 1024px) 100vw, 1024px\" \/><figcaption>Image: Jon Prosser x Rendersbyan<\/figcaption><\/figure>\n\n\n\n<p>Whether this will happen remains to be seen, of course. Since Prosser has been right several times in the past, the whole thing will of course be followed closely. (Image: Jon Prosser x Rendersbyan)<\/p>\n\n\n\n<ul class=\"wp-block-list\"><li><a href=\"https:\/\/www.apfelpatient.de\/en\/news\/imac-2021-not-every-color-option-is-available-in-the-store\">iMac 2021: Not every color option is available in the store<\/a><\/li><\/ul>\n\n\n\n<h6 class=\"wp-block-heading translation-block\" id=\"h-kennt-ihr-schon-unsere-amazon-storefront-dort-findet-ihr-eine-handverlesene-auswahl-von-diversen-produkten-f-r-euer-iphone-und-co-viel-spa-beim-st-bern\"><em>Have you already visited our Amazon Storefront? There you&#039;ll find a hand-picked selection of various products for your iPhone and other devices \u2013 <span class=\"has-inline-color has-vivid-red-color\"><a href=\"https:\/\/www.amazon.de\/shop\/apfelpatientofficial\" class=\"ek-link\" data-wpel-link=\"exclude\" rel=\"follow noopener\" target=\"_self\"><span style=\"text-decoration: underline\" class=\"ek-underline\">enjoy browsing<\/span><\/a> !<\/span><\/em><\/h6>\n\n\n\n<h6 class=\"wp-block-heading translation-block\" id=\"h-der-beitrag-enthalt-partnerlinks\">This post contains <a data-type=\"URL\" data-id=\"https:\/\/www.apfelpatient.de\/partnerprogramm\" href=\"https:\/\/www.apfelpatient.de\/en\/partner-program\" data-wpel-link=\"internal\" target=\"_self\">affiliate links<\/a>.<\/h6>","protected":false},"excerpt":{"rendered":"<p>New color options? Rumor has it that Apple is planning to redesign the MacBook Air either late this year or next year.<\/p>","protected":false},"author":2,"featured_media":22249,"comment_status":"closed","ping_status":"closed","sticky":false,"template":"","format":"standard","meta":{"jnews-multi-image_gallery":[],"jnews_single_post":{"subtitle":"","format":"standard","video":"","gallery":"","source_name":"","source_url":"","via_name":"","via_url":"","override":[{"single_blog_custom":"","sidebar":"","second_sidebar":"","share_position":"","share_float_style":"","post_date_format":"","post_date_format_custom":"","post_reading_time_wpm":"","zoom_button_out_step":"1","zoom_button_in_step":"1","number_popup_post":"1"}],"image_override":[{"single_post_thumbnail_size":"","single_post_gallery_size":""}],"trending_post_position":"","trending_post_label":"","sponsored_post_label":"","sponsored_post_name":"","sponsored_post_url":"","sponsored_post_logo":"","sponsored_post_desc":""},"jnews_primary_category":{"id":"25"},"footnotes":""},"categories":[25],"tags":[40],"class_list":["post-22253","post","type-post","status-publish","format-standard","has-post-thumbnail","hentry","category-rumors","tag-mac"],"yoast_head":"<!-- This site is optimized with the Yoast SEO Premium plugin v27.5 (Yoast SEO v27.5) - https:\/\/yoast.com\/product\/yoast-seo-premium-wordpress\/ -->\n<title>MacBook Air 2022 wird farbenfroh: So k\u00f6nnte es aussehen Apfelpatient<\/title>\n<meta name=\"description\" content=\"Neue Farboptionen? Ger\u00fcchten zufolge plant Apple entweder Ende diesen Jahres oder im n\u00e4chsten Jahr das MacBook Air zu \u00fcberarbeiten.\" \/>\n<meta name=\"robots\" content=\"index, follow, max-snippet:-1, max-image-preview:large, max-video-preview:-1\" \/>\n<link rel=\"canonical\" href=\"https:\/\/www.apfelpatient.de\/en\/rumors\/macbook-air-2022-will-be-colorful-this-is-what-it-could-look-like\" \/>\n<meta property=\"og:locale\" content=\"en_US\" \/>\n<meta property=\"og:type\" content=\"article\" \/>\n<meta property=\"og:title\" content=\"MacBook Air 2022 wird farbenfroh: So k\u00f6nnte es aussehen\" \/>\n<meta property=\"og:description\" content=\"Neue Farboptionen? Ger\u00fcchten zufolge plant Apple entweder Ende diesen Jahres oder im n\u00e4chsten Jahr das MacBook Air zu \u00fcberarbeiten.\" \/>\n<meta property=\"og:url\" content=\"https:\/\/www.apfelpatient.de\/en\/rumors\/macbook-air-2022-will-be-colorful-this-is-what-it-could-look-like\" \/>\n<meta property=\"og:site_name\" content=\"Apfelpatient\" \/>\n<meta property=\"article:publisher\" content=\"https:\/\/www.facebook.com\/apfelpatientOfficial\" \/>\n<meta property=\"article:author\" content=\"https:\/\/www.facebook.com\/apfelpatientOfficial\" \/>\n<meta property=\"article:published_time\" content=\"2021-05-10T16:46:18+00:00\" \/>\n<meta property=\"article:modified_time\" content=\"2021-05-10T16:46:19+00:00\" \/>\n<meta property=\"og:image\" content=\"https:\/\/www.apfelpatient.de\/wp-content\/uploads\/2021\/05\/colors-stacked.jpg\" \/>\n\t<meta property=\"og:image:width\" content=\"1600\" \/>\n\t<meta property=\"og:image:height\" content=\"900\" \/>\n\t<meta property=\"og:image:type\" content=\"image\/jpeg\" \/>\n<meta name=\"author\" content=\"Milan\" \/>\n<meta name=\"twitter:card\" content=\"summary_large_image\" \/>\n<meta name=\"twitter:description\" content=\"Neue Farboptionen? Ger\u00fcchten zufolge plant Apple entweder Ende diesen Jahres oder im n\u00e4chsten Jahr das MacBook Air zu \u00fcberarbeiten.\" \/>\n<meta name=\"twitter:label1\" content=\"Written by\" \/>\n\t<meta name=\"twitter:data1\" content=\"Milan\" \/>\n\t<meta name=\"twitter:label2\" content=\"Est. reading time\" \/>\n\t<meta name=\"twitter:data2\" content=\"2 minutes\" \/>\n<script type=\"application\/ld+json\" class=\"yoast-schema-graph\">{\"@context\":\"https:\\\/\\\/schema.org\",\"@graph\":[{\"@type\":\"NewsArticle\",\"@id\":\"https:\\\/\\\/www.apfelpatient.de\\\/rumors\\\/macbook-air-2022-wird-farbenfroh-so-koennte-es-aussehen#article\",\"isPartOf\":{\"@id\":\"https:\\\/\\\/www.apfelpatient.de\\\/rumors\\\/macbook-air-2022-wird-farbenfroh-so-koennte-es-aussehen\"},\"author\":{\"@type\":\"Organization\",\"@id\":\"https:\\\/\\\/www.apfelpatient.de\\\/en\\\/#organization\",\"name\":\"Apfelpatient\",\"url\":\"https:\\\/\\\/www.apfelpatient.de\\\/en\\\/\"},\"headline\":\"MacBook Air 2022 wird farbenfroh: So k\u00f6nnte es aussehen\",\"datePublished\":\"2021-05-10T16:46:18+00:00\",\"dateModified\":\"2021-05-10T16:46:19+00:00\",\"mainEntityOfPage\":{\"@id\":\"https:\\\/\\\/www.apfelpatient.de\\\/rumors\\\/macbook-air-2022-wird-farbenfroh-so-koennte-es-aussehen\"},\"wordCount\":296,\"publisher\":{\"@type\":\"Organization\",\"@id\":\"https:\\\/\\\/www.apfelpatient.de\\\/en\\\/#organization\",\"name\":\"Apfelpatient\",\"url\":\"https:\\\/\\\/www.apfelpatient.de\\\/en\\\/\"},\"image\":{\"@id\":\"https:\\\/\\\/www.apfelpatient.de\\\/rumors\\\/macbook-air-2022-wird-farbenfroh-so-koennte-es-aussehen#primaryimage\"},\"thumbnailUrl\":\"https:\\\/\\\/www.apfelpatient.de\\\/wp-content\\\/uploads\\\/2021\\\/05\\\/colors-stacked.jpg\",\"keywords\":[\"Mac\"],\"articleSection\":\"Rumors\",\"inLanguage\":\"en-US\",\"copyrightYear\":\"2021\",\"copyrightHolder\":{\"@id\":\"https:\\\/\\\/www.apfelpatient.de\\\/en\\\/#organization\"}},{\"@type\":\"WebPage\",\"@id\":\"https:\\\/\\\/www.apfelpatient.de\\\/rumors\\\/macbook-air-2022-wird-farbenfroh-so-koennte-es-aussehen\",\"url\":\"https:\\\/\\\/www.apfelpatient.de\\\/rumors\\\/macbook-air-2022-wird-farbenfroh-so-koennte-es-aussehen\",\"name\":\"MacBook Air 2022 wird farbenfroh: So k\u00f6nnte es aussehen Apfelpatient\",\"isPartOf\":{\"@id\":\"https:\\\/\\\/www.apfelpatient.de\\\/#website\"},\"primaryImageOfPage\":{\"@id\":\"https:\\\/\\\/www.apfelpatient.de\\\/rumors\\\/macbook-air-2022-wird-farbenfroh-so-koennte-es-aussehen#primaryimage\"},\"image\":{\"@id\":\"https:\\\/\\\/www.apfelpatient.de\\\/rumors\\\/macbook-air-2022-wird-farbenfroh-so-koennte-es-aussehen#primaryimage\"},\"thumbnailUrl\":\"https:\\\/\\\/www.apfelpatient.de\\\/wp-content\\\/uploads\\\/2021\\\/05\\\/colors-stacked.jpg\",\"datePublished\":\"2021-05-10T16:46:18+00:00\",\"dateModified\":\"2021-05-10T16:46:19+00:00\",\"description\":\"Neue Farboptionen? Ger\u00fcchten zufolge plant Apple entweder Ende diesen Jahres oder im n\u00e4chsten Jahr das MacBook Air zu \u00fcberarbeiten.\",\"breadcrumb\":{\"@id\":\"https:\\\/\\\/www.apfelpatient.de\\\/rumors\\\/macbook-air-2022-wird-farbenfroh-so-koennte-es-aussehen#breadcrumb\"},\"inLanguage\":\"en-US\",\"potentialAction\":[{\"@type\":\"ReadAction\",\"target\":[\"https:\\\/\\\/www.apfelpatient.de\\\/rumors\\\/macbook-air-2022-wird-farbenfroh-so-koennte-es-aussehen\"]}]},{\"@type\":\"ImageObject\",\"inLanguage\":\"en-US\",\"@id\":\"https:\\\/\\\/www.apfelpatient.de\\\/rumors\\\/macbook-air-2022-wird-farbenfroh-so-koennte-es-aussehen#primaryimage\",\"url\":\"https:\\\/\\\/www.apfelpatient.de\\\/wp-content\\\/uploads\\\/2021\\\/05\\\/colors-stacked.jpg\",\"contentUrl\":\"https:\\\/\\\/www.apfelpatient.de\\\/wp-content\\\/uploads\\\/2021\\\/05\\\/colors-stacked.jpg\",\"width\":1600,\"height\":900,\"caption\":\"Bild: Jon Prosser x Rendersbyan - MacBook Air 2022\"},{\"@type\":\"BreadcrumbList\",\"@id\":\"https:\\\/\\\/www.apfelpatient.de\\\/rumors\\\/macbook-air-2022-wird-farbenfroh-so-koennte-es-aussehen#breadcrumb\",\"itemListElement\":[{\"@type\":\"ListItem\",\"position\":1,\"name\":\"Startseite\",\"item\":\"https:\\\/\\\/www.apfelpatient.de\\\/\"},{\"@type\":\"ListItem\",\"position\":2,\"name\":\"MacBook Air 2022 wird farbenfroh: So k\u00f6nnte es aussehen\"}]},{\"@type\":\"WebSite\",\"@id\":\"https:\\\/\\\/www.apfelpatient.de\\\/#website\",\"url\":\"https:\\\/\\\/www.apfelpatient.de\\\/\",\"name\":\"Apfelpatient\",\"description\":\"Alles rund um Apple!\",\"publisher\":{\"@type\":\"Organization\",\"@id\":\"https:\\\/\\\/www.apfelpatient.de\\\/en\\\/#organization\",\"name\":\"Apfelpatient\",\"url\":\"https:\\\/\\\/www.apfelpatient.de\\\/en\\\/\"},\"alternateName\":\"Apfelpatient\",\"potentialAction\":[{\"@type\":\"SearchAction\",\"target\":{\"@type\":\"EntryPoint\",\"urlTemplate\":\"https:\\\/\\\/www.apfelpatient.de\\\/?s={search_term_string}\"},\"query-input\":{\"@type\":\"PropertyValueSpecification\",\"valueRequired\":true,\"valueName\":\"search_term_string\"}}],\"inLanguage\":\"en-US\"},{\"@type\":[\"Person\",\"Organization\"],\"@id\":\"https:\\\/\\\/www.apfelpatient.de\\\/#\\\/schema\\\/person\\\/7dc56ad6c8e9824b76d2c08d4c140e13\",\"name\":\"Milan\",\"logo\":{\"@id\":\"https:\\\/\\\/www.apfelpatient.de\\\/#\\\/schema\\\/person\\\/image\\\/\"},\"description\":\"Hallo und herzlich willkommen auf meinem Technik-Blog! Als gro\u00dfer Apple-Fan berichte ich hier \u00fcber alles, was mit Apple zu tun hat: von den neuesten News und spannenden Ger\u00fcchten \u00fcber hilfreiche Tipps und Tricks bis hin zu ausf\u00fchrlichen Produkttests. Wenn du genauso technikbegeistert bist wie ich, bist du hier genau richtig!\",\"sameAs\":[\"https:\\\/\\\/www.facebook.com\\\/apfelpatientOfficial\",\"https:\\\/\\\/www.linkedin.com\\\/in\\\/milan-jovicic-42aa0231b\"],\"url\":\"https:\\\/\\\/www.apfelpatient.de\\\/en\\\/author\\\/apfeladmin\"}]}<\/script>\n<!-- \/ Yoast SEO Premium plugin. -->","yoast_head_json":{"title":"MacBook Air 2022 will be colorful: This is what it could look like Apfelpatient","description":"New color options? Rumor has it that Apple is planning to redesign the MacBook Air either late this year or next year.","robots":{"index":"index","follow":"follow","max-snippet":"max-snippet:-1","max-image-preview":"max-image-preview:large","max-video-preview":"max-video-preview:-1"},"canonical":"https:\/\/www.apfelpatient.de\/en\/rumors\/macbook-air-2022-will-be-colorful-this-is-what-it-could-look-like","og_locale":"en_US","og_type":"article","og_title":"MacBook Air 2022 wird farbenfroh: So k\u00f6nnte es aussehen","og_description":"Neue Farboptionen? Ger\u00fcchten zufolge plant Apple entweder Ende diesen Jahres oder im n\u00e4chsten Jahr das MacBook Air zu \u00fcberarbeiten.","og_url":"https:\/\/www.apfelpatient.de\/en\/rumors\/macbook-air-2022-will-be-colorful-this-is-what-it-could-look-like","og_site_name":"Apfelpatient","article_publisher":"https:\/\/www.facebook.com\/apfelpatientOfficial","article_author":"https:\/\/www.facebook.com\/apfelpatientOfficial","article_published_time":"2021-05-10T16:46:18+00:00","article_modified_time":"2021-05-10T16:46:19+00:00","og_image":[{"width":1600,"height":900,"url":"https:\/\/www.apfelpatient.de\/wp-content\/uploads\/2021\/05\/colors-stacked.jpg","type":"image\/jpeg"}],"author":"Milan","twitter_card":"summary_large_image","twitter_description":"Neue Farboptionen? Ger\u00fcchten zufolge plant Apple entweder Ende diesen Jahres oder im n\u00e4chsten Jahr das MacBook Air zu \u00fcberarbeiten.","twitter_misc":{"Written by":"Milan","Est. reading time":"2 minutes"},"schema":{"@context":"https:\/\/schema.org","@graph":[{"@type":"NewsArticle","@id":"https:\/\/www.apfelpatient.de\/rumors\/macbook-air-2022-wird-farbenfroh-so-koennte-es-aussehen#article","isPartOf":{"@id":"https:\/\/www.apfelpatient.de\/rumors\/macbook-air-2022-wird-farbenfroh-so-koennte-es-aussehen"},"author":{"@type":"Organization","@id":"https:\/\/www.apfelpatient.de\/en\/#organization","name":"Apfelpatient","url":"https:\/\/www.apfelpatient.de\/en\/"},"headline":"MacBook Air 2022 wird farbenfroh: So k\u00f6nnte es aussehen","datePublished":"2021-05-10T16:46:18+00:00","dateModified":"2021-05-10T16:46:19+00:00","mainEntityOfPage":{"@id":"https:\/\/www.apfelpatient.de\/rumors\/macbook-air-2022-wird-farbenfroh-so-koennte-es-aussehen"},"wordCount":296,"publisher":{"@type":"Organization","@id":"https:\/\/www.apfelpatient.de\/en\/#organization","name":"Apfelpatient","url":"https:\/\/www.apfelpatient.de\/en\/"},"image":{"@id":"https:\/\/www.apfelpatient.de\/rumors\/macbook-air-2022-wird-farbenfroh-so-koennte-es-aussehen#primaryimage"},"thumbnailUrl":"https:\/\/www.apfelpatient.de\/wp-content\/uploads\/2021\/05\/colors-stacked.jpg","keywords":["Mac"],"articleSection":"Rumors","inLanguage":"en-US","copyrightYear":"2021","copyrightHolder":{"@id":"https:\/\/www.apfelpatient.de\/en\/#organization"}},{"@type":"WebPage","@id":"https:\/\/www.apfelpatient.de\/rumors\/macbook-air-2022-wird-farbenfroh-so-koennte-es-aussehen","url":"https:\/\/www.apfelpatient.de\/rumors\/macbook-air-2022-wird-farbenfroh-so-koennte-es-aussehen","name":"MacBook Air 2022 will be colorful: This is what it could look like Apfelpatient","isPartOf":{"@id":"https:\/\/www.apfelpatient.de\/#website"},"primaryImageOfPage":{"@id":"https:\/\/www.apfelpatient.de\/rumors\/macbook-air-2022-wird-farbenfroh-so-koennte-es-aussehen#primaryimage"},"image":{"@id":"https:\/\/www.apfelpatient.de\/rumors\/macbook-air-2022-wird-farbenfroh-so-koennte-es-aussehen#primaryimage"},"thumbnailUrl":"https:\/\/www.apfelpatient.de\/wp-content\/uploads\/2021\/05\/colors-stacked.jpg","datePublished":"2021-05-10T16:46:18+00:00","dateModified":"2021-05-10T16:46:19+00:00","description":"New color options? Rumor has it that Apple is planning to redesign the MacBook Air either late this year or next year.","breadcrumb":{"@id":"https:\/\/www.apfelpatient.de\/rumors\/macbook-air-2022-wird-farbenfroh-so-koennte-es-aussehen#breadcrumb"},"inLanguage":"en-US","potentialAction":[{"@type":"ReadAction","target":["https:\/\/www.apfelpatient.de\/rumors\/macbook-air-2022-wird-farbenfroh-so-koennte-es-aussehen"]}]},{"@type":"ImageObject","inLanguage":"en-US","@id":"https:\/\/www.apfelpatient.de\/rumors\/macbook-air-2022-wird-farbenfroh-so-koennte-es-aussehen#primaryimage","url":"https:\/\/www.apfelpatient.de\/wp-content\/uploads\/2021\/05\/colors-stacked.jpg","contentUrl":"https:\/\/www.apfelpatient.de\/wp-content\/uploads\/2021\/05\/colors-stacked.jpg","width":1600,"height":900,"caption":"Bild: Jon Prosser x Rendersbyan - MacBook Air 2022"},{"@type":"BreadcrumbList","@id":"https:\/\/www.apfelpatient.de\/rumors\/macbook-air-2022-wird-farbenfroh-so-koennte-es-aussehen#breadcrumb","itemListElement":[{"@type":"ListItem","position":1,"name":"Startseite","item":"https:\/\/www.apfelpatient.de\/"},{"@type":"ListItem","position":2,"name":"MacBook Air 2022 wird farbenfroh: So k\u00f6nnte es aussehen"}]},{"@type":"WebSite","@id":"https:\/\/www.apfelpatient.de\/#website","url":"https:\/\/www.apfelpatient.de\/","name":"apple patient","description":"Everything about Apple!","publisher":{"@type":"Organization","@id":"https:\/\/www.apfelpatient.de\/en\/#organization","name":"Apfelpatient","url":"https:\/\/www.apfelpatient.de\/en\/"},"alternateName":"Apfelpatient","potentialAction":[{"@type":"SearchAction","target":{"@type":"EntryPoint","urlTemplate":"https:\/\/www.apfelpatient.de\/?s={search_term_string}"},"query-input":{"@type":"PropertyValueSpecification","valueRequired":true,"valueName":"search_term_string"}}],"inLanguage":"en-US"},{"@type":["Person","Organization"],"@id":"https:\/\/www.apfelpatient.de\/#\/schema\/person\/7dc56ad6c8e9824b76d2c08d4c140e13","name":"Milan","logo":{"@id":"https:\/\/www.apfelpatient.de\/#\/schema\/person\/image\/"},"description":"Hello and welcome to my technology blog! As a big Apple fan, I report on everything to do with Apple: from the latest news and exciting rumors to helpful tips and tricks and detailed product tests. If you are as enthusiastic about technology as I am, you have come to the right place!","sameAs":["https:\/\/www.facebook.com\/apfelpatientOfficial","https:\/\/www.linkedin.com\/in\/milan-jovicic-42aa0231b"],"url":"https:\/\/www.apfelpatient.de\/en\/author\/apfeladmin"}]}},"_links":{"self":[{"href":"https:\/\/www.apfelpatient.de\/en\/wp-json\/wp\/v2\/posts\/22253","targetHints":{"allow":["GET"]}}],"collection":[{"href":"https:\/\/www.apfelpatient.de\/en\/wp-json\/wp\/v2\/posts"}],"about":[{"href":"https:\/\/www.apfelpatient.de\/en\/wp-json\/wp\/v2\/types\/post"}],"author":[{"embeddable":true,"href":"https:\/\/www.apfelpatient.de\/en\/wp-json\/wp\/v2\/users\/2"}],"replies":[{"embeddable":true,"href":"https:\/\/www.apfelpatient.de\/en\/wp-json\/wp\/v2\/comments?post=22253"}],"version-history":[{"count":0,"href":"https:\/\/www.apfelpatient.de\/en\/wp-json\/wp\/v2\/posts\/22253\/revisions"}],"wp:featuredmedia":[{"embeddable":true,"href":"https:\/\/www.apfelpatient.de\/en\/wp-json\/wp\/v2\/media\/22249"}],"wp:attachment":[{"href":"https:\/\/www.apfelpatient.de\/en\/wp-json\/wp\/v2\/media?parent=22253"}],"wp:term":[{"taxonomy":"category","embeddable":true,"href":"https:\/\/www.apfelpatient.de\/en\/wp-json\/wp\/v2\/categories?post=22253"},{"taxonomy":"post_tag","embeddable":true,"href":"https:\/\/www.apfelpatient.de\/en\/wp-json\/wp\/v2\/tags?post=22253"}],"curies":[{"name":"wp","href":"https:\/\/api.w.org\/{rel}","templated":true}]}}