{"id":22190,"date":"2021-05-07T16:18:57","date_gmt":"2021-05-07T14:18:57","guid":{"rendered":"https:\/\/www.apfelpatient.de\/?p=22190"},"modified":"2021-05-07T16:18:57","modified_gmt":"2021-05-07T14:18:57","slug":"next-macbook-air-could-appear-in-similar-colors-as-the-imac","status":"publish","type":"post","link":"https:\/\/www.apfelpatient.de\/en\/rumors\/naechstes-macbook-air-koennte-in-aehnlichen-farben-wie-der-imac-erscheinen","title":{"rendered":"Next MacBook Air could appear in similar colors to the iMac"},"content":{"rendered":"<p class=\"has-drop-cap\"><strong>In a new report, well-known leaker Jon Prosser claims that Apple may use bright colors for a new MacBook, just like the new 2021 iMac.<\/strong><\/p>\n\n\n\n<p>In his latest Front Page Tech video <a href=\"https:\/\/www.youtube.com\/watch?v=JhLRbrrkSlY\" target=\"_blank\" rel=\"noreferrer noopener\">claimed<\/a> Prosser says that the same source who gave him information about the 2021 iMac color options that turned out to be true told Prosser that they saw a colored MacBook prototype in blue. The model was said to look &quot;absolutely amazing.&quot; Prosser explains that the source did not give him a time frame or any indication of which MacBook this might refer to. Back in February, Prosser hinted that Apple was planning to announce a new iMac with a major design overhaul, complete with a new color palette. As it later turned out, Prosser was right based on his source&#039;s information.<\/p>\n\n\n\n<h3 class=\"wp-block-heading\" id=\"h-wann-wird-apple-ein-neues-macbook-air-vorstellen\">When will Apple introduce a new MacBook Air?<\/h3>\n\n\n\n\n\n\n\n<p>According to Prosser, his source was very cryptic this time. Therefore, the leaker believes that the prototype is the next MacBook Air with an M2 chip. If the information is true, the new colorful MacBook range would be reminiscent of the PowerBook G3. Apple first started offering bright color options for the iPad with the iPad Air, which was released in October. The iMac, introduced last month, followed suit. Apple analyst Ming-Chi Kuo has already reported that a future model of the portable entry-level Mac will be equipped with a mini-LED display; however, this is unlikely to be in the near future. Currently, some sources believe that Apple will not introduce a new MacBook Air until the end of the year or early next year at the earliest. Whether they will be right remains to be seen, of course, as always. (Image: Apple)<\/p>\n\n\n\n<ul class=\"wp-block-list\"><li><a href=\"https:\/\/www.apfelpatient.de\/en\/news\/imac-2021-not-every-color-option-is-available-in-the-store\">iMac 2021: Not every color option is available in the store<\/a><\/li><\/ul>\n\n\n\n<h6 class=\"wp-block-heading translation-block\" id=\"h-kennt-ihr-schon-unsere-amazon-storefront-dort-findet-ihr-eine-handverlesene-auswahl-von-diversen-produkten-f-r-euer-iphone-und-co-viel-spa-beim-st-bern\"><em>Have you already visited our Amazon Storefront? There you&#039;ll find a hand-picked selection of various products for your iPhone and other devices \u2013 <span class=\"has-inline-color has-vivid-red-color\"><a href=\"https:\/\/www.amazon.de\/shop\/apfelpatientofficial\" class=\"ek-link\" data-wpel-link=\"exclude\" rel=\"follow noopener\" target=\"_self\"><span style=\"text-decoration: underline\" class=\"ek-underline\">enjoy browsing<\/span><\/a> !<\/span><\/em><\/h6>\n\n\n\n<h6 class=\"wp-block-heading translation-block\" id=\"h-der-beitrag-enthalt-partnerlinks\">This post contains <a data-type=\"URL\" data-id=\"https:\/\/www.apfelpatient.de\/partnerprogramm\" href=\"https:\/\/www.apfelpatient.de\/en\/partner-program\" data-wpel-link=\"internal\" target=\"_self\">affiliate links<\/a>.<\/h6>","protected":false},"excerpt":{"rendered":"<p>In a new report, well-known leaker Jon Prosser claims that Apple may use bright colors for a new MacBook.<\/p>","protected":false},"author":2,"featured_media":21499,"comment_status":"closed","ping_status":"closed","sticky":false,"template":"","format":"standard","meta":{"jnews-multi-image_gallery":[],"jnews_single_post":{"subtitle":"","format":"standard","video":"","gallery":"","source_name":"","source_url":"","via_name":"","via_url":"","override":[{"single_blog_custom":"","sidebar":"","second_sidebar":"","share_position":"","share_float_style":"","post_date_format":"","post_date_format_custom":"","post_reading_time_wpm":"","zoom_button_out_step":"1","zoom_button_in_step":"1","number_popup_post":"1"}],"image_override":[{"single_post_thumbnail_size":"","single_post_gallery_size":""}],"trending_post_position":"","trending_post_label":"","sponsored_post_label":"","sponsored_post_name":"","sponsored_post_url":"","sponsored_post_logo":"","sponsored_post_desc":""},"jnews_primary_category":{"id":"25"},"footnotes":""},"categories":[25],"tags":[40],"class_list":["post-22190","post","type-post","status-publish","format-standard","has-post-thumbnail","hentry","category-rumors","tag-mac"],"yoast_head":"<!-- This site is optimized with the Yoast SEO Premium plugin v27.5 (Yoast SEO v27.5) - https:\/\/yoast.com\/product\/yoast-seo-premium-wordpress\/ -->\n<title>N\u00e4chstes MacBook Air k\u00f6nnte in \u00e4hnlichen Farben wie der iMac erscheinen<\/title>\n<meta name=\"description\" content=\"In einem neuen Bericht behauptet der bekannte Leaker Jon Prosser, dass Apple m\u00f6glicherweise helle Farben f\u00fcr ein neues MacBook verwenden wird.\" \/>\n<meta name=\"robots\" content=\"index, follow, max-snippet:-1, max-image-preview:large, max-video-preview:-1\" \/>\n<link rel=\"canonical\" href=\"https:\/\/www.apfelpatient.de\/en\/rumors\/next-macbook-air-could-appear-in-similar-colors-as-the-imac\" \/>\n<meta property=\"og:locale\" content=\"en_US\" \/>\n<meta property=\"og:type\" content=\"article\" \/>\n<meta property=\"og:title\" content=\"N\u00e4chstes MacBook Air k\u00f6nnte in \u00e4hnlichen Farben wie der iMac erscheinen\" \/>\n<meta property=\"og:description\" content=\"In einem neuen Bericht behauptet der bekannte Leaker Jon Prosser, dass Apple m\u00f6glicherweise helle Farben f\u00fcr ein neues MacBook verwenden wird.\" \/>\n<meta property=\"og:url\" content=\"https:\/\/www.apfelpatient.de\/en\/rumors\/next-macbook-air-could-appear-in-similar-colors-as-the-imac\" \/>\n<meta property=\"og:site_name\" content=\"Apfelpatient\" \/>\n<meta property=\"article:publisher\" content=\"https:\/\/www.facebook.com\/apfelpatientOfficial\" \/>\n<meta property=\"article:author\" content=\"https:\/\/www.facebook.com\/apfelpatientOfficial\" \/>\n<meta property=\"article:published_time\" content=\"2021-05-07T14:18:57+00:00\" \/>\n<meta property=\"og:image\" content=\"https:\/\/www.apfelpatient.de\/wp-content\/uploads\/2021\/04\/apple_new-imac-spring21_hero_04202021-scaled.jpg\" \/>\n\t<meta property=\"og:image:width\" content=\"2560\" \/>\n\t<meta property=\"og:image:height\" content=\"1441\" \/>\n\t<meta property=\"og:image:type\" content=\"image\/jpeg\" \/>\n<meta name=\"author\" content=\"Milan\" \/>\n<meta name=\"twitter:card\" content=\"summary_large_image\" \/>\n<meta name=\"twitter:description\" content=\"In einem neuen Bericht behauptet der bekannte Leaker Jon Prosser, dass Apple m\u00f6glicherweise helle Farben f\u00fcr ein neues MacBook verwenden wird.\" \/>\n<meta name=\"twitter:label1\" content=\"Written by\" \/>\n\t<meta name=\"twitter:data1\" content=\"Milan\" \/>\n\t<meta name=\"twitter:label2\" content=\"Est. reading time\" \/>\n\t<meta name=\"twitter:data2\" content=\"2 minutes\" \/>\n<script type=\"application\/ld+json\" class=\"yoast-schema-graph\">{\"@context\":\"https:\\\/\\\/schema.org\",\"@graph\":[{\"@type\":\"NewsArticle\",\"@id\":\"https:\\\/\\\/www.apfelpatient.de\\\/rumors\\\/naechstes-macbook-air-koennte-in-aehnlichen-farben-wie-der-imac-erscheinen#article\",\"isPartOf\":{\"@id\":\"https:\\\/\\\/www.apfelpatient.de\\\/rumors\\\/naechstes-macbook-air-koennte-in-aehnlichen-farben-wie-der-imac-erscheinen\"},\"author\":{\"@type\":\"Organization\",\"@id\":\"https:\\\/\\\/www.apfelpatient.de\\\/en\\\/#organization\",\"name\":\"Apfelpatient\",\"url\":\"https:\\\/\\\/www.apfelpatient.de\\\/en\\\/\"},\"headline\":\"N\u00e4chstes MacBook Air k\u00f6nnte in \u00e4hnlichen Farben wie der iMac erscheinen\",\"datePublished\":\"2021-05-07T14:18:57+00:00\",\"mainEntityOfPage\":{\"@id\":\"https:\\\/\\\/www.apfelpatient.de\\\/rumors\\\/naechstes-macbook-air-koennte-in-aehnlichen-farben-wie-der-imac-erscheinen\"},\"wordCount\":314,\"publisher\":{\"@type\":\"Organization\",\"@id\":\"https:\\\/\\\/www.apfelpatient.de\\\/en\\\/#organization\",\"name\":\"Apfelpatient\",\"url\":\"https:\\\/\\\/www.apfelpatient.de\\\/en\\\/\"},\"image\":{\"@id\":\"https:\\\/\\\/www.apfelpatient.de\\\/rumors\\\/naechstes-macbook-air-koennte-in-aehnlichen-farben-wie-der-imac-erscheinen#primaryimage\"},\"thumbnailUrl\":\"https:\\\/\\\/www.apfelpatient.de\\\/wp-content\\\/uploads\\\/2021\\\/04\\\/apple_new-imac-spring21_hero_04202021-scaled.jpg\",\"keywords\":[\"Mac\"],\"articleSection\":\"Rumors\",\"inLanguage\":\"en-US\",\"copyrightYear\":\"2021\",\"copyrightHolder\":{\"@id\":\"https:\\\/\\\/www.apfelpatient.de\\\/en\\\/#organization\"}},{\"@type\":\"WebPage\",\"@id\":\"https:\\\/\\\/www.apfelpatient.de\\\/rumors\\\/naechstes-macbook-air-koennte-in-aehnlichen-farben-wie-der-imac-erscheinen\",\"url\":\"https:\\\/\\\/www.apfelpatient.de\\\/rumors\\\/naechstes-macbook-air-koennte-in-aehnlichen-farben-wie-der-imac-erscheinen\",\"name\":\"N\u00e4chstes MacBook Air k\u00f6nnte in \u00e4hnlichen Farben wie der iMac erscheinen\",\"isPartOf\":{\"@id\":\"https:\\\/\\\/www.apfelpatient.de\\\/#website\"},\"primaryImageOfPage\":{\"@id\":\"https:\\\/\\\/www.apfelpatient.de\\\/rumors\\\/naechstes-macbook-air-koennte-in-aehnlichen-farben-wie-der-imac-erscheinen#primaryimage\"},\"image\":{\"@id\":\"https:\\\/\\\/www.apfelpatient.de\\\/rumors\\\/naechstes-macbook-air-koennte-in-aehnlichen-farben-wie-der-imac-erscheinen#primaryimage\"},\"thumbnailUrl\":\"https:\\\/\\\/www.apfelpatient.de\\\/wp-content\\\/uploads\\\/2021\\\/04\\\/apple_new-imac-spring21_hero_04202021-scaled.jpg\",\"datePublished\":\"2021-05-07T14:18:57+00:00\",\"description\":\"In einem neuen Bericht behauptet der bekannte Leaker Jon Prosser, dass Apple m\u00f6glicherweise helle Farben f\u00fcr ein neues MacBook verwenden wird.\",\"breadcrumb\":{\"@id\":\"https:\\\/\\\/www.apfelpatient.de\\\/rumors\\\/naechstes-macbook-air-koennte-in-aehnlichen-farben-wie-der-imac-erscheinen#breadcrumb\"},\"inLanguage\":\"en-US\",\"potentialAction\":[{\"@type\":\"ReadAction\",\"target\":[\"https:\\\/\\\/www.apfelpatient.de\\\/rumors\\\/naechstes-macbook-air-koennte-in-aehnlichen-farben-wie-der-imac-erscheinen\"]}]},{\"@type\":\"ImageObject\",\"inLanguage\":\"en-US\",\"@id\":\"https:\\\/\\\/www.apfelpatient.de\\\/rumors\\\/naechstes-macbook-air-koennte-in-aehnlichen-farben-wie-der-imac-erscheinen#primaryimage\",\"url\":\"https:\\\/\\\/www.apfelpatient.de\\\/wp-content\\\/uploads\\\/2021\\\/04\\\/apple_new-imac-spring21_hero_04202021-scaled.jpg\",\"contentUrl\":\"https:\\\/\\\/www.apfelpatient.de\\\/wp-content\\\/uploads\\\/2021\\\/04\\\/apple_new-imac-spring21_hero_04202021-scaled.jpg\",\"width\":2560,\"height\":1441,\"caption\":\"Bild: Apple\"},{\"@type\":\"BreadcrumbList\",\"@id\":\"https:\\\/\\\/www.apfelpatient.de\\\/rumors\\\/naechstes-macbook-air-koennte-in-aehnlichen-farben-wie-der-imac-erscheinen#breadcrumb\",\"itemListElement\":[{\"@type\":\"ListItem\",\"position\":1,\"name\":\"Startseite\",\"item\":\"https:\\\/\\\/www.apfelpatient.de\\\/\"},{\"@type\":\"ListItem\",\"position\":2,\"name\":\"N\u00e4chstes MacBook Air k\u00f6nnte in \u00e4hnlichen Farben wie der iMac erscheinen\"}]},{\"@type\":\"WebSite\",\"@id\":\"https:\\\/\\\/www.apfelpatient.de\\\/#website\",\"url\":\"https:\\\/\\\/www.apfelpatient.de\\\/\",\"name\":\"Apfelpatient\",\"description\":\"Alles rund um Apple!\",\"publisher\":{\"@type\":\"Organization\",\"@id\":\"https:\\\/\\\/www.apfelpatient.de\\\/en\\\/#organization\",\"name\":\"Apfelpatient\",\"url\":\"https:\\\/\\\/www.apfelpatient.de\\\/en\\\/\"},\"alternateName\":\"Apfelpatient\",\"potentialAction\":[{\"@type\":\"SearchAction\",\"target\":{\"@type\":\"EntryPoint\",\"urlTemplate\":\"https:\\\/\\\/www.apfelpatient.de\\\/?s={search_term_string}\"},\"query-input\":{\"@type\":\"PropertyValueSpecification\",\"valueRequired\":true,\"valueName\":\"search_term_string\"}}],\"inLanguage\":\"en-US\"},{\"@type\":[\"Person\",\"Organization\"],\"@id\":\"https:\\\/\\\/www.apfelpatient.de\\\/#\\\/schema\\\/person\\\/35b3ddba5832f2bfc7fff5206d4f6b7b\",\"name\":\"Milan\",\"logo\":{\"@id\":\"https:\\\/\\\/www.apfelpatient.de\\\/#\\\/schema\\\/person\\\/image\\\/\"},\"description\":\"Hallo und herzlich willkommen auf meinem Technik-Blog! Als gro\u00dfer Apple-Fan berichte ich hier \u00fcber alles, was mit Apple zu tun hat: von den neuesten News und spannenden Ger\u00fcchten \u00fcber hilfreiche Tipps und Tricks bis hin zu ausf\u00fchrlichen Produkttests. Wenn du genauso technikbegeistert bist wie ich, bist du hier genau richtig!\",\"sameAs\":[\"https:\\\/\\\/www.facebook.com\\\/apfelpatientOfficial\",\"https:\\\/\\\/www.linkedin.com\\\/in\\\/milan-jovicic-42aa0231b\"],\"url\":\"https:\\\/\\\/www.apfelpatient.de\\\/en\\\/author\\\/apfeladmin\"}]}<\/script>\n<!-- \/ Yoast SEO Premium plugin. -->","yoast_head_json":{"title":"Next MacBook Air could appear in similar colors to the iMac","description":"In a new report, well-known leaker Jon Prosser claims that Apple may use bright colors for a new MacBook.","robots":{"index":"index","follow":"follow","max-snippet":"max-snippet:-1","max-image-preview":"max-image-preview:large","max-video-preview":"max-video-preview:-1"},"canonical":"https:\/\/www.apfelpatient.de\/en\/rumors\/next-macbook-air-could-appear-in-similar-colors-as-the-imac","og_locale":"en_US","og_type":"article","og_title":"N\u00e4chstes MacBook Air k\u00f6nnte in \u00e4hnlichen Farben wie der iMac erscheinen","og_description":"In einem neuen Bericht behauptet der bekannte Leaker Jon Prosser, dass Apple m\u00f6glicherweise helle Farben f\u00fcr ein neues MacBook verwenden wird.","og_url":"https:\/\/www.apfelpatient.de\/en\/rumors\/next-macbook-air-could-appear-in-similar-colors-as-the-imac","og_site_name":"Apfelpatient","article_publisher":"https:\/\/www.facebook.com\/apfelpatientOfficial","article_author":"https:\/\/www.facebook.com\/apfelpatientOfficial","article_published_time":"2021-05-07T14:18:57+00:00","og_image":[{"width":2560,"height":1441,"url":"https:\/\/www.apfelpatient.de\/wp-content\/uploads\/2021\/04\/apple_new-imac-spring21_hero_04202021-scaled.jpg","type":"image\/jpeg"}],"author":"Milan","twitter_card":"summary_large_image","twitter_description":"In einem neuen Bericht behauptet der bekannte Leaker Jon Prosser, dass Apple m\u00f6glicherweise helle Farben f\u00fcr ein neues MacBook verwenden wird.","twitter_misc":{"Written by":"Milan","Est. reading time":"2 minutes"},"schema":{"@context":"https:\/\/schema.org","@graph":[{"@type":"NewsArticle","@id":"https:\/\/www.apfelpatient.de\/rumors\/naechstes-macbook-air-koennte-in-aehnlichen-farben-wie-der-imac-erscheinen#article","isPartOf":{"@id":"https:\/\/www.apfelpatient.de\/rumors\/naechstes-macbook-air-koennte-in-aehnlichen-farben-wie-der-imac-erscheinen"},"author":{"@type":"Organization","@id":"https:\/\/www.apfelpatient.de\/en\/#organization","name":"Apfelpatient","url":"https:\/\/www.apfelpatient.de\/en\/"},"headline":"N\u00e4chstes MacBook Air k\u00f6nnte in \u00e4hnlichen Farben wie der iMac erscheinen","datePublished":"2021-05-07T14:18:57+00:00","mainEntityOfPage":{"@id":"https:\/\/www.apfelpatient.de\/rumors\/naechstes-macbook-air-koennte-in-aehnlichen-farben-wie-der-imac-erscheinen"},"wordCount":314,"publisher":{"@type":"Organization","@id":"https:\/\/www.apfelpatient.de\/en\/#organization","name":"Apfelpatient","url":"https:\/\/www.apfelpatient.de\/en\/"},"image":{"@id":"https:\/\/www.apfelpatient.de\/rumors\/naechstes-macbook-air-koennte-in-aehnlichen-farben-wie-der-imac-erscheinen#primaryimage"},"thumbnailUrl":"https:\/\/www.apfelpatient.de\/wp-content\/uploads\/2021\/04\/apple_new-imac-spring21_hero_04202021-scaled.jpg","keywords":["Mac"],"articleSection":"Rumors","inLanguage":"en-US","copyrightYear":"2021","copyrightHolder":{"@id":"https:\/\/www.apfelpatient.de\/en\/#organization"}},{"@type":"WebPage","@id":"https:\/\/www.apfelpatient.de\/rumors\/naechstes-macbook-air-koennte-in-aehnlichen-farben-wie-der-imac-erscheinen","url":"https:\/\/www.apfelpatient.de\/rumors\/naechstes-macbook-air-koennte-in-aehnlichen-farben-wie-der-imac-erscheinen","name":"Next MacBook Air could appear in similar colors to the iMac","isPartOf":{"@id":"https:\/\/www.apfelpatient.de\/#website"},"primaryImageOfPage":{"@id":"https:\/\/www.apfelpatient.de\/rumors\/naechstes-macbook-air-koennte-in-aehnlichen-farben-wie-der-imac-erscheinen#primaryimage"},"image":{"@id":"https:\/\/www.apfelpatient.de\/rumors\/naechstes-macbook-air-koennte-in-aehnlichen-farben-wie-der-imac-erscheinen#primaryimage"},"thumbnailUrl":"https:\/\/www.apfelpatient.de\/wp-content\/uploads\/2021\/04\/apple_new-imac-spring21_hero_04202021-scaled.jpg","datePublished":"2021-05-07T14:18:57+00:00","description":"In a new report, well-known leaker Jon Prosser claims that Apple may use bright colors for a new MacBook.","breadcrumb":{"@id":"https:\/\/www.apfelpatient.de\/rumors\/naechstes-macbook-air-koennte-in-aehnlichen-farben-wie-der-imac-erscheinen#breadcrumb"},"inLanguage":"en-US","potentialAction":[{"@type":"ReadAction","target":["https:\/\/www.apfelpatient.de\/rumors\/naechstes-macbook-air-koennte-in-aehnlichen-farben-wie-der-imac-erscheinen"]}]},{"@type":"ImageObject","inLanguage":"en-US","@id":"https:\/\/www.apfelpatient.de\/rumors\/naechstes-macbook-air-koennte-in-aehnlichen-farben-wie-der-imac-erscheinen#primaryimage","url":"https:\/\/www.apfelpatient.de\/wp-content\/uploads\/2021\/04\/apple_new-imac-spring21_hero_04202021-scaled.jpg","contentUrl":"https:\/\/www.apfelpatient.de\/wp-content\/uploads\/2021\/04\/apple_new-imac-spring21_hero_04202021-scaled.jpg","width":2560,"height":1441,"caption":"Bild: Apple"},{"@type":"BreadcrumbList","@id":"https:\/\/www.apfelpatient.de\/rumors\/naechstes-macbook-air-koennte-in-aehnlichen-farben-wie-der-imac-erscheinen#breadcrumb","itemListElement":[{"@type":"ListItem","position":1,"name":"Startseite","item":"https:\/\/www.apfelpatient.de\/"},{"@type":"ListItem","position":2,"name":"N\u00e4chstes MacBook Air k\u00f6nnte in \u00e4hnlichen Farben wie der iMac erscheinen"}]},{"@type":"WebSite","@id":"https:\/\/www.apfelpatient.de\/#website","url":"https:\/\/www.apfelpatient.de\/","name":"apple patient","description":"Everything about Apple!","publisher":{"@type":"Organization","@id":"https:\/\/www.apfelpatient.de\/en\/#organization","name":"Apfelpatient","url":"https:\/\/www.apfelpatient.de\/en\/"},"alternateName":"Apfelpatient","potentialAction":[{"@type":"SearchAction","target":{"@type":"EntryPoint","urlTemplate":"https:\/\/www.apfelpatient.de\/?s={search_term_string}"},"query-input":{"@type":"PropertyValueSpecification","valueRequired":true,"valueName":"search_term_string"}}],"inLanguage":"en-US"},{"@type":["Person","Organization"],"@id":"https:\/\/www.apfelpatient.de\/#\/schema\/person\/35b3ddba5832f2bfc7fff5206d4f6b7b","name":"Milan","logo":{"@id":"https:\/\/www.apfelpatient.de\/#\/schema\/person\/image\/"},"description":"Hello and welcome to my technology blog! As a big Apple fan, I report on everything to do with Apple: from the latest news and exciting rumors to helpful tips and tricks and detailed product tests. If you are as enthusiastic about technology as I am, you have come to the right place!","sameAs":["https:\/\/www.facebook.com\/apfelpatientOfficial","https:\/\/www.linkedin.com\/in\/milan-jovicic-42aa0231b"],"url":"https:\/\/www.apfelpatient.de\/en\/author\/apfeladmin"}]}},"_links":{"self":[{"href":"https:\/\/www.apfelpatient.de\/en\/wp-json\/wp\/v2\/posts\/22190","targetHints":{"allow":["GET"]}}],"collection":[{"href":"https:\/\/www.apfelpatient.de\/en\/wp-json\/wp\/v2\/posts"}],"about":[{"href":"https:\/\/www.apfelpatient.de\/en\/wp-json\/wp\/v2\/types\/post"}],"author":[{"embeddable":true,"href":"https:\/\/www.apfelpatient.de\/en\/wp-json\/wp\/v2\/users\/2"}],"replies":[{"embeddable":true,"href":"https:\/\/www.apfelpatient.de\/en\/wp-json\/wp\/v2\/comments?post=22190"}],"version-history":[{"count":0,"href":"https:\/\/www.apfelpatient.de\/en\/wp-json\/wp\/v2\/posts\/22190\/revisions"}],"wp:featuredmedia":[{"embeddable":true,"href":"https:\/\/www.apfelpatient.de\/en\/wp-json\/wp\/v2\/media\/21499"}],"wp:attachment":[{"href":"https:\/\/www.apfelpatient.de\/en\/wp-json\/wp\/v2\/media?parent=22190"}],"wp:term":[{"taxonomy":"category","embeddable":true,"href":"https:\/\/www.apfelpatient.de\/en\/wp-json\/wp\/v2\/categories?post=22190"},{"taxonomy":"post_tag","embeddable":true,"href":"https:\/\/www.apfelpatient.de\/en\/wp-json\/wp\/v2\/tags?post=22190"}],"curies":[{"name":"wp","href":"https:\/\/api.w.org\/{rel}","templated":true}]}}