{"id":22137,"date":"2021-05-05T15:48:59","date_gmt":"2021-05-05T13:48:59","guid":{"rendered":"https:\/\/www.apfelpatient.de\/?p=22137"},"modified":"2021-05-05T15:49:00","modified_gmt":"2021-05-05T13:49:00","slug":"thanks-to-the-m1-imac-apple-could-become-market-leader","status":"publish","type":"post","link":"https:\/\/www.apfelpatient.de\/en\/news\/dank-dem-m1-imac-apple-koennte-marktfuehrer-werden","title":{"rendered":"Thanks to the M1 iMac: Apple could become market leader"},"content":{"rendered":"<p class=\"has-drop-cap\"><strong>According to a new market research report, Apple is likely to become the market leader in all-in-one PCs (AIOs) with the launch of the 24-inch M1 iMac this year. Apple could overtake HP, partly due to the appeal of the new iMac, but also partly due to Apple&#039;s lead in the chip supply chain.<\/strong><\/p>\n\n\n\n<p>HP has achieved its success in AIO PCs through a combination of a good range of sizes, stylish design and an extremely affordable price. For example, the HP 24-inch AIO offers an AMD Athlon processor, a 1920\u00d71080 display, 8GB of RAM and a 256GB SSD. For many, that&#039;s enough for everyday computing needs. So the sleek design with thin bezels at an extremely affordable price has made it a popular choice. But HP also offers higher-end AIOs in the form of 27-inch Pavilion and 34-inch Envy models with curved screens. However, the PC maker has been hit hard by the global chip shortage, so it&#039;s struggling to meet demand.<\/p>\n\n\n\n<h3 class=\"wp-block-heading\" id=\"h-chipknappheit-high-end-produkte-werden-bevorzugt\">Chip shortage: High-end products are preferred<\/h3>\n\n\n\n\n\n\n\n<p>Apple, of course, has the advantage of using TSMC to manufacture its own M1 processors and has the clout and operational know-how to have negotiated exclusive supply of many other chips. Combined with other suppliers focusing on higher-spec, higher-margin chips, this puts the Cupertino company in a much better position than most. According to a paid report from Digitimes, this should put Apple overtaking HP in the AIO market. <a href=\"https:\/\/www.digitimes.com\/news\/a20210505PD204.html\" target=\"_blank\" rel=\"noreferrer noopener\">is called<\/a> it:<\/p>\n\n\n\n<blockquote class=\"wp-block-quote is-layout-flow wp-block-quote-is-layout-flow\"><p>As chip and component suppliers focus their shipments primarily on high-end products such as the iMac, Apple is likely to overtake HP as the top all-in-one (AIO) PC vendor.<\/p><\/blockquote>\n\n\n\n<h3 class=\"wp-block-heading\" id=\"h-imac-ipad-apple-warnt-vor-lieferengp-ssen\">iMac &amp; iPad: Apple warns of supply bottlenecks<\/h3>\n\n\n\n<p>However, Apple will not remain immune to the chip shortage. The company <a href=\"https:\/\/www.apfelpatient.de\/en\/news\/ipad-and-mac-apple-warns-of-supply-bottlenecks\">explained<\/a> already knows that it has made it through the first quarter (Apple&#039;s fiscal Q2) safely, but sees bottlenecks in the future. Apple&#039;s CEO Tim Cook commented as follows:<\/p>\n\n\n\n<blockquote class=\"wp-block-quote is-layout-flow wp-block-quote-is-layout-flow\"><p>We didn&#039;t have a material supply shortage in Q2. At the end, all the buffers and offsets collapse. That happens all the way through the supply chain. That allows you to go a little bit higher than what we expected going into the quarter. The supply shortages in fiscal Q3 will primarily impact the Mac and iPad product lineup. We expect to be guided by supply, not demand.<\/p><\/blockquote>\n\n\n\n<p>An Apple Silicon successor to the 27-inch iMac is expected at the end of the year. It could be up to 32 inches in size and possibly feature a new generation of the M1 chip. (Image: Apple)<\/p>\n\n\n\n<h6 class=\"wp-block-heading translation-block\" id=\"h-kennt-ihr-schon-unsere-amazon-storefront-dort-findet-ihr-eine-handverlesene-auswahl-von-diversen-produkten-f-r-euer-iphone-und-co-viel-spa-beim-st-bern\"><em>Have you already visited our Amazon Storefront? There you&#039;ll find a hand-picked selection of various products for your iPhone and other devices \u2013 <span class=\"has-inline-color has-vivid-red-color\"><a href=\"https:\/\/www.amazon.de\/shop\/apfelpatientofficial\" class=\"ek-link\" data-wpel-link=\"exclude\" rel=\"follow noopener\" target=\"_self\"><span style=\"text-decoration: underline\" class=\"ek-underline\">enjoy browsing<\/span><\/a> !<\/span><\/em><\/h6>\n\n\n\n<h6 class=\"wp-block-heading translation-block\" id=\"h-der-beitrag-enthalt-partnerlinks\">This post contains <a data-type=\"URL\" data-id=\"https:\/\/www.apfelpatient.de\/partnerprogramm\" href=\"https:\/\/www.apfelpatient.de\/en\/partner-program\" data-wpel-link=\"internal\" target=\"_self\">affiliate links<\/a>.<\/h6>","protected":false},"excerpt":{"rendered":"<p>According to a new report, Apple is likely to become the market leader in all-in-one PCs (AIOs) this year with the 24-inch M1 iMac.<\/p>","protected":false},"author":2,"featured_media":21499,"comment_status":"closed","ping_status":"closed","sticky":false,"template":"","format":"standard","meta":{"jnews-multi-image_gallery":[],"jnews_single_post":{"subtitle":"","format":"standard","video":"","gallery":"","source_name":"","source_url":"","via_name":"","via_url":"","override":[{"single_blog_custom":"","sidebar":"","second_sidebar":"","share_position":"","share_float_style":"","post_date_format":"","post_date_format_custom":"","post_reading_time_wpm":"","zoom_button_out_step":"1","zoom_button_in_step":"1","number_popup_post":"1"}],"image_override":[{"single_post_thumbnail_size":"","single_post_gallery_size":""}],"trending_post_position":"","trending_post_label":"","sponsored_post_label":"","sponsored_post_name":"","sponsored_post_url":"","sponsored_post_logo":"","sponsored_post_desc":""},"jnews_primary_category":{"id":"9"},"footnotes":""},"categories":[9],"tags":[40],"class_list":["post-22137","post","type-post","status-publish","format-standard","has-post-thumbnail","hentry","category-news","tag-mac"],"yoast_head":"<!-- This site is optimized with the Yoast SEO Premium plugin v27.5 (Yoast SEO v27.5) - https:\/\/yoast.com\/product\/yoast-seo-premium-wordpress\/ -->\n<title>Dank dem M1 iMac: Apple k\u00f6nnte Marktf\u00fchrer werden Apfelpatient<\/title>\n<meta name=\"description\" content=\"Laut einem neuen Bericht wird Apple mit dem 24&quot; M1 iMac in diesem Jahr wahrscheinlich zum Marktf\u00fchrer bei All-In-One-PCs (AIOs) aufsteigen.\" \/>\n<meta name=\"robots\" content=\"index, follow, max-snippet:-1, max-image-preview:large, max-video-preview:-1\" \/>\n<link rel=\"canonical\" href=\"https:\/\/www.apfelpatient.de\/en\/news\/thanks-to-the-m1-imac-apple-could-become-market-leader\" \/>\n<meta property=\"og:locale\" content=\"en_US\" \/>\n<meta property=\"og:type\" content=\"article\" \/>\n<meta property=\"og:title\" content=\"Dank dem M1 iMac: Apple k\u00f6nnte Marktf\u00fchrer werden\" \/>\n<meta property=\"og:description\" content=\"Laut einem neuen Bericht wird Apple mit dem 24&quot; M1 iMac in diesem Jahr wahrscheinlich zum Marktf\u00fchrer bei All-In-One-PCs (AIOs) aufsteigen.\" \/>\n<meta property=\"og:url\" content=\"https:\/\/www.apfelpatient.de\/en\/news\/thanks-to-the-m1-imac-apple-could-become-market-leader\" \/>\n<meta property=\"og:site_name\" content=\"Apfelpatient\" \/>\n<meta property=\"article:publisher\" content=\"https:\/\/www.facebook.com\/apfelpatientOfficial\" \/>\n<meta property=\"article:author\" content=\"https:\/\/www.facebook.com\/apfelpatientOfficial\" \/>\n<meta property=\"article:published_time\" content=\"2021-05-05T13:48:59+00:00\" \/>\n<meta property=\"article:modified_time\" content=\"2021-05-05T13:49:00+00:00\" \/>\n<meta property=\"og:image\" content=\"https:\/\/www.apfelpatient.de\/wp-content\/uploads\/2021\/04\/apple_new-imac-spring21_hero_04202021-scaled.jpg\" \/>\n\t<meta property=\"og:image:width\" content=\"2560\" \/>\n\t<meta property=\"og:image:height\" content=\"1441\" \/>\n\t<meta property=\"og:image:type\" content=\"image\/jpeg\" \/>\n<meta name=\"author\" content=\"Milan\" \/>\n<meta name=\"twitter:card\" content=\"summary_large_image\" \/>\n<meta name=\"twitter:description\" content=\"Laut einem neuen Bericht wird Apple mit dem 24&quot; M1 iMac in diesem Jahr wahrscheinlich zum Marktf\u00fchrer bei All-In-One-PCs (AIOs) aufsteigen.\" \/>\n<meta name=\"twitter:label1\" content=\"Written by\" \/>\n\t<meta name=\"twitter:data1\" content=\"Milan\" \/>\n\t<meta name=\"twitter:label2\" content=\"Est. reading time\" \/>\n\t<meta name=\"twitter:data2\" content=\"2 minutes\" \/>\n<script type=\"application\/ld+json\" class=\"yoast-schema-graph\">{\"@context\":\"https:\\\/\\\/schema.org\",\"@graph\":[{\"@type\":\"NewsArticle\",\"@id\":\"https:\\\/\\\/www.apfelpatient.de\\\/news\\\/dank-dem-m1-imac-apple-koennte-marktfuehrer-werden#article\",\"isPartOf\":{\"@id\":\"https:\\\/\\\/www.apfelpatient.de\\\/news\\\/dank-dem-m1-imac-apple-koennte-marktfuehrer-werden\"},\"author\":{\"@type\":\"Organization\",\"@id\":\"https:\\\/\\\/www.apfelpatient.de\\\/en\\\/#organization\",\"name\":\"Apfelpatient\",\"url\":\"https:\\\/\\\/www.apfelpatient.de\\\/en\\\/\"},\"headline\":\"Dank dem M1 iMac: Apple k\u00f6nnte Marktf\u00fchrer werden\",\"datePublished\":\"2021-05-05T13:48:59+00:00\",\"dateModified\":\"2021-05-05T13:49:00+00:00\",\"mainEntityOfPage\":{\"@id\":\"https:\\\/\\\/www.apfelpatient.de\\\/news\\\/dank-dem-m1-imac-apple-koennte-marktfuehrer-werden\"},\"wordCount\":452,\"publisher\":{\"@type\":\"Organization\",\"@id\":\"https:\\\/\\\/www.apfelpatient.de\\\/en\\\/#organization\",\"name\":\"Apfelpatient\",\"url\":\"https:\\\/\\\/www.apfelpatient.de\\\/en\\\/\"},\"image\":{\"@id\":\"https:\\\/\\\/www.apfelpatient.de\\\/news\\\/dank-dem-m1-imac-apple-koennte-marktfuehrer-werden#primaryimage\"},\"thumbnailUrl\":\"https:\\\/\\\/www.apfelpatient.de\\\/wp-content\\\/uploads\\\/2021\\\/04\\\/apple_new-imac-spring21_hero_04202021-scaled.jpg\",\"keywords\":[\"Mac\"],\"articleSection\":\"News\",\"inLanguage\":\"en-US\",\"copyrightYear\":\"2021\",\"copyrightHolder\":{\"@id\":\"https:\\\/\\\/www.apfelpatient.de\\\/en\\\/#organization\"}},{\"@type\":\"WebPage\",\"@id\":\"https:\\\/\\\/www.apfelpatient.de\\\/news\\\/dank-dem-m1-imac-apple-koennte-marktfuehrer-werden\",\"url\":\"https:\\\/\\\/www.apfelpatient.de\\\/news\\\/dank-dem-m1-imac-apple-koennte-marktfuehrer-werden\",\"name\":\"Dank dem M1 iMac: Apple k\u00f6nnte Marktf\u00fchrer werden Apfelpatient\",\"isPartOf\":{\"@id\":\"https:\\\/\\\/www.apfelpatient.de\\\/#website\"},\"primaryImageOfPage\":{\"@id\":\"https:\\\/\\\/www.apfelpatient.de\\\/news\\\/dank-dem-m1-imac-apple-koennte-marktfuehrer-werden#primaryimage\"},\"image\":{\"@id\":\"https:\\\/\\\/www.apfelpatient.de\\\/news\\\/dank-dem-m1-imac-apple-koennte-marktfuehrer-werden#primaryimage\"},\"thumbnailUrl\":\"https:\\\/\\\/www.apfelpatient.de\\\/wp-content\\\/uploads\\\/2021\\\/04\\\/apple_new-imac-spring21_hero_04202021-scaled.jpg\",\"datePublished\":\"2021-05-05T13:48:59+00:00\",\"dateModified\":\"2021-05-05T13:49:00+00:00\",\"description\":\"Laut einem neuen Bericht wird Apple mit dem 24\\\" M1 iMac in diesem Jahr wahrscheinlich zum Marktf\u00fchrer bei All-In-One-PCs (AIOs) aufsteigen.\",\"breadcrumb\":{\"@id\":\"https:\\\/\\\/www.apfelpatient.de\\\/news\\\/dank-dem-m1-imac-apple-koennte-marktfuehrer-werden#breadcrumb\"},\"inLanguage\":\"en-US\",\"potentialAction\":[{\"@type\":\"ReadAction\",\"target\":[\"https:\\\/\\\/www.apfelpatient.de\\\/news\\\/dank-dem-m1-imac-apple-koennte-marktfuehrer-werden\"]}]},{\"@type\":\"ImageObject\",\"inLanguage\":\"en-US\",\"@id\":\"https:\\\/\\\/www.apfelpatient.de\\\/news\\\/dank-dem-m1-imac-apple-koennte-marktfuehrer-werden#primaryimage\",\"url\":\"https:\\\/\\\/www.apfelpatient.de\\\/wp-content\\\/uploads\\\/2021\\\/04\\\/apple_new-imac-spring21_hero_04202021-scaled.jpg\",\"contentUrl\":\"https:\\\/\\\/www.apfelpatient.de\\\/wp-content\\\/uploads\\\/2021\\\/04\\\/apple_new-imac-spring21_hero_04202021-scaled.jpg\",\"width\":2560,\"height\":1441,\"caption\":\"Bild: Apple\"},{\"@type\":\"BreadcrumbList\",\"@id\":\"https:\\\/\\\/www.apfelpatient.de\\\/news\\\/dank-dem-m1-imac-apple-koennte-marktfuehrer-werden#breadcrumb\",\"itemListElement\":[{\"@type\":\"ListItem\",\"position\":1,\"name\":\"Startseite\",\"item\":\"https:\\\/\\\/www.apfelpatient.de\\\/\"},{\"@type\":\"ListItem\",\"position\":2,\"name\":\"Dank dem M1 iMac: Apple k\u00f6nnte Marktf\u00fchrer werden\"}]},{\"@type\":\"WebSite\",\"@id\":\"https:\\\/\\\/www.apfelpatient.de\\\/#website\",\"url\":\"https:\\\/\\\/www.apfelpatient.de\\\/\",\"name\":\"Apfelpatient\",\"description\":\"Alles rund um Apple!\",\"publisher\":{\"@type\":\"Organization\",\"@id\":\"https:\\\/\\\/www.apfelpatient.de\\\/en\\\/#organization\",\"name\":\"Apfelpatient\",\"url\":\"https:\\\/\\\/www.apfelpatient.de\\\/en\\\/\"},\"alternateName\":\"Apfelpatient\",\"potentialAction\":[{\"@type\":\"SearchAction\",\"target\":{\"@type\":\"EntryPoint\",\"urlTemplate\":\"https:\\\/\\\/www.apfelpatient.de\\\/?s={search_term_string}\"},\"query-input\":{\"@type\":\"PropertyValueSpecification\",\"valueRequired\":true,\"valueName\":\"search_term_string\"}}],\"inLanguage\":\"en-US\"},{\"@type\":[\"Person\",\"Organization\"],\"@id\":\"https:\\\/\\\/www.apfelpatient.de\\\/#\\\/schema\\\/person\\\/7dc56ad6c8e9824b76d2c08d4c140e13\",\"name\":\"Milan\",\"logo\":{\"@id\":\"https:\\\/\\\/www.apfelpatient.de\\\/#\\\/schema\\\/person\\\/image\\\/\"},\"description\":\"Hallo und herzlich willkommen auf meinem Technik-Blog! Als gro\u00dfer Apple-Fan berichte ich hier \u00fcber alles, was mit Apple zu tun hat: von den neuesten News und spannenden Ger\u00fcchten \u00fcber hilfreiche Tipps und Tricks bis hin zu ausf\u00fchrlichen Produkttests. Wenn du genauso technikbegeistert bist wie ich, bist du hier genau richtig!\",\"sameAs\":[\"https:\\\/\\\/www.facebook.com\\\/apfelpatientOfficial\",\"https:\\\/\\\/www.linkedin.com\\\/in\\\/milan-jovicic-42aa0231b\"],\"url\":\"https:\\\/\\\/www.apfelpatient.de\\\/en\\\/author\\\/apfeladmin\"}]}<\/script>\n<!-- \/ Yoast SEO Premium plugin. -->","yoast_head_json":{"title":"Thanks to the M1 iMac: Apple could become market leader Apfelpatient","description":"According to a new report, Apple is likely to become the market leader in all-in-one PCs (AIOs) this year with the 24-inch M1 iMac.","robots":{"index":"index","follow":"follow","max-snippet":"max-snippet:-1","max-image-preview":"max-image-preview:large","max-video-preview":"max-video-preview:-1"},"canonical":"https:\/\/www.apfelpatient.de\/en\/news\/thanks-to-the-m1-imac-apple-could-become-market-leader","og_locale":"en_US","og_type":"article","og_title":"Dank dem M1 iMac: Apple k\u00f6nnte Marktf\u00fchrer werden","og_description":"Laut einem neuen Bericht wird Apple mit dem 24\" M1 iMac in diesem Jahr wahrscheinlich zum Marktf\u00fchrer bei All-In-One-PCs (AIOs) aufsteigen.","og_url":"https:\/\/www.apfelpatient.de\/en\/news\/thanks-to-the-m1-imac-apple-could-become-market-leader","og_site_name":"Apfelpatient","article_publisher":"https:\/\/www.facebook.com\/apfelpatientOfficial","article_author":"https:\/\/www.facebook.com\/apfelpatientOfficial","article_published_time":"2021-05-05T13:48:59+00:00","article_modified_time":"2021-05-05T13:49:00+00:00","og_image":[{"width":2560,"height":1441,"url":"https:\/\/www.apfelpatient.de\/wp-content\/uploads\/2021\/04\/apple_new-imac-spring21_hero_04202021-scaled.jpg","type":"image\/jpeg"}],"author":"Milan","twitter_card":"summary_large_image","twitter_description":"Laut einem neuen Bericht wird Apple mit dem 24\" M1 iMac in diesem Jahr wahrscheinlich zum Marktf\u00fchrer bei All-In-One-PCs (AIOs) aufsteigen.","twitter_misc":{"Written by":"Milan","Est. reading time":"2 minutes"},"schema":{"@context":"https:\/\/schema.org","@graph":[{"@type":"NewsArticle","@id":"https:\/\/www.apfelpatient.de\/news\/dank-dem-m1-imac-apple-koennte-marktfuehrer-werden#article","isPartOf":{"@id":"https:\/\/www.apfelpatient.de\/news\/dank-dem-m1-imac-apple-koennte-marktfuehrer-werden"},"author":{"@type":"Organization","@id":"https:\/\/www.apfelpatient.de\/en\/#organization","name":"Apfelpatient","url":"https:\/\/www.apfelpatient.de\/en\/"},"headline":"Dank dem M1 iMac: Apple k\u00f6nnte Marktf\u00fchrer werden","datePublished":"2021-05-05T13:48:59+00:00","dateModified":"2021-05-05T13:49:00+00:00","mainEntityOfPage":{"@id":"https:\/\/www.apfelpatient.de\/news\/dank-dem-m1-imac-apple-koennte-marktfuehrer-werden"},"wordCount":452,"publisher":{"@type":"Organization","@id":"https:\/\/www.apfelpatient.de\/en\/#organization","name":"Apfelpatient","url":"https:\/\/www.apfelpatient.de\/en\/"},"image":{"@id":"https:\/\/www.apfelpatient.de\/news\/dank-dem-m1-imac-apple-koennte-marktfuehrer-werden#primaryimage"},"thumbnailUrl":"https:\/\/www.apfelpatient.de\/wp-content\/uploads\/2021\/04\/apple_new-imac-spring21_hero_04202021-scaled.jpg","keywords":["Mac"],"articleSection":"News","inLanguage":"en-US","copyrightYear":"2021","copyrightHolder":{"@id":"https:\/\/www.apfelpatient.de\/en\/#organization"}},{"@type":"WebPage","@id":"https:\/\/www.apfelpatient.de\/news\/dank-dem-m1-imac-apple-koennte-marktfuehrer-werden","url":"https:\/\/www.apfelpatient.de\/news\/dank-dem-m1-imac-apple-koennte-marktfuehrer-werden","name":"Thanks to the M1 iMac: Apple could become market leader Apfelpatient","isPartOf":{"@id":"https:\/\/www.apfelpatient.de\/#website"},"primaryImageOfPage":{"@id":"https:\/\/www.apfelpatient.de\/news\/dank-dem-m1-imac-apple-koennte-marktfuehrer-werden#primaryimage"},"image":{"@id":"https:\/\/www.apfelpatient.de\/news\/dank-dem-m1-imac-apple-koennte-marktfuehrer-werden#primaryimage"},"thumbnailUrl":"https:\/\/www.apfelpatient.de\/wp-content\/uploads\/2021\/04\/apple_new-imac-spring21_hero_04202021-scaled.jpg","datePublished":"2021-05-05T13:48:59+00:00","dateModified":"2021-05-05T13:49:00+00:00","description":"According to a new report, Apple is likely to become the market leader in all-in-one PCs (AIOs) this year with the 24-inch M1 iMac.","breadcrumb":{"@id":"https:\/\/www.apfelpatient.de\/news\/dank-dem-m1-imac-apple-koennte-marktfuehrer-werden#breadcrumb"},"inLanguage":"en-US","potentialAction":[{"@type":"ReadAction","target":["https:\/\/www.apfelpatient.de\/news\/dank-dem-m1-imac-apple-koennte-marktfuehrer-werden"]}]},{"@type":"ImageObject","inLanguage":"en-US","@id":"https:\/\/www.apfelpatient.de\/news\/dank-dem-m1-imac-apple-koennte-marktfuehrer-werden#primaryimage","url":"https:\/\/www.apfelpatient.de\/wp-content\/uploads\/2021\/04\/apple_new-imac-spring21_hero_04202021-scaled.jpg","contentUrl":"https:\/\/www.apfelpatient.de\/wp-content\/uploads\/2021\/04\/apple_new-imac-spring21_hero_04202021-scaled.jpg","width":2560,"height":1441,"caption":"Bild: Apple"},{"@type":"BreadcrumbList","@id":"https:\/\/www.apfelpatient.de\/news\/dank-dem-m1-imac-apple-koennte-marktfuehrer-werden#breadcrumb","itemListElement":[{"@type":"ListItem","position":1,"name":"Startseite","item":"https:\/\/www.apfelpatient.de\/"},{"@type":"ListItem","position":2,"name":"Dank dem M1 iMac: Apple k\u00f6nnte Marktf\u00fchrer werden"}]},{"@type":"WebSite","@id":"https:\/\/www.apfelpatient.de\/#website","url":"https:\/\/www.apfelpatient.de\/","name":"apple patient","description":"Everything about Apple!","publisher":{"@type":"Organization","@id":"https:\/\/www.apfelpatient.de\/en\/#organization","name":"Apfelpatient","url":"https:\/\/www.apfelpatient.de\/en\/"},"alternateName":"Apfelpatient","potentialAction":[{"@type":"SearchAction","target":{"@type":"EntryPoint","urlTemplate":"https:\/\/www.apfelpatient.de\/?s={search_term_string}"},"query-input":{"@type":"PropertyValueSpecification","valueRequired":true,"valueName":"search_term_string"}}],"inLanguage":"en-US"},{"@type":["Person","Organization"],"@id":"https:\/\/www.apfelpatient.de\/#\/schema\/person\/7dc56ad6c8e9824b76d2c08d4c140e13","name":"Milan","logo":{"@id":"https:\/\/www.apfelpatient.de\/#\/schema\/person\/image\/"},"description":"Hello and welcome to my technology blog! As a big Apple fan, I report on everything to do with Apple: from the latest news and exciting rumors to helpful tips and tricks and detailed product tests. If you are as enthusiastic about technology as I am, you have come to the right place!","sameAs":["https:\/\/www.facebook.com\/apfelpatientOfficial","https:\/\/www.linkedin.com\/in\/milan-jovicic-42aa0231b"],"url":"https:\/\/www.apfelpatient.de\/en\/author\/apfeladmin"}]}},"_links":{"self":[{"href":"https:\/\/www.apfelpatient.de\/en\/wp-json\/wp\/v2\/posts\/22137","targetHints":{"allow":["GET"]}}],"collection":[{"href":"https:\/\/www.apfelpatient.de\/en\/wp-json\/wp\/v2\/posts"}],"about":[{"href":"https:\/\/www.apfelpatient.de\/en\/wp-json\/wp\/v2\/types\/post"}],"author":[{"embeddable":true,"href":"https:\/\/www.apfelpatient.de\/en\/wp-json\/wp\/v2\/users\/2"}],"replies":[{"embeddable":true,"href":"https:\/\/www.apfelpatient.de\/en\/wp-json\/wp\/v2\/comments?post=22137"}],"version-history":[{"count":0,"href":"https:\/\/www.apfelpatient.de\/en\/wp-json\/wp\/v2\/posts\/22137\/revisions"}],"wp:featuredmedia":[{"embeddable":true,"href":"https:\/\/www.apfelpatient.de\/en\/wp-json\/wp\/v2\/media\/21499"}],"wp:attachment":[{"href":"https:\/\/www.apfelpatient.de\/en\/wp-json\/wp\/v2\/media?parent=22137"}],"wp:term":[{"taxonomy":"category","embeddable":true,"href":"https:\/\/www.apfelpatient.de\/en\/wp-json\/wp\/v2\/categories?post=22137"},{"taxonomy":"post_tag","embeddable":true,"href":"https:\/\/www.apfelpatient.de\/en\/wp-json\/wp\/v2\/tags?post=22137"}],"curies":[{"name":"wp","href":"https:\/\/api.w.org\/{rel}","templated":true}]}}